{"id":1087,"date":"2014-04-09T00:00:00","date_gmt":"2014-04-09T03:00:00","guid":{"rendered":"http:\/\/sindmoveis.com.br\/imprensa\/noticias\/sindicatos-acordam-convencao-coletiva-moveleira-para-o-polo-de-bento-goncalves\/"},"modified":"2021-05-26T10:24:29","modified_gmt":"2021-05-26T13:24:29","slug":"sindicatos-acordam-convencao-coletiva-moveleira-para-o-polo-de-bento-goncalves","status":"publish","type":"post","link":"https:\/\/www.sindmoveis.com.br\/es\/sindicatos-acordam-convencao-coletiva-moveleira-para-o-polo-de-bento-goncalves\/","title":{"rendered":"Sindicatos acuerdan convenci\u00f3n colectiva del sector del mobiliario para el polo de Bento Gon\u00e7alves"},"content":{"rendered":"<div><em>Reajuste qued&oacute; definido en 7,26%, siendo retroactivo al d&iacute;a 1&ordm; de febrero de 2014<\/em><\/div>\n<div>&nbsp;<\/div>\n<div>El Sindicato de las Industrias del Mobiliario de Bento Gon&ccedil;alves (Sindm&oacute;veis) y el Sindicato de los Trabajadores en las Industrias de la Construcci&oacute;n y del Mobiliario de Bento Gon&ccedil;alves (Sitracom) finalizaron el lunes 31 de marzo, la Convenci&oacute;n colectiva de Trabajo vigente de febrero de 2014 a enero de 2015. El acuerdo fue concluido con tres meses de antecedencia con relaci&oacute;n al a&ntilde;o pasado, cuando los porcentuales fueron acordados solamente en el mes de julio. El reajuste definido fue de 7,26% para los salarios hasta R$ 4.520,00 y de 5,26% para los profesionales con remuneraci&oacute;n arriba de este valor.<\/div>\n<div>La elaboraci&oacute;n del documento fue acompa&ntilde;ada por los departamentos jur&iacute;dicos de ambas entidades y firmado por sus presidentes Henrique Tecchio e Itajiba Soares Lopes. La convenci&oacute;n versa, entre otras determinaciones, sobre los pisos de salario y beneficios al trabajador. El acuerdo garantiz&oacute; la manutenci&oacute;n de todas las cl&aacute;usulas sociales y econ&oacute;micas previstas en acuerdos anteriores para la categor&iacute;a, cuya fecha base es el d&iacute;a 1&deg; de febrero.<\/div>\n<div>Conforme la Convenci&oacute;n Colectiva, el salario de admisi&oacute;n de la categor&iacute;a (para el per&iacute;odo de experiencia de 60 d&iacute;as) es de R$ 970,00. El salario intermediario es de R$ 1.000,00 y, a partir de seis meses de empresa, el empleado pasa a recibir R$ 1.130,00. El aumento retroactivo &nbsp;a 1&deg; de febrero de 2014 y las diferencias ser&aacute;n pagados en la n&oacute;mina del mes de abril. Fue determinado tambi&eacute;n una anticipaci&oacute;n de salario de 2,7% para agosto de 2014 e, igualmente reajustado el porcentual de auxilio guarder&iacute;a, pasando de 11% para 12% del salario normativo.&nbsp;<\/div>\n<div>El director jur&iacute;dico laboral de Sindm&oacute;veis, Alexandre Michelin, explica que el proceso de negociaci&oacute;n transcurri&oacute; de forma armoniosa. La principal divergencia fue la definici&oacute;n del porcentual de ganancia real a ser concedida, que es directamente influenciado por la proyecci&oacute;n del desempe&ntilde;o del sector del mobiliario. Sin embargo, en cinco reuniones los sindicatos llegaron a un acuerdo. &ldquo;El porcentual acordado fue resultado de un intenso y profundo debate basado en el an&aacute;lisis del desempe&ntilde;o de la industria del mobiliario en los &uacute;ltimos 12 meses y las perspectivas futuras del sector&rdquo;, explica Michelin.<\/div>\n<div>El presidente de Sitracom BG, Itajiba Soares Lopes, que integr&oacute; la comisi&oacute;n de negociaciones, reconoci&oacute; que los n&uacute;meros son favorables al trabajador, pero aun as&iacute; defiende mayores salarios para la categor&iacute;a. &ldquo;Tenemos una mano de obra altamente capacitada que agrega gran valor a los muebles producidos aqu&iacute;&rdquo;, defiende.<\/div>\n<div>La Convenci&oacute;n Colectiva de Trabajo orienta los pisos de salario para m&aacute;s de 385 empresas del polo mobiliario de Bento Gon&ccedil;alves, abarcando un total de 8.800 trabajadores.<\/div>\n<div>&nbsp;<\/div>\n","protected":false},"excerpt":{"rendered":"<p>El Sindicato de las Industrias del Mobiliario de Bento Gon\u00e7alves (Sindm\u00f3veis) y el Sindicato de los Trabajadores en las Industrias de la Construcci\u00f3n y del Mobiliario de Bento Gon\u00e7alves (Sitracom) finalizaron el lunes 31 de marzo, la Convenci\u00f3n colectiva de Trabajo vigente de febrero de 2014 a enero de 2015.<\/p>\n","protected":false},"author":5,"featured_media":3391,"comment_status":"closed","ping_status":"open","sticky":false,"template":"","format":"standard","meta":{"footnotes":"","_links_to":"","_links_to_target":""},"categories":[2],"tags":[],"class_list":["post-1087","post","type-post","status-publish","format-standard","has-post-thumbnail","hentry","category-sindmoveis"],"yoast_head":"<!-- This site is optimized with the Yoast SEO plugin v27.0 - https:\/\/yoast.com\/product\/yoast-seo-wordpress\/ -->\n<title>Sindicatos acuerdan convenci\u00f3n colectiva del sector del mobiliario para el polo de Bento Gon\u00e7alves - Sindm\u00f3veis-RS<\/title>\n<meta name=\"robots\" content=\"index, follow, max-snippet:-1, max-image-preview:large, max-video-preview:-1\" \/>\n<link rel=\"canonical\" href=\"https:\/\/www.sindmoveis.com.br\/es\/sindicatos-acordam-convencao-coletiva-moveleira-para-o-polo-de-bento-goncalves\/\" \/>\n<meta property=\"og:locale\" content=\"es_ES\" \/>\n<meta property=\"og:type\" content=\"article\" \/>\n<meta property=\"og:title\" content=\"Sindicatos acuerdan convenci\u00f3n colectiva del sector del mobiliario para el polo de Bento Gon\u00e7alves - Sindm\u00f3veis-RS\" \/>\n<meta property=\"og:description\" content=\"El Sindicato de las Industrias del Mobiliario de Bento Gon\u00e7alves (Sindm\u00f3veis) y el Sindicato de los Trabajadores en las Industrias de la Construcci\u00f3n y del Mobiliario de Bento Gon\u00e7alves (Sitracom) finalizaron el lunes 31 de marzo, la Convenci\u00f3n colectiva de Trabajo vigente de febrero de 2014 a enero de 2015.\" \/>\n<meta property=\"og:url\" content=\"https:\/\/www.sindmoveis.com.br\/es\/sindicatos-acordam-convencao-coletiva-moveleira-para-o-polo-de-bento-goncalves\/\" \/>\n<meta property=\"og:site_name\" content=\"Sindm\u00f3veis-RS\" \/>\n<meta property=\"article:published_time\" content=\"2014-04-09T03:00:00+00:00\" \/>\n<meta property=\"article:modified_time\" content=\"2021-05-26T13:24:29+00:00\" \/>\n<meta property=\"og:image\" content=\"https:\/\/www.sindmoveis.com.br\/es\/wp-content\/uploads\/2021\/05\/p1397061670.jpg\" \/>\n\t<meta property=\"og:image:width\" content=\"1200\" \/>\n\t<meta property=\"og:image:height\" content=\"800\" \/>\n\t<meta property=\"og:image:type\" content=\"image\/jpeg\" \/>\n<meta name=\"author\" content=\"Imprensa Sindm\u00f3veis\" \/>\n<meta name=\"twitter:card\" content=\"summary_large_image\" \/>\n<meta name=\"twitter:label1\" content=\"Escrito por\" \/>\n\t<meta name=\"twitter:data1\" content=\"Imprensa Sindm\u00f3veis\" \/>\n\t<meta name=\"twitter:label2\" content=\"Tiempo de lectura\" \/>\n\t<meta name=\"twitter:data2\" content=\"3 minutos\" \/>\n<script type=\"application\/ld+json\" class=\"yoast-schema-graph\">{\"@context\":\"https:\/\/schema.org\",\"@graph\":[{\"@type\":\"Article\",\"@id\":\"https:\/\/www.sindmoveis.com.br\/es\/sindicatos-acordam-convencao-coletiva-moveleira-para-o-polo-de-bento-goncalves\/#article\",\"isPartOf\":{\"@id\":\"https:\/\/www.sindmoveis.com.br\/es\/sindicatos-acordam-convencao-coletiva-moveleira-para-o-polo-de-bento-goncalves\/\"},\"author\":{\"name\":\"Imprensa Sindm\u00f3veis\",\"@id\":\"https:\/\/www.sindmoveis.com.br\/es\/#\/schema\/person\/16d379542db1950a17fe188179340d57\"},\"headline\":\"Sindicatos acuerdan convenci\u00f3n colectiva del sector del mobiliario para el polo de Bento Gon\u00e7alves\",\"datePublished\":\"2014-04-09T03:00:00+00:00\",\"dateModified\":\"2021-05-26T13:24:29+00:00\",\"mainEntityOfPage\":{\"@id\":\"https:\/\/www.sindmoveis.com.br\/es\/sindicatos-acordam-convencao-coletiva-moveleira-para-o-polo-de-bento-goncalves\/\"},\"wordCount\":537,\"image\":{\"@id\":\"https:\/\/www.sindmoveis.com.br\/es\/sindicatos-acordam-convencao-coletiva-moveleira-para-o-polo-de-bento-goncalves\/#primaryimage\"},\"thumbnailUrl\":\"https:\/\/www.sindmoveis.com.br\/es\/wp-content\/uploads\/2021\/05\/p1397061670.jpg\",\"articleSection\":[\"Sindm\u00f3veis\"],\"inLanguage\":\"es\"},{\"@type\":\"WebPage\",\"@id\":\"https:\/\/www.sindmoveis.com.br\/es\/sindicatos-acordam-convencao-coletiva-moveleira-para-o-polo-de-bento-goncalves\/\",\"url\":\"https:\/\/www.sindmoveis.com.br\/es\/sindicatos-acordam-convencao-coletiva-moveleira-para-o-polo-de-bento-goncalves\/\",\"name\":\"Sindicatos acuerdan convenci\u00f3n colectiva del sector del mobiliario para el polo de Bento Gon\u00e7alves - Sindm\u00f3veis-RS\",\"isPartOf\":{\"@id\":\"https:\/\/www.sindmoveis.com.br\/es\/#website\"},\"primaryImageOfPage\":{\"@id\":\"https:\/\/www.sindmoveis.com.br\/es\/sindicatos-acordam-convencao-coletiva-moveleira-para-o-polo-de-bento-goncalves\/#primaryimage\"},\"image\":{\"@id\":\"https:\/\/www.sindmoveis.com.br\/es\/sindicatos-acordam-convencao-coletiva-moveleira-para-o-polo-de-bento-goncalves\/#primaryimage\"},\"thumbnailUrl\":\"https:\/\/www.sindmoveis.com.br\/es\/wp-content\/uploads\/2021\/05\/p1397061670.jpg\",\"datePublished\":\"2014-04-09T03:00:00+00:00\",\"dateModified\":\"2021-05-26T13:24:29+00:00\",\"author\":{\"@id\":\"https:\/\/www.sindmoveis.com.br\/es\/#\/schema\/person\/16d379542db1950a17fe188179340d57\"},\"inLanguage\":\"es\",\"potentialAction\":[{\"@type\":\"ReadAction\",\"target\":[\"https:\/\/www.sindmoveis.com.br\/es\/sindicatos-acordam-convencao-coletiva-moveleira-para-o-polo-de-bento-goncalves\/\"]}]},{\"@type\":\"ImageObject\",\"inLanguage\":\"es\",\"@id\":\"https:\/\/www.sindmoveis.com.br\/es\/sindicatos-acordam-convencao-coletiva-moveleira-para-o-polo-de-bento-goncalves\/#primaryimage\",\"url\":\"https:\/\/www.sindmoveis.com.br\/es\/wp-content\/uploads\/2021\/05\/p1397061670.jpg\",\"contentUrl\":\"https:\/\/www.sindmoveis.com.br\/es\/wp-content\/uploads\/2021\/05\/p1397061670.jpg\",\"width\":1200,\"height\":800,\"caption\":\"Adem\u00e1s del reajuste\"},{\"@type\":\"WebSite\",\"@id\":\"https:\/\/www.sindmoveis.com.br\/es\/#website\",\"url\":\"https:\/\/www.sindmoveis.com.br\/es\/\",\"name\":\"Sindm\u00f3veis-RS\",\"description\":\"\",\"potentialAction\":[{\"@type\":\"SearchAction\",\"target\":{\"@type\":\"EntryPoint\",\"urlTemplate\":\"https:\/\/www.sindmoveis.com.br\/es\/?s={search_term_string}\"},\"query-input\":{\"@type\":\"PropertyValueSpecification\",\"valueRequired\":true,\"valueName\":\"search_term_string\"}}],\"inLanguage\":\"es\"},{\"@type\":\"Person\",\"@id\":\"https:\/\/www.sindmoveis.com.br\/es\/#\/schema\/person\/16d379542db1950a17fe188179340d57\",\"name\":\"Imprensa Sindm\u00f3veis\",\"image\":{\"@type\":\"ImageObject\",\"inLanguage\":\"es\",\"@id\":\"https:\/\/www.sindmoveis.com.br\/es\/#\/schema\/person\/image\/\",\"url\":\"https:\/\/secure.gravatar.com\/avatar\/4973e2e2c2a0cb5db30b0c7b770041b8e33d048a16b695a1f99c042449d4bfaf?s=96&d=mm&r=g\",\"contentUrl\":\"https:\/\/secure.gravatar.com\/avatar\/4973e2e2c2a0cb5db30b0c7b770041b8e33d048a16b695a1f99c042449d4bfaf?s=96&d=mm&r=g\",\"caption\":\"Imprensa Sindm\u00f3veis\"},\"url\":\"https:\/\/www.sindmoveis.com.br\/es\/author\/ana\/\"}]}<\/script>\n<!-- \/ Yoast SEO plugin. -->","yoast_head_json":{"title":"Sindicatos acuerdan convenci\u00f3n colectiva del sector del mobiliario para el polo de Bento Gon\u00e7alves - Sindm\u00f3veis-RS","robots":{"index":"index","follow":"follow","max-snippet":"max-snippet:-1","max-image-preview":"max-image-preview:large","max-video-preview":"max-video-preview:-1"},"canonical":"https:\/\/www.sindmoveis.com.br\/es\/sindicatos-acordam-convencao-coletiva-moveleira-para-o-polo-de-bento-goncalves\/","og_locale":"es_ES","og_type":"article","og_title":"Sindicatos acuerdan convenci\u00f3n colectiva del sector del mobiliario para el polo de Bento Gon\u00e7alves - Sindm\u00f3veis-RS","og_description":"El Sindicato de las Industrias del Mobiliario de Bento Gon\u00e7alves (Sindm\u00f3veis) y el Sindicato de los Trabajadores en las Industrias de la Construcci\u00f3n y del Mobiliario de Bento Gon\u00e7alves (Sitracom) finalizaron el lunes 31 de marzo, la Convenci\u00f3n colectiva de Trabajo vigente de febrero de 2014 a enero de 2015.","og_url":"https:\/\/www.sindmoveis.com.br\/es\/sindicatos-acordam-convencao-coletiva-moveleira-para-o-polo-de-bento-goncalves\/","og_site_name":"Sindm\u00f3veis-RS","article_published_time":"2014-04-09T03:00:00+00:00","article_modified_time":"2021-05-26T13:24:29+00:00","og_image":[{"width":1200,"height":800,"url":"https:\/\/www.sindmoveis.com.br\/es\/wp-content\/uploads\/2021\/05\/p1397061670.jpg","type":"image\/jpeg"}],"author":"Imprensa Sindm\u00f3veis","twitter_card":"summary_large_image","twitter_misc":{"Escrito por":"Imprensa Sindm\u00f3veis","Tiempo de lectura":"3 minutos"},"schema":{"@context":"https:\/\/schema.org","@graph":[{"@type":"Article","@id":"https:\/\/www.sindmoveis.com.br\/es\/sindicatos-acordam-convencao-coletiva-moveleira-para-o-polo-de-bento-goncalves\/#article","isPartOf":{"@id":"https:\/\/www.sindmoveis.com.br\/es\/sindicatos-acordam-convencao-coletiva-moveleira-para-o-polo-de-bento-goncalves\/"},"author":{"name":"Imprensa Sindm\u00f3veis","@id":"https:\/\/www.sindmoveis.com.br\/es\/#\/schema\/person\/16d379542db1950a17fe188179340d57"},"headline":"Sindicatos acuerdan convenci\u00f3n colectiva del sector del mobiliario para el polo de Bento Gon\u00e7alves","datePublished":"2014-04-09T03:00:00+00:00","dateModified":"2021-05-26T13:24:29+00:00","mainEntityOfPage":{"@id":"https:\/\/www.sindmoveis.com.br\/es\/sindicatos-acordam-convencao-coletiva-moveleira-para-o-polo-de-bento-goncalves\/"},"wordCount":537,"image":{"@id":"https:\/\/www.sindmoveis.com.br\/es\/sindicatos-acordam-convencao-coletiva-moveleira-para-o-polo-de-bento-goncalves\/#primaryimage"},"thumbnailUrl":"https:\/\/www.sindmoveis.com.br\/es\/wp-content\/uploads\/2021\/05\/p1397061670.jpg","articleSection":["Sindm\u00f3veis"],"inLanguage":"es"},{"@type":"WebPage","@id":"https:\/\/www.sindmoveis.com.br\/es\/sindicatos-acordam-convencao-coletiva-moveleira-para-o-polo-de-bento-goncalves\/","url":"https:\/\/www.sindmoveis.com.br\/es\/sindicatos-acordam-convencao-coletiva-moveleira-para-o-polo-de-bento-goncalves\/","name":"Sindicatos acuerdan convenci\u00f3n colectiva del sector del mobiliario para el polo de Bento Gon\u00e7alves - Sindm\u00f3veis-RS","isPartOf":{"@id":"https:\/\/www.sindmoveis.com.br\/es\/#website"},"primaryImageOfPage":{"@id":"https:\/\/www.sindmoveis.com.br\/es\/sindicatos-acordam-convencao-coletiva-moveleira-para-o-polo-de-bento-goncalves\/#primaryimage"},"image":{"@id":"https:\/\/www.sindmoveis.com.br\/es\/sindicatos-acordam-convencao-coletiva-moveleira-para-o-polo-de-bento-goncalves\/#primaryimage"},"thumbnailUrl":"https:\/\/www.sindmoveis.com.br\/es\/wp-content\/uploads\/2021\/05\/p1397061670.jpg","datePublished":"2014-04-09T03:00:00+00:00","dateModified":"2021-05-26T13:24:29+00:00","author":{"@id":"https:\/\/www.sindmoveis.com.br\/es\/#\/schema\/person\/16d379542db1950a17fe188179340d57"},"inLanguage":"es","potentialAction":[{"@type":"ReadAction","target":["https:\/\/www.sindmoveis.com.br\/es\/sindicatos-acordam-convencao-coletiva-moveleira-para-o-polo-de-bento-goncalves\/"]}]},{"@type":"ImageObject","inLanguage":"es","@id":"https:\/\/www.sindmoveis.com.br\/es\/sindicatos-acordam-convencao-coletiva-moveleira-para-o-polo-de-bento-goncalves\/#primaryimage","url":"https:\/\/www.sindmoveis.com.br\/es\/wp-content\/uploads\/2021\/05\/p1397061670.jpg","contentUrl":"https:\/\/www.sindmoveis.com.br\/es\/wp-content\/uploads\/2021\/05\/p1397061670.jpg","width":1200,"height":800,"caption":"Adem\u00e1s del reajuste"},{"@type":"WebSite","@id":"https:\/\/www.sindmoveis.com.br\/es\/#website","url":"https:\/\/www.sindmoveis.com.br\/es\/","name":"Sindm\u00f3veis-RS","description":"","potentialAction":[{"@type":"SearchAction","target":{"@type":"EntryPoint","urlTemplate":"https:\/\/www.sindmoveis.com.br\/es\/?s={search_term_string}"},"query-input":{"@type":"PropertyValueSpecification","valueRequired":true,"valueName":"search_term_string"}}],"inLanguage":"es"},{"@type":"Person","@id":"https:\/\/www.sindmoveis.com.br\/es\/#\/schema\/person\/16d379542db1950a17fe188179340d57","name":"Imprensa Sindm\u00f3veis","image":{"@type":"ImageObject","inLanguage":"es","@id":"https:\/\/www.sindmoveis.com.br\/es\/#\/schema\/person\/image\/","url":"https:\/\/secure.gravatar.com\/avatar\/4973e2e2c2a0cb5db30b0c7b770041b8e33d048a16b695a1f99c042449d4bfaf?s=96&d=mm&r=g","contentUrl":"https:\/\/secure.gravatar.com\/avatar\/4973e2e2c2a0cb5db30b0c7b770041b8e33d048a16b695a1f99c042449d4bfaf?s=96&d=mm&r=g","caption":"Imprensa Sindm\u00f3veis"},"url":"https:\/\/www.sindmoveis.com.br\/es\/author\/ana\/"}]}},"_links":{"self":[{"href":"https:\/\/www.sindmoveis.com.br\/es\/wp-json\/wp\/v2\/posts\/1087","targetHints":{"allow":["GET"]}}],"collection":[{"href":"https:\/\/www.sindmoveis.com.br\/es\/wp-json\/wp\/v2\/posts"}],"about":[{"href":"https:\/\/www.sindmoveis.com.br\/es\/wp-json\/wp\/v2\/types\/post"}],"author":[{"embeddable":true,"href":"https:\/\/www.sindmoveis.com.br\/es\/wp-json\/wp\/v2\/users\/5"}],"replies":[{"embeddable":true,"href":"https:\/\/www.sindmoveis.com.br\/es\/wp-json\/wp\/v2\/comments?post=1087"}],"version-history":[{"count":2,"href":"https:\/\/www.sindmoveis.com.br\/es\/wp-json\/wp\/v2\/posts\/1087\/revisions"}],"predecessor-version":[{"id":3390,"href":"https:\/\/www.sindmoveis.com.br\/es\/wp-json\/wp\/v2\/posts\/1087\/revisions\/3390"}],"wp:featuredmedia":[{"embeddable":true,"href":"https:\/\/www.sindmoveis.com.br\/es\/wp-json\/wp\/v2\/media\/3391"}],"wp:attachment":[{"href":"https:\/\/www.sindmoveis.com.br\/es\/wp-json\/wp\/v2\/media?parent=1087"}],"wp:term":[{"taxonomy":"category","embeddable":true,"href":"https:\/\/www.sindmoveis.com.br\/es\/wp-json\/wp\/v2\/categories?post=1087"},{"taxonomy":"post_tag","embeddable":true,"href":"https:\/\/www.sindmoveis.com.br\/es\/wp-json\/wp\/v2\/tags?post=1087"}],"curies":[{"name":"wp","href":"https:\/\/api.w.org\/{rel}","templated":true}]}}