{"id":1086,"date":"2014-03-28T00:00:00","date_gmt":"2014-03-28T03:00:00","guid":{"rendered":"http:\/\/sindmoveis.com.br\/imprensa\/noticias\/reclame-aqui-realiza-palestra-para-empresarios-da-industria-moveleira\/"},"modified":"2021-05-26T10:24:29","modified_gmt":"2021-05-26T13:24:29","slug":"reclame-aqui-realiza-palestra-para-empresarios-da-industria-moveleira","status":"publish","type":"post","link":"https:\/\/www.sindmoveis.com.br\/es\/reclame-aqui-realiza-palestra-para-empresarios-da-industria-moveleira\/","title":{"rendered":"Reclame Aqui realiza conferencia para empresarios de la industria del mobiliario"},"content":{"rendered":"<div><em>Creador del sitio web ense&ntilde;a c&oacute;mo &nbsp;mantenerse fuera del ranking de reclamacione<\/em>s<\/div>\n<div>&nbsp;<\/div>\n<div>Donde est&aacute;n las limitaciones que perjudican la industria del mobiliario y c&oacute;mo las empresas pueden actuar frente a los consumidores, fueron algunos de los asuntos abordados durante el encuentro de empresarios del sector con el CEO del sitio web Reclame Aqu&iacute;, Mauricio Vargas, el viernes 28 pr&oacute;ximo pasado, en Movelsul Brasil 2014. Promovida por el Sindicato de las Industrias del Mobiliario (Sindm&oacute;veis) en asociaci&oacute;n con Movergs, la iniciativa hizo parte de una acci&oacute;n del Comit&eacute; del Mobiliario de Bento Gon&ccedil;alves, creado en 2012 para discutir cuestiones relacionadas al segmento de muebles proyectados.<\/div>\n<div>M&aacute;s que un canal de comunicaci&oacute;n entre cliente y empresa, Reclame Aqu&iacute; funciona como vitrina para diferentes &aacute;reas de consumo. Seg&uacute;n Vargas, cerca de 90% de los accesos son hechos para investigar la reputaci&oacute;n de una marca. Solamente el a&ntilde;o pasado, 5 millones de reclamaciones fueron hechas en el portal. &ldquo;No resuelve hacer propaganda, si la casa no est&aacute; organizada&rdquo;, comenta Vargas. Para el CEO, es necesario crear una cultura de ello por parte de las industrias. &ldquo;&iquest;No es mejor retener un comprador de que conquistar uno m&aacute;s? Un cliente bien atendido es un cliente fiel&rdquo;, afirma<\/div>\n<div>Reclame Aqu&iacute; existe desde hace 12 a&ntilde;os y ya suma 70 mil empresas registradas, concentrando 11,7 millones de accesos mensuales. La marca tambi&eacute;n acaba de lanzar su aplicaci&oacute;n para celular. En 10 d&iacute;as, 52 mil downloads ya fueron realizados.<\/div>\n","protected":false},"excerpt":{"rendered":"<p>Donde est\u00e1n las limitaciones que perjudican la industria del mobiliario y c\u00f3mo las empresas pueden actuar frente a los consumidores, fueron algunos de los asuntos abordados durante el encuentro de empresarios del sector con el CEO del sitio web Reclame Aqu\u00ed, Mauricio Vargas, el viernes 28 pr\u00f3ximo pasado, en Movelsul Brasil 2014.<\/p>\n","protected":false},"author":5,"featured_media":3389,"comment_status":"closed","ping_status":"open","sticky":false,"template":"","format":"standard","meta":{"footnotes":"","_links_to":"","_links_to_target":""},"categories":[2],"tags":[],"class_list":["post-1086","post","type-post","status-publish","format-standard","has-post-thumbnail","hentry","category-sindmoveis"],"yoast_head":"<!-- This site is optimized with the Yoast SEO plugin v27.0 - https:\/\/yoast.com\/product\/yoast-seo-wordpress\/ -->\n<title>Reclame Aqui realiza conferencia para empresarios de la industria del mobiliario - Sindm\u00f3veis-RS<\/title>\n<meta name=\"robots\" content=\"index, follow, max-snippet:-1, max-image-preview:large, max-video-preview:-1\" \/>\n<link rel=\"canonical\" href=\"https:\/\/www.sindmoveis.com.br\/es\/reclame-aqui-realiza-palestra-para-empresarios-da-industria-moveleira\/\" \/>\n<meta property=\"og:locale\" content=\"es_ES\" \/>\n<meta property=\"og:type\" content=\"article\" \/>\n<meta property=\"og:title\" content=\"Reclame Aqui realiza conferencia para empresarios de la industria del mobiliario - Sindm\u00f3veis-RS\" \/>\n<meta property=\"og:description\" content=\"Donde est\u00e1n las limitaciones que perjudican la industria del mobiliario y c\u00f3mo las empresas pueden actuar frente a los consumidores, fueron algunos de los asuntos abordados durante el encuentro de empresarios del sector con el CEO del sitio web Reclame Aqu\u00ed, Mauricio Vargas, el viernes 28 pr\u00f3ximo pasado, en Movelsul Brasil 2014.\" \/>\n<meta property=\"og:url\" content=\"https:\/\/www.sindmoveis.com.br\/es\/reclame-aqui-realiza-palestra-para-empresarios-da-industria-moveleira\/\" \/>\n<meta property=\"og:site_name\" content=\"Sindm\u00f3veis-RS\" \/>\n<meta property=\"article:published_time\" content=\"2014-03-28T03:00:00+00:00\" \/>\n<meta property=\"article:modified_time\" content=\"2021-05-26T13:24:29+00:00\" \/>\n<meta property=\"og:image\" content=\"https:\/\/www.sindmoveis.com.br\/es\/wp-content\/uploads\/2021\/05\/p1396043632.jpg\" \/>\n\t<meta property=\"og:image:width\" content=\"1200\" \/>\n\t<meta property=\"og:image:height\" content=\"800\" \/>\n\t<meta property=\"og:image:type\" content=\"image\/jpeg\" \/>\n<meta name=\"author\" content=\"Imprensa Sindm\u00f3veis\" \/>\n<meta name=\"twitter:card\" content=\"summary_large_image\" \/>\n<meta name=\"twitter:label1\" content=\"Escrito por\" \/>\n\t<meta name=\"twitter:data1\" content=\"Imprensa Sindm\u00f3veis\" \/>\n\t<meta name=\"twitter:label2\" content=\"Tiempo de lectura\" \/>\n\t<meta name=\"twitter:data2\" content=\"1 minuto\" \/>\n<script type=\"application\/ld+json\" class=\"yoast-schema-graph\">{\"@context\":\"https:\/\/schema.org\",\"@graph\":[{\"@type\":\"Article\",\"@id\":\"https:\/\/www.sindmoveis.com.br\/es\/reclame-aqui-realiza-palestra-para-empresarios-da-industria-moveleira\/#article\",\"isPartOf\":{\"@id\":\"https:\/\/www.sindmoveis.com.br\/es\/reclame-aqui-realiza-palestra-para-empresarios-da-industria-moveleira\/\"},\"author\":{\"name\":\"Imprensa Sindm\u00f3veis\",\"@id\":\"https:\/\/www.sindmoveis.com.br\/es\/#\/schema\/person\/16d379542db1950a17fe188179340d57\"},\"headline\":\"Reclame Aqui realiza conferencia para empresarios de la industria del mobiliario\",\"datePublished\":\"2014-03-28T03:00:00+00:00\",\"dateModified\":\"2021-05-26T13:24:29+00:00\",\"mainEntityOfPage\":{\"@id\":\"https:\/\/www.sindmoveis.com.br\/es\/reclame-aqui-realiza-palestra-para-empresarios-da-industria-moveleira\/\"},\"wordCount\":292,\"image\":{\"@id\":\"https:\/\/www.sindmoveis.com.br\/es\/reclame-aqui-realiza-palestra-para-empresarios-da-industria-moveleira\/#primaryimage\"},\"thumbnailUrl\":\"https:\/\/www.sindmoveis.com.br\/es\/wp-content\/uploads\/2021\/05\/p1396043632.jpg\",\"articleSection\":[\"Sindm\u00f3veis\"],\"inLanguage\":\"es\"},{\"@type\":\"WebPage\",\"@id\":\"https:\/\/www.sindmoveis.com.br\/es\/reclame-aqui-realiza-palestra-para-empresarios-da-industria-moveleira\/\",\"url\":\"https:\/\/www.sindmoveis.com.br\/es\/reclame-aqui-realiza-palestra-para-empresarios-da-industria-moveleira\/\",\"name\":\"Reclame Aqui realiza conferencia para empresarios de la industria del mobiliario - Sindm\u00f3veis-RS\",\"isPartOf\":{\"@id\":\"https:\/\/www.sindmoveis.com.br\/es\/#website\"},\"primaryImageOfPage\":{\"@id\":\"https:\/\/www.sindmoveis.com.br\/es\/reclame-aqui-realiza-palestra-para-empresarios-da-industria-moveleira\/#primaryimage\"},\"image\":{\"@id\":\"https:\/\/www.sindmoveis.com.br\/es\/reclame-aqui-realiza-palestra-para-empresarios-da-industria-moveleira\/#primaryimage\"},\"thumbnailUrl\":\"https:\/\/www.sindmoveis.com.br\/es\/wp-content\/uploads\/2021\/05\/p1396043632.jpg\",\"datePublished\":\"2014-03-28T03:00:00+00:00\",\"dateModified\":\"2021-05-26T13:24:29+00:00\",\"author\":{\"@id\":\"https:\/\/www.sindmoveis.com.br\/es\/#\/schema\/person\/16d379542db1950a17fe188179340d57\"},\"inLanguage\":\"es\",\"potentialAction\":[{\"@type\":\"ReadAction\",\"target\":[\"https:\/\/www.sindmoveis.com.br\/es\/reclame-aqui-realiza-palestra-para-empresarios-da-industria-moveleira\/\"]}]},{\"@type\":\"ImageObject\",\"inLanguage\":\"es\",\"@id\":\"https:\/\/www.sindmoveis.com.br\/es\/reclame-aqui-realiza-palestra-para-empresarios-da-industria-moveleira\/#primaryimage\",\"url\":\"https:\/\/www.sindmoveis.com.br\/es\/wp-content\/uploads\/2021\/05\/p1396043632.jpg\",\"contentUrl\":\"https:\/\/www.sindmoveis.com.br\/es\/wp-content\/uploads\/2021\/05\/p1396043632.jpg\",\"width\":1200,\"height\":800,\"caption\":\"CEO do site Reclame Aqui\"},{\"@type\":\"WebSite\",\"@id\":\"https:\/\/www.sindmoveis.com.br\/es\/#website\",\"url\":\"https:\/\/www.sindmoveis.com.br\/es\/\",\"name\":\"Sindm\u00f3veis-RS\",\"description\":\"\",\"potentialAction\":[{\"@type\":\"SearchAction\",\"target\":{\"@type\":\"EntryPoint\",\"urlTemplate\":\"https:\/\/www.sindmoveis.com.br\/es\/?s={search_term_string}\"},\"query-input\":{\"@type\":\"PropertyValueSpecification\",\"valueRequired\":true,\"valueName\":\"search_term_string\"}}],\"inLanguage\":\"es\"},{\"@type\":\"Person\",\"@id\":\"https:\/\/www.sindmoveis.com.br\/es\/#\/schema\/person\/16d379542db1950a17fe188179340d57\",\"name\":\"Imprensa Sindm\u00f3veis\",\"image\":{\"@type\":\"ImageObject\",\"inLanguage\":\"es\",\"@id\":\"https:\/\/www.sindmoveis.com.br\/es\/#\/schema\/person\/image\/\",\"url\":\"https:\/\/secure.gravatar.com\/avatar\/4973e2e2c2a0cb5db30b0c7b770041b8e33d048a16b695a1f99c042449d4bfaf?s=96&d=mm&r=g\",\"contentUrl\":\"https:\/\/secure.gravatar.com\/avatar\/4973e2e2c2a0cb5db30b0c7b770041b8e33d048a16b695a1f99c042449d4bfaf?s=96&d=mm&r=g\",\"caption\":\"Imprensa Sindm\u00f3veis\"},\"url\":\"https:\/\/www.sindmoveis.com.br\/es\/author\/ana\/\"}]}<\/script>\n<!-- \/ Yoast SEO plugin. -->","yoast_head_json":{"title":"Reclame Aqui realiza conferencia para empresarios de la industria del mobiliario - Sindm\u00f3veis-RS","robots":{"index":"index","follow":"follow","max-snippet":"max-snippet:-1","max-image-preview":"max-image-preview:large","max-video-preview":"max-video-preview:-1"},"canonical":"https:\/\/www.sindmoveis.com.br\/es\/reclame-aqui-realiza-palestra-para-empresarios-da-industria-moveleira\/","og_locale":"es_ES","og_type":"article","og_title":"Reclame Aqui realiza conferencia para empresarios de la industria del mobiliario - Sindm\u00f3veis-RS","og_description":"Donde est\u00e1n las limitaciones que perjudican la industria del mobiliario y c\u00f3mo las empresas pueden actuar frente a los consumidores, fueron algunos de los asuntos abordados durante el encuentro de empresarios del sector con el CEO del sitio web Reclame Aqu\u00ed, Mauricio Vargas, el viernes 28 pr\u00f3ximo pasado, en Movelsul Brasil 2014.","og_url":"https:\/\/www.sindmoveis.com.br\/es\/reclame-aqui-realiza-palestra-para-empresarios-da-industria-moveleira\/","og_site_name":"Sindm\u00f3veis-RS","article_published_time":"2014-03-28T03:00:00+00:00","article_modified_time":"2021-05-26T13:24:29+00:00","og_image":[{"width":1200,"height":800,"url":"https:\/\/www.sindmoveis.com.br\/es\/wp-content\/uploads\/2021\/05\/p1396043632.jpg","type":"image\/jpeg"}],"author":"Imprensa Sindm\u00f3veis","twitter_card":"summary_large_image","twitter_misc":{"Escrito por":"Imprensa Sindm\u00f3veis","Tiempo de lectura":"1 minuto"},"schema":{"@context":"https:\/\/schema.org","@graph":[{"@type":"Article","@id":"https:\/\/www.sindmoveis.com.br\/es\/reclame-aqui-realiza-palestra-para-empresarios-da-industria-moveleira\/#article","isPartOf":{"@id":"https:\/\/www.sindmoveis.com.br\/es\/reclame-aqui-realiza-palestra-para-empresarios-da-industria-moveleira\/"},"author":{"name":"Imprensa Sindm\u00f3veis","@id":"https:\/\/www.sindmoveis.com.br\/es\/#\/schema\/person\/16d379542db1950a17fe188179340d57"},"headline":"Reclame Aqui realiza conferencia para empresarios de la industria del mobiliario","datePublished":"2014-03-28T03:00:00+00:00","dateModified":"2021-05-26T13:24:29+00:00","mainEntityOfPage":{"@id":"https:\/\/www.sindmoveis.com.br\/es\/reclame-aqui-realiza-palestra-para-empresarios-da-industria-moveleira\/"},"wordCount":292,"image":{"@id":"https:\/\/www.sindmoveis.com.br\/es\/reclame-aqui-realiza-palestra-para-empresarios-da-industria-moveleira\/#primaryimage"},"thumbnailUrl":"https:\/\/www.sindmoveis.com.br\/es\/wp-content\/uploads\/2021\/05\/p1396043632.jpg","articleSection":["Sindm\u00f3veis"],"inLanguage":"es"},{"@type":"WebPage","@id":"https:\/\/www.sindmoveis.com.br\/es\/reclame-aqui-realiza-palestra-para-empresarios-da-industria-moveleira\/","url":"https:\/\/www.sindmoveis.com.br\/es\/reclame-aqui-realiza-palestra-para-empresarios-da-industria-moveleira\/","name":"Reclame Aqui realiza conferencia para empresarios de la industria del mobiliario - Sindm\u00f3veis-RS","isPartOf":{"@id":"https:\/\/www.sindmoveis.com.br\/es\/#website"},"primaryImageOfPage":{"@id":"https:\/\/www.sindmoveis.com.br\/es\/reclame-aqui-realiza-palestra-para-empresarios-da-industria-moveleira\/#primaryimage"},"image":{"@id":"https:\/\/www.sindmoveis.com.br\/es\/reclame-aqui-realiza-palestra-para-empresarios-da-industria-moveleira\/#primaryimage"},"thumbnailUrl":"https:\/\/www.sindmoveis.com.br\/es\/wp-content\/uploads\/2021\/05\/p1396043632.jpg","datePublished":"2014-03-28T03:00:00+00:00","dateModified":"2021-05-26T13:24:29+00:00","author":{"@id":"https:\/\/www.sindmoveis.com.br\/es\/#\/schema\/person\/16d379542db1950a17fe188179340d57"},"inLanguage":"es","potentialAction":[{"@type":"ReadAction","target":["https:\/\/www.sindmoveis.com.br\/es\/reclame-aqui-realiza-palestra-para-empresarios-da-industria-moveleira\/"]}]},{"@type":"ImageObject","inLanguage":"es","@id":"https:\/\/www.sindmoveis.com.br\/es\/reclame-aqui-realiza-palestra-para-empresarios-da-industria-moveleira\/#primaryimage","url":"https:\/\/www.sindmoveis.com.br\/es\/wp-content\/uploads\/2021\/05\/p1396043632.jpg","contentUrl":"https:\/\/www.sindmoveis.com.br\/es\/wp-content\/uploads\/2021\/05\/p1396043632.jpg","width":1200,"height":800,"caption":"CEO do site Reclame Aqui"},{"@type":"WebSite","@id":"https:\/\/www.sindmoveis.com.br\/es\/#website","url":"https:\/\/www.sindmoveis.com.br\/es\/","name":"Sindm\u00f3veis-RS","description":"","potentialAction":[{"@type":"SearchAction","target":{"@type":"EntryPoint","urlTemplate":"https:\/\/www.sindmoveis.com.br\/es\/?s={search_term_string}"},"query-input":{"@type":"PropertyValueSpecification","valueRequired":true,"valueName":"search_term_string"}}],"inLanguage":"es"},{"@type":"Person","@id":"https:\/\/www.sindmoveis.com.br\/es\/#\/schema\/person\/16d379542db1950a17fe188179340d57","name":"Imprensa Sindm\u00f3veis","image":{"@type":"ImageObject","inLanguage":"es","@id":"https:\/\/www.sindmoveis.com.br\/es\/#\/schema\/person\/image\/","url":"https:\/\/secure.gravatar.com\/avatar\/4973e2e2c2a0cb5db30b0c7b770041b8e33d048a16b695a1f99c042449d4bfaf?s=96&d=mm&r=g","contentUrl":"https:\/\/secure.gravatar.com\/avatar\/4973e2e2c2a0cb5db30b0c7b770041b8e33d048a16b695a1f99c042449d4bfaf?s=96&d=mm&r=g","caption":"Imprensa Sindm\u00f3veis"},"url":"https:\/\/www.sindmoveis.com.br\/es\/author\/ana\/"}]}},"_links":{"self":[{"href":"https:\/\/www.sindmoveis.com.br\/es\/wp-json\/wp\/v2\/posts\/1086","targetHints":{"allow":["GET"]}}],"collection":[{"href":"https:\/\/www.sindmoveis.com.br\/es\/wp-json\/wp\/v2\/posts"}],"about":[{"href":"https:\/\/www.sindmoveis.com.br\/es\/wp-json\/wp\/v2\/types\/post"}],"author":[{"embeddable":true,"href":"https:\/\/www.sindmoveis.com.br\/es\/wp-json\/wp\/v2\/users\/5"}],"replies":[{"embeddable":true,"href":"https:\/\/www.sindmoveis.com.br\/es\/wp-json\/wp\/v2\/comments?post=1086"}],"version-history":[{"count":2,"href":"https:\/\/www.sindmoveis.com.br\/es\/wp-json\/wp\/v2\/posts\/1086\/revisions"}],"predecessor-version":[{"id":3388,"href":"https:\/\/www.sindmoveis.com.br\/es\/wp-json\/wp\/v2\/posts\/1086\/revisions\/3388"}],"wp:featuredmedia":[{"embeddable":true,"href":"https:\/\/www.sindmoveis.com.br\/es\/wp-json\/wp\/v2\/media\/3389"}],"wp:attachment":[{"href":"https:\/\/www.sindmoveis.com.br\/es\/wp-json\/wp\/v2\/media?parent=1086"}],"wp:term":[{"taxonomy":"category","embeddable":true,"href":"https:\/\/www.sindmoveis.com.br\/es\/wp-json\/wp\/v2\/categories?post=1086"},{"taxonomy":"post_tag","embeddable":true,"href":"https:\/\/www.sindmoveis.com.br\/es\/wp-json\/wp\/v2\/tags?post=1086"}],"curies":[{"name":"wp","href":"https:\/\/api.w.org\/{rel}","templated":true}]}}