{"id":1085,"date":"2014-03-28T00:00:00","date_gmt":"2014-03-28T03:00:00","guid":{"rendered":"http:\/\/sindmoveis.com.br\/imprensa\/noticias\/movelsul-se-consolida-como-a-feira-da-classe-media\/"},"modified":"2021-05-26T10:31:43","modified_gmt":"2021-05-26T13:31:43","slug":"movelsul-se-consolida-como-a-feira-da-classe-media","status":"publish","type":"post","link":"https:\/\/www.sindmoveis.com.br\/es\/movelsul-se-consolida-como-a-feira-da-classe-media\/","title":{"rendered":"Movelsul se consolida como la feria de la clase media"},"content":{"rendered":"<div><em>En su 19&ordf; edici&oacute;n, evento recibi&oacute; 36 mil visitantes de todos los estados brasile&ntilde;os y otros 39 pa&iacute;ses<\/em><\/div>\n<div>&nbsp;<\/div>\n<div>Movelsul Brasil 2014, mayor feria de muebles y complementos de Am&eacute;rica Latina, culmin&oacute; el viernes, d&iacute;a 28, habiendo alcanzado metas de p&uacute;blico y, principalmente, consolidado el nuevo formato adoptado en 2012: expositores segmentados por tipo de producto y focalizaci&oacute;n en la clase media. En la edici&oacute;n de este a&ntilde;o, las industrias mostraron haber llegado preparadas para abastecer las ventas al por menor en el pa&iacute;s con muebles desarrollados para este nuevo p&uacute;blico a partir de investigaci&oacute;n de colores, tendencias, materiales y medidas. Adem&aacute;s de ello, las empresas exportadoras invirtieron en valor agregado para conquistar nuevos mercados frente a la competencia con China. El balance de la feria apunta m&aacute;s de 36 mil visitantes de todos los estados brasile&ntilde;os y de 39 pa&iacute;ses.&nbsp;<\/div>\n<div>El presidente de Movelsul, Henrique Tecchio, festej&oacute; la calificaci&oacute;n de los visitantes y la generaci&oacute;n de negocios durante el evento, lo que demuestra que Movelsul es realmente la feria de la nueva clase media brasile&ntilde;a. En su opini&oacute;n, el movimiento en esos cinco d&iacute;as fue tan expresivo, que algunos expositores tuvieron que recusar pedidos por haber llegado al m&aacute;ximo de su l&iacute;mite de producci&oacute;n. &ldquo;Nuestros expositores invierten mucho para estar aqu&iacute; y esperan obtener retorno en forma de negocios. Lo que podemos decir hasta ahora es que las expectativas fueron superadas&rdquo;, afirma.<\/div>\n<div>En el per&iacute;odo que antecedi&oacute; a la feria, el Sindicato de las Empresas del Mobiliario de Bento Gon&ccedil;alves &ndash; Sindm&oacute;veis, solicit&oacute; un sondeo junto a los expositores para entender de qu&eacute; forma ellos estaban prepar&aacute;ndose para atender la demanda de la nueva clase media. La encuesta mostr&oacute; que cerca de 70% de las industrias entrevistadas venden muebles para la clase media, siendo que por lo menos 20% de ellas definen su target como clase C. algunos expositores, inclusive, declaran tener l&iacute;neas espec&iacute;ficas para ese nicho de mercado.&nbsp;<\/div>\n<div>Las rondas de negocios del Proyecto Comprador tambi&eacute;n tuvieron resultados positivos, mucho en funci&oacute;n de la agenda m&aacute;s libre adoptada en esa edici&oacute;n, sin limitaci&oacute;n de horarios para la visita de los importadores a los stands de la feria. La acci&oacute;n es promovida por Sindm&oacute;veis en asociaci&oacute;n con Apex-Brasil, por medio del Proyecto Brazilian Furniture de est&iacute;mulo a las exportaciones de los muebles brasile&ntilde;os. Fueron 600 rondas de negocios entre los 30 extranjeros y 112 empresas inscritas. Que deber&aacute;n resultar en exportaciones con un montante de U$ 35 millones.<\/div>\n<div>Otro proyecto de la feria, el Sal&atilde;o Design Movelsul Brasil 2014, premi&oacute; 25 dise&ntilde;adores, reconociendo el talento latinoamericano y la asociaci&oacute;n entre el dise&ntilde;o y la industria del mueble. Alineado al tema de Movelsul Brasil, cuya focalizaci&oacute;n fue la nueva clase media brasile&ntilde;a, la comisi&oacute;n juzgadora busc&oacute; premiar los productos que mejor expresaron el concepto de dise&ntilde;o democr&aacute;tico &ndash; en lo que respecta a un lenguaje claro y accesible al entendimiento de todos. En total, la 18&ordf; edici&oacute;n del concurso distribuy&oacute; R$ 175 mil a los premiados.<\/div>\n<div>Movelsul Brasil 2014 tuvo 296 expositores de muebles y complementos, ocupando 57 mil metros cuadrados del Parque de Eventos de Bento Gon&ccedil;alves. La 20&ordf; edici&oacute;n de la feria ser&aacute; realizada en 2016.<\/div>\n","protected":false},"excerpt":{"rendered":"<p>Movelsul Brasil 2014, mayor feria de muebles y complementos de Am\u00e9rica Latina, culmin\u00f3 el viernes, d\u00eda 28, habiendo alcanzado metas de p\u00fablico y, principalmente, consolidado el nuevo formato adoptado en 2012: expositores segmentados por tipo de producto y focalizaci\u00f3n en la clase media.<\/p>\n","protected":false},"author":5,"featured_media":3385,"comment_status":"closed","ping_status":"open","sticky":false,"template":"","format":"standard","meta":{"footnotes":"","_links_to":"","_links_to_target":""},"categories":[23,2],"tags":[],"class_list":["post-1085","post","type-post","status-publish","format-standard","has-post-thumbnail","hentry","category-movelsul","category-sindmoveis"],"yoast_head":"<!-- This site is optimized with the Yoast SEO plugin v27.0 - https:\/\/yoast.com\/product\/yoast-seo-wordpress\/ -->\n<title>Movelsul se consolida como la feria de la clase media - Sindm\u00f3veis-RS<\/title>\n<meta name=\"robots\" content=\"index, follow, max-snippet:-1, max-image-preview:large, max-video-preview:-1\" \/>\n<link rel=\"canonical\" href=\"https:\/\/www.sindmoveis.com.br\/es\/movelsul-se-consolida-como-a-feira-da-classe-media\/\" \/>\n<meta property=\"og:locale\" content=\"es_ES\" \/>\n<meta property=\"og:type\" content=\"article\" \/>\n<meta property=\"og:title\" content=\"Movelsul se consolida como la feria de la clase media - Sindm\u00f3veis-RS\" \/>\n<meta property=\"og:description\" content=\"Movelsul Brasil 2014, mayor feria de muebles y complementos de Am\u00e9rica Latina, culmin\u00f3 el viernes, d\u00eda 28, habiendo alcanzado metas de p\u00fablico y, principalmente, consolidado el nuevo formato adoptado en 2012: expositores segmentados por tipo de producto y focalizaci\u00f3n en la clase media.\" \/>\n<meta property=\"og:url\" content=\"https:\/\/www.sindmoveis.com.br\/es\/movelsul-se-consolida-como-a-feira-da-classe-media\/\" \/>\n<meta property=\"og:site_name\" content=\"Sindm\u00f3veis-RS\" \/>\n<meta property=\"article:published_time\" content=\"2014-03-28T03:00:00+00:00\" \/>\n<meta property=\"article:modified_time\" content=\"2021-05-26T13:31:43+00:00\" \/>\n<meta property=\"og:image\" content=\"https:\/\/www.sindmoveis.com.br\/es\/wp-content\/uploads\/2021\/05\/p1396041406.jpg\" \/>\n\t<meta property=\"og:image:width\" content=\"1200\" \/>\n\t<meta property=\"og:image:height\" content=\"1799\" \/>\n\t<meta property=\"og:image:type\" content=\"image\/jpeg\" \/>\n<meta name=\"author\" content=\"Imprensa Sindm\u00f3veis\" \/>\n<meta name=\"twitter:card\" content=\"summary_large_image\" \/>\n<meta name=\"twitter:label1\" content=\"Escrito por\" \/>\n\t<meta name=\"twitter:data1\" content=\"Imprensa Sindm\u00f3veis\" \/>\n\t<meta name=\"twitter:label2\" content=\"Tiempo de lectura\" \/>\n\t<meta name=\"twitter:data2\" content=\"3 minutos\" \/>\n<script type=\"application\/ld+json\" class=\"yoast-schema-graph\">{\"@context\":\"https:\/\/schema.org\",\"@graph\":[{\"@type\":\"Article\",\"@id\":\"https:\/\/www.sindmoveis.com.br\/es\/movelsul-se-consolida-como-a-feira-da-classe-media\/#article\",\"isPartOf\":{\"@id\":\"https:\/\/www.sindmoveis.com.br\/es\/movelsul-se-consolida-como-a-feira-da-classe-media\/\"},\"author\":{\"name\":\"Imprensa Sindm\u00f3veis\",\"@id\":\"https:\/\/www.sindmoveis.com.br\/es\/#\/schema\/person\/16d379542db1950a17fe188179340d57\"},\"headline\":\"Movelsul se consolida como la feria de la clase media\",\"datePublished\":\"2014-03-28T03:00:00+00:00\",\"dateModified\":\"2021-05-26T13:31:43+00:00\",\"mainEntityOfPage\":{\"@id\":\"https:\/\/www.sindmoveis.com.br\/es\/movelsul-se-consolida-como-a-feira-da-classe-media\/\"},\"wordCount\":640,\"image\":{\"@id\":\"https:\/\/www.sindmoveis.com.br\/es\/movelsul-se-consolida-como-a-feira-da-classe-media\/#primaryimage\"},\"thumbnailUrl\":\"https:\/\/www.sindmoveis.com.br\/es\/wp-content\/uploads\/2021\/05\/p1396041406.jpg\",\"articleSection\":[\"Movelsul\",\"Sindm\u00f3veis\"],\"inLanguage\":\"es\"},{\"@type\":\"WebPage\",\"@id\":\"https:\/\/www.sindmoveis.com.br\/es\/movelsul-se-consolida-como-a-feira-da-classe-media\/\",\"url\":\"https:\/\/www.sindmoveis.com.br\/es\/movelsul-se-consolida-como-a-feira-da-classe-media\/\",\"name\":\"Movelsul se consolida como la feria de la clase media - Sindm\u00f3veis-RS\",\"isPartOf\":{\"@id\":\"https:\/\/www.sindmoveis.com.br\/es\/#website\"},\"primaryImageOfPage\":{\"@id\":\"https:\/\/www.sindmoveis.com.br\/es\/movelsul-se-consolida-como-a-feira-da-classe-media\/#primaryimage\"},\"image\":{\"@id\":\"https:\/\/www.sindmoveis.com.br\/es\/movelsul-se-consolida-como-a-feira-da-classe-media\/#primaryimage\"},\"thumbnailUrl\":\"https:\/\/www.sindmoveis.com.br\/es\/wp-content\/uploads\/2021\/05\/p1396041406.jpg\",\"datePublished\":\"2014-03-28T03:00:00+00:00\",\"dateModified\":\"2021-05-26T13:31:43+00:00\",\"author\":{\"@id\":\"https:\/\/www.sindmoveis.com.br\/es\/#\/schema\/person\/16d379542db1950a17fe188179340d57\"},\"inLanguage\":\"es\",\"potentialAction\":[{\"@type\":\"ReadAction\",\"target\":[\"https:\/\/www.sindmoveis.com.br\/es\/movelsul-se-consolida-como-a-feira-da-classe-media\/\"]}]},{\"@type\":\"ImageObject\",\"inLanguage\":\"es\",\"@id\":\"https:\/\/www.sindmoveis.com.br\/es\/movelsul-se-consolida-como-a-feira-da-classe-media\/#primaryimage\",\"url\":\"https:\/\/www.sindmoveis.com.br\/es\/wp-content\/uploads\/2021\/05\/p1396041406.jpg\",\"contentUrl\":\"https:\/\/www.sindmoveis.com.br\/es\/wp-content\/uploads\/2021\/05\/p1396041406.jpg\",\"width\":1200,\"height\":1799,\"caption\":\"Presidente da Movelsul\"},{\"@type\":\"WebSite\",\"@id\":\"https:\/\/www.sindmoveis.com.br\/es\/#website\",\"url\":\"https:\/\/www.sindmoveis.com.br\/es\/\",\"name\":\"Sindm\u00f3veis-RS\",\"description\":\"\",\"potentialAction\":[{\"@type\":\"SearchAction\",\"target\":{\"@type\":\"EntryPoint\",\"urlTemplate\":\"https:\/\/www.sindmoveis.com.br\/es\/?s={search_term_string}\"},\"query-input\":{\"@type\":\"PropertyValueSpecification\",\"valueRequired\":true,\"valueName\":\"search_term_string\"}}],\"inLanguage\":\"es\"},{\"@type\":\"Person\",\"@id\":\"https:\/\/www.sindmoveis.com.br\/es\/#\/schema\/person\/16d379542db1950a17fe188179340d57\",\"name\":\"Imprensa Sindm\u00f3veis\",\"image\":{\"@type\":\"ImageObject\",\"inLanguage\":\"es\",\"@id\":\"https:\/\/www.sindmoveis.com.br\/es\/#\/schema\/person\/image\/\",\"url\":\"https:\/\/secure.gravatar.com\/avatar\/4973e2e2c2a0cb5db30b0c7b770041b8e33d048a16b695a1f99c042449d4bfaf?s=96&d=mm&r=g\",\"contentUrl\":\"https:\/\/secure.gravatar.com\/avatar\/4973e2e2c2a0cb5db30b0c7b770041b8e33d048a16b695a1f99c042449d4bfaf?s=96&d=mm&r=g\",\"caption\":\"Imprensa Sindm\u00f3veis\"},\"url\":\"https:\/\/www.sindmoveis.com.br\/es\/author\/ana\/\"}]}<\/script>\n<!-- \/ Yoast SEO plugin. -->","yoast_head_json":{"title":"Movelsul se consolida como la feria de la clase media - Sindm\u00f3veis-RS","robots":{"index":"index","follow":"follow","max-snippet":"max-snippet:-1","max-image-preview":"max-image-preview:large","max-video-preview":"max-video-preview:-1"},"canonical":"https:\/\/www.sindmoveis.com.br\/es\/movelsul-se-consolida-como-a-feira-da-classe-media\/","og_locale":"es_ES","og_type":"article","og_title":"Movelsul se consolida como la feria de la clase media - Sindm\u00f3veis-RS","og_description":"Movelsul Brasil 2014, mayor feria de muebles y complementos de Am\u00e9rica Latina, culmin\u00f3 el viernes, d\u00eda 28, habiendo alcanzado metas de p\u00fablico y, principalmente, consolidado el nuevo formato adoptado en 2012: expositores segmentados por tipo de producto y focalizaci\u00f3n en la clase media.","og_url":"https:\/\/www.sindmoveis.com.br\/es\/movelsul-se-consolida-como-a-feira-da-classe-media\/","og_site_name":"Sindm\u00f3veis-RS","article_published_time":"2014-03-28T03:00:00+00:00","article_modified_time":"2021-05-26T13:31:43+00:00","og_image":[{"width":1200,"height":1799,"url":"https:\/\/www.sindmoveis.com.br\/es\/wp-content\/uploads\/2021\/05\/p1396041406.jpg","type":"image\/jpeg"}],"author":"Imprensa Sindm\u00f3veis","twitter_card":"summary_large_image","twitter_misc":{"Escrito por":"Imprensa Sindm\u00f3veis","Tiempo de lectura":"3 minutos"},"schema":{"@context":"https:\/\/schema.org","@graph":[{"@type":"Article","@id":"https:\/\/www.sindmoveis.com.br\/es\/movelsul-se-consolida-como-a-feira-da-classe-media\/#article","isPartOf":{"@id":"https:\/\/www.sindmoveis.com.br\/es\/movelsul-se-consolida-como-a-feira-da-classe-media\/"},"author":{"name":"Imprensa Sindm\u00f3veis","@id":"https:\/\/www.sindmoveis.com.br\/es\/#\/schema\/person\/16d379542db1950a17fe188179340d57"},"headline":"Movelsul se consolida como la feria de la clase media","datePublished":"2014-03-28T03:00:00+00:00","dateModified":"2021-05-26T13:31:43+00:00","mainEntityOfPage":{"@id":"https:\/\/www.sindmoveis.com.br\/es\/movelsul-se-consolida-como-a-feira-da-classe-media\/"},"wordCount":640,"image":{"@id":"https:\/\/www.sindmoveis.com.br\/es\/movelsul-se-consolida-como-a-feira-da-classe-media\/#primaryimage"},"thumbnailUrl":"https:\/\/www.sindmoveis.com.br\/es\/wp-content\/uploads\/2021\/05\/p1396041406.jpg","articleSection":["Movelsul","Sindm\u00f3veis"],"inLanguage":"es"},{"@type":"WebPage","@id":"https:\/\/www.sindmoveis.com.br\/es\/movelsul-se-consolida-como-a-feira-da-classe-media\/","url":"https:\/\/www.sindmoveis.com.br\/es\/movelsul-se-consolida-como-a-feira-da-classe-media\/","name":"Movelsul se consolida como la feria de la clase media - Sindm\u00f3veis-RS","isPartOf":{"@id":"https:\/\/www.sindmoveis.com.br\/es\/#website"},"primaryImageOfPage":{"@id":"https:\/\/www.sindmoveis.com.br\/es\/movelsul-se-consolida-como-a-feira-da-classe-media\/#primaryimage"},"image":{"@id":"https:\/\/www.sindmoveis.com.br\/es\/movelsul-se-consolida-como-a-feira-da-classe-media\/#primaryimage"},"thumbnailUrl":"https:\/\/www.sindmoveis.com.br\/es\/wp-content\/uploads\/2021\/05\/p1396041406.jpg","datePublished":"2014-03-28T03:00:00+00:00","dateModified":"2021-05-26T13:31:43+00:00","author":{"@id":"https:\/\/www.sindmoveis.com.br\/es\/#\/schema\/person\/16d379542db1950a17fe188179340d57"},"inLanguage":"es","potentialAction":[{"@type":"ReadAction","target":["https:\/\/www.sindmoveis.com.br\/es\/movelsul-se-consolida-como-a-feira-da-classe-media\/"]}]},{"@type":"ImageObject","inLanguage":"es","@id":"https:\/\/www.sindmoveis.com.br\/es\/movelsul-se-consolida-como-a-feira-da-classe-media\/#primaryimage","url":"https:\/\/www.sindmoveis.com.br\/es\/wp-content\/uploads\/2021\/05\/p1396041406.jpg","contentUrl":"https:\/\/www.sindmoveis.com.br\/es\/wp-content\/uploads\/2021\/05\/p1396041406.jpg","width":1200,"height":1799,"caption":"Presidente da Movelsul"},{"@type":"WebSite","@id":"https:\/\/www.sindmoveis.com.br\/es\/#website","url":"https:\/\/www.sindmoveis.com.br\/es\/","name":"Sindm\u00f3veis-RS","description":"","potentialAction":[{"@type":"SearchAction","target":{"@type":"EntryPoint","urlTemplate":"https:\/\/www.sindmoveis.com.br\/es\/?s={search_term_string}"},"query-input":{"@type":"PropertyValueSpecification","valueRequired":true,"valueName":"search_term_string"}}],"inLanguage":"es"},{"@type":"Person","@id":"https:\/\/www.sindmoveis.com.br\/es\/#\/schema\/person\/16d379542db1950a17fe188179340d57","name":"Imprensa Sindm\u00f3veis","image":{"@type":"ImageObject","inLanguage":"es","@id":"https:\/\/www.sindmoveis.com.br\/es\/#\/schema\/person\/image\/","url":"https:\/\/secure.gravatar.com\/avatar\/4973e2e2c2a0cb5db30b0c7b770041b8e33d048a16b695a1f99c042449d4bfaf?s=96&d=mm&r=g","contentUrl":"https:\/\/secure.gravatar.com\/avatar\/4973e2e2c2a0cb5db30b0c7b770041b8e33d048a16b695a1f99c042449d4bfaf?s=96&d=mm&r=g","caption":"Imprensa Sindm\u00f3veis"},"url":"https:\/\/www.sindmoveis.com.br\/es\/author\/ana\/"}]}},"_links":{"self":[{"href":"https:\/\/www.sindmoveis.com.br\/es\/wp-json\/wp\/v2\/posts\/1085","targetHints":{"allow":["GET"]}}],"collection":[{"href":"https:\/\/www.sindmoveis.com.br\/es\/wp-json\/wp\/v2\/posts"}],"about":[{"href":"https:\/\/www.sindmoveis.com.br\/es\/wp-json\/wp\/v2\/types\/post"}],"author":[{"embeddable":true,"href":"https:\/\/www.sindmoveis.com.br\/es\/wp-json\/wp\/v2\/users\/5"}],"replies":[{"embeddable":true,"href":"https:\/\/www.sindmoveis.com.br\/es\/wp-json\/wp\/v2\/comments?post=1085"}],"version-history":[{"count":2,"href":"https:\/\/www.sindmoveis.com.br\/es\/wp-json\/wp\/v2\/posts\/1085\/revisions"}],"predecessor-version":[{"id":3384,"href":"https:\/\/www.sindmoveis.com.br\/es\/wp-json\/wp\/v2\/posts\/1085\/revisions\/3384"}],"wp:featuredmedia":[{"embeddable":true,"href":"https:\/\/www.sindmoveis.com.br\/es\/wp-json\/wp\/v2\/media\/3385"}],"wp:attachment":[{"href":"https:\/\/www.sindmoveis.com.br\/es\/wp-json\/wp\/v2\/media?parent=1085"}],"wp:term":[{"taxonomy":"category","embeddable":true,"href":"https:\/\/www.sindmoveis.com.br\/es\/wp-json\/wp\/v2\/categories?post=1085"},{"taxonomy":"post_tag","embeddable":true,"href":"https:\/\/www.sindmoveis.com.br\/es\/wp-json\/wp\/v2\/tags?post=1085"}],"curies":[{"name":"wp","href":"https:\/\/api.w.org\/{rel}","templated":true}]}}