{"id":1083,"date":"2014-03-27T00:00:00","date_gmt":"2014-03-27T03:00:00","guid":{"rendered":"http:\/\/sindmoveis.com.br\/imprensa\/noticias\/diretorias-da-movelsul-brindam-sucesso-da-feira-com-vinho-da-copa\/"},"modified":"2021-05-26T10:31:43","modified_gmt":"2021-05-26T13:31:43","slug":"diretorias-da-movelsul-brindam-sucesso-da-feira-com-vinho-da-copa","status":"publish","type":"post","link":"https:\/\/www.sindmoveis.com.br\/es\/diretorias-da-movelsul-brindam-sucesso-da-feira-com-vinho-da-copa\/","title":{"rendered":"Directorios de Movelsul hacen un brindis por el \u00e9xito de la feria con Vino de la Copa"},"content":{"rendered":"<div>La tradicional ceremonia de descubierta de la placa en homenaje al directorio de Movelsul Brasil 2014, la mayor feria de muebles y complementos de Am&eacute;rica Latina, tuvo sabor especial este a&ntilde;o. El jueves, d&iacute;a 27, los expresidentes y actuales directores hicieron un brindis por el &eacute;xito del evento con Faces, vino licenciado oficial de la Copa del Mundo FIFA 2014, elaborado por la vin&iacute;cola Lidio Carraro. La solemnidad realizada siempre en el pen&uacute;ltimo d&iacute;a de la feria homenajea a los representantes del polo mobiliario de Bento Gon&ccedil;alves, que voluntariamente, act&uacute;an en pro del sector frente al Sindicato de las Industrias del Mobiliario de Bento Gon&ccedil;alves &ndash; Sindm&oacute;veis, entidad promotora de Movelsul.<\/div>\n<div>El presidente de Sindm&oacute;veis, Henrique Tecchio, reconoci&oacute; la dedicaci&oacute;n de los 18 representantes del sector del mobiliario y sus directorios que escribieron la historia de Movelsul Brasil hasta aqu&iacute;. &ldquo;Estamos reunidos en esta feria viendo ocurrir la magia, pero pocos saben cu&aacute;nto tiempo y cu&aacute;ntas personas se han involucrado en este proyecto&rdquo;, discurs&oacute; Henrique.&nbsp;<\/div>\n<div>Fueron homenajeados por Sindm&oacute;veis los directores de Movelsul 2014: el presidente Henrique Tecchio; la administrativo financiera, Sandra Peruffo; el director de Infraestructura, Marcos Pilotti; el director de Servicios, Paulo Rogerio da Silva; el director de Relaciones Internacionales, Cesar Nepomuceno; la directora de Comunicaci&oacute;n, Adriana Peliciolli; la vicedirectora de Comunicaci&oacute;n, Vanessa Machado y el director del Sal&atilde;o Design, Cristiano Gallina. Tambi&eacute;n est&aacute;n mencionados en la placa los consejeros C&aacute;tia Scarton, Jo&atilde;o Paulo Pompermayer, Glademir Ferrari, Henrique Bertolini, Marcelo Haefliger, Rogerio Francio y Sergio Dalla Costa.<\/div>\n<div>Movelsul Brasil es promovida desde 1977 y est&aacute; en su 19&ordf; edici&oacute;n. La feria finaliz&oacute; el viernes pasado, con expectativa de generar m&aacute;s de U$ 300 millones de negocios en los pr&oacute;ximos 12 meses<\/div>\n<div>&nbsp;<\/div>\n<div><strong>El vino de la Copa<\/strong><\/div>\n<div>Faces, vino licenciado oficial de la Copa del Mundo FIFA fue creado por la vin&iacute;cola boutique Lidio Carraro, ubicada en el Vale dos Vinhedos, en Bento Gon&ccedil;alves, (RS). En su etiqueta, el tinto trae 11 variedades de uvas de diferentes regiones productoras de R&iacute;o Grande do Sul, en homenaje a los 11 jugadores en campo. Ya Faces blanco hace una celebraci&oacute;n a las ra&iacute;ces de la vitivinicultura al escoger las tres uvas blancas m&aacute;s cultivadas en suelo gaucho: Moscato, Chardonnay y Riesling It&aacute;lico. Por &uacute;ltimo, elaborado con tres uvas &ndash; Pinot Noir, Merlot y Touriga Nacional, el rosado Faces es un vino seductor por su lindo color salm&oacute;n.<\/div>\n<div>&nbsp;<\/div>\n","protected":false},"excerpt":{"rendered":"<p>La tradicional ceremonia de descubierta de la placa en homenaje al directorio de Movelsul Brasil 2014, la mayor feria de muebles y complementos de Am\u00e9rica Latina, tuvo sabor especial este a\u00f1o. El jueves, d\u00eda 27, los expresidentes y actuales directores hicieron un brindis por el \u00e9xito del evento con Faces, vino licenciado oficial de la Copa del Mundo FIFA 2014, elaborado por la vin\u00edcola Lidio Carraro. La solemnidad realizada siempre en el pen\u00faltimo d\u00eda de la feria homenajea a los representantes del polo mobiliario de Bento Gon\u00e7alves, que voluntariamente, act\u00faan en pro del sector frente al Sindicato de las Industrias del Mobiliario de Bento Gon\u00e7alves \u2013 Sindm\u00f3veis, entidad promotora de Movelsul.<\/p>\n","protected":false},"author":5,"featured_media":3380,"comment_status":"closed","ping_status":"open","sticky":false,"template":"","format":"standard","meta":{"footnotes":"","_links_to":"","_links_to_target":""},"categories":[23,2],"tags":[],"class_list":["post-1083","post","type-post","status-publish","format-standard","has-post-thumbnail","hentry","category-movelsul","category-sindmoveis"],"yoast_head":"<!-- This site is optimized with the Yoast SEO plugin v27.0 - https:\/\/yoast.com\/product\/yoast-seo-wordpress\/ -->\n<title>Directorios de Movelsul hacen un brindis por el \u00e9xito de la feria con Vino de la Copa - Sindm\u00f3veis-RS<\/title>\n<meta name=\"robots\" content=\"index, follow, max-snippet:-1, max-image-preview:large, max-video-preview:-1\" \/>\n<link rel=\"canonical\" href=\"https:\/\/www.sindmoveis.com.br\/es\/diretorias-da-movelsul-brindam-sucesso-da-feira-com-vinho-da-copa\/\" \/>\n<meta property=\"og:locale\" content=\"es_ES\" \/>\n<meta property=\"og:type\" content=\"article\" \/>\n<meta property=\"og:title\" content=\"Directorios de Movelsul hacen un brindis por el \u00e9xito de la feria con Vino de la Copa - Sindm\u00f3veis-RS\" \/>\n<meta property=\"og:description\" content=\"La tradicional ceremonia de descubierta de la placa en homenaje al directorio de Movelsul Brasil 2014, la mayor feria de muebles y complementos de Am\u00e9rica Latina, tuvo sabor especial este a\u00f1o. El jueves, d\u00eda 27, los expresidentes y actuales directores hicieron un brindis por el \u00e9xito del evento con Faces, vino licenciado oficial de la Copa del Mundo FIFA 2014, elaborado por la vin\u00edcola Lidio Carraro. La solemnidad realizada siempre en el pen\u00faltimo d\u00eda de la feria homenajea a los representantes del polo mobiliario de Bento Gon\u00e7alves, que voluntariamente, act\u00faan en pro del sector frente al Sindicato de las Industrias del Mobiliario de Bento Gon\u00e7alves \u2013 Sindm\u00f3veis, entidad promotora de Movelsul.\" \/>\n<meta property=\"og:url\" content=\"https:\/\/www.sindmoveis.com.br\/es\/diretorias-da-movelsul-brindam-sucesso-da-feira-com-vinho-da-copa\/\" \/>\n<meta property=\"og:site_name\" content=\"Sindm\u00f3veis-RS\" \/>\n<meta property=\"article:published_time\" content=\"2014-03-27T03:00:00+00:00\" \/>\n<meta property=\"article:modified_time\" content=\"2021-05-26T13:31:43+00:00\" \/>\n<meta property=\"og:image\" content=\"https:\/\/www.sindmoveis.com.br\/es\/wp-content\/uploads\/2021\/05\/p1395961531.jpg\" \/>\n\t<meta property=\"og:image:width\" content=\"1500\" \/>\n\t<meta property=\"og:image:height\" content=\"1080\" \/>\n\t<meta property=\"og:image:type\" content=\"image\/jpeg\" \/>\n<meta name=\"author\" content=\"Imprensa Sindm\u00f3veis\" \/>\n<meta name=\"twitter:card\" content=\"summary_large_image\" \/>\n<meta name=\"twitter:label1\" content=\"Escrito por\" \/>\n\t<meta name=\"twitter:data1\" content=\"Imprensa Sindm\u00f3veis\" \/>\n\t<meta name=\"twitter:label2\" content=\"Tiempo de lectura\" \/>\n\t<meta name=\"twitter:data2\" content=\"2 minutos\" \/>\n<script type=\"application\/ld+json\" class=\"yoast-schema-graph\">{\"@context\":\"https:\/\/schema.org\",\"@graph\":[{\"@type\":\"Article\",\"@id\":\"https:\/\/www.sindmoveis.com.br\/es\/diretorias-da-movelsul-brindam-sucesso-da-feira-com-vinho-da-copa\/#article\",\"isPartOf\":{\"@id\":\"https:\/\/www.sindmoveis.com.br\/es\/diretorias-da-movelsul-brindam-sucesso-da-feira-com-vinho-da-copa\/\"},\"author\":{\"name\":\"Imprensa Sindm\u00f3veis\",\"@id\":\"https:\/\/www.sindmoveis.com.br\/es\/#\/schema\/person\/16d379542db1950a17fe188179340d57\"},\"headline\":\"Directorios de Movelsul hacen un brindis por el \u00e9xito de la feria con Vino de la Copa\",\"datePublished\":\"2014-03-27T03:00:00+00:00\",\"dateModified\":\"2021-05-26T13:31:43+00:00\",\"mainEntityOfPage\":{\"@id\":\"https:\/\/www.sindmoveis.com.br\/es\/diretorias-da-movelsul-brindam-sucesso-da-feira-com-vinho-da-copa\/\"},\"wordCount\":481,\"image\":{\"@id\":\"https:\/\/www.sindmoveis.com.br\/es\/diretorias-da-movelsul-brindam-sucesso-da-feira-com-vinho-da-copa\/#primaryimage\"},\"thumbnailUrl\":\"https:\/\/www.sindmoveis.com.br\/es\/wp-content\/uploads\/2021\/05\/p1395961531.jpg\",\"articleSection\":[\"Movelsul\",\"Sindm\u00f3veis\"],\"inLanguage\":\"es\"},{\"@type\":\"WebPage\",\"@id\":\"https:\/\/www.sindmoveis.com.br\/es\/diretorias-da-movelsul-brindam-sucesso-da-feira-com-vinho-da-copa\/\",\"url\":\"https:\/\/www.sindmoveis.com.br\/es\/diretorias-da-movelsul-brindam-sucesso-da-feira-com-vinho-da-copa\/\",\"name\":\"Directorios de Movelsul hacen un brindis por el \u00e9xito de la feria con Vino de la Copa - Sindm\u00f3veis-RS\",\"isPartOf\":{\"@id\":\"https:\/\/www.sindmoveis.com.br\/es\/#website\"},\"primaryImageOfPage\":{\"@id\":\"https:\/\/www.sindmoveis.com.br\/es\/diretorias-da-movelsul-brindam-sucesso-da-feira-com-vinho-da-copa\/#primaryimage\"},\"image\":{\"@id\":\"https:\/\/www.sindmoveis.com.br\/es\/diretorias-da-movelsul-brindam-sucesso-da-feira-com-vinho-da-copa\/#primaryimage\"},\"thumbnailUrl\":\"https:\/\/www.sindmoveis.com.br\/es\/wp-content\/uploads\/2021\/05\/p1395961531.jpg\",\"datePublished\":\"2014-03-27T03:00:00+00:00\",\"dateModified\":\"2021-05-26T13:31:43+00:00\",\"author\":{\"@id\":\"https:\/\/www.sindmoveis.com.br\/es\/#\/schema\/person\/16d379542db1950a17fe188179340d57\"},\"inLanguage\":\"es\",\"potentialAction\":[{\"@type\":\"ReadAction\",\"target\":[\"https:\/\/www.sindmoveis.com.br\/es\/diretorias-da-movelsul-brindam-sucesso-da-feira-com-vinho-da-copa\/\"]}]},{\"@type\":\"ImageObject\",\"inLanguage\":\"es\",\"@id\":\"https:\/\/www.sindmoveis.com.br\/es\/diretorias-da-movelsul-brindam-sucesso-da-feira-com-vinho-da-copa\/#primaryimage\",\"url\":\"https:\/\/www.sindmoveis.com.br\/es\/wp-content\/uploads\/2021\/05\/p1395961531.jpg\",\"contentUrl\":\"https:\/\/www.sindmoveis.com.br\/es\/wp-content\/uploads\/2021\/05\/p1395961531.jpg\",\"width\":1500,\"height\":1080,\"caption\":\"Presidente do Sindm\u00f3veis e da Movelsul\"},{\"@type\":\"WebSite\",\"@id\":\"https:\/\/www.sindmoveis.com.br\/es\/#website\",\"url\":\"https:\/\/www.sindmoveis.com.br\/es\/\",\"name\":\"Sindm\u00f3veis-RS\",\"description\":\"\",\"potentialAction\":[{\"@type\":\"SearchAction\",\"target\":{\"@type\":\"EntryPoint\",\"urlTemplate\":\"https:\/\/www.sindmoveis.com.br\/es\/?s={search_term_string}\"},\"query-input\":{\"@type\":\"PropertyValueSpecification\",\"valueRequired\":true,\"valueName\":\"search_term_string\"}}],\"inLanguage\":\"es\"},{\"@type\":\"Person\",\"@id\":\"https:\/\/www.sindmoveis.com.br\/es\/#\/schema\/person\/16d379542db1950a17fe188179340d57\",\"name\":\"Imprensa Sindm\u00f3veis\",\"image\":{\"@type\":\"ImageObject\",\"inLanguage\":\"es\",\"@id\":\"https:\/\/www.sindmoveis.com.br\/es\/#\/schema\/person\/image\/\",\"url\":\"https:\/\/secure.gravatar.com\/avatar\/4973e2e2c2a0cb5db30b0c7b770041b8e33d048a16b695a1f99c042449d4bfaf?s=96&d=mm&r=g\",\"contentUrl\":\"https:\/\/secure.gravatar.com\/avatar\/4973e2e2c2a0cb5db30b0c7b770041b8e33d048a16b695a1f99c042449d4bfaf?s=96&d=mm&r=g\",\"caption\":\"Imprensa Sindm\u00f3veis\"},\"url\":\"https:\/\/www.sindmoveis.com.br\/es\/author\/ana\/\"}]}<\/script>\n<!-- \/ Yoast SEO plugin. -->","yoast_head_json":{"title":"Directorios de Movelsul hacen un brindis por el \u00e9xito de la feria con Vino de la Copa - Sindm\u00f3veis-RS","robots":{"index":"index","follow":"follow","max-snippet":"max-snippet:-1","max-image-preview":"max-image-preview:large","max-video-preview":"max-video-preview:-1"},"canonical":"https:\/\/www.sindmoveis.com.br\/es\/diretorias-da-movelsul-brindam-sucesso-da-feira-com-vinho-da-copa\/","og_locale":"es_ES","og_type":"article","og_title":"Directorios de Movelsul hacen un brindis por el \u00e9xito de la feria con Vino de la Copa - Sindm\u00f3veis-RS","og_description":"La tradicional ceremonia de descubierta de la placa en homenaje al directorio de Movelsul Brasil 2014, la mayor feria de muebles y complementos de Am\u00e9rica Latina, tuvo sabor especial este a\u00f1o. El jueves, d\u00eda 27, los expresidentes y actuales directores hicieron un brindis por el \u00e9xito del evento con Faces, vino licenciado oficial de la Copa del Mundo FIFA 2014, elaborado por la vin\u00edcola Lidio Carraro. La solemnidad realizada siempre en el pen\u00faltimo d\u00eda de la feria homenajea a los representantes del polo mobiliario de Bento Gon\u00e7alves, que voluntariamente, act\u00faan en pro del sector frente al Sindicato de las Industrias del Mobiliario de Bento Gon\u00e7alves \u2013 Sindm\u00f3veis, entidad promotora de Movelsul.","og_url":"https:\/\/www.sindmoveis.com.br\/es\/diretorias-da-movelsul-brindam-sucesso-da-feira-com-vinho-da-copa\/","og_site_name":"Sindm\u00f3veis-RS","article_published_time":"2014-03-27T03:00:00+00:00","article_modified_time":"2021-05-26T13:31:43+00:00","og_image":[{"width":1500,"height":1080,"url":"https:\/\/www.sindmoveis.com.br\/es\/wp-content\/uploads\/2021\/05\/p1395961531.jpg","type":"image\/jpeg"}],"author":"Imprensa Sindm\u00f3veis","twitter_card":"summary_large_image","twitter_misc":{"Escrito por":"Imprensa Sindm\u00f3veis","Tiempo de lectura":"2 minutos"},"schema":{"@context":"https:\/\/schema.org","@graph":[{"@type":"Article","@id":"https:\/\/www.sindmoveis.com.br\/es\/diretorias-da-movelsul-brindam-sucesso-da-feira-com-vinho-da-copa\/#article","isPartOf":{"@id":"https:\/\/www.sindmoveis.com.br\/es\/diretorias-da-movelsul-brindam-sucesso-da-feira-com-vinho-da-copa\/"},"author":{"name":"Imprensa Sindm\u00f3veis","@id":"https:\/\/www.sindmoveis.com.br\/es\/#\/schema\/person\/16d379542db1950a17fe188179340d57"},"headline":"Directorios de Movelsul hacen un brindis por el \u00e9xito de la feria con Vino de la Copa","datePublished":"2014-03-27T03:00:00+00:00","dateModified":"2021-05-26T13:31:43+00:00","mainEntityOfPage":{"@id":"https:\/\/www.sindmoveis.com.br\/es\/diretorias-da-movelsul-brindam-sucesso-da-feira-com-vinho-da-copa\/"},"wordCount":481,"image":{"@id":"https:\/\/www.sindmoveis.com.br\/es\/diretorias-da-movelsul-brindam-sucesso-da-feira-com-vinho-da-copa\/#primaryimage"},"thumbnailUrl":"https:\/\/www.sindmoveis.com.br\/es\/wp-content\/uploads\/2021\/05\/p1395961531.jpg","articleSection":["Movelsul","Sindm\u00f3veis"],"inLanguage":"es"},{"@type":"WebPage","@id":"https:\/\/www.sindmoveis.com.br\/es\/diretorias-da-movelsul-brindam-sucesso-da-feira-com-vinho-da-copa\/","url":"https:\/\/www.sindmoveis.com.br\/es\/diretorias-da-movelsul-brindam-sucesso-da-feira-com-vinho-da-copa\/","name":"Directorios de Movelsul hacen un brindis por el \u00e9xito de la feria con Vino de la Copa - Sindm\u00f3veis-RS","isPartOf":{"@id":"https:\/\/www.sindmoveis.com.br\/es\/#website"},"primaryImageOfPage":{"@id":"https:\/\/www.sindmoveis.com.br\/es\/diretorias-da-movelsul-brindam-sucesso-da-feira-com-vinho-da-copa\/#primaryimage"},"image":{"@id":"https:\/\/www.sindmoveis.com.br\/es\/diretorias-da-movelsul-brindam-sucesso-da-feira-com-vinho-da-copa\/#primaryimage"},"thumbnailUrl":"https:\/\/www.sindmoveis.com.br\/es\/wp-content\/uploads\/2021\/05\/p1395961531.jpg","datePublished":"2014-03-27T03:00:00+00:00","dateModified":"2021-05-26T13:31:43+00:00","author":{"@id":"https:\/\/www.sindmoveis.com.br\/es\/#\/schema\/person\/16d379542db1950a17fe188179340d57"},"inLanguage":"es","potentialAction":[{"@type":"ReadAction","target":["https:\/\/www.sindmoveis.com.br\/es\/diretorias-da-movelsul-brindam-sucesso-da-feira-com-vinho-da-copa\/"]}]},{"@type":"ImageObject","inLanguage":"es","@id":"https:\/\/www.sindmoveis.com.br\/es\/diretorias-da-movelsul-brindam-sucesso-da-feira-com-vinho-da-copa\/#primaryimage","url":"https:\/\/www.sindmoveis.com.br\/es\/wp-content\/uploads\/2021\/05\/p1395961531.jpg","contentUrl":"https:\/\/www.sindmoveis.com.br\/es\/wp-content\/uploads\/2021\/05\/p1395961531.jpg","width":1500,"height":1080,"caption":"Presidente do Sindm\u00f3veis e da Movelsul"},{"@type":"WebSite","@id":"https:\/\/www.sindmoveis.com.br\/es\/#website","url":"https:\/\/www.sindmoveis.com.br\/es\/","name":"Sindm\u00f3veis-RS","description":"","potentialAction":[{"@type":"SearchAction","target":{"@type":"EntryPoint","urlTemplate":"https:\/\/www.sindmoveis.com.br\/es\/?s={search_term_string}"},"query-input":{"@type":"PropertyValueSpecification","valueRequired":true,"valueName":"search_term_string"}}],"inLanguage":"es"},{"@type":"Person","@id":"https:\/\/www.sindmoveis.com.br\/es\/#\/schema\/person\/16d379542db1950a17fe188179340d57","name":"Imprensa Sindm\u00f3veis","image":{"@type":"ImageObject","inLanguage":"es","@id":"https:\/\/www.sindmoveis.com.br\/es\/#\/schema\/person\/image\/","url":"https:\/\/secure.gravatar.com\/avatar\/4973e2e2c2a0cb5db30b0c7b770041b8e33d048a16b695a1f99c042449d4bfaf?s=96&d=mm&r=g","contentUrl":"https:\/\/secure.gravatar.com\/avatar\/4973e2e2c2a0cb5db30b0c7b770041b8e33d048a16b695a1f99c042449d4bfaf?s=96&d=mm&r=g","caption":"Imprensa Sindm\u00f3veis"},"url":"https:\/\/www.sindmoveis.com.br\/es\/author\/ana\/"}]}},"_links":{"self":[{"href":"https:\/\/www.sindmoveis.com.br\/es\/wp-json\/wp\/v2\/posts\/1083","targetHints":{"allow":["GET"]}}],"collection":[{"href":"https:\/\/www.sindmoveis.com.br\/es\/wp-json\/wp\/v2\/posts"}],"about":[{"href":"https:\/\/www.sindmoveis.com.br\/es\/wp-json\/wp\/v2\/types\/post"}],"author":[{"embeddable":true,"href":"https:\/\/www.sindmoveis.com.br\/es\/wp-json\/wp\/v2\/users\/5"}],"replies":[{"embeddable":true,"href":"https:\/\/www.sindmoveis.com.br\/es\/wp-json\/wp\/v2\/comments?post=1083"}],"version-history":[{"count":2,"href":"https:\/\/www.sindmoveis.com.br\/es\/wp-json\/wp\/v2\/posts\/1083\/revisions"}],"predecessor-version":[{"id":3379,"href":"https:\/\/www.sindmoveis.com.br\/es\/wp-json\/wp\/v2\/posts\/1083\/revisions\/3379"}],"wp:featuredmedia":[{"embeddable":true,"href":"https:\/\/www.sindmoveis.com.br\/es\/wp-json\/wp\/v2\/media\/3380"}],"wp:attachment":[{"href":"https:\/\/www.sindmoveis.com.br\/es\/wp-json\/wp\/v2\/media?parent=1083"}],"wp:term":[{"taxonomy":"category","embeddable":true,"href":"https:\/\/www.sindmoveis.com.br\/es\/wp-json\/wp\/v2\/categories?post=1083"},{"taxonomy":"post_tag","embeddable":true,"href":"https:\/\/www.sindmoveis.com.br\/es\/wp-json\/wp\/v2\/tags?post=1083"}],"curies":[{"name":"wp","href":"https:\/\/api.w.org\/{rel}","templated":true}]}}