{"id":1082,"date":"2014-03-27T00:00:00","date_gmt":"2014-03-27T03:00:00","guid":{"rendered":"http:\/\/sindmoveis.com.br\/imprensa\/noticias\/maioria-dos-expositores-da-movelsul-ja-produz-para-a-classe-media\/"},"modified":"2021-05-26T10:31:43","modified_gmt":"2021-05-26T13:31:43","slug":"maioria-dos-expositores-da-movelsul-ja-produz-para-a-classe-media","status":"publish","type":"post","link":"https:\/\/www.sindmoveis.com.br\/es\/maioria-dos-expositores-da-movelsul-ja-produz-para-a-classe-media\/","title":{"rendered":"Mayor\u00eda de los expositores de Movelsul ya produce para la clase media"},"content":{"rendered":"<div><em>Sondeo realizado a pedido de Sindm&oacute;veis revela perfil del nuevo consumidor<\/em><\/div>\n<div>&nbsp;<\/div>\n<div>Con el objetivo de entender el impacto de la nueva clase media para expositores de Movelsul 2014, el Sindicato de las Industrias del Mobiliario de Bento Gon&ccedil;alves (Sindm&oacute;veis) solicit&oacute; un sondeo con 100 empresas presentes en la feria. Adem&aacute;s de novedades presentadas durante el evento, la investigaci&oacute;n traz&oacute; un perfil del consumidor de las industrias entrevistadas.&nbsp;<\/div>\n<div>Las entrevistas apuntaron que cerca de 70% de las empresas venden muebles para la clase media, siendo que por lo menos 20% definen su target como clase C. Focalizados en ese p&uacute;blico, algunos expositores declaran tener l&iacute;neas espec&iacute;ficas para atender ese nicho de mercado. Artefama, de Santa Catarina, por ejemplo, pas&oacute; a producir muebles volcados para la clase media a partir de 2012, en la &uacute;ltima edici&oacute;n de Movelsul Brasil.<\/div>\n<div>Algunas empresas, inclusive, entienden que las inversiones en l&iacute;neas m&aacute;s populares generan resultados no alcanzados con ning&uacute;n otro segmento del consumo, como las clases A y B. Pensando en el deseo de la nueva clase media, las industrias vienen apostando, principalmente, en maquinaria y tecnolog&iacute;a. Adem&aacute;s de ello, buscan nuevas materias primas, calificaci&oacute;n de personal, investigaci&oacute;n de tendencias y contrataci&oacute;n de dise&ntilde;adores.<\/div>\n<div>Aunque las regiones Sur y Sureste concentren el mayor volumen de ventas de los expositores o&iacute;dos, 80% de ellos relatan nuevas y crecientes ventas para el Nordeste. Esa es la regi&oacute;n del pa&iacute;s que m&aacute;s gan&oacute; nuevos consumidores en la &uacute;ltima d&eacute;cada, cuando 26% de la poblaci&oacute;n nordestina entr&oacute; para ese grupo. Consumidores que antes se preocupaban apenas con precio, hoy llevan en consideraci&oacute;n confort y est&eacute;tica.<\/div>\n<div>En ese sentido, Movelsul Brasil es una feria de negocios y tendencias reconocida principalmente por la industria de porte mediano. Para estos, es una oportunidad tener sus productos expuestos para compradores de todo Brasil., Am&eacute;rica Latina y dem&aacute;s pa&iacute;ses participantes. El evento, que fue hasta el d&iacute;a 28, tambi&eacute;n es percibido como un chance para establecer contactos pr&oacute;ximos y productivos con diferentes compradores, siendo que muchos relatan que all&iacute; se inician asociaciones duraderas con la red de ventas al por menor.<\/div>\n","protected":false},"excerpt":{"rendered":"<p>Con el objetivo de entender el impacto de la nueva clase media para expositores de Movelsul 2014, el Sindicato de las Industrias del Mobiliario de Bento Gon\u00e7alves (Sindm\u00f3veis) solicit\u00f3 un sondeo con 100 empresas presentes en la feria. Adem\u00e1s de novedades presentadas durante el evento, la investigaci\u00f3n traz\u00f3 un perfil del consumidor de las industrias entrevistadas.<\/p>\n","protected":false},"author":5,"featured_media":3378,"comment_status":"closed","ping_status":"open","sticky":false,"template":"","format":"standard","meta":{"footnotes":"","_links_to":"","_links_to_target":""},"categories":[23,2],"tags":[],"class_list":["post-1082","post","type-post","status-publish","format-standard","has-post-thumbnail","hentry","category-movelsul","category-sindmoveis"],"yoast_head":"<!-- This site is optimized with the Yoast SEO plugin v27.0 - https:\/\/yoast.com\/product\/yoast-seo-wordpress\/ -->\n<title>Mayor\u00eda de los expositores de Movelsul ya produce para la clase media - Sindm\u00f3veis-RS<\/title>\n<meta name=\"robots\" content=\"index, follow, max-snippet:-1, max-image-preview:large, max-video-preview:-1\" \/>\n<link rel=\"canonical\" href=\"https:\/\/www.sindmoveis.com.br\/es\/maioria-dos-expositores-da-movelsul-ja-produz-para-a-classe-media\/\" \/>\n<meta property=\"og:locale\" content=\"es_ES\" \/>\n<meta property=\"og:type\" content=\"article\" \/>\n<meta property=\"og:title\" content=\"Mayor\u00eda de los expositores de Movelsul ya produce para la clase media - Sindm\u00f3veis-RS\" \/>\n<meta property=\"og:description\" content=\"Con el objetivo de entender el impacto de la nueva clase media para expositores de Movelsul 2014, el Sindicato de las Industrias del Mobiliario de Bento Gon\u00e7alves (Sindm\u00f3veis) solicit\u00f3 un sondeo con 100 empresas presentes en la feria. Adem\u00e1s de novedades presentadas durante el evento, la investigaci\u00f3n traz\u00f3 un perfil del consumidor de las industrias entrevistadas.\" \/>\n<meta property=\"og:url\" content=\"https:\/\/www.sindmoveis.com.br\/es\/maioria-dos-expositores-da-movelsul-ja-produz-para-a-classe-media\/\" \/>\n<meta property=\"og:site_name\" content=\"Sindm\u00f3veis-RS\" \/>\n<meta property=\"article:published_time\" content=\"2014-03-27T03:00:00+00:00\" \/>\n<meta property=\"article:modified_time\" content=\"2021-05-26T13:31:43+00:00\" \/>\n<meta property=\"og:image\" content=\"https:\/\/www.sindmoveis.com.br\/es\/wp-content\/uploads\/2021\/05\/p1395958517.jpg\" \/>\n\t<meta property=\"og:image:width\" content=\"2126\" \/>\n\t<meta property=\"og:image:height\" content=\"1196\" \/>\n\t<meta property=\"og:image:type\" content=\"image\/jpeg\" \/>\n<meta name=\"author\" content=\"Imprensa Sindm\u00f3veis\" \/>\n<meta name=\"twitter:card\" content=\"summary_large_image\" \/>\n<meta name=\"twitter:label1\" content=\"Escrito por\" \/>\n\t<meta name=\"twitter:data1\" content=\"Imprensa Sindm\u00f3veis\" \/>\n\t<meta name=\"twitter:label2\" content=\"Tiempo de lectura\" \/>\n\t<meta name=\"twitter:data2\" content=\"2 minutos\" \/>\n<script type=\"application\/ld+json\" class=\"yoast-schema-graph\">{\"@context\":\"https:\/\/schema.org\",\"@graph\":[{\"@type\":\"Article\",\"@id\":\"https:\/\/www.sindmoveis.com.br\/es\/maioria-dos-expositores-da-movelsul-ja-produz-para-a-classe-media\/#article\",\"isPartOf\":{\"@id\":\"https:\/\/www.sindmoveis.com.br\/es\/maioria-dos-expositores-da-movelsul-ja-produz-para-a-classe-media\/\"},\"author\":{\"name\":\"Imprensa Sindm\u00f3veis\",\"@id\":\"https:\/\/www.sindmoveis.com.br\/es\/#\/schema\/person\/16d379542db1950a17fe188179340d57\"},\"headline\":\"Mayor\u00eda de los expositores de Movelsul ya produce para la clase media\",\"datePublished\":\"2014-03-27T03:00:00+00:00\",\"dateModified\":\"2021-05-26T13:31:43+00:00\",\"mainEntityOfPage\":{\"@id\":\"https:\/\/www.sindmoveis.com.br\/es\/maioria-dos-expositores-da-movelsul-ja-produz-para-a-classe-media\/\"},\"wordCount\":426,\"image\":{\"@id\":\"https:\/\/www.sindmoveis.com.br\/es\/maioria-dos-expositores-da-movelsul-ja-produz-para-a-classe-media\/#primaryimage\"},\"thumbnailUrl\":\"https:\/\/www.sindmoveis.com.br\/es\/wp-content\/uploads\/2021\/05\/p1395958517.jpg\",\"articleSection\":[\"Movelsul\",\"Sindm\u00f3veis\"],\"inLanguage\":\"es\"},{\"@type\":\"WebPage\",\"@id\":\"https:\/\/www.sindmoveis.com.br\/es\/maioria-dos-expositores-da-movelsul-ja-produz-para-a-classe-media\/\",\"url\":\"https:\/\/www.sindmoveis.com.br\/es\/maioria-dos-expositores-da-movelsul-ja-produz-para-a-classe-media\/\",\"name\":\"Mayor\u00eda de los expositores de Movelsul ya produce para la clase media - Sindm\u00f3veis-RS\",\"isPartOf\":{\"@id\":\"https:\/\/www.sindmoveis.com.br\/es\/#website\"},\"primaryImageOfPage\":{\"@id\":\"https:\/\/www.sindmoveis.com.br\/es\/maioria-dos-expositores-da-movelsul-ja-produz-para-a-classe-media\/#primaryimage\"},\"image\":{\"@id\":\"https:\/\/www.sindmoveis.com.br\/es\/maioria-dos-expositores-da-movelsul-ja-produz-para-a-classe-media\/#primaryimage\"},\"thumbnailUrl\":\"https:\/\/www.sindmoveis.com.br\/es\/wp-content\/uploads\/2021\/05\/p1395958517.jpg\",\"datePublished\":\"2014-03-27T03:00:00+00:00\",\"dateModified\":\"2021-05-26T13:31:43+00:00\",\"author\":{\"@id\":\"https:\/\/www.sindmoveis.com.br\/es\/#\/schema\/person\/16d379542db1950a17fe188179340d57\"},\"inLanguage\":\"es\",\"potentialAction\":[{\"@type\":\"ReadAction\",\"target\":[\"https:\/\/www.sindmoveis.com.br\/es\/maioria-dos-expositores-da-movelsul-ja-produz-para-a-classe-media\/\"]}]},{\"@type\":\"ImageObject\",\"inLanguage\":\"es\",\"@id\":\"https:\/\/www.sindmoveis.com.br\/es\/maioria-dos-expositores-da-movelsul-ja-produz-para-a-classe-media\/#primaryimage\",\"url\":\"https:\/\/www.sindmoveis.com.br\/es\/wp-content\/uploads\/2021\/05\/p1395958517.jpg\",\"contentUrl\":\"https:\/\/www.sindmoveis.com.br\/es\/wp-content\/uploads\/2021\/05\/p1395958517.jpg\",\"width\":2126,\"height\":1196,\"caption\":\"Expositores de Movelsul Brasil vienen haciendo inversiones en l\u00edneas m\u00e1s populares\"},{\"@type\":\"WebSite\",\"@id\":\"https:\/\/www.sindmoveis.com.br\/es\/#website\",\"url\":\"https:\/\/www.sindmoveis.com.br\/es\/\",\"name\":\"Sindm\u00f3veis-RS\",\"description\":\"\",\"potentialAction\":[{\"@type\":\"SearchAction\",\"target\":{\"@type\":\"EntryPoint\",\"urlTemplate\":\"https:\/\/www.sindmoveis.com.br\/es\/?s={search_term_string}\"},\"query-input\":{\"@type\":\"PropertyValueSpecification\",\"valueRequired\":true,\"valueName\":\"search_term_string\"}}],\"inLanguage\":\"es\"},{\"@type\":\"Person\",\"@id\":\"https:\/\/www.sindmoveis.com.br\/es\/#\/schema\/person\/16d379542db1950a17fe188179340d57\",\"name\":\"Imprensa Sindm\u00f3veis\",\"image\":{\"@type\":\"ImageObject\",\"inLanguage\":\"es\",\"@id\":\"https:\/\/www.sindmoveis.com.br\/es\/#\/schema\/person\/image\/\",\"url\":\"https:\/\/secure.gravatar.com\/avatar\/4973e2e2c2a0cb5db30b0c7b770041b8e33d048a16b695a1f99c042449d4bfaf?s=96&d=mm&r=g\",\"contentUrl\":\"https:\/\/secure.gravatar.com\/avatar\/4973e2e2c2a0cb5db30b0c7b770041b8e33d048a16b695a1f99c042449d4bfaf?s=96&d=mm&r=g\",\"caption\":\"Imprensa Sindm\u00f3veis\"},\"url\":\"https:\/\/www.sindmoveis.com.br\/es\/author\/ana\/\"}]}<\/script>\n<!-- \/ Yoast SEO plugin. -->","yoast_head_json":{"title":"Mayor\u00eda de los expositores de Movelsul ya produce para la clase media - Sindm\u00f3veis-RS","robots":{"index":"index","follow":"follow","max-snippet":"max-snippet:-1","max-image-preview":"max-image-preview:large","max-video-preview":"max-video-preview:-1"},"canonical":"https:\/\/www.sindmoveis.com.br\/es\/maioria-dos-expositores-da-movelsul-ja-produz-para-a-classe-media\/","og_locale":"es_ES","og_type":"article","og_title":"Mayor\u00eda de los expositores de Movelsul ya produce para la clase media - Sindm\u00f3veis-RS","og_description":"Con el objetivo de entender el impacto de la nueva clase media para expositores de Movelsul 2014, el Sindicato de las Industrias del Mobiliario de Bento Gon\u00e7alves (Sindm\u00f3veis) solicit\u00f3 un sondeo con 100 empresas presentes en la feria. Adem\u00e1s de novedades presentadas durante el evento, la investigaci\u00f3n traz\u00f3 un perfil del consumidor de las industrias entrevistadas.","og_url":"https:\/\/www.sindmoveis.com.br\/es\/maioria-dos-expositores-da-movelsul-ja-produz-para-a-classe-media\/","og_site_name":"Sindm\u00f3veis-RS","article_published_time":"2014-03-27T03:00:00+00:00","article_modified_time":"2021-05-26T13:31:43+00:00","og_image":[{"width":2126,"height":1196,"url":"https:\/\/www.sindmoveis.com.br\/es\/wp-content\/uploads\/2021\/05\/p1395958517.jpg","type":"image\/jpeg"}],"author":"Imprensa Sindm\u00f3veis","twitter_card":"summary_large_image","twitter_misc":{"Escrito por":"Imprensa Sindm\u00f3veis","Tiempo de lectura":"2 minutos"},"schema":{"@context":"https:\/\/schema.org","@graph":[{"@type":"Article","@id":"https:\/\/www.sindmoveis.com.br\/es\/maioria-dos-expositores-da-movelsul-ja-produz-para-a-classe-media\/#article","isPartOf":{"@id":"https:\/\/www.sindmoveis.com.br\/es\/maioria-dos-expositores-da-movelsul-ja-produz-para-a-classe-media\/"},"author":{"name":"Imprensa Sindm\u00f3veis","@id":"https:\/\/www.sindmoveis.com.br\/es\/#\/schema\/person\/16d379542db1950a17fe188179340d57"},"headline":"Mayor\u00eda de los expositores de Movelsul ya produce para la clase media","datePublished":"2014-03-27T03:00:00+00:00","dateModified":"2021-05-26T13:31:43+00:00","mainEntityOfPage":{"@id":"https:\/\/www.sindmoveis.com.br\/es\/maioria-dos-expositores-da-movelsul-ja-produz-para-a-classe-media\/"},"wordCount":426,"image":{"@id":"https:\/\/www.sindmoveis.com.br\/es\/maioria-dos-expositores-da-movelsul-ja-produz-para-a-classe-media\/#primaryimage"},"thumbnailUrl":"https:\/\/www.sindmoveis.com.br\/es\/wp-content\/uploads\/2021\/05\/p1395958517.jpg","articleSection":["Movelsul","Sindm\u00f3veis"],"inLanguage":"es"},{"@type":"WebPage","@id":"https:\/\/www.sindmoveis.com.br\/es\/maioria-dos-expositores-da-movelsul-ja-produz-para-a-classe-media\/","url":"https:\/\/www.sindmoveis.com.br\/es\/maioria-dos-expositores-da-movelsul-ja-produz-para-a-classe-media\/","name":"Mayor\u00eda de los expositores de Movelsul ya produce para la clase media - Sindm\u00f3veis-RS","isPartOf":{"@id":"https:\/\/www.sindmoveis.com.br\/es\/#website"},"primaryImageOfPage":{"@id":"https:\/\/www.sindmoveis.com.br\/es\/maioria-dos-expositores-da-movelsul-ja-produz-para-a-classe-media\/#primaryimage"},"image":{"@id":"https:\/\/www.sindmoveis.com.br\/es\/maioria-dos-expositores-da-movelsul-ja-produz-para-a-classe-media\/#primaryimage"},"thumbnailUrl":"https:\/\/www.sindmoveis.com.br\/es\/wp-content\/uploads\/2021\/05\/p1395958517.jpg","datePublished":"2014-03-27T03:00:00+00:00","dateModified":"2021-05-26T13:31:43+00:00","author":{"@id":"https:\/\/www.sindmoveis.com.br\/es\/#\/schema\/person\/16d379542db1950a17fe188179340d57"},"inLanguage":"es","potentialAction":[{"@type":"ReadAction","target":["https:\/\/www.sindmoveis.com.br\/es\/maioria-dos-expositores-da-movelsul-ja-produz-para-a-classe-media\/"]}]},{"@type":"ImageObject","inLanguage":"es","@id":"https:\/\/www.sindmoveis.com.br\/es\/maioria-dos-expositores-da-movelsul-ja-produz-para-a-classe-media\/#primaryimage","url":"https:\/\/www.sindmoveis.com.br\/es\/wp-content\/uploads\/2021\/05\/p1395958517.jpg","contentUrl":"https:\/\/www.sindmoveis.com.br\/es\/wp-content\/uploads\/2021\/05\/p1395958517.jpg","width":2126,"height":1196,"caption":"Expositores de Movelsul Brasil vienen haciendo inversiones en l\u00edneas m\u00e1s populares"},{"@type":"WebSite","@id":"https:\/\/www.sindmoveis.com.br\/es\/#website","url":"https:\/\/www.sindmoveis.com.br\/es\/","name":"Sindm\u00f3veis-RS","description":"","potentialAction":[{"@type":"SearchAction","target":{"@type":"EntryPoint","urlTemplate":"https:\/\/www.sindmoveis.com.br\/es\/?s={search_term_string}"},"query-input":{"@type":"PropertyValueSpecification","valueRequired":true,"valueName":"search_term_string"}}],"inLanguage":"es"},{"@type":"Person","@id":"https:\/\/www.sindmoveis.com.br\/es\/#\/schema\/person\/16d379542db1950a17fe188179340d57","name":"Imprensa Sindm\u00f3veis","image":{"@type":"ImageObject","inLanguage":"es","@id":"https:\/\/www.sindmoveis.com.br\/es\/#\/schema\/person\/image\/","url":"https:\/\/secure.gravatar.com\/avatar\/4973e2e2c2a0cb5db30b0c7b770041b8e33d048a16b695a1f99c042449d4bfaf?s=96&d=mm&r=g","contentUrl":"https:\/\/secure.gravatar.com\/avatar\/4973e2e2c2a0cb5db30b0c7b770041b8e33d048a16b695a1f99c042449d4bfaf?s=96&d=mm&r=g","caption":"Imprensa Sindm\u00f3veis"},"url":"https:\/\/www.sindmoveis.com.br\/es\/author\/ana\/"}]}},"_links":{"self":[{"href":"https:\/\/www.sindmoveis.com.br\/es\/wp-json\/wp\/v2\/posts\/1082","targetHints":{"allow":["GET"]}}],"collection":[{"href":"https:\/\/www.sindmoveis.com.br\/es\/wp-json\/wp\/v2\/posts"}],"about":[{"href":"https:\/\/www.sindmoveis.com.br\/es\/wp-json\/wp\/v2\/types\/post"}],"author":[{"embeddable":true,"href":"https:\/\/www.sindmoveis.com.br\/es\/wp-json\/wp\/v2\/users\/5"}],"replies":[{"embeddable":true,"href":"https:\/\/www.sindmoveis.com.br\/es\/wp-json\/wp\/v2\/comments?post=1082"}],"version-history":[{"count":2,"href":"https:\/\/www.sindmoveis.com.br\/es\/wp-json\/wp\/v2\/posts\/1082\/revisions"}],"predecessor-version":[{"id":3377,"href":"https:\/\/www.sindmoveis.com.br\/es\/wp-json\/wp\/v2\/posts\/1082\/revisions\/3377"}],"wp:featuredmedia":[{"embeddable":true,"href":"https:\/\/www.sindmoveis.com.br\/es\/wp-json\/wp\/v2\/media\/3378"}],"wp:attachment":[{"href":"https:\/\/www.sindmoveis.com.br\/es\/wp-json\/wp\/v2\/media?parent=1082"}],"wp:term":[{"taxonomy":"category","embeddable":true,"href":"https:\/\/www.sindmoveis.com.br\/es\/wp-json\/wp\/v2\/categories?post=1082"},{"taxonomy":"post_tag","embeddable":true,"href":"https:\/\/www.sindmoveis.com.br\/es\/wp-json\/wp\/v2\/tags?post=1082"}],"curies":[{"name":"wp","href":"https:\/\/api.w.org\/{rel}","templated":true}]}}