{"id":1081,"date":"2014-03-27T00:00:00","date_gmt":"2014-03-27T03:00:00","guid":{"rendered":"http:\/\/sindmoveis.com.br\/imprensa\/noticias\/premiados-do-salao-design-recebem-trofeus-em-noite-de-comemoracao\/"},"modified":"2021-05-26T10:27:48","modified_gmt":"2021-05-26T13:27:48","slug":"premiados-do-salao-design-recebem-trofeus-em-noite-de-comemoracao","status":"publish","type":"post","link":"https:\/\/www.sindmoveis.com.br\/es\/premiados-do-salao-design-recebem-trofeus-em-noite-de-comemoracao\/","title":{"rendered":"Premiados del Sal\u00e3o Design reciben trofeos en noche de conmemoraci\u00f3n"},"content":{"rendered":"<div>En la noche del d&iacute;a 26 de marzo, &nbsp;Movelsul Brasil 2014 reconoci&oacute; el talento latinoamericano y la asociaci&oacute;n entre el dise&ntilde;o y la industria del mobiliario. La premiaci&oacute;n de los 25 agraciados del Sal&atilde;o Design cont&oacute; con miembros del Sindicato de las Industrias del Mobiliario de Bento Gon&ccedil;alves &ndash; Sindm&oacute;veis, expositores de la feria, patrocinadores y los profesionales homenajeados. Al todo, la 18&ordf; edici&oacute;n del concurso distribuy&oacute; R$ 175 mil a los premiados. &nbsp;<\/div>\n<div>Alineado al tema de Movelsul Brasil, focalizado en la nueva clase media brasile&ntilde;a, la comisi&oacute;n juzgadora busc&oacute; premiar los productos que mejor expresaron el concepto de dise&ntilde;o democr&aacute;tico &ndash; en lo que respecta a un lenguaje claro y accesible al entendimiento de todos. En su discurso de bienvenida, el director del premio, Cristiano Gallina, destac&oacute; que el Sal&atilde;o est&aacute; acompa&ntilde;ando los cambios sociales que afectan el consumo de muebles en el pa&iacute;s. En su opini&oacute;n, la acci&oacute;n incentiva ideas, innovaciones y soluciones. &ldquo;El dise&ntilde;o es, sin sombra de dudas, el mayor responsable por cautivar, atraer y superar las expectativas de la clase media. Estoy satisfecho con el resultado de la premiaci&oacute;n y creo que los productos premiados ya reflejan una preocupaci&oacute;n mayor con esa nueva parcela de consumidores del pa&iacute;s&rdquo;, apunta.<\/div>\n<div>Ya el presidente de Sindm&oacute;veis, Henrique Tecchio, estimul&oacute; el trabajo en conjunto entre la industria y el dise&ntilde;ador. &ldquo;Queremos testimoniar el &eacute;xito de ese trabajo integrado entre industria y dise&ntilde;ador, pues tenemos la convicci&oacute;n de que los beneficios vienen para todos. El consumidor gana con la oferta de mejores productos; el dise&ntilde;ador se incluye cada vez m&aacute;s en el mercado y la industria ampl&iacute;a sus ventas. La empresa que invierte en esa uni&oacute;n reconoce sus innumerables ventajas y no vuelve atr&aacute;s&rdquo;.<\/div>\n<div>El Sal&atilde;o Design es promovido por Sindm&oacute;veis Bento Gon&ccedil;alves desde 1988 y ya juzg&oacute; 11.228 trabajos en las modalidades Estudiante, Profesional e Industria. Hasta el viernes 28, los productos premiados y dem&aacute;s finalistas estuvieron expuestos en Movelsul Brasil 2014, en el Parque de Eventos de Bento Gon&ccedil;alves.<\/div>\n","protected":false},"excerpt":{"rendered":"<p>En la noche del d\u00eda 26 de marzo,  Movelsul Brasil 2014 reconoci\u00f3 el talento latinoamericano y la asociaci\u00f3n entre el dise\u00f1o y la industria del mobiliario. La premiaci\u00f3n de los 25 agraciados del Sal\u00e3o Design cont\u00f3 con miembros del Sindicato de las Industrias del Mobiliario de Bento Gon\u00e7alves \u2013 Sindm\u00f3veis, expositores de la feria, patrocinadores y los profesionales homenajeados.<\/p>\n","protected":false},"author":5,"featured_media":3376,"comment_status":"closed","ping_status":"open","sticky":false,"template":"","format":"standard","meta":{"footnotes":"","_links_to":"","_links_to_target":""},"categories":[21,2],"tags":[],"class_list":["post-1081","post","type-post","status-publish","format-standard","has-post-thumbnail","hentry","category-premio-salao-design","category-sindmoveis"],"yoast_head":"<!-- This site is optimized with the Yoast SEO plugin v27.0 - https:\/\/yoast.com\/product\/yoast-seo-wordpress\/ -->\n<title>Premiados del Sal\u00e3o Design reciben trofeos en noche de conmemoraci\u00f3n - Sindm\u00f3veis-RS<\/title>\n<meta name=\"robots\" content=\"index, follow, max-snippet:-1, max-image-preview:large, max-video-preview:-1\" \/>\n<link rel=\"canonical\" href=\"https:\/\/www.sindmoveis.com.br\/es\/premiados-do-salao-design-recebem-trofeus-em-noite-de-comemoracao\/\" \/>\n<meta property=\"og:locale\" content=\"es_ES\" \/>\n<meta property=\"og:type\" content=\"article\" \/>\n<meta property=\"og:title\" content=\"Premiados del Sal\u00e3o Design reciben trofeos en noche de conmemoraci\u00f3n - Sindm\u00f3veis-RS\" \/>\n<meta property=\"og:description\" content=\"En la noche del d\u00eda 26 de marzo, Movelsul Brasil 2014 reconoci\u00f3 el talento latinoamericano y la asociaci\u00f3n entre el dise\u00f1o y la industria del mobiliario. La premiaci\u00f3n de los 25 agraciados del Sal\u00e3o Design cont\u00f3 con miembros del Sindicato de las Industrias del Mobiliario de Bento Gon\u00e7alves \u2013 Sindm\u00f3veis, expositores de la feria, patrocinadores y los profesionales homenajeados.\" \/>\n<meta property=\"og:url\" content=\"https:\/\/www.sindmoveis.com.br\/es\/premiados-do-salao-design-recebem-trofeus-em-noite-de-comemoracao\/\" \/>\n<meta property=\"og:site_name\" content=\"Sindm\u00f3veis-RS\" \/>\n<meta property=\"article:published_time\" content=\"2014-03-27T03:00:00+00:00\" \/>\n<meta property=\"article:modified_time\" content=\"2021-05-26T13:27:48+00:00\" \/>\n<meta property=\"og:image\" content=\"https:\/\/www.sindmoveis.com.br\/es\/wp-content\/uploads\/2021\/05\/p1395942403.jpg\" \/>\n\t<meta property=\"og:image:width\" content=\"1800\" \/>\n\t<meta property=\"og:image:height\" content=\"1012\" \/>\n\t<meta property=\"og:image:type\" content=\"image\/jpeg\" \/>\n<meta name=\"author\" content=\"Imprensa Sindm\u00f3veis\" \/>\n<meta name=\"twitter:card\" content=\"summary_large_image\" \/>\n<meta name=\"twitter:label1\" content=\"Escrito por\" \/>\n\t<meta name=\"twitter:data1\" content=\"Imprensa Sindm\u00f3veis\" \/>\n\t<meta name=\"twitter:label2\" content=\"Tiempo de lectura\" \/>\n\t<meta name=\"twitter:data2\" content=\"2 minutos\" \/>\n<script type=\"application\/ld+json\" class=\"yoast-schema-graph\">{\"@context\":\"https:\/\/schema.org\",\"@graph\":[{\"@type\":\"Article\",\"@id\":\"https:\/\/www.sindmoveis.com.br\/es\/premiados-do-salao-design-recebem-trofeus-em-noite-de-comemoracao\/#article\",\"isPartOf\":{\"@id\":\"https:\/\/www.sindmoveis.com.br\/es\/premiados-do-salao-design-recebem-trofeus-em-noite-de-comemoracao\/\"},\"author\":{\"name\":\"Imprensa Sindm\u00f3veis\",\"@id\":\"https:\/\/www.sindmoveis.com.br\/es\/#\/schema\/person\/16d379542db1950a17fe188179340d57\"},\"headline\":\"Premiados del Sal\u00e3o Design reciben trofeos en noche de conmemoraci\u00f3n\",\"datePublished\":\"2014-03-27T03:00:00+00:00\",\"dateModified\":\"2021-05-26T13:27:48+00:00\",\"mainEntityOfPage\":{\"@id\":\"https:\/\/www.sindmoveis.com.br\/es\/premiados-do-salao-design-recebem-trofeus-em-noite-de-comemoracao\/\"},\"wordCount\":421,\"image\":{\"@id\":\"https:\/\/www.sindmoveis.com.br\/es\/premiados-do-salao-design-recebem-trofeus-em-noite-de-comemoracao\/#primaryimage\"},\"thumbnailUrl\":\"https:\/\/www.sindmoveis.com.br\/es\/wp-content\/uploads\/2021\/05\/p1395942403.jpg\",\"articleSection\":[\"Premio Sal\u00e3o Design\",\"Sindm\u00f3veis\"],\"inLanguage\":\"es\"},{\"@type\":\"WebPage\",\"@id\":\"https:\/\/www.sindmoveis.com.br\/es\/premiados-do-salao-design-recebem-trofeus-em-noite-de-comemoracao\/\",\"url\":\"https:\/\/www.sindmoveis.com.br\/es\/premiados-do-salao-design-recebem-trofeus-em-noite-de-comemoracao\/\",\"name\":\"Premiados del Sal\u00e3o Design reciben trofeos en noche de conmemoraci\u00f3n - Sindm\u00f3veis-RS\",\"isPartOf\":{\"@id\":\"https:\/\/www.sindmoveis.com.br\/es\/#website\"},\"primaryImageOfPage\":{\"@id\":\"https:\/\/www.sindmoveis.com.br\/es\/premiados-do-salao-design-recebem-trofeus-em-noite-de-comemoracao\/#primaryimage\"},\"image\":{\"@id\":\"https:\/\/www.sindmoveis.com.br\/es\/premiados-do-salao-design-recebem-trofeus-em-noite-de-comemoracao\/#primaryimage\"},\"thumbnailUrl\":\"https:\/\/www.sindmoveis.com.br\/es\/wp-content\/uploads\/2021\/05\/p1395942403.jpg\",\"datePublished\":\"2014-03-27T03:00:00+00:00\",\"dateModified\":\"2021-05-26T13:27:48+00:00\",\"author\":{\"@id\":\"https:\/\/www.sindmoveis.com.br\/es\/#\/schema\/person\/16d379542db1950a17fe188179340d57\"},\"inLanguage\":\"es\",\"potentialAction\":[{\"@type\":\"ReadAction\",\"target\":[\"https:\/\/www.sindmoveis.com.br\/es\/premiados-do-salao-design-recebem-trofeus-em-noite-de-comemoracao\/\"]}]},{\"@type\":\"ImageObject\",\"inLanguage\":\"es\",\"@id\":\"https:\/\/www.sindmoveis.com.br\/es\/premiados-do-salao-design-recebem-trofeus-em-noite-de-comemoracao\/#primaryimage\",\"url\":\"https:\/\/www.sindmoveis.com.br\/es\/wp-content\/uploads\/2021\/05\/p1395942403.jpg\",\"contentUrl\":\"https:\/\/www.sindmoveis.com.br\/es\/wp-content\/uploads\/2021\/05\/p1395942403.jpg\",\"width\":1800,\"height\":1012,\"caption\":\"Premiados y jurados se reunieron en la noche de mi\u00e9rcoles\"},{\"@type\":\"WebSite\",\"@id\":\"https:\/\/www.sindmoveis.com.br\/es\/#website\",\"url\":\"https:\/\/www.sindmoveis.com.br\/es\/\",\"name\":\"Sindm\u00f3veis-RS\",\"description\":\"\",\"potentialAction\":[{\"@type\":\"SearchAction\",\"target\":{\"@type\":\"EntryPoint\",\"urlTemplate\":\"https:\/\/www.sindmoveis.com.br\/es\/?s={search_term_string}\"},\"query-input\":{\"@type\":\"PropertyValueSpecification\",\"valueRequired\":true,\"valueName\":\"search_term_string\"}}],\"inLanguage\":\"es\"},{\"@type\":\"Person\",\"@id\":\"https:\/\/www.sindmoveis.com.br\/es\/#\/schema\/person\/16d379542db1950a17fe188179340d57\",\"name\":\"Imprensa Sindm\u00f3veis\",\"image\":{\"@type\":\"ImageObject\",\"inLanguage\":\"es\",\"@id\":\"https:\/\/www.sindmoveis.com.br\/es\/#\/schema\/person\/image\/\",\"url\":\"https:\/\/secure.gravatar.com\/avatar\/4973e2e2c2a0cb5db30b0c7b770041b8e33d048a16b695a1f99c042449d4bfaf?s=96&d=mm&r=g\",\"contentUrl\":\"https:\/\/secure.gravatar.com\/avatar\/4973e2e2c2a0cb5db30b0c7b770041b8e33d048a16b695a1f99c042449d4bfaf?s=96&d=mm&r=g\",\"caption\":\"Imprensa Sindm\u00f3veis\"},\"url\":\"https:\/\/www.sindmoveis.com.br\/es\/author\/ana\/\"}]}<\/script>\n<!-- \/ Yoast SEO plugin. -->","yoast_head_json":{"title":"Premiados del Sal\u00e3o Design reciben trofeos en noche de conmemoraci\u00f3n - Sindm\u00f3veis-RS","robots":{"index":"index","follow":"follow","max-snippet":"max-snippet:-1","max-image-preview":"max-image-preview:large","max-video-preview":"max-video-preview:-1"},"canonical":"https:\/\/www.sindmoveis.com.br\/es\/premiados-do-salao-design-recebem-trofeus-em-noite-de-comemoracao\/","og_locale":"es_ES","og_type":"article","og_title":"Premiados del Sal\u00e3o Design reciben trofeos en noche de conmemoraci\u00f3n - Sindm\u00f3veis-RS","og_description":"En la noche del d\u00eda 26 de marzo, Movelsul Brasil 2014 reconoci\u00f3 el talento latinoamericano y la asociaci\u00f3n entre el dise\u00f1o y la industria del mobiliario. La premiaci\u00f3n de los 25 agraciados del Sal\u00e3o Design cont\u00f3 con miembros del Sindicato de las Industrias del Mobiliario de Bento Gon\u00e7alves \u2013 Sindm\u00f3veis, expositores de la feria, patrocinadores y los profesionales homenajeados.","og_url":"https:\/\/www.sindmoveis.com.br\/es\/premiados-do-salao-design-recebem-trofeus-em-noite-de-comemoracao\/","og_site_name":"Sindm\u00f3veis-RS","article_published_time":"2014-03-27T03:00:00+00:00","article_modified_time":"2021-05-26T13:27:48+00:00","og_image":[{"width":1800,"height":1012,"url":"https:\/\/www.sindmoveis.com.br\/es\/wp-content\/uploads\/2021\/05\/p1395942403.jpg","type":"image\/jpeg"}],"author":"Imprensa Sindm\u00f3veis","twitter_card":"summary_large_image","twitter_misc":{"Escrito por":"Imprensa Sindm\u00f3veis","Tiempo de lectura":"2 minutos"},"schema":{"@context":"https:\/\/schema.org","@graph":[{"@type":"Article","@id":"https:\/\/www.sindmoveis.com.br\/es\/premiados-do-salao-design-recebem-trofeus-em-noite-de-comemoracao\/#article","isPartOf":{"@id":"https:\/\/www.sindmoveis.com.br\/es\/premiados-do-salao-design-recebem-trofeus-em-noite-de-comemoracao\/"},"author":{"name":"Imprensa Sindm\u00f3veis","@id":"https:\/\/www.sindmoveis.com.br\/es\/#\/schema\/person\/16d379542db1950a17fe188179340d57"},"headline":"Premiados del Sal\u00e3o Design reciben trofeos en noche de conmemoraci\u00f3n","datePublished":"2014-03-27T03:00:00+00:00","dateModified":"2021-05-26T13:27:48+00:00","mainEntityOfPage":{"@id":"https:\/\/www.sindmoveis.com.br\/es\/premiados-do-salao-design-recebem-trofeus-em-noite-de-comemoracao\/"},"wordCount":421,"image":{"@id":"https:\/\/www.sindmoveis.com.br\/es\/premiados-do-salao-design-recebem-trofeus-em-noite-de-comemoracao\/#primaryimage"},"thumbnailUrl":"https:\/\/www.sindmoveis.com.br\/es\/wp-content\/uploads\/2021\/05\/p1395942403.jpg","articleSection":["Premio Sal\u00e3o Design","Sindm\u00f3veis"],"inLanguage":"es"},{"@type":"WebPage","@id":"https:\/\/www.sindmoveis.com.br\/es\/premiados-do-salao-design-recebem-trofeus-em-noite-de-comemoracao\/","url":"https:\/\/www.sindmoveis.com.br\/es\/premiados-do-salao-design-recebem-trofeus-em-noite-de-comemoracao\/","name":"Premiados del Sal\u00e3o Design reciben trofeos en noche de conmemoraci\u00f3n - Sindm\u00f3veis-RS","isPartOf":{"@id":"https:\/\/www.sindmoveis.com.br\/es\/#website"},"primaryImageOfPage":{"@id":"https:\/\/www.sindmoveis.com.br\/es\/premiados-do-salao-design-recebem-trofeus-em-noite-de-comemoracao\/#primaryimage"},"image":{"@id":"https:\/\/www.sindmoveis.com.br\/es\/premiados-do-salao-design-recebem-trofeus-em-noite-de-comemoracao\/#primaryimage"},"thumbnailUrl":"https:\/\/www.sindmoveis.com.br\/es\/wp-content\/uploads\/2021\/05\/p1395942403.jpg","datePublished":"2014-03-27T03:00:00+00:00","dateModified":"2021-05-26T13:27:48+00:00","author":{"@id":"https:\/\/www.sindmoveis.com.br\/es\/#\/schema\/person\/16d379542db1950a17fe188179340d57"},"inLanguage":"es","potentialAction":[{"@type":"ReadAction","target":["https:\/\/www.sindmoveis.com.br\/es\/premiados-do-salao-design-recebem-trofeus-em-noite-de-comemoracao\/"]}]},{"@type":"ImageObject","inLanguage":"es","@id":"https:\/\/www.sindmoveis.com.br\/es\/premiados-do-salao-design-recebem-trofeus-em-noite-de-comemoracao\/#primaryimage","url":"https:\/\/www.sindmoveis.com.br\/es\/wp-content\/uploads\/2021\/05\/p1395942403.jpg","contentUrl":"https:\/\/www.sindmoveis.com.br\/es\/wp-content\/uploads\/2021\/05\/p1395942403.jpg","width":1800,"height":1012,"caption":"Premiados y jurados se reunieron en la noche de mi\u00e9rcoles"},{"@type":"WebSite","@id":"https:\/\/www.sindmoveis.com.br\/es\/#website","url":"https:\/\/www.sindmoveis.com.br\/es\/","name":"Sindm\u00f3veis-RS","description":"","potentialAction":[{"@type":"SearchAction","target":{"@type":"EntryPoint","urlTemplate":"https:\/\/www.sindmoveis.com.br\/es\/?s={search_term_string}"},"query-input":{"@type":"PropertyValueSpecification","valueRequired":true,"valueName":"search_term_string"}}],"inLanguage":"es"},{"@type":"Person","@id":"https:\/\/www.sindmoveis.com.br\/es\/#\/schema\/person\/16d379542db1950a17fe188179340d57","name":"Imprensa Sindm\u00f3veis","image":{"@type":"ImageObject","inLanguage":"es","@id":"https:\/\/www.sindmoveis.com.br\/es\/#\/schema\/person\/image\/","url":"https:\/\/secure.gravatar.com\/avatar\/4973e2e2c2a0cb5db30b0c7b770041b8e33d048a16b695a1f99c042449d4bfaf?s=96&d=mm&r=g","contentUrl":"https:\/\/secure.gravatar.com\/avatar\/4973e2e2c2a0cb5db30b0c7b770041b8e33d048a16b695a1f99c042449d4bfaf?s=96&d=mm&r=g","caption":"Imprensa Sindm\u00f3veis"},"url":"https:\/\/www.sindmoveis.com.br\/es\/author\/ana\/"}]}},"_links":{"self":[{"href":"https:\/\/www.sindmoveis.com.br\/es\/wp-json\/wp\/v2\/posts\/1081","targetHints":{"allow":["GET"]}}],"collection":[{"href":"https:\/\/www.sindmoveis.com.br\/es\/wp-json\/wp\/v2\/posts"}],"about":[{"href":"https:\/\/www.sindmoveis.com.br\/es\/wp-json\/wp\/v2\/types\/post"}],"author":[{"embeddable":true,"href":"https:\/\/www.sindmoveis.com.br\/es\/wp-json\/wp\/v2\/users\/5"}],"replies":[{"embeddable":true,"href":"https:\/\/www.sindmoveis.com.br\/es\/wp-json\/wp\/v2\/comments?post=1081"}],"version-history":[{"count":2,"href":"https:\/\/www.sindmoveis.com.br\/es\/wp-json\/wp\/v2\/posts\/1081\/revisions"}],"predecessor-version":[{"id":3375,"href":"https:\/\/www.sindmoveis.com.br\/es\/wp-json\/wp\/v2\/posts\/1081\/revisions\/3375"}],"wp:featuredmedia":[{"embeddable":true,"href":"https:\/\/www.sindmoveis.com.br\/es\/wp-json\/wp\/v2\/media\/3376"}],"wp:attachment":[{"href":"https:\/\/www.sindmoveis.com.br\/es\/wp-json\/wp\/v2\/media?parent=1081"}],"wp:term":[{"taxonomy":"category","embeddable":true,"href":"https:\/\/www.sindmoveis.com.br\/es\/wp-json\/wp\/v2\/categories?post=1081"},{"taxonomy":"post_tag","embeddable":true,"href":"https:\/\/www.sindmoveis.com.br\/es\/wp-json\/wp\/v2\/tags?post=1081"}],"curies":[{"name":"wp","href":"https:\/\/api.w.org\/{rel}","templated":true}]}}