{"id":1080,"date":"2014-03-27T00:00:00","date_gmt":"2014-03-27T03:00:00","guid":{"rendered":"http:\/\/sindmoveis.com.br\/imprensa\/noticias\/descerramento-da-placa-em-homenagem-a-diretoria-da-movelsul-e-nesta-quinta\/"},"modified":"2021-05-26T10:31:43","modified_gmt":"2021-05-26T13:31:43","slug":"descerramento-da-placa-em-homenagem-a-diretoria-da-movelsul-e-nesta-quinta","status":"publish","type":"post","link":"https:\/\/www.sindmoveis.com.br\/es\/descerramento-da-placa-em-homenagem-a-diretoria-da-movelsul-e-nesta-quinta\/","title":{"rendered":"Directorios de Movelsul brindan \u00e9xito de la feria con Vino de la Copa"},"content":{"rendered":"<div>El d&iacute;a 27 pr&oacute;ximo pasado, los ex-presidentes y actuales directores hicieron un brindis al &eacute;xito de Movelsul con Faces, vino licenciado oficial de la Copa del Mundo FIFA 2014 elaborado por la Vin&iacute;cola Lidio Carraro. La solemnidad realizada siempre en el pen&uacute;ltimo d&iacute;a de la feria homenajea a los representantes del polo &nbsp;mobiliario de Bento Gon&ccedil;alves, que voluntariamente act&uacute;an en pro del sector.<\/div>\n<div>Movelsul Brasil es promovida desde 1977 por el Sindicato de las Industrias del Mobiliario de Bento Gon&ccedil;alves (Sindm&oacute;veis) y est&aacute; en su 19&ordf; edici&oacute;n. La feria, que culmin&oacute; el viernes 28, tuvo casi 300 expositores que presentaron sus lanzamientos volcados al mercado de la nueva clase media brasile&ntilde;a. La expectativa de la organizaci&oacute;n es que el evento genere m&aacute;s de U$ 300 millones de negocios en los pr&oacute;ximos 12 meses.<\/div>\n<div>&nbsp;<\/div>\n","protected":false},"excerpt":{"rendered":"<p>El d\u00eda 27 pr\u00f3ximo pasado, los ex-presidentes y actuales directores hicieron un brindis al \u00e9xito de Movelsul con Faces, vino licenciado oficial de la Copa del Mundo FIFA 2014 elaborado por la Vin\u00edcola Lidio Carraro. La solemnidad realizada siempre en el pen\u00faltimo d\u00eda de la feria homenajea a los representantes del polo  mobiliario de Bento Gon\u00e7alves, que voluntariamente act\u00faan en pro del sector.<\/p>\n","protected":false},"author":5,"featured_media":3374,"comment_status":"closed","ping_status":"open","sticky":false,"template":"","format":"standard","meta":{"footnotes":"","_links_to":"","_links_to_target":""},"categories":[23,2],"tags":[],"class_list":["post-1080","post","type-post","status-publish","format-standard","has-post-thumbnail","hentry","category-movelsul","category-sindmoveis"],"yoast_head":"<!-- This site is optimized with the Yoast SEO plugin v27.0 - https:\/\/yoast.com\/product\/yoast-seo-wordpress\/ -->\n<title>Directorios de Movelsul brindan \u00e9xito de la feria con Vino de la Copa - Sindm\u00f3veis-RS<\/title>\n<meta name=\"robots\" content=\"index, follow, max-snippet:-1, max-image-preview:large, max-video-preview:-1\" \/>\n<link rel=\"canonical\" href=\"https:\/\/www.sindmoveis.com.br\/es\/descerramento-da-placa-em-homenagem-a-diretoria-da-movelsul-e-nesta-quinta\/\" \/>\n<meta property=\"og:locale\" content=\"es_ES\" \/>\n<meta property=\"og:type\" content=\"article\" \/>\n<meta property=\"og:title\" content=\"Directorios de Movelsul brindan \u00e9xito de la feria con Vino de la Copa - Sindm\u00f3veis-RS\" \/>\n<meta property=\"og:description\" content=\"El d\u00eda 27 pr\u00f3ximo pasado, los ex-presidentes y actuales directores hicieron un brindis al \u00e9xito de Movelsul con Faces, vino licenciado oficial de la Copa del Mundo FIFA 2014 elaborado por la Vin\u00edcola Lidio Carraro. La solemnidad realizada siempre en el pen\u00faltimo d\u00eda de la feria homenajea a los representantes del polo mobiliario de Bento Gon\u00e7alves, que voluntariamente act\u00faan en pro del sector.\" \/>\n<meta property=\"og:url\" content=\"https:\/\/www.sindmoveis.com.br\/es\/descerramento-da-placa-em-homenagem-a-diretoria-da-movelsul-e-nesta-quinta\/\" \/>\n<meta property=\"og:site_name\" content=\"Sindm\u00f3veis-RS\" \/>\n<meta property=\"article:published_time\" content=\"2014-03-27T03:00:00+00:00\" \/>\n<meta property=\"article:modified_time\" content=\"2021-05-26T13:31:43+00:00\" \/>\n<meta property=\"og:image\" content=\"https:\/\/www.sindmoveis.com.br\/es\/wp-content\/uploads\/2021\/05\/p1395942720.jpg\" \/>\n\t<meta property=\"og:image:width\" content=\"753\" \/>\n\t<meta property=\"og:image:height\" content=\"960\" \/>\n\t<meta property=\"og:image:type\" content=\"image\/jpeg\" \/>\n<meta name=\"author\" content=\"Imprensa Sindm\u00f3veis\" \/>\n<meta name=\"twitter:card\" content=\"summary_large_image\" \/>\n<meta name=\"twitter:label1\" content=\"Escrito por\" \/>\n\t<meta name=\"twitter:data1\" content=\"Imprensa Sindm\u00f3veis\" \/>\n\t<meta name=\"twitter:label2\" content=\"Tiempo de lectura\" \/>\n\t<meta name=\"twitter:data2\" content=\"1 minuto\" \/>\n<script type=\"application\/ld+json\" class=\"yoast-schema-graph\">{\"@context\":\"https:\/\/schema.org\",\"@graph\":[{\"@type\":\"Article\",\"@id\":\"https:\/\/www.sindmoveis.com.br\/es\/descerramento-da-placa-em-homenagem-a-diretoria-da-movelsul-e-nesta-quinta\/#article\",\"isPartOf\":{\"@id\":\"https:\/\/www.sindmoveis.com.br\/es\/descerramento-da-placa-em-homenagem-a-diretoria-da-movelsul-e-nesta-quinta\/\"},\"author\":{\"name\":\"Imprensa Sindm\u00f3veis\",\"@id\":\"https:\/\/www.sindmoveis.com.br\/es\/#\/schema\/person\/16d379542db1950a17fe188179340d57\"},\"headline\":\"Directorios de Movelsul brindan \u00e9xito de la feria con Vino de la Copa\",\"datePublished\":\"2014-03-27T03:00:00+00:00\",\"dateModified\":\"2021-05-26T13:31:43+00:00\",\"mainEntityOfPage\":{\"@id\":\"https:\/\/www.sindmoveis.com.br\/es\/descerramento-da-placa-em-homenagem-a-diretoria-da-movelsul-e-nesta-quinta\/\"},\"wordCount\":172,\"image\":{\"@id\":\"https:\/\/www.sindmoveis.com.br\/es\/descerramento-da-placa-em-homenagem-a-diretoria-da-movelsul-e-nesta-quinta\/#primaryimage\"},\"thumbnailUrl\":\"https:\/\/www.sindmoveis.com.br\/es\/wp-content\/uploads\/2021\/05\/p1395942720.jpg\",\"articleSection\":[\"Movelsul\",\"Sindm\u00f3veis\"],\"inLanguage\":\"es\"},{\"@type\":\"WebPage\",\"@id\":\"https:\/\/www.sindmoveis.com.br\/es\/descerramento-da-placa-em-homenagem-a-diretoria-da-movelsul-e-nesta-quinta\/\",\"url\":\"https:\/\/www.sindmoveis.com.br\/es\/descerramento-da-placa-em-homenagem-a-diretoria-da-movelsul-e-nesta-quinta\/\",\"name\":\"Directorios de Movelsul brindan \u00e9xito de la feria con Vino de la Copa - Sindm\u00f3veis-RS\",\"isPartOf\":{\"@id\":\"https:\/\/www.sindmoveis.com.br\/es\/#website\"},\"primaryImageOfPage\":{\"@id\":\"https:\/\/www.sindmoveis.com.br\/es\/descerramento-da-placa-em-homenagem-a-diretoria-da-movelsul-e-nesta-quinta\/#primaryimage\"},\"image\":{\"@id\":\"https:\/\/www.sindmoveis.com.br\/es\/descerramento-da-placa-em-homenagem-a-diretoria-da-movelsul-e-nesta-quinta\/#primaryimage\"},\"thumbnailUrl\":\"https:\/\/www.sindmoveis.com.br\/es\/wp-content\/uploads\/2021\/05\/p1395942720.jpg\",\"datePublished\":\"2014-03-27T03:00:00+00:00\",\"dateModified\":\"2021-05-26T13:31:43+00:00\",\"author\":{\"@id\":\"https:\/\/www.sindmoveis.com.br\/es\/#\/schema\/person\/16d379542db1950a17fe188179340d57\"},\"inLanguage\":\"es\",\"potentialAction\":[{\"@type\":\"ReadAction\",\"target\":[\"https:\/\/www.sindmoveis.com.br\/es\/descerramento-da-placa-em-homenagem-a-diretoria-da-movelsul-e-nesta-quinta\/\"]}]},{\"@type\":\"ImageObject\",\"inLanguage\":\"es\",\"@id\":\"https:\/\/www.sindmoveis.com.br\/es\/descerramento-da-placa-em-homenagem-a-diretoria-da-movelsul-e-nesta-quinta\/#primaryimage\",\"url\":\"https:\/\/www.sindmoveis.com.br\/es\/wp-content\/uploads\/2021\/05\/p1395942720.jpg\",\"contentUrl\":\"https:\/\/www.sindmoveis.com.br\/es\/wp-content\/uploads\/2021\/05\/p1395942720.jpg\",\"width\":753,\"height\":960},{\"@type\":\"WebSite\",\"@id\":\"https:\/\/www.sindmoveis.com.br\/es\/#website\",\"url\":\"https:\/\/www.sindmoveis.com.br\/es\/\",\"name\":\"Sindm\u00f3veis-RS\",\"description\":\"\",\"potentialAction\":[{\"@type\":\"SearchAction\",\"target\":{\"@type\":\"EntryPoint\",\"urlTemplate\":\"https:\/\/www.sindmoveis.com.br\/es\/?s={search_term_string}\"},\"query-input\":{\"@type\":\"PropertyValueSpecification\",\"valueRequired\":true,\"valueName\":\"search_term_string\"}}],\"inLanguage\":\"es\"},{\"@type\":\"Person\",\"@id\":\"https:\/\/www.sindmoveis.com.br\/es\/#\/schema\/person\/16d379542db1950a17fe188179340d57\",\"name\":\"Imprensa Sindm\u00f3veis\",\"image\":{\"@type\":\"ImageObject\",\"inLanguage\":\"es\",\"@id\":\"https:\/\/www.sindmoveis.com.br\/es\/#\/schema\/person\/image\/\",\"url\":\"https:\/\/secure.gravatar.com\/avatar\/4973e2e2c2a0cb5db30b0c7b770041b8e33d048a16b695a1f99c042449d4bfaf?s=96&d=mm&r=g\",\"contentUrl\":\"https:\/\/secure.gravatar.com\/avatar\/4973e2e2c2a0cb5db30b0c7b770041b8e33d048a16b695a1f99c042449d4bfaf?s=96&d=mm&r=g\",\"caption\":\"Imprensa Sindm\u00f3veis\"},\"url\":\"https:\/\/www.sindmoveis.com.br\/es\/author\/ana\/\"}]}<\/script>\n<!-- \/ Yoast SEO plugin. -->","yoast_head_json":{"title":"Directorios de Movelsul brindan \u00e9xito de la feria con Vino de la Copa - Sindm\u00f3veis-RS","robots":{"index":"index","follow":"follow","max-snippet":"max-snippet:-1","max-image-preview":"max-image-preview:large","max-video-preview":"max-video-preview:-1"},"canonical":"https:\/\/www.sindmoveis.com.br\/es\/descerramento-da-placa-em-homenagem-a-diretoria-da-movelsul-e-nesta-quinta\/","og_locale":"es_ES","og_type":"article","og_title":"Directorios de Movelsul brindan \u00e9xito de la feria con Vino de la Copa - Sindm\u00f3veis-RS","og_description":"El d\u00eda 27 pr\u00f3ximo pasado, los ex-presidentes y actuales directores hicieron un brindis al \u00e9xito de Movelsul con Faces, vino licenciado oficial de la Copa del Mundo FIFA 2014 elaborado por la Vin\u00edcola Lidio Carraro. La solemnidad realizada siempre en el pen\u00faltimo d\u00eda de la feria homenajea a los representantes del polo mobiliario de Bento Gon\u00e7alves, que voluntariamente act\u00faan en pro del sector.","og_url":"https:\/\/www.sindmoveis.com.br\/es\/descerramento-da-placa-em-homenagem-a-diretoria-da-movelsul-e-nesta-quinta\/","og_site_name":"Sindm\u00f3veis-RS","article_published_time":"2014-03-27T03:00:00+00:00","article_modified_time":"2021-05-26T13:31:43+00:00","og_image":[{"width":753,"height":960,"url":"https:\/\/www.sindmoveis.com.br\/es\/wp-content\/uploads\/2021\/05\/p1395942720.jpg","type":"image\/jpeg"}],"author":"Imprensa Sindm\u00f3veis","twitter_card":"summary_large_image","twitter_misc":{"Escrito por":"Imprensa Sindm\u00f3veis","Tiempo de lectura":"1 minuto"},"schema":{"@context":"https:\/\/schema.org","@graph":[{"@type":"Article","@id":"https:\/\/www.sindmoveis.com.br\/es\/descerramento-da-placa-em-homenagem-a-diretoria-da-movelsul-e-nesta-quinta\/#article","isPartOf":{"@id":"https:\/\/www.sindmoveis.com.br\/es\/descerramento-da-placa-em-homenagem-a-diretoria-da-movelsul-e-nesta-quinta\/"},"author":{"name":"Imprensa Sindm\u00f3veis","@id":"https:\/\/www.sindmoveis.com.br\/es\/#\/schema\/person\/16d379542db1950a17fe188179340d57"},"headline":"Directorios de Movelsul brindan \u00e9xito de la feria con Vino de la Copa","datePublished":"2014-03-27T03:00:00+00:00","dateModified":"2021-05-26T13:31:43+00:00","mainEntityOfPage":{"@id":"https:\/\/www.sindmoveis.com.br\/es\/descerramento-da-placa-em-homenagem-a-diretoria-da-movelsul-e-nesta-quinta\/"},"wordCount":172,"image":{"@id":"https:\/\/www.sindmoveis.com.br\/es\/descerramento-da-placa-em-homenagem-a-diretoria-da-movelsul-e-nesta-quinta\/#primaryimage"},"thumbnailUrl":"https:\/\/www.sindmoveis.com.br\/es\/wp-content\/uploads\/2021\/05\/p1395942720.jpg","articleSection":["Movelsul","Sindm\u00f3veis"],"inLanguage":"es"},{"@type":"WebPage","@id":"https:\/\/www.sindmoveis.com.br\/es\/descerramento-da-placa-em-homenagem-a-diretoria-da-movelsul-e-nesta-quinta\/","url":"https:\/\/www.sindmoveis.com.br\/es\/descerramento-da-placa-em-homenagem-a-diretoria-da-movelsul-e-nesta-quinta\/","name":"Directorios de Movelsul brindan \u00e9xito de la feria con Vino de la Copa - Sindm\u00f3veis-RS","isPartOf":{"@id":"https:\/\/www.sindmoveis.com.br\/es\/#website"},"primaryImageOfPage":{"@id":"https:\/\/www.sindmoveis.com.br\/es\/descerramento-da-placa-em-homenagem-a-diretoria-da-movelsul-e-nesta-quinta\/#primaryimage"},"image":{"@id":"https:\/\/www.sindmoveis.com.br\/es\/descerramento-da-placa-em-homenagem-a-diretoria-da-movelsul-e-nesta-quinta\/#primaryimage"},"thumbnailUrl":"https:\/\/www.sindmoveis.com.br\/es\/wp-content\/uploads\/2021\/05\/p1395942720.jpg","datePublished":"2014-03-27T03:00:00+00:00","dateModified":"2021-05-26T13:31:43+00:00","author":{"@id":"https:\/\/www.sindmoveis.com.br\/es\/#\/schema\/person\/16d379542db1950a17fe188179340d57"},"inLanguage":"es","potentialAction":[{"@type":"ReadAction","target":["https:\/\/www.sindmoveis.com.br\/es\/descerramento-da-placa-em-homenagem-a-diretoria-da-movelsul-e-nesta-quinta\/"]}]},{"@type":"ImageObject","inLanguage":"es","@id":"https:\/\/www.sindmoveis.com.br\/es\/descerramento-da-placa-em-homenagem-a-diretoria-da-movelsul-e-nesta-quinta\/#primaryimage","url":"https:\/\/www.sindmoveis.com.br\/es\/wp-content\/uploads\/2021\/05\/p1395942720.jpg","contentUrl":"https:\/\/www.sindmoveis.com.br\/es\/wp-content\/uploads\/2021\/05\/p1395942720.jpg","width":753,"height":960},{"@type":"WebSite","@id":"https:\/\/www.sindmoveis.com.br\/es\/#website","url":"https:\/\/www.sindmoveis.com.br\/es\/","name":"Sindm\u00f3veis-RS","description":"","potentialAction":[{"@type":"SearchAction","target":{"@type":"EntryPoint","urlTemplate":"https:\/\/www.sindmoveis.com.br\/es\/?s={search_term_string}"},"query-input":{"@type":"PropertyValueSpecification","valueRequired":true,"valueName":"search_term_string"}}],"inLanguage":"es"},{"@type":"Person","@id":"https:\/\/www.sindmoveis.com.br\/es\/#\/schema\/person\/16d379542db1950a17fe188179340d57","name":"Imprensa Sindm\u00f3veis","image":{"@type":"ImageObject","inLanguage":"es","@id":"https:\/\/www.sindmoveis.com.br\/es\/#\/schema\/person\/image\/","url":"https:\/\/secure.gravatar.com\/avatar\/4973e2e2c2a0cb5db30b0c7b770041b8e33d048a16b695a1f99c042449d4bfaf?s=96&d=mm&r=g","contentUrl":"https:\/\/secure.gravatar.com\/avatar\/4973e2e2c2a0cb5db30b0c7b770041b8e33d048a16b695a1f99c042449d4bfaf?s=96&d=mm&r=g","caption":"Imprensa Sindm\u00f3veis"},"url":"https:\/\/www.sindmoveis.com.br\/es\/author\/ana\/"}]}},"_links":{"self":[{"href":"https:\/\/www.sindmoveis.com.br\/es\/wp-json\/wp\/v2\/posts\/1080","targetHints":{"allow":["GET"]}}],"collection":[{"href":"https:\/\/www.sindmoveis.com.br\/es\/wp-json\/wp\/v2\/posts"}],"about":[{"href":"https:\/\/www.sindmoveis.com.br\/es\/wp-json\/wp\/v2\/types\/post"}],"author":[{"embeddable":true,"href":"https:\/\/www.sindmoveis.com.br\/es\/wp-json\/wp\/v2\/users\/5"}],"replies":[{"embeddable":true,"href":"https:\/\/www.sindmoveis.com.br\/es\/wp-json\/wp\/v2\/comments?post=1080"}],"version-history":[{"count":2,"href":"https:\/\/www.sindmoveis.com.br\/es\/wp-json\/wp\/v2\/posts\/1080\/revisions"}],"predecessor-version":[{"id":3373,"href":"https:\/\/www.sindmoveis.com.br\/es\/wp-json\/wp\/v2\/posts\/1080\/revisions\/3373"}],"wp:featuredmedia":[{"embeddable":true,"href":"https:\/\/www.sindmoveis.com.br\/es\/wp-json\/wp\/v2\/media\/3374"}],"wp:attachment":[{"href":"https:\/\/www.sindmoveis.com.br\/es\/wp-json\/wp\/v2\/media?parent=1080"}],"wp:term":[{"taxonomy":"category","embeddable":true,"href":"https:\/\/www.sindmoveis.com.br\/es\/wp-json\/wp\/v2\/categories?post=1080"},{"taxonomy":"post_tag","embeddable":true,"href":"https:\/\/www.sindmoveis.com.br\/es\/wp-json\/wp\/v2\/tags?post=1080"}],"curies":[{"name":"wp","href":"https:\/\/api.w.org\/{rel}","templated":true}]}}