{"id":1074,"date":"2014-03-12T00:00:00","date_gmt":"2014-03-12T03:00:00","guid":{"rendered":"http:\/\/sindmoveis.com.br\/imprensa\/noticias\/movelsul-brasil-2014-comeca-a-tomar-forma\/"},"modified":"2021-05-26T10:31:43","modified_gmt":"2021-05-26T13:31:43","slug":"movelsul-brasil-2014-comeca-a-tomar-forma","status":"publish","type":"post","link":"https:\/\/www.sindmoveis.com.br\/es\/movelsul-brasil-2014-comeca-a-tomar-forma\/","title":{"rendered":"Movelsul Brasil 2014 empieza a tomar forma"},"content":{"rendered":"<div><em>Montaje de la feria tendr&aacute; inicio este mi&eacute;rcoles, con m&aacute;s de tres mil personas involucradas<\/em><\/div>\n<div>&nbsp;<\/div>\n<div>A partir del mi&eacute;rcoles, d&iacute;a 12, los equipos de montaje de los casi 300 expositores de Movelsul Brasil 2014 empiezan a estructurar los stands de la feria, que ocurre de 24 a 28 de marzo, en el Parque de Eventos de Bento Gon&ccedil;alves. Son casi tres mil personas involucradas, lo que da un fuerte impulso a la red hotelera y de alimentaci&oacute;n del municipio, a&uacute;n 15 d&iacute;as antes del evento.<\/div>\n<div>Principal feria de muebles y complementos de Am&eacute;rica Latina, Movelsul Brasil 2014, presenta las novedades del sector del mobiliario volcadas a la nueva clase media brasile&ntilde;a. Realizado desde 1977 por el Sindicato de las Industrias del Mobiliario de Bento Gon&ccedil;alves (Sindm&oacute;veis), el evento deber&aacute; recibir m&aacute;s de 38 mil visitantes. En su 19&ordf; edici&oacute;n, la expectativa es una generaci&oacute;n de negocios alrededor de los U$ 300 millones.<\/div>\n<div>El presidente de Sindm&oacute;veis, Henrique Tecchio, destaca la relevancia de las ferias para el reconocimiento de Bento Gon&ccedil;alves como destino para el turismo de negocios. Conforme el Sindicato de Hoteles, Restaurantes, Bares y Similares de Caxias do Sul- Regi&oacute;n de la Uva y el Vino (SHRBS), la ocupaci&oacute;n de los hoteles en el municipio en el per&iacute;odo de la feria llega a 90%, pr&oacute;ximo al &iacute;ndice verificado en la alta temporada tur&iacute;stica, durante el invierno. &ldquo;Esos n&uacute;meros son muy impactantes para la econom&iacute;a local &ndash; sobre todo cuando consideramos que, adem&aacute;s de visitantes y expositores, existen miles de personas involucradas en el montaje y prestaci&oacute;n de servicios&rdquo;, analiza.<\/div>\n<div>En esta edici&oacute;n, Movelsul Brasil ocupar&aacute; los 57 mil metros cuadrados del Parque de Eventos, siguiendo el proyecto de segmentaci&oacute;n de los expositores por tipo de producto, iniciado en la edici&oacute;n pasada, en 2012. De esta forma, los pabellones A, B, C y D recibir&aacute;n los fabricantes de muebles para oficina, cocinas, dormitorios, &aacute;reas de servicio, ba&ntilde;o, jard&iacute;n y complementos. El pabell&oacute;n E ser&aacute; destinado a los muebles tapizados, colchones, comedores de diario, juegos de comedor y salas de estar y complementos, as&iacute; como el pabell&oacute;n F, que tendr&aacute; tambi&eacute;n expositores de electrodom&eacute;sticos y alfombras.<\/div>\n<div>&nbsp;<\/div>\n<div>&nbsp;<\/div>\n","protected":false},"excerpt":{"rendered":"<p>A partir del mi\u00e9rcoles, d\u00eda 12, los equipos de montaje de los casi 300 expositores de Movelsul Brasil 2014 empiezan a estructurar los stands de la feria, que ocurre de 24 a 28 de marzo, en el Parque de Eventos de Bento Gon\u00e7alves. Son casi tres mil personas involucradas, lo que da un fuerte impulso a la red hotelera y de alimentaci\u00f3n del municipio, a\u00fan 15 d\u00edas antes del evento.<\/p>\n","protected":false},"author":5,"featured_media":3370,"comment_status":"closed","ping_status":"open","sticky":false,"template":"","format":"standard","meta":{"footnotes":"","_links_to":"","_links_to_target":""},"categories":[23,2],"tags":[],"class_list":["post-1074","post","type-post","status-publish","format-standard","has-post-thumbnail","hentry","category-movelsul","category-sindmoveis"],"yoast_head":"<!-- This site is optimized with the Yoast SEO plugin v27.0 - https:\/\/yoast.com\/product\/yoast-seo-wordpress\/ -->\n<title>Movelsul Brasil 2014 empieza a tomar forma - Sindm\u00f3veis-RS<\/title>\n<meta name=\"robots\" content=\"index, follow, max-snippet:-1, max-image-preview:large, max-video-preview:-1\" \/>\n<link rel=\"canonical\" href=\"https:\/\/www.sindmoveis.com.br\/es\/movelsul-brasil-2014-comeca-a-tomar-forma\/\" \/>\n<meta property=\"og:locale\" content=\"es_ES\" \/>\n<meta property=\"og:type\" content=\"article\" \/>\n<meta property=\"og:title\" content=\"Movelsul Brasil 2014 empieza a tomar forma - Sindm\u00f3veis-RS\" \/>\n<meta property=\"og:description\" content=\"A partir del mi\u00e9rcoles, d\u00eda 12, los equipos de montaje de los casi 300 expositores de Movelsul Brasil 2014 empiezan a estructurar los stands de la feria, que ocurre de 24 a 28 de marzo, en el Parque de Eventos de Bento Gon\u00e7alves. Son casi tres mil personas involucradas, lo que da un fuerte impulso a la red hotelera y de alimentaci\u00f3n del municipio, a\u00fan 15 d\u00edas antes del evento.\" \/>\n<meta property=\"og:url\" content=\"https:\/\/www.sindmoveis.com.br\/es\/movelsul-brasil-2014-comeca-a-tomar-forma\/\" \/>\n<meta property=\"og:site_name\" content=\"Sindm\u00f3veis-RS\" \/>\n<meta property=\"article:published_time\" content=\"2014-03-12T03:00:00+00:00\" \/>\n<meta property=\"article:modified_time\" content=\"2021-05-26T13:31:43+00:00\" \/>\n<meta property=\"og:image\" content=\"https:\/\/www.sindmoveis.com.br\/es\/wp-content\/uploads\/2021\/05\/p1394630946.jpg\" \/>\n\t<meta property=\"og:image:width\" content=\"1300\" \/>\n\t<meta property=\"og:image:height\" content=\"1950\" \/>\n\t<meta property=\"og:image:type\" content=\"image\/jpeg\" \/>\n<meta name=\"author\" content=\"Imprensa Sindm\u00f3veis\" \/>\n<meta name=\"twitter:card\" content=\"summary_large_image\" \/>\n<meta name=\"twitter:label1\" content=\"Escrito por\" \/>\n\t<meta name=\"twitter:data1\" content=\"Imprensa Sindm\u00f3veis\" \/>\n\t<meta name=\"twitter:label2\" content=\"Tiempo de lectura\" \/>\n\t<meta name=\"twitter:data2\" content=\"2 minutos\" \/>\n<script type=\"application\/ld+json\" class=\"yoast-schema-graph\">{\"@context\":\"https:\/\/schema.org\",\"@graph\":[{\"@type\":\"Article\",\"@id\":\"https:\/\/www.sindmoveis.com.br\/es\/movelsul-brasil-2014-comeca-a-tomar-forma\/#article\",\"isPartOf\":{\"@id\":\"https:\/\/www.sindmoveis.com.br\/es\/movelsul-brasil-2014-comeca-a-tomar-forma\/\"},\"author\":{\"name\":\"Imprensa Sindm\u00f3veis\",\"@id\":\"https:\/\/www.sindmoveis.com.br\/es\/#\/schema\/person\/16d379542db1950a17fe188179340d57\"},\"headline\":\"Movelsul Brasil 2014 empieza a tomar forma\",\"datePublished\":\"2014-03-12T03:00:00+00:00\",\"dateModified\":\"2021-05-26T13:31:43+00:00\",\"mainEntityOfPage\":{\"@id\":\"https:\/\/www.sindmoveis.com.br\/es\/movelsul-brasil-2014-comeca-a-tomar-forma\/\"},\"wordCount\":433,\"image\":{\"@id\":\"https:\/\/www.sindmoveis.com.br\/es\/movelsul-brasil-2014-comeca-a-tomar-forma\/#primaryimage\"},\"thumbnailUrl\":\"https:\/\/www.sindmoveis.com.br\/es\/wp-content\/uploads\/2021\/05\/p1394630946.jpg\",\"articleSection\":[\"Movelsul\",\"Sindm\u00f3veis\"],\"inLanguage\":\"es\"},{\"@type\":\"WebPage\",\"@id\":\"https:\/\/www.sindmoveis.com.br\/es\/movelsul-brasil-2014-comeca-a-tomar-forma\/\",\"url\":\"https:\/\/www.sindmoveis.com.br\/es\/movelsul-brasil-2014-comeca-a-tomar-forma\/\",\"name\":\"Movelsul Brasil 2014 empieza a tomar forma - Sindm\u00f3veis-RS\",\"isPartOf\":{\"@id\":\"https:\/\/www.sindmoveis.com.br\/es\/#website\"},\"primaryImageOfPage\":{\"@id\":\"https:\/\/www.sindmoveis.com.br\/es\/movelsul-brasil-2014-comeca-a-tomar-forma\/#primaryimage\"},\"image\":{\"@id\":\"https:\/\/www.sindmoveis.com.br\/es\/movelsul-brasil-2014-comeca-a-tomar-forma\/#primaryimage\"},\"thumbnailUrl\":\"https:\/\/www.sindmoveis.com.br\/es\/wp-content\/uploads\/2021\/05\/p1394630946.jpg\",\"datePublished\":\"2014-03-12T03:00:00+00:00\",\"dateModified\":\"2021-05-26T13:31:43+00:00\",\"author\":{\"@id\":\"https:\/\/www.sindmoveis.com.br\/es\/#\/schema\/person\/16d379542db1950a17fe188179340d57\"},\"inLanguage\":\"es\",\"potentialAction\":[{\"@type\":\"ReadAction\",\"target\":[\"https:\/\/www.sindmoveis.com.br\/es\/movelsul-brasil-2014-comeca-a-tomar-forma\/\"]}]},{\"@type\":\"ImageObject\",\"inLanguage\":\"es\",\"@id\":\"https:\/\/www.sindmoveis.com.br\/es\/movelsul-brasil-2014-comeca-a-tomar-forma\/#primaryimage\",\"url\":\"https:\/\/www.sindmoveis.com.br\/es\/wp-content\/uploads\/2021\/05\/p1394630946.jpg\",\"contentUrl\":\"https:\/\/www.sindmoveis.com.br\/es\/wp-content\/uploads\/2021\/05\/p1394630946.jpg\",\"width\":1300,\"height\":1950},{\"@type\":\"WebSite\",\"@id\":\"https:\/\/www.sindmoveis.com.br\/es\/#website\",\"url\":\"https:\/\/www.sindmoveis.com.br\/es\/\",\"name\":\"Sindm\u00f3veis-RS\",\"description\":\"\",\"potentialAction\":[{\"@type\":\"SearchAction\",\"target\":{\"@type\":\"EntryPoint\",\"urlTemplate\":\"https:\/\/www.sindmoveis.com.br\/es\/?s={search_term_string}\"},\"query-input\":{\"@type\":\"PropertyValueSpecification\",\"valueRequired\":true,\"valueName\":\"search_term_string\"}}],\"inLanguage\":\"es\"},{\"@type\":\"Person\",\"@id\":\"https:\/\/www.sindmoveis.com.br\/es\/#\/schema\/person\/16d379542db1950a17fe188179340d57\",\"name\":\"Imprensa Sindm\u00f3veis\",\"image\":{\"@type\":\"ImageObject\",\"inLanguage\":\"es\",\"@id\":\"https:\/\/www.sindmoveis.com.br\/es\/#\/schema\/person\/image\/\",\"url\":\"https:\/\/secure.gravatar.com\/avatar\/4973e2e2c2a0cb5db30b0c7b770041b8e33d048a16b695a1f99c042449d4bfaf?s=96&d=mm&r=g\",\"contentUrl\":\"https:\/\/secure.gravatar.com\/avatar\/4973e2e2c2a0cb5db30b0c7b770041b8e33d048a16b695a1f99c042449d4bfaf?s=96&d=mm&r=g\",\"caption\":\"Imprensa Sindm\u00f3veis\"},\"url\":\"https:\/\/www.sindmoveis.com.br\/es\/author\/ana\/\"}]}<\/script>\n<!-- \/ Yoast SEO plugin. -->","yoast_head_json":{"title":"Movelsul Brasil 2014 empieza a tomar forma - Sindm\u00f3veis-RS","robots":{"index":"index","follow":"follow","max-snippet":"max-snippet:-1","max-image-preview":"max-image-preview:large","max-video-preview":"max-video-preview:-1"},"canonical":"https:\/\/www.sindmoveis.com.br\/es\/movelsul-brasil-2014-comeca-a-tomar-forma\/","og_locale":"es_ES","og_type":"article","og_title":"Movelsul Brasil 2014 empieza a tomar forma - Sindm\u00f3veis-RS","og_description":"A partir del mi\u00e9rcoles, d\u00eda 12, los equipos de montaje de los casi 300 expositores de Movelsul Brasil 2014 empiezan a estructurar los stands de la feria, que ocurre de 24 a 28 de marzo, en el Parque de Eventos de Bento Gon\u00e7alves. Son casi tres mil personas involucradas, lo que da un fuerte impulso a la red hotelera y de alimentaci\u00f3n del municipio, a\u00fan 15 d\u00edas antes del evento.","og_url":"https:\/\/www.sindmoveis.com.br\/es\/movelsul-brasil-2014-comeca-a-tomar-forma\/","og_site_name":"Sindm\u00f3veis-RS","article_published_time":"2014-03-12T03:00:00+00:00","article_modified_time":"2021-05-26T13:31:43+00:00","og_image":[{"width":1300,"height":1950,"url":"https:\/\/www.sindmoveis.com.br\/es\/wp-content\/uploads\/2021\/05\/p1394630946.jpg","type":"image\/jpeg"}],"author":"Imprensa Sindm\u00f3veis","twitter_card":"summary_large_image","twitter_misc":{"Escrito por":"Imprensa Sindm\u00f3veis","Tiempo de lectura":"2 minutos"},"schema":{"@context":"https:\/\/schema.org","@graph":[{"@type":"Article","@id":"https:\/\/www.sindmoveis.com.br\/es\/movelsul-brasil-2014-comeca-a-tomar-forma\/#article","isPartOf":{"@id":"https:\/\/www.sindmoveis.com.br\/es\/movelsul-brasil-2014-comeca-a-tomar-forma\/"},"author":{"name":"Imprensa Sindm\u00f3veis","@id":"https:\/\/www.sindmoveis.com.br\/es\/#\/schema\/person\/16d379542db1950a17fe188179340d57"},"headline":"Movelsul Brasil 2014 empieza a tomar forma","datePublished":"2014-03-12T03:00:00+00:00","dateModified":"2021-05-26T13:31:43+00:00","mainEntityOfPage":{"@id":"https:\/\/www.sindmoveis.com.br\/es\/movelsul-brasil-2014-comeca-a-tomar-forma\/"},"wordCount":433,"image":{"@id":"https:\/\/www.sindmoveis.com.br\/es\/movelsul-brasil-2014-comeca-a-tomar-forma\/#primaryimage"},"thumbnailUrl":"https:\/\/www.sindmoveis.com.br\/es\/wp-content\/uploads\/2021\/05\/p1394630946.jpg","articleSection":["Movelsul","Sindm\u00f3veis"],"inLanguage":"es"},{"@type":"WebPage","@id":"https:\/\/www.sindmoveis.com.br\/es\/movelsul-brasil-2014-comeca-a-tomar-forma\/","url":"https:\/\/www.sindmoveis.com.br\/es\/movelsul-brasil-2014-comeca-a-tomar-forma\/","name":"Movelsul Brasil 2014 empieza a tomar forma - Sindm\u00f3veis-RS","isPartOf":{"@id":"https:\/\/www.sindmoveis.com.br\/es\/#website"},"primaryImageOfPage":{"@id":"https:\/\/www.sindmoveis.com.br\/es\/movelsul-brasil-2014-comeca-a-tomar-forma\/#primaryimage"},"image":{"@id":"https:\/\/www.sindmoveis.com.br\/es\/movelsul-brasil-2014-comeca-a-tomar-forma\/#primaryimage"},"thumbnailUrl":"https:\/\/www.sindmoveis.com.br\/es\/wp-content\/uploads\/2021\/05\/p1394630946.jpg","datePublished":"2014-03-12T03:00:00+00:00","dateModified":"2021-05-26T13:31:43+00:00","author":{"@id":"https:\/\/www.sindmoveis.com.br\/es\/#\/schema\/person\/16d379542db1950a17fe188179340d57"},"inLanguage":"es","potentialAction":[{"@type":"ReadAction","target":["https:\/\/www.sindmoveis.com.br\/es\/movelsul-brasil-2014-comeca-a-tomar-forma\/"]}]},{"@type":"ImageObject","inLanguage":"es","@id":"https:\/\/www.sindmoveis.com.br\/es\/movelsul-brasil-2014-comeca-a-tomar-forma\/#primaryimage","url":"https:\/\/www.sindmoveis.com.br\/es\/wp-content\/uploads\/2021\/05\/p1394630946.jpg","contentUrl":"https:\/\/www.sindmoveis.com.br\/es\/wp-content\/uploads\/2021\/05\/p1394630946.jpg","width":1300,"height":1950},{"@type":"WebSite","@id":"https:\/\/www.sindmoveis.com.br\/es\/#website","url":"https:\/\/www.sindmoveis.com.br\/es\/","name":"Sindm\u00f3veis-RS","description":"","potentialAction":[{"@type":"SearchAction","target":{"@type":"EntryPoint","urlTemplate":"https:\/\/www.sindmoveis.com.br\/es\/?s={search_term_string}"},"query-input":{"@type":"PropertyValueSpecification","valueRequired":true,"valueName":"search_term_string"}}],"inLanguage":"es"},{"@type":"Person","@id":"https:\/\/www.sindmoveis.com.br\/es\/#\/schema\/person\/16d379542db1950a17fe188179340d57","name":"Imprensa Sindm\u00f3veis","image":{"@type":"ImageObject","inLanguage":"es","@id":"https:\/\/www.sindmoveis.com.br\/es\/#\/schema\/person\/image\/","url":"https:\/\/secure.gravatar.com\/avatar\/4973e2e2c2a0cb5db30b0c7b770041b8e33d048a16b695a1f99c042449d4bfaf?s=96&d=mm&r=g","contentUrl":"https:\/\/secure.gravatar.com\/avatar\/4973e2e2c2a0cb5db30b0c7b770041b8e33d048a16b695a1f99c042449d4bfaf?s=96&d=mm&r=g","caption":"Imprensa Sindm\u00f3veis"},"url":"https:\/\/www.sindmoveis.com.br\/es\/author\/ana\/"}]}},"_links":{"self":[{"href":"https:\/\/www.sindmoveis.com.br\/es\/wp-json\/wp\/v2\/posts\/1074","targetHints":{"allow":["GET"]}}],"collection":[{"href":"https:\/\/www.sindmoveis.com.br\/es\/wp-json\/wp\/v2\/posts"}],"about":[{"href":"https:\/\/www.sindmoveis.com.br\/es\/wp-json\/wp\/v2\/types\/post"}],"author":[{"embeddable":true,"href":"https:\/\/www.sindmoveis.com.br\/es\/wp-json\/wp\/v2\/users\/5"}],"replies":[{"embeddable":true,"href":"https:\/\/www.sindmoveis.com.br\/es\/wp-json\/wp\/v2\/comments?post=1074"}],"version-history":[{"count":2,"href":"https:\/\/www.sindmoveis.com.br\/es\/wp-json\/wp\/v2\/posts\/1074\/revisions"}],"predecessor-version":[{"id":3369,"href":"https:\/\/www.sindmoveis.com.br\/es\/wp-json\/wp\/v2\/posts\/1074\/revisions\/3369"}],"wp:featuredmedia":[{"embeddable":true,"href":"https:\/\/www.sindmoveis.com.br\/es\/wp-json\/wp\/v2\/media\/3370"}],"wp:attachment":[{"href":"https:\/\/www.sindmoveis.com.br\/es\/wp-json\/wp\/v2\/media?parent=1074"}],"wp:term":[{"taxonomy":"category","embeddable":true,"href":"https:\/\/www.sindmoveis.com.br\/es\/wp-json\/wp\/v2\/categories?post=1074"},{"taxonomy":"post_tag","embeddable":true,"href":"https:\/\/www.sindmoveis.com.br\/es\/wp-json\/wp\/v2\/tags?post=1074"}],"curies":[{"name":"wp","href":"https:\/\/api.w.org\/{rel}","templated":true}]}}