{"id":1073,"date":"2014-03-11T00:00:00","date_gmt":"2014-03-11T03:00:00","guid":{"rendered":"http:\/\/sindmoveis.com.br\/imprensa\/noticias\/orchestra-brasil-leva-empresas-brasileiras-a-feira-mm-bogota\/"},"modified":"2021-05-26T10:28:38","modified_gmt":"2021-05-26T13:28:38","slug":"orchestra-brasil-leva-empresas-brasileiras-a-feira-mm-bogota","status":"publish","type":"post","link":"https:\/\/www.sindmoveis.com.br\/es\/orchestra-brasil-leva-empresas-brasileiras-a-feira-mm-bogota\/","title":{"rendered":"Orchestra Brasil lleva empresas brasile\u00f1as a la Feria M&#038;M Bogot\u00e1"},"content":{"rendered":"<div>Once empresas brasile&ntilde;as fabricantes de insumos y tecnolog&iacute;as para el sector del mobiliario estar&aacute;n presentes en la 12&ordf; edici&oacute;n de M&amp;M Feria Tecnol&oacute;gica e Industrial, en Colombia, por medio del Proyecto Orchestra Brasil de incentivo a las exportaciones &ndash; una asociaci&oacute;n entre la Agencia Brasile&ntilde;a de Promoci&oacute;n de Exportaciones e Inversiones (Apex-Brasil) y el Sindicato de las Industrias del Mobiliario de Bento Gon&ccedil;alves (Sindm&oacute;veis). La feria ocurre de 12 a 15 de marzo, en la capital Bogot&aacute;, reuniendo 220 expositores<\/div>\n<div>Participan fabricantes de m&aacute;quinas, productos qu&iacute;micos, insumos herrajes y herramientas para la industria de la madera, muebles, proveedores y distribuidores de la industria del mobiliario. Son esperados 14 mil visitantes en &eacute;sta, que es la mayor feria local del sector. Las empresas brasile&ntilde;as presentes son: Akeo, Brasmacol, Farben, Franzoi, Jimo Qu&iacute;mica, Joelini, MP Maquinapack, Promob Softwares, Renner Sayerlack, Tecbril y Tramontina Teec.<\/div>\n<div>&nbsp;Pa&iacute;s de 47, 7 millones de habitantes, Colombia es la tercera mayor econom&iacute;a de Am&eacute;rica del Sur, con un PIB de U$ 522.800 millones (PPC) seg&uacute;n estimativas del FMI. El pa&iacute;s presenta uno de los mayores crecimientos econ&oacute;micos de Am&eacute;rica Latina en los dos &uacute;ltimos a&ntilde;os, tiene estabilidad y es considerado actualmente por el Banco Mundial uno de los mejores ambientes y con mayores facilidades para hacer negocios en Am&eacute;rica del Sur. Su industria del mueble tambi&eacute;n est&aacute; en expansi&oacute;n, habiendo registrado en 2013 un crecimiento de 4,2% en la producci&oacute;n, de acuerdo con datos de Euromonitor.<\/div>\n<div>El mercado colombiano tambi&eacute;n ha registrado uno de los crecimientos m&aacute;s importantes para las empresas del Proyecto Orchestra Brasil. Sus importaciones han aumentado a una media anual de 23% desde 2010. Solamente en 2013, ese crecimiento fue de 35,6%. Es en la actualidad uno de los mercados prioritarios del Proyecto, habiendo sido apuntado recientemente en estudios y por empresarios como uno de los m&aacute;s promisorios del mundo.<\/div>\n<div>&nbsp;<\/div>\n<div><strong>El Proyecto&nbsp;<\/strong><\/div>\n<div>Recientemente, fue renovado el convenio de cooperaci&oacute;n t&eacute;cnica y financiera entre Apex-Brasil y Sindm&oacute;veis, dando continuidad al Proyecto Orchestra Brasil en el bienio 2014\/2015. La iniciativa existe desde 2003 y promueve la inserci&oacute;n competitiva de fabricantes de insumos, componentes, tecnolog&iacute;as, acabados, productos qu&iacute;micos y de servicios de dise&ntilde;o para el sector del mobiliario en el mercado internacional.<\/div>\n<div>Al todo, 123 industrias y estudios de dise&ntilde;o participan de la acci&oacute;n. Ellas vienen obteniendo crecimiento satisfactorio en sus exportaciones en los &uacute;ltimos a&ntilde;os. En comparaci&oacute;n con 2012, las exportaciones aumentaron 11,2%, completando cuatro a&ntilde;os consecutivos de resultados positivos. Los mercados prioritarios fueron esenciales para ese desempe&ntilde;o. El crecimiento en esos pa&iacute;ses fue de 16,8% en 2013, superior al general, as&iacute; como ocurri&oacute; en los a&ntilde;os anteriores. Los principales &iacute;ndices fueron registrados en Chile (81,7%), Ecuador (48,1%), Colombia (35,9%), Estados Unidos (25,3%), Per&uacute; (28,3%), Paraguay (12,1%) y Guatemala (25%).&nbsp;<\/div>\n<div>Los mercados objetivo para la industria en los pr&oacute;ximos dos a&ntilde;os ser&aacute;n Sud&aacute;frica, Argentina, Colombia, Estados Unidos, Guatemala, M&eacute;xico, Per&uacute; y Turqu&iacute;a. El n&uacute;cleo de dise&ntilde;o actuar&aacute; con &eacute;nfasis en los Estados Unidos.<\/div>\n","protected":false},"excerpt":{"rendered":"<p>Once empresas brasile\u00f1as fabricantes de insumos y tecnolog\u00edas para el sector del mobiliario estar\u00e1n presentes en la 12\u00aa edici\u00f3n de M&#038;M Feria Tecnol\u00f3gica e Industrial, en Colombia, por medio del Proyecto Orchestra Brasil de incentivo a las exportaciones \u2013 una asociaci\u00f3n entre la Agencia Brasile\u00f1a de Promoci\u00f3n de Exportaciones e Inversiones (Apex-Brasil) y el Sindicato de las Industrias del Mobiliario de Bento Gon\u00e7alves (Sindm\u00f3veis). La feria ocurre de 12 a 15 de marzo, en la capital Bogot\u00e1, reuniendo 220 expositores<br \/>\nParticipan fabricantes de m\u00e1quinas, productos qu\u00edmicos, insumos herrajes y herramientas para la industria de la madera, muebles, proveedores y distribuidores de la industria del mobiliario. Son esperados 14 mil visitantes en \u00e9sta, que es la mayor feria local del sector. Las empresas brasile\u00f1as presentes son: Akeo, Brasmacol, Farben, Franzoi, Jimo Qu\u00edmica, Joelini, MP Maquinapack, Promob Softwares, Renner Sayerlack, Tecbril y Tramontina Teec.<\/p>\n","protected":false},"author":5,"featured_media":3368,"comment_status":"closed","ping_status":"open","sticky":false,"template":"","format":"standard","meta":{"footnotes":"","_links_to":"","_links_to_target":""},"categories":[22,2],"tags":[],"class_list":["post-1073","post","type-post","status-publish","format-standard","has-post-thumbnail","hentry","category-proyecto-orchestra-brasil","category-sindmoveis"],"yoast_head":"<!-- This site is optimized with the Yoast SEO plugin v27.0 - https:\/\/yoast.com\/product\/yoast-seo-wordpress\/ -->\n<title>Orchestra Brasil lleva empresas brasile\u00f1as a la Feria M&amp;M Bogot\u00e1 - Sindm\u00f3veis-RS<\/title>\n<meta name=\"robots\" content=\"index, follow, max-snippet:-1, max-image-preview:large, max-video-preview:-1\" \/>\n<link rel=\"canonical\" href=\"https:\/\/www.sindmoveis.com.br\/es\/orchestra-brasil-leva-empresas-brasileiras-a-feira-mm-bogota\/\" \/>\n<meta property=\"og:locale\" content=\"es_ES\" \/>\n<meta property=\"og:type\" content=\"article\" \/>\n<meta property=\"og:title\" content=\"Orchestra Brasil lleva empresas brasile\u00f1as a la Feria M&amp;M Bogot\u00e1 - Sindm\u00f3veis-RS\" \/>\n<meta property=\"og:description\" content=\"Once empresas brasile\u00f1as fabricantes de insumos y tecnolog\u00edas para el sector del mobiliario estar\u00e1n presentes en la 12\u00aa edici\u00f3n de M&amp;M Feria Tecnol\u00f3gica e Industrial, en Colombia, por medio del Proyecto Orchestra Brasil de incentivo a las exportaciones \u2013 una asociaci\u00f3n entre la Agencia Brasile\u00f1a de Promoci\u00f3n de Exportaciones e Inversiones (Apex-Brasil) y el Sindicato de las Industrias del Mobiliario de Bento Gon\u00e7alves (Sindm\u00f3veis). La feria ocurre de 12 a 15 de marzo, en la capital Bogot\u00e1, reuniendo 220 expositores Participan fabricantes de m\u00e1quinas, productos qu\u00edmicos, insumos herrajes y herramientas para la industria de la madera, muebles, proveedores y distribuidores de la industria del mobiliario. Son esperados 14 mil visitantes en \u00e9sta, que es la mayor feria local del sector. Las empresas brasile\u00f1as presentes son: Akeo, Brasmacol, Farben, Franzoi, Jimo Qu\u00edmica, Joelini, MP Maquinapack, Promob Softwares, Renner Sayerlack, Tecbril y Tramontina Teec.\" \/>\n<meta property=\"og:url\" content=\"https:\/\/www.sindmoveis.com.br\/es\/orchestra-brasil-leva-empresas-brasileiras-a-feira-mm-bogota\/\" \/>\n<meta property=\"og:site_name\" content=\"Sindm\u00f3veis-RS\" \/>\n<meta property=\"article:published_time\" content=\"2014-03-11T03:00:00+00:00\" \/>\n<meta property=\"article:modified_time\" content=\"2021-05-26T13:28:38+00:00\" \/>\n<meta property=\"og:image\" content=\"https:\/\/www.sindmoveis.com.br\/es\/wp-content\/uploads\/2021\/05\/p1394566585.jpg\" \/>\n\t<meta property=\"og:image:width\" content=\"1500\" \/>\n\t<meta property=\"og:image:height\" content=\"996\" \/>\n\t<meta property=\"og:image:type\" content=\"image\/jpeg\" \/>\n<meta name=\"author\" content=\"Imprensa Sindm\u00f3veis\" \/>\n<meta name=\"twitter:card\" content=\"summary_large_image\" \/>\n<meta name=\"twitter:label1\" content=\"Escrito por\" \/>\n\t<meta name=\"twitter:data1\" content=\"Imprensa Sindm\u00f3veis\" \/>\n\t<meta name=\"twitter:label2\" content=\"Tiempo de lectura\" \/>\n\t<meta name=\"twitter:data2\" content=\"3 minutos\" \/>\n<script type=\"application\/ld+json\" class=\"yoast-schema-graph\">{\"@context\":\"https:\/\/schema.org\",\"@graph\":[{\"@type\":\"Article\",\"@id\":\"https:\/\/www.sindmoveis.com.br\/es\/orchestra-brasil-leva-empresas-brasileiras-a-feira-mm-bogota\/#article\",\"isPartOf\":{\"@id\":\"https:\/\/www.sindmoveis.com.br\/es\/orchestra-brasil-leva-empresas-brasileiras-a-feira-mm-bogota\/\"},\"author\":{\"name\":\"Imprensa Sindm\u00f3veis\",\"@id\":\"https:\/\/www.sindmoveis.com.br\/es\/#\/schema\/person\/16d379542db1950a17fe188179340d57\"},\"headline\":\"Orchestra Brasil lleva empresas brasile\u00f1as a la Feria M&#038;M Bogot\u00e1\",\"datePublished\":\"2014-03-11T03:00:00+00:00\",\"dateModified\":\"2021-05-26T13:28:38+00:00\",\"mainEntityOfPage\":{\"@id\":\"https:\/\/www.sindmoveis.com.br\/es\/orchestra-brasil-leva-empresas-brasileiras-a-feira-mm-bogota\/\"},\"wordCount\":594,\"image\":{\"@id\":\"https:\/\/www.sindmoveis.com.br\/es\/orchestra-brasil-leva-empresas-brasileiras-a-feira-mm-bogota\/#primaryimage\"},\"thumbnailUrl\":\"https:\/\/www.sindmoveis.com.br\/es\/wp-content\/uploads\/2021\/05\/p1394566585.jpg\",\"articleSection\":[\"Proyecto Orchestra Brasil\",\"Sindm\u00f3veis\"],\"inLanguage\":\"es\"},{\"@type\":\"WebPage\",\"@id\":\"https:\/\/www.sindmoveis.com.br\/es\/orchestra-brasil-leva-empresas-brasileiras-a-feira-mm-bogota\/\",\"url\":\"https:\/\/www.sindmoveis.com.br\/es\/orchestra-brasil-leva-empresas-brasileiras-a-feira-mm-bogota\/\",\"name\":\"Orchestra Brasil lleva empresas brasile\u00f1as a la Feria M&M Bogot\u00e1 - Sindm\u00f3veis-RS\",\"isPartOf\":{\"@id\":\"https:\/\/www.sindmoveis.com.br\/es\/#website\"},\"primaryImageOfPage\":{\"@id\":\"https:\/\/www.sindmoveis.com.br\/es\/orchestra-brasil-leva-empresas-brasileiras-a-feira-mm-bogota\/#primaryimage\"},\"image\":{\"@id\":\"https:\/\/www.sindmoveis.com.br\/es\/orchestra-brasil-leva-empresas-brasileiras-a-feira-mm-bogota\/#primaryimage\"},\"thumbnailUrl\":\"https:\/\/www.sindmoveis.com.br\/es\/wp-content\/uploads\/2021\/05\/p1394566585.jpg\",\"datePublished\":\"2014-03-11T03:00:00+00:00\",\"dateModified\":\"2021-05-26T13:28:38+00:00\",\"author\":{\"@id\":\"https:\/\/www.sindmoveis.com.br\/es\/#\/schema\/person\/16d379542db1950a17fe188179340d57\"},\"inLanguage\":\"es\",\"potentialAction\":[{\"@type\":\"ReadAction\",\"target\":[\"https:\/\/www.sindmoveis.com.br\/es\/orchestra-brasil-leva-empresas-brasileiras-a-feira-mm-bogota\/\"]}]},{\"@type\":\"ImageObject\",\"inLanguage\":\"es\",\"@id\":\"https:\/\/www.sindmoveis.com.br\/es\/orchestra-brasil-leva-empresas-brasileiras-a-feira-mm-bogota\/#primaryimage\",\"url\":\"https:\/\/www.sindmoveis.com.br\/es\/wp-content\/uploads\/2021\/05\/p1394566585.jpg\",\"contentUrl\":\"https:\/\/www.sindmoveis.com.br\/es\/wp-content\/uploads\/2021\/05\/p1394566585.jpg\",\"width\":1500,\"height\":996},{\"@type\":\"WebSite\",\"@id\":\"https:\/\/www.sindmoveis.com.br\/es\/#website\",\"url\":\"https:\/\/www.sindmoveis.com.br\/es\/\",\"name\":\"Sindm\u00f3veis-RS\",\"description\":\"\",\"potentialAction\":[{\"@type\":\"SearchAction\",\"target\":{\"@type\":\"EntryPoint\",\"urlTemplate\":\"https:\/\/www.sindmoveis.com.br\/es\/?s={search_term_string}\"},\"query-input\":{\"@type\":\"PropertyValueSpecification\",\"valueRequired\":true,\"valueName\":\"search_term_string\"}}],\"inLanguage\":\"es\"},{\"@type\":\"Person\",\"@id\":\"https:\/\/www.sindmoveis.com.br\/es\/#\/schema\/person\/16d379542db1950a17fe188179340d57\",\"name\":\"Imprensa Sindm\u00f3veis\",\"image\":{\"@type\":\"ImageObject\",\"inLanguage\":\"es\",\"@id\":\"https:\/\/www.sindmoveis.com.br\/es\/#\/schema\/person\/image\/\",\"url\":\"https:\/\/secure.gravatar.com\/avatar\/4973e2e2c2a0cb5db30b0c7b770041b8e33d048a16b695a1f99c042449d4bfaf?s=96&d=mm&r=g\",\"contentUrl\":\"https:\/\/secure.gravatar.com\/avatar\/4973e2e2c2a0cb5db30b0c7b770041b8e33d048a16b695a1f99c042449d4bfaf?s=96&d=mm&r=g\",\"caption\":\"Imprensa Sindm\u00f3veis\"},\"url\":\"https:\/\/www.sindmoveis.com.br\/es\/author\/ana\/\"}]}<\/script>\n<!-- \/ Yoast SEO plugin. -->","yoast_head_json":{"title":"Orchestra Brasil lleva empresas brasile\u00f1as a la Feria M&M Bogot\u00e1 - Sindm\u00f3veis-RS","robots":{"index":"index","follow":"follow","max-snippet":"max-snippet:-1","max-image-preview":"max-image-preview:large","max-video-preview":"max-video-preview:-1"},"canonical":"https:\/\/www.sindmoveis.com.br\/es\/orchestra-brasil-leva-empresas-brasileiras-a-feira-mm-bogota\/","og_locale":"es_ES","og_type":"article","og_title":"Orchestra Brasil lleva empresas brasile\u00f1as a la Feria M&M Bogot\u00e1 - Sindm\u00f3veis-RS","og_description":"Once empresas brasile\u00f1as fabricantes de insumos y tecnolog\u00edas para el sector del mobiliario estar\u00e1n presentes en la 12\u00aa edici\u00f3n de M&M Feria Tecnol\u00f3gica e Industrial, en Colombia, por medio del Proyecto Orchestra Brasil de incentivo a las exportaciones \u2013 una asociaci\u00f3n entre la Agencia Brasile\u00f1a de Promoci\u00f3n de Exportaciones e Inversiones (Apex-Brasil) y el Sindicato de las Industrias del Mobiliario de Bento Gon\u00e7alves (Sindm\u00f3veis). La feria ocurre de 12 a 15 de marzo, en la capital Bogot\u00e1, reuniendo 220 expositores Participan fabricantes de m\u00e1quinas, productos qu\u00edmicos, insumos herrajes y herramientas para la industria de la madera, muebles, proveedores y distribuidores de la industria del mobiliario. Son esperados 14 mil visitantes en \u00e9sta, que es la mayor feria local del sector. Las empresas brasile\u00f1as presentes son: Akeo, Brasmacol, Farben, Franzoi, Jimo Qu\u00edmica, Joelini, MP Maquinapack, Promob Softwares, Renner Sayerlack, Tecbril y Tramontina Teec.","og_url":"https:\/\/www.sindmoveis.com.br\/es\/orchestra-brasil-leva-empresas-brasileiras-a-feira-mm-bogota\/","og_site_name":"Sindm\u00f3veis-RS","article_published_time":"2014-03-11T03:00:00+00:00","article_modified_time":"2021-05-26T13:28:38+00:00","og_image":[{"width":1500,"height":996,"url":"https:\/\/www.sindmoveis.com.br\/es\/wp-content\/uploads\/2021\/05\/p1394566585.jpg","type":"image\/jpeg"}],"author":"Imprensa Sindm\u00f3veis","twitter_card":"summary_large_image","twitter_misc":{"Escrito por":"Imprensa Sindm\u00f3veis","Tiempo de lectura":"3 minutos"},"schema":{"@context":"https:\/\/schema.org","@graph":[{"@type":"Article","@id":"https:\/\/www.sindmoveis.com.br\/es\/orchestra-brasil-leva-empresas-brasileiras-a-feira-mm-bogota\/#article","isPartOf":{"@id":"https:\/\/www.sindmoveis.com.br\/es\/orchestra-brasil-leva-empresas-brasileiras-a-feira-mm-bogota\/"},"author":{"name":"Imprensa Sindm\u00f3veis","@id":"https:\/\/www.sindmoveis.com.br\/es\/#\/schema\/person\/16d379542db1950a17fe188179340d57"},"headline":"Orchestra Brasil lleva empresas brasile\u00f1as a la Feria M&#038;M Bogot\u00e1","datePublished":"2014-03-11T03:00:00+00:00","dateModified":"2021-05-26T13:28:38+00:00","mainEntityOfPage":{"@id":"https:\/\/www.sindmoveis.com.br\/es\/orchestra-brasil-leva-empresas-brasileiras-a-feira-mm-bogota\/"},"wordCount":594,"image":{"@id":"https:\/\/www.sindmoveis.com.br\/es\/orchestra-brasil-leva-empresas-brasileiras-a-feira-mm-bogota\/#primaryimage"},"thumbnailUrl":"https:\/\/www.sindmoveis.com.br\/es\/wp-content\/uploads\/2021\/05\/p1394566585.jpg","articleSection":["Proyecto Orchestra Brasil","Sindm\u00f3veis"],"inLanguage":"es"},{"@type":"WebPage","@id":"https:\/\/www.sindmoveis.com.br\/es\/orchestra-brasil-leva-empresas-brasileiras-a-feira-mm-bogota\/","url":"https:\/\/www.sindmoveis.com.br\/es\/orchestra-brasil-leva-empresas-brasileiras-a-feira-mm-bogota\/","name":"Orchestra Brasil lleva empresas brasile\u00f1as a la Feria M&M Bogot\u00e1 - Sindm\u00f3veis-RS","isPartOf":{"@id":"https:\/\/www.sindmoveis.com.br\/es\/#website"},"primaryImageOfPage":{"@id":"https:\/\/www.sindmoveis.com.br\/es\/orchestra-brasil-leva-empresas-brasileiras-a-feira-mm-bogota\/#primaryimage"},"image":{"@id":"https:\/\/www.sindmoveis.com.br\/es\/orchestra-brasil-leva-empresas-brasileiras-a-feira-mm-bogota\/#primaryimage"},"thumbnailUrl":"https:\/\/www.sindmoveis.com.br\/es\/wp-content\/uploads\/2021\/05\/p1394566585.jpg","datePublished":"2014-03-11T03:00:00+00:00","dateModified":"2021-05-26T13:28:38+00:00","author":{"@id":"https:\/\/www.sindmoveis.com.br\/es\/#\/schema\/person\/16d379542db1950a17fe188179340d57"},"inLanguage":"es","potentialAction":[{"@type":"ReadAction","target":["https:\/\/www.sindmoveis.com.br\/es\/orchestra-brasil-leva-empresas-brasileiras-a-feira-mm-bogota\/"]}]},{"@type":"ImageObject","inLanguage":"es","@id":"https:\/\/www.sindmoveis.com.br\/es\/orchestra-brasil-leva-empresas-brasileiras-a-feira-mm-bogota\/#primaryimage","url":"https:\/\/www.sindmoveis.com.br\/es\/wp-content\/uploads\/2021\/05\/p1394566585.jpg","contentUrl":"https:\/\/www.sindmoveis.com.br\/es\/wp-content\/uploads\/2021\/05\/p1394566585.jpg","width":1500,"height":996},{"@type":"WebSite","@id":"https:\/\/www.sindmoveis.com.br\/es\/#website","url":"https:\/\/www.sindmoveis.com.br\/es\/","name":"Sindm\u00f3veis-RS","description":"","potentialAction":[{"@type":"SearchAction","target":{"@type":"EntryPoint","urlTemplate":"https:\/\/www.sindmoveis.com.br\/es\/?s={search_term_string}"},"query-input":{"@type":"PropertyValueSpecification","valueRequired":true,"valueName":"search_term_string"}}],"inLanguage":"es"},{"@type":"Person","@id":"https:\/\/www.sindmoveis.com.br\/es\/#\/schema\/person\/16d379542db1950a17fe188179340d57","name":"Imprensa Sindm\u00f3veis","image":{"@type":"ImageObject","inLanguage":"es","@id":"https:\/\/www.sindmoveis.com.br\/es\/#\/schema\/person\/image\/","url":"https:\/\/secure.gravatar.com\/avatar\/4973e2e2c2a0cb5db30b0c7b770041b8e33d048a16b695a1f99c042449d4bfaf?s=96&d=mm&r=g","contentUrl":"https:\/\/secure.gravatar.com\/avatar\/4973e2e2c2a0cb5db30b0c7b770041b8e33d048a16b695a1f99c042449d4bfaf?s=96&d=mm&r=g","caption":"Imprensa Sindm\u00f3veis"},"url":"https:\/\/www.sindmoveis.com.br\/es\/author\/ana\/"}]}},"_links":{"self":[{"href":"https:\/\/www.sindmoveis.com.br\/es\/wp-json\/wp\/v2\/posts\/1073","targetHints":{"allow":["GET"]}}],"collection":[{"href":"https:\/\/www.sindmoveis.com.br\/es\/wp-json\/wp\/v2\/posts"}],"about":[{"href":"https:\/\/www.sindmoveis.com.br\/es\/wp-json\/wp\/v2\/types\/post"}],"author":[{"embeddable":true,"href":"https:\/\/www.sindmoveis.com.br\/es\/wp-json\/wp\/v2\/users\/5"}],"replies":[{"embeddable":true,"href":"https:\/\/www.sindmoveis.com.br\/es\/wp-json\/wp\/v2\/comments?post=1073"}],"version-history":[{"count":2,"href":"https:\/\/www.sindmoveis.com.br\/es\/wp-json\/wp\/v2\/posts\/1073\/revisions"}],"predecessor-version":[{"id":3367,"href":"https:\/\/www.sindmoveis.com.br\/es\/wp-json\/wp\/v2\/posts\/1073\/revisions\/3367"}],"wp:featuredmedia":[{"embeddable":true,"href":"https:\/\/www.sindmoveis.com.br\/es\/wp-json\/wp\/v2\/media\/3368"}],"wp:attachment":[{"href":"https:\/\/www.sindmoveis.com.br\/es\/wp-json\/wp\/v2\/media?parent=1073"}],"wp:term":[{"taxonomy":"category","embeddable":true,"href":"https:\/\/www.sindmoveis.com.br\/es\/wp-json\/wp\/v2\/categories?post=1073"},{"taxonomy":"post_tag","embeddable":true,"href":"https:\/\/www.sindmoveis.com.br\/es\/wp-json\/wp\/v2\/tags?post=1073"}],"curies":[{"name":"wp","href":"https:\/\/api.w.org\/{rel}","templated":true}]}}