{"id":1070,"date":"2014-02-24T00:00:00","date_gmt":"2014-02-24T03:00:00","guid":{"rendered":"http:\/\/sindmoveis.com.br\/imprensa\/noticias\/salao-design-tem-14-premiados-e-oito-mencoes\/"},"modified":"2021-05-26T10:27:48","modified_gmt":"2021-05-26T13:27:48","slug":"salao-design-tem-14-premiados-e-oito-mencoes","status":"publish","type":"post","link":"https:\/\/www.sindmoveis.com.br\/es\/salao-design-tem-14-premiados-e-oito-mencoes\/","title":{"rendered":"Sal\u00e3o Design tiene 14 premiados y ocho menciones de honor"},"content":{"rendered":"<div>El Sal&atilde;o Design Movelsul Brasil 2014 divulg&oacute; el lunes pasado, d&iacute;a 24, la lista de premiaciones y menciones de honor de esta edici&oacute;n. Entre los agraciados, una situaci&oacute;n in&eacute;dita: los jurados consideraron que dos productos de la categor&iacute;a Muebles para Sala de Estar y Comedor ten&iacute;an los requisitos para recibir el premio. De esa forma, por la primera vez una categor&iacute;a tuvo dos vencedores: el estudio UNT Intelligence Design y el dise&ntilde;ador Pedro Paulo Venzon Filho, de Erechim.<\/div>\n<div>Al todo, fueron premiados 14 productos de 4 pa&iacute;ses &ndash; Brasil, Argentina, Colombia y Uruguay. Adem&aacute;s de las premiaciones en dinero, otros ocho recibieron menciones de honor y tambi&eacute;n fueron concedidos los premios Profesor Orientador y Maderas Alternativas. Formada por cinco profesionales del dise&ntilde;o, la comisi&oacute;n juzgadora premi&oacute; los productos que mejor expresaron el concepto de dise&ntilde;o democr&aacute;tico &ndash; en lo que respecta a un lenguaje claro y accesible al entendimiento de todos.<\/div>\n<div>Realizado desde hace 25 a&ntilde;os por el Sindicato de las Industrias del Mobiliario de Bento Gon&ccedil;alves (Sindm&oacute;veis), el premio Sal&atilde;o Design es el mayor del g&eacute;nero en Am&eacute;rica Latina, distribuyendo R$ 175 mil y un sello exclusivo para uso en los productos agraciados. El premio integra creatividad e innovaci&oacute;n tecnol&oacute;gica a muebles y accesorios por medio del dise&ntilde;o, adem&aacute;s de ser una vitrina para el trabajo de los dise&ntilde;adores. Los proyectos aprobados para la segunda etapa y que atendieron las condiciones del reglamento participar&aacute;n de la muestra Sal&atilde;o Design, durante Movelsul Brasil 2014, entre los d&iacute;as 24 y 28 de marzo, en Bento Gon&ccedil;alves.<\/div>\n<div>La lista completa de los vencedores est&aacute; disponible en el link <a href=\"http:\/\/www.salaodesign.com.br\/blog\" target=\"\" rel=\"noopener\">www.salaodesign.com.br\/blog<\/a>.<\/div>\n","protected":false},"excerpt":{"rendered":"<p>El Sal\u00e3o Design Movelsul Brasil 2014 divulg\u00f3 el lunes pasado, d\u00eda 24, la lista de premiaciones y menciones de honor de esta edici\u00f3n. Entre los agraciados, una situaci\u00f3n in\u00e9dita: los jurados consideraron que dos productos de la categor\u00eda Muebles para Sala de Estar y Comedor ten\u00edan los requisitos para recibir el premio. De esa forma, por la primera vez una categor\u00eda tuvo dos vencedores: el estudio UNT Intelligence Design y el dise\u00f1ador Pedro Paulo Venzon Filho, de Erechim.<br \/>\nAl todo, fueron premiados 14 productos de 4 pa\u00edses \u2013 Brasil, Argentina, Colombia y Uruguay. Adem\u00e1s de las premiaciones en dinero, otros ocho recibieron menciones de honor y tambi\u00e9n fueron concedidos los premios Profesor Orientador y Maderas Alternativas.<\/p>\n","protected":false},"author":5,"featured_media":3366,"comment_status":"closed","ping_status":"open","sticky":false,"template":"","format":"standard","meta":{"footnotes":"","_links_to":"","_links_to_target":""},"categories":[21,2],"tags":[],"class_list":["post-1070","post","type-post","status-publish","format-standard","has-post-thumbnail","hentry","category-premio-salao-design","category-sindmoveis"],"yoast_head":"<!-- This site is optimized with the Yoast SEO plugin v27.0 - https:\/\/yoast.com\/product\/yoast-seo-wordpress\/ -->\n<title>Sal\u00e3o Design tiene 14 premiados y ocho menciones de honor - Sindm\u00f3veis-RS<\/title>\n<meta name=\"robots\" content=\"index, follow, max-snippet:-1, max-image-preview:large, max-video-preview:-1\" \/>\n<link rel=\"canonical\" href=\"https:\/\/www.sindmoveis.com.br\/es\/salao-design-tem-14-premiados-e-oito-mencoes\/\" \/>\n<meta property=\"og:locale\" content=\"es_ES\" \/>\n<meta property=\"og:type\" content=\"article\" \/>\n<meta property=\"og:title\" content=\"Sal\u00e3o Design tiene 14 premiados y ocho menciones de honor - Sindm\u00f3veis-RS\" \/>\n<meta property=\"og:description\" content=\"El Sal\u00e3o Design Movelsul Brasil 2014 divulg\u00f3 el lunes pasado, d\u00eda 24, la lista de premiaciones y menciones de honor de esta edici\u00f3n. Entre los agraciados, una situaci\u00f3n in\u00e9dita: los jurados consideraron que dos productos de la categor\u00eda Muebles para Sala de Estar y Comedor ten\u00edan los requisitos para recibir el premio. De esa forma, por la primera vez una categor\u00eda tuvo dos vencedores: el estudio UNT Intelligence Design y el dise\u00f1ador Pedro Paulo Venzon Filho, de Erechim. Al todo, fueron premiados 14 productos de 4 pa\u00edses \u2013 Brasil, Argentina, Colombia y Uruguay. Adem\u00e1s de las premiaciones en dinero, otros ocho recibieron menciones de honor y tambi\u00e9n fueron concedidos los premios Profesor Orientador y Maderas Alternativas.\" \/>\n<meta property=\"og:url\" content=\"https:\/\/www.sindmoveis.com.br\/es\/salao-design-tem-14-premiados-e-oito-mencoes\/\" \/>\n<meta property=\"og:site_name\" content=\"Sindm\u00f3veis-RS\" \/>\n<meta property=\"article:published_time\" content=\"2014-02-24T03:00:00+00:00\" \/>\n<meta property=\"article:modified_time\" content=\"2021-05-26T13:27:48+00:00\" \/>\n<meta property=\"og:image\" content=\"https:\/\/www.sindmoveis.com.br\/es\/wp-content\/uploads\/2021\/05\/p1393273544.jpg\" \/>\n\t<meta property=\"og:image:width\" content=\"1181\" \/>\n\t<meta property=\"og:image:height\" content=\"569\" \/>\n\t<meta property=\"og:image:type\" content=\"image\/jpeg\" \/>\n<meta name=\"author\" content=\"Imprensa Sindm\u00f3veis\" \/>\n<meta name=\"twitter:card\" content=\"summary_large_image\" \/>\n<meta name=\"twitter:label1\" content=\"Escrito por\" \/>\n\t<meta name=\"twitter:data1\" content=\"Imprensa Sindm\u00f3veis\" \/>\n\t<meta name=\"twitter:label2\" content=\"Tiempo de lectura\" \/>\n\t<meta name=\"twitter:data2\" content=\"2 minutos\" \/>\n<script type=\"application\/ld+json\" class=\"yoast-schema-graph\">{\"@context\":\"https:\/\/schema.org\",\"@graph\":[{\"@type\":\"Article\",\"@id\":\"https:\/\/www.sindmoveis.com.br\/es\/salao-design-tem-14-premiados-e-oito-mencoes\/#article\",\"isPartOf\":{\"@id\":\"https:\/\/www.sindmoveis.com.br\/es\/salao-design-tem-14-premiados-e-oito-mencoes\/\"},\"author\":{\"name\":\"Imprensa Sindm\u00f3veis\",\"@id\":\"https:\/\/www.sindmoveis.com.br\/es\/#\/schema\/person\/16d379542db1950a17fe188179340d57\"},\"headline\":\"Sal\u00e3o Design tiene 14 premiados y ocho menciones de honor\",\"datePublished\":\"2014-02-24T03:00:00+00:00\",\"dateModified\":\"2021-05-26T13:27:48+00:00\",\"mainEntityOfPage\":{\"@id\":\"https:\/\/www.sindmoveis.com.br\/es\/salao-design-tem-14-premiados-e-oito-mencoes\/\"},\"wordCount\":337,\"image\":{\"@id\":\"https:\/\/www.sindmoveis.com.br\/es\/salao-design-tem-14-premiados-e-oito-mencoes\/#primaryimage\"},\"thumbnailUrl\":\"https:\/\/www.sindmoveis.com.br\/es\/wp-content\/uploads\/2021\/05\/p1393273544.jpg\",\"articleSection\":[\"Premio Sal\u00e3o Design\",\"Sindm\u00f3veis\"],\"inLanguage\":\"es\"},{\"@type\":\"WebPage\",\"@id\":\"https:\/\/www.sindmoveis.com.br\/es\/salao-design-tem-14-premiados-e-oito-mencoes\/\",\"url\":\"https:\/\/www.sindmoveis.com.br\/es\/salao-design-tem-14-premiados-e-oito-mencoes\/\",\"name\":\"Sal\u00e3o Design tiene 14 premiados y ocho menciones de honor - Sindm\u00f3veis-RS\",\"isPartOf\":{\"@id\":\"https:\/\/www.sindmoveis.com.br\/es\/#website\"},\"primaryImageOfPage\":{\"@id\":\"https:\/\/www.sindmoveis.com.br\/es\/salao-design-tem-14-premiados-e-oito-mencoes\/#primaryimage\"},\"image\":{\"@id\":\"https:\/\/www.sindmoveis.com.br\/es\/salao-design-tem-14-premiados-e-oito-mencoes\/#primaryimage\"},\"thumbnailUrl\":\"https:\/\/www.sindmoveis.com.br\/es\/wp-content\/uploads\/2021\/05\/p1393273544.jpg\",\"datePublished\":\"2014-02-24T03:00:00+00:00\",\"dateModified\":\"2021-05-26T13:27:48+00:00\",\"author\":{\"@id\":\"https:\/\/www.sindmoveis.com.br\/es\/#\/schema\/person\/16d379542db1950a17fe188179340d57\"},\"inLanguage\":\"es\",\"potentialAction\":[{\"@type\":\"ReadAction\",\"target\":[\"https:\/\/www.sindmoveis.com.br\/es\/salao-design-tem-14-premiados-e-oito-mencoes\/\"]}]},{\"@type\":\"ImageObject\",\"inLanguage\":\"es\",\"@id\":\"https:\/\/www.sindmoveis.com.br\/es\/salao-design-tem-14-premiados-e-oito-mencoes\/#primaryimage\",\"url\":\"https:\/\/www.sindmoveis.com.br\/es\/wp-content\/uploads\/2021\/05\/p1393273544.jpg\",\"contentUrl\":\"https:\/\/www.sindmoveis.com.br\/es\/wp-content\/uploads\/2021\/05\/p1393273544.jpg\",\"width\":1181,\"height\":569},{\"@type\":\"WebSite\",\"@id\":\"https:\/\/www.sindmoveis.com.br\/es\/#website\",\"url\":\"https:\/\/www.sindmoveis.com.br\/es\/\",\"name\":\"Sindm\u00f3veis-RS\",\"description\":\"\",\"potentialAction\":[{\"@type\":\"SearchAction\",\"target\":{\"@type\":\"EntryPoint\",\"urlTemplate\":\"https:\/\/www.sindmoveis.com.br\/es\/?s={search_term_string}\"},\"query-input\":{\"@type\":\"PropertyValueSpecification\",\"valueRequired\":true,\"valueName\":\"search_term_string\"}}],\"inLanguage\":\"es\"},{\"@type\":\"Person\",\"@id\":\"https:\/\/www.sindmoveis.com.br\/es\/#\/schema\/person\/16d379542db1950a17fe188179340d57\",\"name\":\"Imprensa Sindm\u00f3veis\",\"image\":{\"@type\":\"ImageObject\",\"inLanguage\":\"es\",\"@id\":\"https:\/\/www.sindmoveis.com.br\/es\/#\/schema\/person\/image\/\",\"url\":\"https:\/\/secure.gravatar.com\/avatar\/4973e2e2c2a0cb5db30b0c7b770041b8e33d048a16b695a1f99c042449d4bfaf?s=96&d=mm&r=g\",\"contentUrl\":\"https:\/\/secure.gravatar.com\/avatar\/4973e2e2c2a0cb5db30b0c7b770041b8e33d048a16b695a1f99c042449d4bfaf?s=96&d=mm&r=g\",\"caption\":\"Imprensa Sindm\u00f3veis\"},\"url\":\"https:\/\/www.sindmoveis.com.br\/es\/author\/ana\/\"}]}<\/script>\n<!-- \/ Yoast SEO plugin. -->","yoast_head_json":{"title":"Sal\u00e3o Design tiene 14 premiados y ocho menciones de honor - Sindm\u00f3veis-RS","robots":{"index":"index","follow":"follow","max-snippet":"max-snippet:-1","max-image-preview":"max-image-preview:large","max-video-preview":"max-video-preview:-1"},"canonical":"https:\/\/www.sindmoveis.com.br\/es\/salao-design-tem-14-premiados-e-oito-mencoes\/","og_locale":"es_ES","og_type":"article","og_title":"Sal\u00e3o Design tiene 14 premiados y ocho menciones de honor - Sindm\u00f3veis-RS","og_description":"El Sal\u00e3o Design Movelsul Brasil 2014 divulg\u00f3 el lunes pasado, d\u00eda 24, la lista de premiaciones y menciones de honor de esta edici\u00f3n. Entre los agraciados, una situaci\u00f3n in\u00e9dita: los jurados consideraron que dos productos de la categor\u00eda Muebles para Sala de Estar y Comedor ten\u00edan los requisitos para recibir el premio. De esa forma, por la primera vez una categor\u00eda tuvo dos vencedores: el estudio UNT Intelligence Design y el dise\u00f1ador Pedro Paulo Venzon Filho, de Erechim. Al todo, fueron premiados 14 productos de 4 pa\u00edses \u2013 Brasil, Argentina, Colombia y Uruguay. Adem\u00e1s de las premiaciones en dinero, otros ocho recibieron menciones de honor y tambi\u00e9n fueron concedidos los premios Profesor Orientador y Maderas Alternativas.","og_url":"https:\/\/www.sindmoveis.com.br\/es\/salao-design-tem-14-premiados-e-oito-mencoes\/","og_site_name":"Sindm\u00f3veis-RS","article_published_time":"2014-02-24T03:00:00+00:00","article_modified_time":"2021-05-26T13:27:48+00:00","og_image":[{"width":1181,"height":569,"url":"https:\/\/www.sindmoveis.com.br\/es\/wp-content\/uploads\/2021\/05\/p1393273544.jpg","type":"image\/jpeg"}],"author":"Imprensa Sindm\u00f3veis","twitter_card":"summary_large_image","twitter_misc":{"Escrito por":"Imprensa Sindm\u00f3veis","Tiempo de lectura":"2 minutos"},"schema":{"@context":"https:\/\/schema.org","@graph":[{"@type":"Article","@id":"https:\/\/www.sindmoveis.com.br\/es\/salao-design-tem-14-premiados-e-oito-mencoes\/#article","isPartOf":{"@id":"https:\/\/www.sindmoveis.com.br\/es\/salao-design-tem-14-premiados-e-oito-mencoes\/"},"author":{"name":"Imprensa Sindm\u00f3veis","@id":"https:\/\/www.sindmoveis.com.br\/es\/#\/schema\/person\/16d379542db1950a17fe188179340d57"},"headline":"Sal\u00e3o Design tiene 14 premiados y ocho menciones de honor","datePublished":"2014-02-24T03:00:00+00:00","dateModified":"2021-05-26T13:27:48+00:00","mainEntityOfPage":{"@id":"https:\/\/www.sindmoveis.com.br\/es\/salao-design-tem-14-premiados-e-oito-mencoes\/"},"wordCount":337,"image":{"@id":"https:\/\/www.sindmoveis.com.br\/es\/salao-design-tem-14-premiados-e-oito-mencoes\/#primaryimage"},"thumbnailUrl":"https:\/\/www.sindmoveis.com.br\/es\/wp-content\/uploads\/2021\/05\/p1393273544.jpg","articleSection":["Premio Sal\u00e3o Design","Sindm\u00f3veis"],"inLanguage":"es"},{"@type":"WebPage","@id":"https:\/\/www.sindmoveis.com.br\/es\/salao-design-tem-14-premiados-e-oito-mencoes\/","url":"https:\/\/www.sindmoveis.com.br\/es\/salao-design-tem-14-premiados-e-oito-mencoes\/","name":"Sal\u00e3o Design tiene 14 premiados y ocho menciones de honor - Sindm\u00f3veis-RS","isPartOf":{"@id":"https:\/\/www.sindmoveis.com.br\/es\/#website"},"primaryImageOfPage":{"@id":"https:\/\/www.sindmoveis.com.br\/es\/salao-design-tem-14-premiados-e-oito-mencoes\/#primaryimage"},"image":{"@id":"https:\/\/www.sindmoveis.com.br\/es\/salao-design-tem-14-premiados-e-oito-mencoes\/#primaryimage"},"thumbnailUrl":"https:\/\/www.sindmoveis.com.br\/es\/wp-content\/uploads\/2021\/05\/p1393273544.jpg","datePublished":"2014-02-24T03:00:00+00:00","dateModified":"2021-05-26T13:27:48+00:00","author":{"@id":"https:\/\/www.sindmoveis.com.br\/es\/#\/schema\/person\/16d379542db1950a17fe188179340d57"},"inLanguage":"es","potentialAction":[{"@type":"ReadAction","target":["https:\/\/www.sindmoveis.com.br\/es\/salao-design-tem-14-premiados-e-oito-mencoes\/"]}]},{"@type":"ImageObject","inLanguage":"es","@id":"https:\/\/www.sindmoveis.com.br\/es\/salao-design-tem-14-premiados-e-oito-mencoes\/#primaryimage","url":"https:\/\/www.sindmoveis.com.br\/es\/wp-content\/uploads\/2021\/05\/p1393273544.jpg","contentUrl":"https:\/\/www.sindmoveis.com.br\/es\/wp-content\/uploads\/2021\/05\/p1393273544.jpg","width":1181,"height":569},{"@type":"WebSite","@id":"https:\/\/www.sindmoveis.com.br\/es\/#website","url":"https:\/\/www.sindmoveis.com.br\/es\/","name":"Sindm\u00f3veis-RS","description":"","potentialAction":[{"@type":"SearchAction","target":{"@type":"EntryPoint","urlTemplate":"https:\/\/www.sindmoveis.com.br\/es\/?s={search_term_string}"},"query-input":{"@type":"PropertyValueSpecification","valueRequired":true,"valueName":"search_term_string"}}],"inLanguage":"es"},{"@type":"Person","@id":"https:\/\/www.sindmoveis.com.br\/es\/#\/schema\/person\/16d379542db1950a17fe188179340d57","name":"Imprensa Sindm\u00f3veis","image":{"@type":"ImageObject","inLanguage":"es","@id":"https:\/\/www.sindmoveis.com.br\/es\/#\/schema\/person\/image\/","url":"https:\/\/secure.gravatar.com\/avatar\/4973e2e2c2a0cb5db30b0c7b770041b8e33d048a16b695a1f99c042449d4bfaf?s=96&d=mm&r=g","contentUrl":"https:\/\/secure.gravatar.com\/avatar\/4973e2e2c2a0cb5db30b0c7b770041b8e33d048a16b695a1f99c042449d4bfaf?s=96&d=mm&r=g","caption":"Imprensa Sindm\u00f3veis"},"url":"https:\/\/www.sindmoveis.com.br\/es\/author\/ana\/"}]}},"_links":{"self":[{"href":"https:\/\/www.sindmoveis.com.br\/es\/wp-json\/wp\/v2\/posts\/1070","targetHints":{"allow":["GET"]}}],"collection":[{"href":"https:\/\/www.sindmoveis.com.br\/es\/wp-json\/wp\/v2\/posts"}],"about":[{"href":"https:\/\/www.sindmoveis.com.br\/es\/wp-json\/wp\/v2\/types\/post"}],"author":[{"embeddable":true,"href":"https:\/\/www.sindmoveis.com.br\/es\/wp-json\/wp\/v2\/users\/5"}],"replies":[{"embeddable":true,"href":"https:\/\/www.sindmoveis.com.br\/es\/wp-json\/wp\/v2\/comments?post=1070"}],"version-history":[{"count":2,"href":"https:\/\/www.sindmoveis.com.br\/es\/wp-json\/wp\/v2\/posts\/1070\/revisions"}],"predecessor-version":[{"id":3365,"href":"https:\/\/www.sindmoveis.com.br\/es\/wp-json\/wp\/v2\/posts\/1070\/revisions\/3365"}],"wp:featuredmedia":[{"embeddable":true,"href":"https:\/\/www.sindmoveis.com.br\/es\/wp-json\/wp\/v2\/media\/3366"}],"wp:attachment":[{"href":"https:\/\/www.sindmoveis.com.br\/es\/wp-json\/wp\/v2\/media?parent=1070"}],"wp:term":[{"taxonomy":"category","embeddable":true,"href":"https:\/\/www.sindmoveis.com.br\/es\/wp-json\/wp\/v2\/categories?post=1070"},{"taxonomy":"post_tag","embeddable":true,"href":"https:\/\/www.sindmoveis.com.br\/es\/wp-json\/wp\/v2\/tags?post=1070"}],"curies":[{"name":"wp","href":"https:\/\/api.w.org\/{rel}","templated":true}]}}