{"id":1069,"date":"2014-02-17T00:00:00","date_gmt":"2014-02-17T03:00:00","guid":{"rendered":"http:\/\/sindmoveis.com.br\/imprensa\/noticias\/movelsul-consolida-foco-no-novo-consumidor\/"},"modified":"2021-05-26T10:31:43","modified_gmt":"2021-05-26T13:31:43","slug":"movelsul-consolida-foco-no-novo-consumidor","status":"publish","type":"post","link":"https:\/\/www.sindmoveis.com.br\/es\/movelsul-consolida-foco-no-novo-consumidor\/","title":{"rendered":"Movelsul consolida focalizaci\u00f3n en el nuevo consumidor"},"content":{"rendered":"<div><em>Instituto Data Popular apunta que gasto con mobiliario por la clase media fue de R$ 23 mil millones en 2013<\/em><\/div>\n<div>&nbsp;<\/div>\n<div>Con el objetivo de consolidar la focalizaci&oacute;n en la nueva clase media, Movelsul Brasil, mayor feria de muebles y complementos de Am&eacute;rica Latina, apuesta en el aumento del poder de compra de su p&uacute;blico objetivo. La expectativa es que la 19&ordf; edici&oacute;n de la feria, realizada por el Sindicato de las Industrias del Mobiliario de Bento Gon&ccedil;alves (Sindm&oacute;veis), genere negocios por un valor de U$ 300 millones, en un per&iacute;odo de 12 meses. Marcado para 24 a 28 de marzo de 2014, el evento ocurre en el Parque de Eventos de Bento Gon&ccedil;alves.<\/div>\n<div>.En 2013, el gasto del brasile&ntilde;o con mobiliario lleg&oacute; a 50 mil millones de reales, solamente por parte de la clase media. Conforme el Instituto Data Popular, las regiones que m&aacute;s consumieron de ese total verificado, fueron el Sureste, con R$ 23 mil millones, seguido por el Nordeste, con 10.300 millones. Los estados del Sureste y del Nordeste tambi&eacute;n aparecen en la encuesta como los que m&aacute;s pretenden comprar en los pr&oacute;ximos 12 meses. El estudio muestra tambi&eacute;n que 19 millones de brasile&ntilde;os de clase media desean adquirir muebles en este a&ntilde;o.&nbsp;<\/div>\n<div>Entre aquellos que ya compraron muebles, 85% dicen optar por grandes tiendas. En el momento de la selecci&oacute;n del producto, 49% de la clase media lleva en cuenta precio y calidad, siendo que la formas de pago preferidas son la tarjeta de cr&eacute;dito y el dinero. La renta tambi&eacute;n est&aacute; directamente relacionada al estilo del mueble que las personas m&aacute;s desean. Cuanto menor es el salario, mayor es la adhesi&oacute;n al estilo moderno. A partir de esa l&oacute;gica, Norte y Nordeste son las regiones que m&aacute;s quieren comprar art&iacute;culos contempor&aacute;neos.<\/div>\n<div>Movelsul Brasil viene focalizando su trabajo en la nueva clase media desde su edici&oacute;n pasada, en 2012. Seg&uacute;n el presidente de Sindm&oacute;veis, Henrique Tecchio, las industrias que tambi&eacute;n apostaron en ese nuevo mercado ya est&aacute;n percibiendo resultados. En 2013, las empresas de muebles populares fueron las que m&aacute;s crecieron en el sector, mientras que las fabricantes de muebles proyectados enfrentaron dificultades para no cerrar el a&ntilde;o con p&eacute;rdidas. &ldquo;El estudio solicitado al Instituto Data Popular sirve como subsidio al expositor, suministrando informaciones sobre el perfil del mueble preferido por los brasile&ntilde;os. La feria, en marzo, debe pautar la oferta para las ventas al por menor para el a&ntilde;o&rdquo;, apunta.<\/div>\n<div>&nbsp;<\/div>\n<div><strong>Nordeste es la regi&oacute;n con mayor expansi&oacute;n en la nueva clase media<\/strong><\/div>\n<div>En la &uacute;ltima d&eacute;cada, 40 millones de brasile&ntilde;os pasaron a integrar la clase media, formando un estrato de m&aacute;s de 100 millones de personas. Son ciudadanos que salieron de la pobreza y pasaron a hacer parte del universo de consumo propiciado por transformaciones pol&iacute;ticas y econ&oacute;micas.<\/div>\n<div>Actualmente, 54% de la poblaci&oacute;n brasile&ntilde;a hace parte de la nueva clase media. Hace diez a&ntilde;os era 38%. En ese intervalo de tiempo, las regiones que m&aacute;s tuvieron expansi&oacute;n de la clase media fueron Nordeste (+ 26%) y Norte (+ 19%). Enseguida aparecen Centro Oeste (+ 17%), sureste (+10% y Sur (+7%).<\/div>\n<div>&nbsp;<\/div>\n<div><strong>Muebles proyectados en colores neutros son los preferidos<\/strong><\/div>\n<div>A pesar de considerar muebles coloridos m&aacute;s bonitos, la decoraci&oacute;n que tiene m&aacute;s &eacute;xito entre la clase media es aquella que presenta tonos claros y estilo moderno. Blanco y otros colores neutros son las m&aacute;s escogidas, especialmente por combinar con sus casas.<\/div>\n<div>La cocina y el cuarto de los hijos aparecen como piezas privilegiadas para la compra de muebles proyectados. Sin embargo, en la imposibilidad de pagar por ese tipo de mobiliario, la familia de clase media opta por los muebles modulares. Adem&aacute;s de encajarse en los ambientes, los modulares componen el espacio de manera uniforme, semejante al proyectado.<\/div>\n<div>&nbsp;<\/div>\n<div><strong>Deseo por reformar y decorar<\/strong><\/div>\n<div>La reforma y la decoraci&oacute;n ejercen papel importante en la idea de construcci&oacute;n de un &ldquo;hogar&rdquo; para la nueva clase media brasile&ntilde;a. Seg&uacute;n el Instituto Data Popular, 55% de las personas pretenden reformar su casa en los pr&oacute;ximos 12 meses. De estas, 31% quieren cambiar decoraci&oacute;n de la residencia.<\/div>\n<div>La modernizaci&oacute;n tambi&eacute;n es una forma de volver el inmueble m&aacute;s agradable para vecinos y visitantes. Por ello, es recurrente la inversi&oacute;n en acabados y objetos de decoraci&oacute;n. A pesar del dormitorio ser el espacio en que las personas pasan m&aacute;s tiempo, la sala es prioridad en la hora de decorar. Entre los entrevistados por el instituto, 43% declara que ha invertido en la sala, contra 37 % en el dormitorio.<\/div>\n<div>&nbsp;<\/div>\n","protected":false},"excerpt":{"rendered":"<p>Con el objetivo de consolidar la focalizaci\u00f3n en la nueva clase media, Movelsul Brasil, mayor feria de muebles y complementos de Am\u00e9rica Latina, apuesta en el aumento del poder de compra de su p\u00fablico objetivo. La expectativa es que la 19\u00aa edici\u00f3n de la feria, realizada por el Sindicato de las Industrias del Mobiliario de Bento Gon\u00e7alves (Sindm\u00f3veis), genere negocios por un valor de U$ 300 millones, en un per\u00edodo de 12 meses.<\/p>\n","protected":false},"author":5,"featured_media":3364,"comment_status":"closed","ping_status":"open","sticky":false,"template":"","format":"standard","meta":{"footnotes":"","_links_to":"","_links_to_target":""},"categories":[23,2],"tags":[],"class_list":["post-1069","post","type-post","status-publish","format-standard","has-post-thumbnail","hentry","category-movelsul","category-sindmoveis"],"yoast_head":"<!-- This site is optimized with the Yoast SEO plugin v27.0 - https:\/\/yoast.com\/product\/yoast-seo-wordpress\/ -->\n<title>Movelsul consolida focalizaci\u00f3n en el nuevo consumidor - Sindm\u00f3veis-RS<\/title>\n<meta name=\"robots\" content=\"index, follow, max-snippet:-1, max-image-preview:large, max-video-preview:-1\" \/>\n<link rel=\"canonical\" href=\"https:\/\/www.sindmoveis.com.br\/es\/movelsul-consolida-foco-no-novo-consumidor\/\" \/>\n<meta property=\"og:locale\" content=\"es_ES\" \/>\n<meta property=\"og:type\" content=\"article\" \/>\n<meta property=\"og:title\" content=\"Movelsul consolida focalizaci\u00f3n en el nuevo consumidor - Sindm\u00f3veis-RS\" \/>\n<meta property=\"og:description\" content=\"Con el objetivo de consolidar la focalizaci\u00f3n en la nueva clase media, Movelsul Brasil, mayor feria de muebles y complementos de Am\u00e9rica Latina, apuesta en el aumento del poder de compra de su p\u00fablico objetivo. La expectativa es que la 19\u00aa edici\u00f3n de la feria, realizada por el Sindicato de las Industrias del Mobiliario de Bento Gon\u00e7alves (Sindm\u00f3veis), genere negocios por un valor de U$ 300 millones, en un per\u00edodo de 12 meses.\" \/>\n<meta property=\"og:url\" content=\"https:\/\/www.sindmoveis.com.br\/es\/movelsul-consolida-foco-no-novo-consumidor\/\" \/>\n<meta property=\"og:site_name\" content=\"Sindm\u00f3veis-RS\" \/>\n<meta property=\"article:published_time\" content=\"2014-02-17T03:00:00+00:00\" \/>\n<meta property=\"article:modified_time\" content=\"2021-05-26T13:31:43+00:00\" \/>\n<meta property=\"og:image\" content=\"https:\/\/www.sindmoveis.com.br\/es\/wp-content\/uploads\/2021\/05\/p1392659964.jpg\" \/>\n\t<meta property=\"og:image:width\" content=\"1500\" \/>\n\t<meta property=\"og:image:height\" content=\"2247\" \/>\n\t<meta property=\"og:image:type\" content=\"image\/jpeg\" \/>\n<meta name=\"author\" content=\"Imprensa Sindm\u00f3veis\" \/>\n<meta name=\"twitter:card\" content=\"summary_large_image\" \/>\n<meta name=\"twitter:label1\" content=\"Escrito por\" \/>\n\t<meta name=\"twitter:data1\" content=\"Imprensa Sindm\u00f3veis\" \/>\n\t<meta name=\"twitter:label2\" content=\"Tiempo de lectura\" \/>\n\t<meta name=\"twitter:data2\" content=\"4 minutos\" \/>\n<script type=\"application\/ld+json\" class=\"yoast-schema-graph\">{\"@context\":\"https:\/\/schema.org\",\"@graph\":[{\"@type\":\"Article\",\"@id\":\"https:\/\/www.sindmoveis.com.br\/es\/movelsul-consolida-foco-no-novo-consumidor\/#article\",\"isPartOf\":{\"@id\":\"https:\/\/www.sindmoveis.com.br\/es\/movelsul-consolida-foco-no-novo-consumidor\/\"},\"author\":{\"name\":\"Imprensa Sindm\u00f3veis\",\"@id\":\"https:\/\/www.sindmoveis.com.br\/es\/#\/schema\/person\/16d379542db1950a17fe188179340d57\"},\"headline\":\"Movelsul consolida focalizaci\u00f3n en el nuevo consumidor\",\"datePublished\":\"2014-02-17T03:00:00+00:00\",\"dateModified\":\"2021-05-26T13:31:43+00:00\",\"mainEntityOfPage\":{\"@id\":\"https:\/\/www.sindmoveis.com.br\/es\/movelsul-consolida-foco-no-novo-consumidor\/\"},\"wordCount\":861,\"image\":{\"@id\":\"https:\/\/www.sindmoveis.com.br\/es\/movelsul-consolida-foco-no-novo-consumidor\/#primaryimage\"},\"thumbnailUrl\":\"https:\/\/www.sindmoveis.com.br\/es\/wp-content\/uploads\/2021\/05\/p1392659964.jpg\",\"articleSection\":[\"Movelsul\",\"Sindm\u00f3veis\"],\"inLanguage\":\"es\"},{\"@type\":\"WebPage\",\"@id\":\"https:\/\/www.sindmoveis.com.br\/es\/movelsul-consolida-foco-no-novo-consumidor\/\",\"url\":\"https:\/\/www.sindmoveis.com.br\/es\/movelsul-consolida-foco-no-novo-consumidor\/\",\"name\":\"Movelsul consolida focalizaci\u00f3n en el nuevo consumidor - Sindm\u00f3veis-RS\",\"isPartOf\":{\"@id\":\"https:\/\/www.sindmoveis.com.br\/es\/#website\"},\"primaryImageOfPage\":{\"@id\":\"https:\/\/www.sindmoveis.com.br\/es\/movelsul-consolida-foco-no-novo-consumidor\/#primaryimage\"},\"image\":{\"@id\":\"https:\/\/www.sindmoveis.com.br\/es\/movelsul-consolida-foco-no-novo-consumidor\/#primaryimage\"},\"thumbnailUrl\":\"https:\/\/www.sindmoveis.com.br\/es\/wp-content\/uploads\/2021\/05\/p1392659964.jpg\",\"datePublished\":\"2014-02-17T03:00:00+00:00\",\"dateModified\":\"2021-05-26T13:31:43+00:00\",\"author\":{\"@id\":\"https:\/\/www.sindmoveis.com.br\/es\/#\/schema\/person\/16d379542db1950a17fe188179340d57\"},\"inLanguage\":\"es\",\"potentialAction\":[{\"@type\":\"ReadAction\",\"target\":[\"https:\/\/www.sindmoveis.com.br\/es\/movelsul-consolida-foco-no-novo-consumidor\/\"]}]},{\"@type\":\"ImageObject\",\"inLanguage\":\"es\",\"@id\":\"https:\/\/www.sindmoveis.com.br\/es\/movelsul-consolida-foco-no-novo-consumidor\/#primaryimage\",\"url\":\"https:\/\/www.sindmoveis.com.br\/es\/wp-content\/uploads\/2021\/05\/p1392659964.jpg\",\"contentUrl\":\"https:\/\/www.sindmoveis.com.br\/es\/wp-content\/uploads\/2021\/05\/p1392659964.jpg\",\"width\":1500,\"height\":2247},{\"@type\":\"WebSite\",\"@id\":\"https:\/\/www.sindmoveis.com.br\/es\/#website\",\"url\":\"https:\/\/www.sindmoveis.com.br\/es\/\",\"name\":\"Sindm\u00f3veis-RS\",\"description\":\"\",\"potentialAction\":[{\"@type\":\"SearchAction\",\"target\":{\"@type\":\"EntryPoint\",\"urlTemplate\":\"https:\/\/www.sindmoveis.com.br\/es\/?s={search_term_string}\"},\"query-input\":{\"@type\":\"PropertyValueSpecification\",\"valueRequired\":true,\"valueName\":\"search_term_string\"}}],\"inLanguage\":\"es\"},{\"@type\":\"Person\",\"@id\":\"https:\/\/www.sindmoveis.com.br\/es\/#\/schema\/person\/16d379542db1950a17fe188179340d57\",\"name\":\"Imprensa Sindm\u00f3veis\",\"image\":{\"@type\":\"ImageObject\",\"inLanguage\":\"es\",\"@id\":\"https:\/\/www.sindmoveis.com.br\/es\/#\/schema\/person\/image\/\",\"url\":\"https:\/\/secure.gravatar.com\/avatar\/4973e2e2c2a0cb5db30b0c7b770041b8e33d048a16b695a1f99c042449d4bfaf?s=96&d=mm&r=g\",\"contentUrl\":\"https:\/\/secure.gravatar.com\/avatar\/4973e2e2c2a0cb5db30b0c7b770041b8e33d048a16b695a1f99c042449d4bfaf?s=96&d=mm&r=g\",\"caption\":\"Imprensa Sindm\u00f3veis\"},\"url\":\"https:\/\/www.sindmoveis.com.br\/es\/author\/ana\/\"}]}<\/script>\n<!-- \/ Yoast SEO plugin. -->","yoast_head_json":{"title":"Movelsul consolida focalizaci\u00f3n en el nuevo consumidor - Sindm\u00f3veis-RS","robots":{"index":"index","follow":"follow","max-snippet":"max-snippet:-1","max-image-preview":"max-image-preview:large","max-video-preview":"max-video-preview:-1"},"canonical":"https:\/\/www.sindmoveis.com.br\/es\/movelsul-consolida-foco-no-novo-consumidor\/","og_locale":"es_ES","og_type":"article","og_title":"Movelsul consolida focalizaci\u00f3n en el nuevo consumidor - Sindm\u00f3veis-RS","og_description":"Con el objetivo de consolidar la focalizaci\u00f3n en la nueva clase media, Movelsul Brasil, mayor feria de muebles y complementos de Am\u00e9rica Latina, apuesta en el aumento del poder de compra de su p\u00fablico objetivo. La expectativa es que la 19\u00aa edici\u00f3n de la feria, realizada por el Sindicato de las Industrias del Mobiliario de Bento Gon\u00e7alves (Sindm\u00f3veis), genere negocios por un valor de U$ 300 millones, en un per\u00edodo de 12 meses.","og_url":"https:\/\/www.sindmoveis.com.br\/es\/movelsul-consolida-foco-no-novo-consumidor\/","og_site_name":"Sindm\u00f3veis-RS","article_published_time":"2014-02-17T03:00:00+00:00","article_modified_time":"2021-05-26T13:31:43+00:00","og_image":[{"width":1500,"height":2247,"url":"https:\/\/www.sindmoveis.com.br\/es\/wp-content\/uploads\/2021\/05\/p1392659964.jpg","type":"image\/jpeg"}],"author":"Imprensa Sindm\u00f3veis","twitter_card":"summary_large_image","twitter_misc":{"Escrito por":"Imprensa Sindm\u00f3veis","Tiempo de lectura":"4 minutos"},"schema":{"@context":"https:\/\/schema.org","@graph":[{"@type":"Article","@id":"https:\/\/www.sindmoveis.com.br\/es\/movelsul-consolida-foco-no-novo-consumidor\/#article","isPartOf":{"@id":"https:\/\/www.sindmoveis.com.br\/es\/movelsul-consolida-foco-no-novo-consumidor\/"},"author":{"name":"Imprensa Sindm\u00f3veis","@id":"https:\/\/www.sindmoveis.com.br\/es\/#\/schema\/person\/16d379542db1950a17fe188179340d57"},"headline":"Movelsul consolida focalizaci\u00f3n en el nuevo consumidor","datePublished":"2014-02-17T03:00:00+00:00","dateModified":"2021-05-26T13:31:43+00:00","mainEntityOfPage":{"@id":"https:\/\/www.sindmoveis.com.br\/es\/movelsul-consolida-foco-no-novo-consumidor\/"},"wordCount":861,"image":{"@id":"https:\/\/www.sindmoveis.com.br\/es\/movelsul-consolida-foco-no-novo-consumidor\/#primaryimage"},"thumbnailUrl":"https:\/\/www.sindmoveis.com.br\/es\/wp-content\/uploads\/2021\/05\/p1392659964.jpg","articleSection":["Movelsul","Sindm\u00f3veis"],"inLanguage":"es"},{"@type":"WebPage","@id":"https:\/\/www.sindmoveis.com.br\/es\/movelsul-consolida-foco-no-novo-consumidor\/","url":"https:\/\/www.sindmoveis.com.br\/es\/movelsul-consolida-foco-no-novo-consumidor\/","name":"Movelsul consolida focalizaci\u00f3n en el nuevo consumidor - Sindm\u00f3veis-RS","isPartOf":{"@id":"https:\/\/www.sindmoveis.com.br\/es\/#website"},"primaryImageOfPage":{"@id":"https:\/\/www.sindmoveis.com.br\/es\/movelsul-consolida-foco-no-novo-consumidor\/#primaryimage"},"image":{"@id":"https:\/\/www.sindmoveis.com.br\/es\/movelsul-consolida-foco-no-novo-consumidor\/#primaryimage"},"thumbnailUrl":"https:\/\/www.sindmoveis.com.br\/es\/wp-content\/uploads\/2021\/05\/p1392659964.jpg","datePublished":"2014-02-17T03:00:00+00:00","dateModified":"2021-05-26T13:31:43+00:00","author":{"@id":"https:\/\/www.sindmoveis.com.br\/es\/#\/schema\/person\/16d379542db1950a17fe188179340d57"},"inLanguage":"es","potentialAction":[{"@type":"ReadAction","target":["https:\/\/www.sindmoveis.com.br\/es\/movelsul-consolida-foco-no-novo-consumidor\/"]}]},{"@type":"ImageObject","inLanguage":"es","@id":"https:\/\/www.sindmoveis.com.br\/es\/movelsul-consolida-foco-no-novo-consumidor\/#primaryimage","url":"https:\/\/www.sindmoveis.com.br\/es\/wp-content\/uploads\/2021\/05\/p1392659964.jpg","contentUrl":"https:\/\/www.sindmoveis.com.br\/es\/wp-content\/uploads\/2021\/05\/p1392659964.jpg","width":1500,"height":2247},{"@type":"WebSite","@id":"https:\/\/www.sindmoveis.com.br\/es\/#website","url":"https:\/\/www.sindmoveis.com.br\/es\/","name":"Sindm\u00f3veis-RS","description":"","potentialAction":[{"@type":"SearchAction","target":{"@type":"EntryPoint","urlTemplate":"https:\/\/www.sindmoveis.com.br\/es\/?s={search_term_string}"},"query-input":{"@type":"PropertyValueSpecification","valueRequired":true,"valueName":"search_term_string"}}],"inLanguage":"es"},{"@type":"Person","@id":"https:\/\/www.sindmoveis.com.br\/es\/#\/schema\/person\/16d379542db1950a17fe188179340d57","name":"Imprensa Sindm\u00f3veis","image":{"@type":"ImageObject","inLanguage":"es","@id":"https:\/\/www.sindmoveis.com.br\/es\/#\/schema\/person\/image\/","url":"https:\/\/secure.gravatar.com\/avatar\/4973e2e2c2a0cb5db30b0c7b770041b8e33d048a16b695a1f99c042449d4bfaf?s=96&d=mm&r=g","contentUrl":"https:\/\/secure.gravatar.com\/avatar\/4973e2e2c2a0cb5db30b0c7b770041b8e33d048a16b695a1f99c042449d4bfaf?s=96&d=mm&r=g","caption":"Imprensa Sindm\u00f3veis"},"url":"https:\/\/www.sindmoveis.com.br\/es\/author\/ana\/"}]}},"_links":{"self":[{"href":"https:\/\/www.sindmoveis.com.br\/es\/wp-json\/wp\/v2\/posts\/1069","targetHints":{"allow":["GET"]}}],"collection":[{"href":"https:\/\/www.sindmoveis.com.br\/es\/wp-json\/wp\/v2\/posts"}],"about":[{"href":"https:\/\/www.sindmoveis.com.br\/es\/wp-json\/wp\/v2\/types\/post"}],"author":[{"embeddable":true,"href":"https:\/\/www.sindmoveis.com.br\/es\/wp-json\/wp\/v2\/users\/5"}],"replies":[{"embeddable":true,"href":"https:\/\/www.sindmoveis.com.br\/es\/wp-json\/wp\/v2\/comments?post=1069"}],"version-history":[{"count":2,"href":"https:\/\/www.sindmoveis.com.br\/es\/wp-json\/wp\/v2\/posts\/1069\/revisions"}],"predecessor-version":[{"id":3363,"href":"https:\/\/www.sindmoveis.com.br\/es\/wp-json\/wp\/v2\/posts\/1069\/revisions\/3363"}],"wp:featuredmedia":[{"embeddable":true,"href":"https:\/\/www.sindmoveis.com.br\/es\/wp-json\/wp\/v2\/media\/3364"}],"wp:attachment":[{"href":"https:\/\/www.sindmoveis.com.br\/es\/wp-json\/wp\/v2\/media?parent=1069"}],"wp:term":[{"taxonomy":"category","embeddable":true,"href":"https:\/\/www.sindmoveis.com.br\/es\/wp-json\/wp\/v2\/categories?post=1069"},{"taxonomy":"post_tag","embeddable":true,"href":"https:\/\/www.sindmoveis.com.br\/es\/wp-json\/wp\/v2\/tags?post=1069"}],"curies":[{"name":"wp","href":"https:\/\/api.w.org\/{rel}","templated":true}]}}