{"id":1062,"date":"2014-01-10T00:00:00","date_gmt":"2014-01-10T02:00:00","guid":{"rendered":"http:\/\/sindmoveis.com.br\/imprensa\/noticias\/movelsul-cumpre-agenda-de-divulgacao-internacional\/"},"modified":"2021-05-26T10:31:43","modified_gmt":"2021-05-26T13:31:43","slug":"movelsul-cumpre-agenda-de-divulgacao-internacional","status":"publish","type":"post","link":"https:\/\/www.sindmoveis.com.br\/es\/movelsul-cumpre-agenda-de-divulgacao-internacional\/","title":{"rendered":"Movelsul cumple agenda de divulgaci\u00f3n internacional"},"content":{"rendered":"<div><em>Hasta febrero, evento tendr&aacute; participaci&oacute;n em tr&ecirc;s importantes f&eacute;rias em alemania, Estados Unidos y M&eacute;xico<\/em><\/div>\n<div>Poco m&aacute;s de dos meses antes de su realizaci&oacute;n, Movelsul Brasil 2014 intensifica la agenda de divulgaci&oacute;n internacional con el objetivo de captar compradores extranjeros. Hasta febrero, Movelsul estar&aacute; presente en tres de los m&aacute;s importantes eventos del circuito mundial de ferias del sector: IMM colonia, Las Vegas Market y Expomueble Guadalajara.<\/div>\n<div>La feria alemana IMM, que ocurre de 13 a 19 de enero em Colonia, contar&aacute; con la participaci&oacute;n del presidente de Movelsul, Henrique Tecchio, y del equipo internacional de Sindm&oacute;veis. Considerado el segundo mayor de Europa en el segmento de mobiliario y tendencias para interiores, con nivel comparado al Sal&oacute;n del Mueble de Mil&aacute;n, el evento anual cuenta con m&aacute;s de 1.100 empresas expositoras de 50 pa&iacute;ses.<\/div>\n<div>La semana siguiente, de 26 a 30 de enero, Sindm&oacute;veis participa con stand propio en Las Vegas Market. La participaci&oacute;n en la feria, considerada &nbsp;la principal de los Estados Unidos y de perfil semejante a Movelsul, sucede desde hace cinco ediciones y est&aacute; auxiliando en la captaci&oacute;n de importadores para el per&iacute;odo de Movelsul y de distribuidores del mobiliario brasile&ntilde;o en el mercado de los Estados Unidos y Canad&aacute;. En esta ocasi&oacute;n, Las Vegas Market tendr&aacute; m&aacute;s de un mill&oacute;n de metros cuadrados de muestras de muebles, decoraci&oacute;n y accesorios para la casa, con 1.200 empresas expositoras.<\/div>\n<div>Cerrando la agenda internacional de Movelsul Brasil 2014, de 19 a 22 de febrero, la feria intensifica la divulgaci&oacute;n volcada a Am&eacute;rica Latina con stand propio en &nbsp;Expomueble Guadalajara. Esta es la mayor feria de muebles de M&eacute;xico realizada dos veces al a&ntilde;o, contando con la participaci&oacute;n de Movelsul siempre en su edici&oacute;n de invierno, y recibe la presencia de comerciantes de muebles nacionales y extranjeros en b&uacute;squeda de los lanzamientos para el a&ntilde;o. Son m&aacute;s de 500 expositores en 52 mil metros cuadrados de &aacute;rea, con muestra de mobiliario para el hogar, jard&iacute;n, oficina, art&iacute;culos de iluminaci&oacute;n y objetos de decoraci&oacute;n.<\/div>\n<div>Movelsul Brasil 2014 ya tiene 99% de sus espacios comercializados y espera m&aacute;s de 38 mil visitantes de Brasil y del exterior. La generaci&oacute;n de negocios con otros pa&iacute;ses es intensificada con la realizaci&oacute;n del Proyecto Comprador, que llega a su octava edici&oacute;n. Son esperados 30 compradores para rondas de negocios con industrias fabricantes de muebles que exponen en la feria con el objetivo de aumentar las exportaciones brasile&ntilde;as a trav&eacute;s de reuniones marcadas previamente. Entre los invitados, est&aacute;n confirmados los cinco mayores importadores de la edici&oacute;n de 2012.&nbsp;<\/div>\n<div>Con patroc&iacute;nio de Duratex, Sayerlack y Focco, la feria ocurre de 24 a 28 de marzo, en el Parque de Eventos de Bento Gon&ccedil;alves. Para m&aacute;s informaciones acceda a <a href=\"http:\/\/www.movelsul.com.br\" target=\"\" rel=\"noopener\">www.movelsul.com.br<\/a>&nbsp;<\/div>\n","protected":false},"excerpt":{"rendered":"<p>Poco m\u00e1s de dos meses antes de su realizaci\u00f3n, Movelsul Brasil 2014 intensifica la agenda de divulgaci\u00f3n internacional con el objetivo de captar compradores extranjeros. Hasta febrero, Movelsul estar\u00e1 presente en tres de los m\u00e1s importantes eventos del circuito mundial de ferias del sector: IMM colonia, Las Vegas Market y Expomueble Guadalajara.<\/p>\n","protected":false},"author":5,"featured_media":3359,"comment_status":"closed","ping_status":"open","sticky":false,"template":"","format":"standard","meta":{"footnotes":"","_links_to":"","_links_to_target":""},"categories":[23,2],"tags":[],"class_list":["post-1062","post","type-post","status-publish","format-standard","has-post-thumbnail","hentry","category-movelsul","category-sindmoveis"],"yoast_head":"<!-- This site is optimized with the Yoast SEO plugin v27.0 - https:\/\/yoast.com\/product\/yoast-seo-wordpress\/ -->\n<title>Movelsul cumple agenda de divulgaci\u00f3n internacional - Sindm\u00f3veis-RS<\/title>\n<meta name=\"robots\" content=\"index, follow, max-snippet:-1, max-image-preview:large, max-video-preview:-1\" \/>\n<link rel=\"canonical\" href=\"https:\/\/www.sindmoveis.com.br\/es\/movelsul-cumpre-agenda-de-divulgacao-internacional\/\" \/>\n<meta property=\"og:locale\" content=\"es_ES\" \/>\n<meta property=\"og:type\" content=\"article\" \/>\n<meta property=\"og:title\" content=\"Movelsul cumple agenda de divulgaci\u00f3n internacional - Sindm\u00f3veis-RS\" \/>\n<meta property=\"og:description\" content=\"Poco m\u00e1s de dos meses antes de su realizaci\u00f3n, Movelsul Brasil 2014 intensifica la agenda de divulgaci\u00f3n internacional con el objetivo de captar compradores extranjeros. Hasta febrero, Movelsul estar\u00e1 presente en tres de los m\u00e1s importantes eventos del circuito mundial de ferias del sector: IMM colonia, Las Vegas Market y Expomueble Guadalajara.\" \/>\n<meta property=\"og:url\" content=\"https:\/\/www.sindmoveis.com.br\/es\/movelsul-cumpre-agenda-de-divulgacao-internacional\/\" \/>\n<meta property=\"og:site_name\" content=\"Sindm\u00f3veis-RS\" \/>\n<meta property=\"article:published_time\" content=\"2014-01-10T02:00:00+00:00\" \/>\n<meta property=\"article:modified_time\" content=\"2021-05-26T13:31:43+00:00\" \/>\n<meta property=\"og:image\" content=\"https:\/\/www.sindmoveis.com.br\/es\/wp-content\/uploads\/2021\/05\/p1389376243.jpg\" \/>\n\t<meta property=\"og:image:width\" content=\"1034\" \/>\n\t<meta property=\"og:image:height\" content=\"530\" \/>\n\t<meta property=\"og:image:type\" content=\"image\/jpeg\" \/>\n<meta name=\"author\" content=\"Imprensa Sindm\u00f3veis\" \/>\n<meta name=\"twitter:card\" content=\"summary_large_image\" \/>\n<meta name=\"twitter:label1\" content=\"Escrito por\" \/>\n\t<meta name=\"twitter:data1\" content=\"Imprensa Sindm\u00f3veis\" \/>\n\t<meta name=\"twitter:label2\" content=\"Tiempo de lectura\" \/>\n\t<meta name=\"twitter:data2\" content=\"3 minutos\" \/>\n<script type=\"application\/ld+json\" class=\"yoast-schema-graph\">{\"@context\":\"https:\/\/schema.org\",\"@graph\":[{\"@type\":\"Article\",\"@id\":\"https:\/\/www.sindmoveis.com.br\/es\/movelsul-cumpre-agenda-de-divulgacao-internacional\/#article\",\"isPartOf\":{\"@id\":\"https:\/\/www.sindmoveis.com.br\/es\/movelsul-cumpre-agenda-de-divulgacao-internacional\/\"},\"author\":{\"name\":\"Imprensa Sindm\u00f3veis\",\"@id\":\"https:\/\/www.sindmoveis.com.br\/es\/#\/schema\/person\/16d379542db1950a17fe188179340d57\"},\"headline\":\"Movelsul cumple agenda de divulgaci\u00f3n internacional\",\"datePublished\":\"2014-01-10T02:00:00+00:00\",\"dateModified\":\"2021-05-26T13:31:43+00:00\",\"mainEntityOfPage\":{\"@id\":\"https:\/\/www.sindmoveis.com.br\/es\/movelsul-cumpre-agenda-de-divulgacao-internacional\/\"},\"wordCount\":549,\"image\":{\"@id\":\"https:\/\/www.sindmoveis.com.br\/es\/movelsul-cumpre-agenda-de-divulgacao-internacional\/#primaryimage\"},\"thumbnailUrl\":\"https:\/\/www.sindmoveis.com.br\/es\/wp-content\/uploads\/2021\/05\/p1389376243.jpg\",\"articleSection\":[\"Movelsul\",\"Sindm\u00f3veis\"],\"inLanguage\":\"es\"},{\"@type\":\"WebPage\",\"@id\":\"https:\/\/www.sindmoveis.com.br\/es\/movelsul-cumpre-agenda-de-divulgacao-internacional\/\",\"url\":\"https:\/\/www.sindmoveis.com.br\/es\/movelsul-cumpre-agenda-de-divulgacao-internacional\/\",\"name\":\"Movelsul cumple agenda de divulgaci\u00f3n internacional - Sindm\u00f3veis-RS\",\"isPartOf\":{\"@id\":\"https:\/\/www.sindmoveis.com.br\/es\/#website\"},\"primaryImageOfPage\":{\"@id\":\"https:\/\/www.sindmoveis.com.br\/es\/movelsul-cumpre-agenda-de-divulgacao-internacional\/#primaryimage\"},\"image\":{\"@id\":\"https:\/\/www.sindmoveis.com.br\/es\/movelsul-cumpre-agenda-de-divulgacao-internacional\/#primaryimage\"},\"thumbnailUrl\":\"https:\/\/www.sindmoveis.com.br\/es\/wp-content\/uploads\/2021\/05\/p1389376243.jpg\",\"datePublished\":\"2014-01-10T02:00:00+00:00\",\"dateModified\":\"2021-05-26T13:31:43+00:00\",\"author\":{\"@id\":\"https:\/\/www.sindmoveis.com.br\/es\/#\/schema\/person\/16d379542db1950a17fe188179340d57\"},\"inLanguage\":\"es\",\"potentialAction\":[{\"@type\":\"ReadAction\",\"target\":[\"https:\/\/www.sindmoveis.com.br\/es\/movelsul-cumpre-agenda-de-divulgacao-internacional\/\"]}]},{\"@type\":\"ImageObject\",\"inLanguage\":\"es\",\"@id\":\"https:\/\/www.sindmoveis.com.br\/es\/movelsul-cumpre-agenda-de-divulgacao-internacional\/#primaryimage\",\"url\":\"https:\/\/www.sindmoveis.com.br\/es\/wp-content\/uploads\/2021\/05\/p1389376243.jpg\",\"contentUrl\":\"https:\/\/www.sindmoveis.com.br\/es\/wp-content\/uploads\/2021\/05\/p1389376243.jpg\",\"width\":1034,\"height\":530},{\"@type\":\"WebSite\",\"@id\":\"https:\/\/www.sindmoveis.com.br\/es\/#website\",\"url\":\"https:\/\/www.sindmoveis.com.br\/es\/\",\"name\":\"Sindm\u00f3veis-RS\",\"description\":\"\",\"potentialAction\":[{\"@type\":\"SearchAction\",\"target\":{\"@type\":\"EntryPoint\",\"urlTemplate\":\"https:\/\/www.sindmoveis.com.br\/es\/?s={search_term_string}\"},\"query-input\":{\"@type\":\"PropertyValueSpecification\",\"valueRequired\":true,\"valueName\":\"search_term_string\"}}],\"inLanguage\":\"es\"},{\"@type\":\"Person\",\"@id\":\"https:\/\/www.sindmoveis.com.br\/es\/#\/schema\/person\/16d379542db1950a17fe188179340d57\",\"name\":\"Imprensa Sindm\u00f3veis\",\"image\":{\"@type\":\"ImageObject\",\"inLanguage\":\"es\",\"@id\":\"https:\/\/www.sindmoveis.com.br\/es\/#\/schema\/person\/image\/\",\"url\":\"https:\/\/secure.gravatar.com\/avatar\/4973e2e2c2a0cb5db30b0c7b770041b8e33d048a16b695a1f99c042449d4bfaf?s=96&d=mm&r=g\",\"contentUrl\":\"https:\/\/secure.gravatar.com\/avatar\/4973e2e2c2a0cb5db30b0c7b770041b8e33d048a16b695a1f99c042449d4bfaf?s=96&d=mm&r=g\",\"caption\":\"Imprensa Sindm\u00f3veis\"},\"url\":\"https:\/\/www.sindmoveis.com.br\/es\/author\/ana\/\"}]}<\/script>\n<!-- \/ Yoast SEO plugin. -->","yoast_head_json":{"title":"Movelsul cumple agenda de divulgaci\u00f3n internacional - Sindm\u00f3veis-RS","robots":{"index":"index","follow":"follow","max-snippet":"max-snippet:-1","max-image-preview":"max-image-preview:large","max-video-preview":"max-video-preview:-1"},"canonical":"https:\/\/www.sindmoveis.com.br\/es\/movelsul-cumpre-agenda-de-divulgacao-internacional\/","og_locale":"es_ES","og_type":"article","og_title":"Movelsul cumple agenda de divulgaci\u00f3n internacional - Sindm\u00f3veis-RS","og_description":"Poco m\u00e1s de dos meses antes de su realizaci\u00f3n, Movelsul Brasil 2014 intensifica la agenda de divulgaci\u00f3n internacional con el objetivo de captar compradores extranjeros. Hasta febrero, Movelsul estar\u00e1 presente en tres de los m\u00e1s importantes eventos del circuito mundial de ferias del sector: IMM colonia, Las Vegas Market y Expomueble Guadalajara.","og_url":"https:\/\/www.sindmoveis.com.br\/es\/movelsul-cumpre-agenda-de-divulgacao-internacional\/","og_site_name":"Sindm\u00f3veis-RS","article_published_time":"2014-01-10T02:00:00+00:00","article_modified_time":"2021-05-26T13:31:43+00:00","og_image":[{"width":1034,"height":530,"url":"https:\/\/www.sindmoveis.com.br\/es\/wp-content\/uploads\/2021\/05\/p1389376243.jpg","type":"image\/jpeg"}],"author":"Imprensa Sindm\u00f3veis","twitter_card":"summary_large_image","twitter_misc":{"Escrito por":"Imprensa Sindm\u00f3veis","Tiempo de lectura":"3 minutos"},"schema":{"@context":"https:\/\/schema.org","@graph":[{"@type":"Article","@id":"https:\/\/www.sindmoveis.com.br\/es\/movelsul-cumpre-agenda-de-divulgacao-internacional\/#article","isPartOf":{"@id":"https:\/\/www.sindmoveis.com.br\/es\/movelsul-cumpre-agenda-de-divulgacao-internacional\/"},"author":{"name":"Imprensa Sindm\u00f3veis","@id":"https:\/\/www.sindmoveis.com.br\/es\/#\/schema\/person\/16d379542db1950a17fe188179340d57"},"headline":"Movelsul cumple agenda de divulgaci\u00f3n internacional","datePublished":"2014-01-10T02:00:00+00:00","dateModified":"2021-05-26T13:31:43+00:00","mainEntityOfPage":{"@id":"https:\/\/www.sindmoveis.com.br\/es\/movelsul-cumpre-agenda-de-divulgacao-internacional\/"},"wordCount":549,"image":{"@id":"https:\/\/www.sindmoveis.com.br\/es\/movelsul-cumpre-agenda-de-divulgacao-internacional\/#primaryimage"},"thumbnailUrl":"https:\/\/www.sindmoveis.com.br\/es\/wp-content\/uploads\/2021\/05\/p1389376243.jpg","articleSection":["Movelsul","Sindm\u00f3veis"],"inLanguage":"es"},{"@type":"WebPage","@id":"https:\/\/www.sindmoveis.com.br\/es\/movelsul-cumpre-agenda-de-divulgacao-internacional\/","url":"https:\/\/www.sindmoveis.com.br\/es\/movelsul-cumpre-agenda-de-divulgacao-internacional\/","name":"Movelsul cumple agenda de divulgaci\u00f3n internacional - Sindm\u00f3veis-RS","isPartOf":{"@id":"https:\/\/www.sindmoveis.com.br\/es\/#website"},"primaryImageOfPage":{"@id":"https:\/\/www.sindmoveis.com.br\/es\/movelsul-cumpre-agenda-de-divulgacao-internacional\/#primaryimage"},"image":{"@id":"https:\/\/www.sindmoveis.com.br\/es\/movelsul-cumpre-agenda-de-divulgacao-internacional\/#primaryimage"},"thumbnailUrl":"https:\/\/www.sindmoveis.com.br\/es\/wp-content\/uploads\/2021\/05\/p1389376243.jpg","datePublished":"2014-01-10T02:00:00+00:00","dateModified":"2021-05-26T13:31:43+00:00","author":{"@id":"https:\/\/www.sindmoveis.com.br\/es\/#\/schema\/person\/16d379542db1950a17fe188179340d57"},"inLanguage":"es","potentialAction":[{"@type":"ReadAction","target":["https:\/\/www.sindmoveis.com.br\/es\/movelsul-cumpre-agenda-de-divulgacao-internacional\/"]}]},{"@type":"ImageObject","inLanguage":"es","@id":"https:\/\/www.sindmoveis.com.br\/es\/movelsul-cumpre-agenda-de-divulgacao-internacional\/#primaryimage","url":"https:\/\/www.sindmoveis.com.br\/es\/wp-content\/uploads\/2021\/05\/p1389376243.jpg","contentUrl":"https:\/\/www.sindmoveis.com.br\/es\/wp-content\/uploads\/2021\/05\/p1389376243.jpg","width":1034,"height":530},{"@type":"WebSite","@id":"https:\/\/www.sindmoveis.com.br\/es\/#website","url":"https:\/\/www.sindmoveis.com.br\/es\/","name":"Sindm\u00f3veis-RS","description":"","potentialAction":[{"@type":"SearchAction","target":{"@type":"EntryPoint","urlTemplate":"https:\/\/www.sindmoveis.com.br\/es\/?s={search_term_string}"},"query-input":{"@type":"PropertyValueSpecification","valueRequired":true,"valueName":"search_term_string"}}],"inLanguage":"es"},{"@type":"Person","@id":"https:\/\/www.sindmoveis.com.br\/es\/#\/schema\/person\/16d379542db1950a17fe188179340d57","name":"Imprensa Sindm\u00f3veis","image":{"@type":"ImageObject","inLanguage":"es","@id":"https:\/\/www.sindmoveis.com.br\/es\/#\/schema\/person\/image\/","url":"https:\/\/secure.gravatar.com\/avatar\/4973e2e2c2a0cb5db30b0c7b770041b8e33d048a16b695a1f99c042449d4bfaf?s=96&d=mm&r=g","contentUrl":"https:\/\/secure.gravatar.com\/avatar\/4973e2e2c2a0cb5db30b0c7b770041b8e33d048a16b695a1f99c042449d4bfaf?s=96&d=mm&r=g","caption":"Imprensa Sindm\u00f3veis"},"url":"https:\/\/www.sindmoveis.com.br\/es\/author\/ana\/"}]}},"_links":{"self":[{"href":"https:\/\/www.sindmoveis.com.br\/es\/wp-json\/wp\/v2\/posts\/1062","targetHints":{"allow":["GET"]}}],"collection":[{"href":"https:\/\/www.sindmoveis.com.br\/es\/wp-json\/wp\/v2\/posts"}],"about":[{"href":"https:\/\/www.sindmoveis.com.br\/es\/wp-json\/wp\/v2\/types\/post"}],"author":[{"embeddable":true,"href":"https:\/\/www.sindmoveis.com.br\/es\/wp-json\/wp\/v2\/users\/5"}],"replies":[{"embeddable":true,"href":"https:\/\/www.sindmoveis.com.br\/es\/wp-json\/wp\/v2\/comments?post=1062"}],"version-history":[{"count":2,"href":"https:\/\/www.sindmoveis.com.br\/es\/wp-json\/wp\/v2\/posts\/1062\/revisions"}],"predecessor-version":[{"id":3358,"href":"https:\/\/www.sindmoveis.com.br\/es\/wp-json\/wp\/v2\/posts\/1062\/revisions\/3358"}],"wp:featuredmedia":[{"embeddable":true,"href":"https:\/\/www.sindmoveis.com.br\/es\/wp-json\/wp\/v2\/media\/3359"}],"wp:attachment":[{"href":"https:\/\/www.sindmoveis.com.br\/es\/wp-json\/wp\/v2\/media?parent=1062"}],"wp:term":[{"taxonomy":"category","embeddable":true,"href":"https:\/\/www.sindmoveis.com.br\/es\/wp-json\/wp\/v2\/categories?post=1062"},{"taxonomy":"post_tag","embeddable":true,"href":"https:\/\/www.sindmoveis.com.br\/es\/wp-json\/wp\/v2\/tags?post=1062"}],"curies":[{"name":"wp","href":"https:\/\/api.w.org\/{rel}","templated":true}]}}