{"id":1058,"date":"2013-12-02T00:00:00","date_gmt":"2013-12-02T02:00:00","guid":{"rendered":"http:\/\/sindmoveis.com.br\/imprensa\/noticias\/designers-do-projeto-orchestra-brasil-participam-de-mostra-em-miami\/"},"modified":"2021-05-26T10:28:38","modified_gmt":"2021-05-26T13:28:38","slug":"designers-do-projeto-orchestra-brasil-participam-de-mostra-em-miami","status":"publish","type":"post","link":"https:\/\/www.sindmoveis.com.br\/es\/designers-do-projeto-orchestra-brasil-participam-de-mostra-em-miami\/","title":{"rendered":"Dise\u00f1adores del Proyecto Orchestra Brasil participan de muestra en Miami"},"content":{"rendered":"<div><em>Brazil ArtFair re&uacute;ne creaciones de brasile&ntilde;os durante el evento &nbsp;Design Miami, de 4 a 8 de diciembre<\/em><\/div>\n<div>&nbsp;<\/div>\n<div>Las creaciones de 20 dise&ntilde;adores brasile&ntilde;os participantes del Proyecto Orchestra Brasil de incentivo a las exportaciones, una asociaci&oacute;n entre el Sindicato de las Industrias del Mobiliario de Bento Gon&ccedil;alves &ndash; Sindm&oacute;veis y la Agencia Brasile&ntilde;a de Promoci&oacute;n de Exportaciones e Inversiones-Apex-Brasil, ser&aacute;n expuestas en Brazil ArtFair, una nueva feria dedicada al arte y al dise&ntilde;o brasile&ntilde;o que estrena durante Miami Art Week. La exposici&oacute;n ser&aacute; realizada entre 4 y 8 de diciembre, per&iacute;odo tradicionalmente de mucho movimiento para los coleccionadores y profesionales del arte y del dise&ntilde;o, por abrigar anualmente los eventos Art Basel Miami Beach y Design Miami.<\/div>\n<div>La muestra trae 27 piezas que participaron de la &uacute;ltima edici&oacute;n de Casa Brasil, en agosto pasado. Son principalmente sillas y accesorios para el hogar, firmadas por Alessandra Delgado-Girona Design, Bernardo Senna, Domingos T&oacute;tora, Em2 Design, Faro Design, Fl&aacute;via Pagotti Silva, Gallina y Visentini, Gustavo Martini, Indio da Costa A.U.D.T., Jader Almeida, Latoog Design, Luiz Pedrazzi, Mameluca, NDT Design, Projeto 3 Design, Quadrante Design, Regis Padilha, Studio B, UNT Intelligence Design y Zanini de Zanine.&nbsp;<\/div>\n<div>El Proyecto Orchestra Brasil existe desde 2002 y promueve la inserci&oacute;n competitiva de proveedoras del sector del mobiliario en el mercado internacional de forma sustentable. Ello se logra por medio de acciones comerciales, misiones empresariales y participaci&oacute;n en ferias de diversos pa&iacute;ses. Actualmente, la iniciativa cuenta con 122 empresas, siendo 86 industrias y 36 dise&ntilde;adores.<\/div>\n<div>La exposici&oacute;n de los productos del proyecto estar&aacute; abierta de las 12 del mediod&iacute;a hasta las 19h, en esta: direcci&oacute;n 3101 NE 1st Avenue, entre NE 36th St. and NE 35th St en Midtown, Miami. Adem&aacute;s de la muestra, los visitantes que ocurran a Brazil ArtFair tendr&aacute;n la oportunidad de conocer el trabajo de artistas pl&aacute;sticos brasile&ntilde;os.&nbsp;<\/div>\n","protected":false},"excerpt":{"rendered":"<p>Las creaciones de 20 dise\u00f1adores brasile\u00f1os participantes del Proyecto Orchestra Brasil de incentivo a las exportaciones, una asociaci\u00f3n entre el Sindicato de las Industrias del Mobiliario de Bento Gon\u00e7alves \u2013 Sindm\u00f3veis y la Agencia Brasile\u00f1a de Promoci\u00f3n de Exportaciones e Inversiones-Apex-Brasil, ser\u00e1n expuestas en Brazil ArtFair, una nueva feria dedicada al arte y al dise\u00f1o brasile\u00f1o que estrena durante Miami Art Week. La exposici\u00f3n ser\u00e1 realizada entre 4 y 8 de diciembre, per\u00edodo tradicionalmente de mucho movimiento para los coleccionadores y profesionales del arte y del dise\u00f1o, por abrigar anualmente los eventos Art Basel Miami Beach y Design Miami.<\/p>\n","protected":false},"author":5,"featured_media":3356,"comment_status":"closed","ping_status":"open","sticky":false,"template":"","format":"standard","meta":{"footnotes":"","_links_to":"","_links_to_target":""},"categories":[22,2],"tags":[],"class_list":["post-1058","post","type-post","status-publish","format-standard","has-post-thumbnail","hentry","category-proyecto-orchestra-brasil","category-sindmoveis"],"yoast_head":"<!-- This site is optimized with the Yoast SEO plugin v27.0 - https:\/\/yoast.com\/product\/yoast-seo-wordpress\/ -->\n<title>Dise\u00f1adores del Proyecto Orchestra Brasil participan de muestra en Miami - Sindm\u00f3veis-RS<\/title>\n<meta name=\"robots\" content=\"index, follow, max-snippet:-1, max-image-preview:large, max-video-preview:-1\" \/>\n<link rel=\"canonical\" href=\"https:\/\/www.sindmoveis.com.br\/es\/designers-do-projeto-orchestra-brasil-participam-de-mostra-em-miami\/\" \/>\n<meta property=\"og:locale\" content=\"es_ES\" \/>\n<meta property=\"og:type\" content=\"article\" \/>\n<meta property=\"og:title\" content=\"Dise\u00f1adores del Proyecto Orchestra Brasil participan de muestra en Miami - Sindm\u00f3veis-RS\" \/>\n<meta property=\"og:description\" content=\"Las creaciones de 20 dise\u00f1adores brasile\u00f1os participantes del Proyecto Orchestra Brasil de incentivo a las exportaciones, una asociaci\u00f3n entre el Sindicato de las Industrias del Mobiliario de Bento Gon\u00e7alves \u2013 Sindm\u00f3veis y la Agencia Brasile\u00f1a de Promoci\u00f3n de Exportaciones e Inversiones-Apex-Brasil, ser\u00e1n expuestas en Brazil ArtFair, una nueva feria dedicada al arte y al dise\u00f1o brasile\u00f1o que estrena durante Miami Art Week. La exposici\u00f3n ser\u00e1 realizada entre 4 y 8 de diciembre, per\u00edodo tradicionalmente de mucho movimiento para los coleccionadores y profesionales del arte y del dise\u00f1o, por abrigar anualmente los eventos Art Basel Miami Beach y Design Miami.\" \/>\n<meta property=\"og:url\" content=\"https:\/\/www.sindmoveis.com.br\/es\/designers-do-projeto-orchestra-brasil-participam-de-mostra-em-miami\/\" \/>\n<meta property=\"og:site_name\" content=\"Sindm\u00f3veis-RS\" \/>\n<meta property=\"article:published_time\" content=\"2013-12-02T02:00:00+00:00\" \/>\n<meta property=\"article:modified_time\" content=\"2021-05-26T13:28:38+00:00\" \/>\n<meta property=\"og:image\" content=\"https:\/\/www.sindmoveis.com.br\/es\/wp-content\/uploads\/2021\/05\/p1386003644.jpg\" \/>\n\t<meta property=\"og:image:width\" content=\"1400\" \/>\n\t<meta property=\"og:image:height\" content=\"2099\" \/>\n\t<meta property=\"og:image:type\" content=\"image\/jpeg\" \/>\n<meta name=\"author\" content=\"Imprensa Sindm\u00f3veis\" \/>\n<meta name=\"twitter:card\" content=\"summary_large_image\" \/>\n<meta name=\"twitter:label1\" content=\"Escrito por\" \/>\n\t<meta name=\"twitter:data1\" content=\"Imprensa Sindm\u00f3veis\" \/>\n\t<meta name=\"twitter:label2\" content=\"Tiempo de lectura\" \/>\n\t<meta name=\"twitter:data2\" content=\"2 minutos\" \/>\n<script type=\"application\/ld+json\" class=\"yoast-schema-graph\">{\"@context\":\"https:\/\/schema.org\",\"@graph\":[{\"@type\":\"Article\",\"@id\":\"https:\/\/www.sindmoveis.com.br\/es\/designers-do-projeto-orchestra-brasil-participam-de-mostra-em-miami\/#article\",\"isPartOf\":{\"@id\":\"https:\/\/www.sindmoveis.com.br\/es\/designers-do-projeto-orchestra-brasil-participam-de-mostra-em-miami\/\"},\"author\":{\"name\":\"Imprensa Sindm\u00f3veis\",\"@id\":\"https:\/\/www.sindmoveis.com.br\/es\/#\/schema\/person\/16d379542db1950a17fe188179340d57\"},\"headline\":\"Dise\u00f1adores del Proyecto Orchestra Brasil participan de muestra en Miami\",\"datePublished\":\"2013-12-02T02:00:00+00:00\",\"dateModified\":\"2021-05-26T13:28:38+00:00\",\"mainEntityOfPage\":{\"@id\":\"https:\/\/www.sindmoveis.com.br\/es\/designers-do-projeto-orchestra-brasil-participam-de-mostra-em-miami\/\"},\"wordCount\":369,\"image\":{\"@id\":\"https:\/\/www.sindmoveis.com.br\/es\/designers-do-projeto-orchestra-brasil-participam-de-mostra-em-miami\/#primaryimage\"},\"thumbnailUrl\":\"https:\/\/www.sindmoveis.com.br\/es\/wp-content\/uploads\/2021\/05\/p1386003644.jpg\",\"articleSection\":[\"Proyecto Orchestra Brasil\",\"Sindm\u00f3veis\"],\"inLanguage\":\"es\"},{\"@type\":\"WebPage\",\"@id\":\"https:\/\/www.sindmoveis.com.br\/es\/designers-do-projeto-orchestra-brasil-participam-de-mostra-em-miami\/\",\"url\":\"https:\/\/www.sindmoveis.com.br\/es\/designers-do-projeto-orchestra-brasil-participam-de-mostra-em-miami\/\",\"name\":\"Dise\u00f1adores del Proyecto Orchestra Brasil participan de muestra en Miami - Sindm\u00f3veis-RS\",\"isPartOf\":{\"@id\":\"https:\/\/www.sindmoveis.com.br\/es\/#website\"},\"primaryImageOfPage\":{\"@id\":\"https:\/\/www.sindmoveis.com.br\/es\/designers-do-projeto-orchestra-brasil-participam-de-mostra-em-miami\/#primaryimage\"},\"image\":{\"@id\":\"https:\/\/www.sindmoveis.com.br\/es\/designers-do-projeto-orchestra-brasil-participam-de-mostra-em-miami\/#primaryimage\"},\"thumbnailUrl\":\"https:\/\/www.sindmoveis.com.br\/es\/wp-content\/uploads\/2021\/05\/p1386003644.jpg\",\"datePublished\":\"2013-12-02T02:00:00+00:00\",\"dateModified\":\"2021-05-26T13:28:38+00:00\",\"author\":{\"@id\":\"https:\/\/www.sindmoveis.com.br\/es\/#\/schema\/person\/16d379542db1950a17fe188179340d57\"},\"inLanguage\":\"es\",\"potentialAction\":[{\"@type\":\"ReadAction\",\"target\":[\"https:\/\/www.sindmoveis.com.br\/es\/designers-do-projeto-orchestra-brasil-participam-de-mostra-em-miami\/\"]}]},{\"@type\":\"ImageObject\",\"inLanguage\":\"es\",\"@id\":\"https:\/\/www.sindmoveis.com.br\/es\/designers-do-projeto-orchestra-brasil-participam-de-mostra-em-miami\/#primaryimage\",\"url\":\"https:\/\/www.sindmoveis.com.br\/es\/wp-content\/uploads\/2021\/05\/p1386003644.jpg\",\"contentUrl\":\"https:\/\/www.sindmoveis.com.br\/es\/wp-content\/uploads\/2021\/05\/p1386003644.jpg\",\"width\":1400,\"height\":2099},{\"@type\":\"WebSite\",\"@id\":\"https:\/\/www.sindmoveis.com.br\/es\/#website\",\"url\":\"https:\/\/www.sindmoveis.com.br\/es\/\",\"name\":\"Sindm\u00f3veis-RS\",\"description\":\"\",\"potentialAction\":[{\"@type\":\"SearchAction\",\"target\":{\"@type\":\"EntryPoint\",\"urlTemplate\":\"https:\/\/www.sindmoveis.com.br\/es\/?s={search_term_string}\"},\"query-input\":{\"@type\":\"PropertyValueSpecification\",\"valueRequired\":true,\"valueName\":\"search_term_string\"}}],\"inLanguage\":\"es\"},{\"@type\":\"Person\",\"@id\":\"https:\/\/www.sindmoveis.com.br\/es\/#\/schema\/person\/16d379542db1950a17fe188179340d57\",\"name\":\"Imprensa Sindm\u00f3veis\",\"image\":{\"@type\":\"ImageObject\",\"inLanguage\":\"es\",\"@id\":\"https:\/\/www.sindmoveis.com.br\/es\/#\/schema\/person\/image\/\",\"url\":\"https:\/\/secure.gravatar.com\/avatar\/4973e2e2c2a0cb5db30b0c7b770041b8e33d048a16b695a1f99c042449d4bfaf?s=96&d=mm&r=g\",\"contentUrl\":\"https:\/\/secure.gravatar.com\/avatar\/4973e2e2c2a0cb5db30b0c7b770041b8e33d048a16b695a1f99c042449d4bfaf?s=96&d=mm&r=g\",\"caption\":\"Imprensa Sindm\u00f3veis\"},\"url\":\"https:\/\/www.sindmoveis.com.br\/es\/author\/ana\/\"}]}<\/script>\n<!-- \/ Yoast SEO plugin. -->","yoast_head_json":{"title":"Dise\u00f1adores del Proyecto Orchestra Brasil participan de muestra en Miami - Sindm\u00f3veis-RS","robots":{"index":"index","follow":"follow","max-snippet":"max-snippet:-1","max-image-preview":"max-image-preview:large","max-video-preview":"max-video-preview:-1"},"canonical":"https:\/\/www.sindmoveis.com.br\/es\/designers-do-projeto-orchestra-brasil-participam-de-mostra-em-miami\/","og_locale":"es_ES","og_type":"article","og_title":"Dise\u00f1adores del Proyecto Orchestra Brasil participan de muestra en Miami - Sindm\u00f3veis-RS","og_description":"Las creaciones de 20 dise\u00f1adores brasile\u00f1os participantes del Proyecto Orchestra Brasil de incentivo a las exportaciones, una asociaci\u00f3n entre el Sindicato de las Industrias del Mobiliario de Bento Gon\u00e7alves \u2013 Sindm\u00f3veis y la Agencia Brasile\u00f1a de Promoci\u00f3n de Exportaciones e Inversiones-Apex-Brasil, ser\u00e1n expuestas en Brazil ArtFair, una nueva feria dedicada al arte y al dise\u00f1o brasile\u00f1o que estrena durante Miami Art Week. La exposici\u00f3n ser\u00e1 realizada entre 4 y 8 de diciembre, per\u00edodo tradicionalmente de mucho movimiento para los coleccionadores y profesionales del arte y del dise\u00f1o, por abrigar anualmente los eventos Art Basel Miami Beach y Design Miami.","og_url":"https:\/\/www.sindmoveis.com.br\/es\/designers-do-projeto-orchestra-brasil-participam-de-mostra-em-miami\/","og_site_name":"Sindm\u00f3veis-RS","article_published_time":"2013-12-02T02:00:00+00:00","article_modified_time":"2021-05-26T13:28:38+00:00","og_image":[{"width":1400,"height":2099,"url":"https:\/\/www.sindmoveis.com.br\/es\/wp-content\/uploads\/2021\/05\/p1386003644.jpg","type":"image\/jpeg"}],"author":"Imprensa Sindm\u00f3veis","twitter_card":"summary_large_image","twitter_misc":{"Escrito por":"Imprensa Sindm\u00f3veis","Tiempo de lectura":"2 minutos"},"schema":{"@context":"https:\/\/schema.org","@graph":[{"@type":"Article","@id":"https:\/\/www.sindmoveis.com.br\/es\/designers-do-projeto-orchestra-brasil-participam-de-mostra-em-miami\/#article","isPartOf":{"@id":"https:\/\/www.sindmoveis.com.br\/es\/designers-do-projeto-orchestra-brasil-participam-de-mostra-em-miami\/"},"author":{"name":"Imprensa Sindm\u00f3veis","@id":"https:\/\/www.sindmoveis.com.br\/es\/#\/schema\/person\/16d379542db1950a17fe188179340d57"},"headline":"Dise\u00f1adores del Proyecto Orchestra Brasil participan de muestra en Miami","datePublished":"2013-12-02T02:00:00+00:00","dateModified":"2021-05-26T13:28:38+00:00","mainEntityOfPage":{"@id":"https:\/\/www.sindmoveis.com.br\/es\/designers-do-projeto-orchestra-brasil-participam-de-mostra-em-miami\/"},"wordCount":369,"image":{"@id":"https:\/\/www.sindmoveis.com.br\/es\/designers-do-projeto-orchestra-brasil-participam-de-mostra-em-miami\/#primaryimage"},"thumbnailUrl":"https:\/\/www.sindmoveis.com.br\/es\/wp-content\/uploads\/2021\/05\/p1386003644.jpg","articleSection":["Proyecto Orchestra Brasil","Sindm\u00f3veis"],"inLanguage":"es"},{"@type":"WebPage","@id":"https:\/\/www.sindmoveis.com.br\/es\/designers-do-projeto-orchestra-brasil-participam-de-mostra-em-miami\/","url":"https:\/\/www.sindmoveis.com.br\/es\/designers-do-projeto-orchestra-brasil-participam-de-mostra-em-miami\/","name":"Dise\u00f1adores del Proyecto Orchestra Brasil participan de muestra en Miami - Sindm\u00f3veis-RS","isPartOf":{"@id":"https:\/\/www.sindmoveis.com.br\/es\/#website"},"primaryImageOfPage":{"@id":"https:\/\/www.sindmoveis.com.br\/es\/designers-do-projeto-orchestra-brasil-participam-de-mostra-em-miami\/#primaryimage"},"image":{"@id":"https:\/\/www.sindmoveis.com.br\/es\/designers-do-projeto-orchestra-brasil-participam-de-mostra-em-miami\/#primaryimage"},"thumbnailUrl":"https:\/\/www.sindmoveis.com.br\/es\/wp-content\/uploads\/2021\/05\/p1386003644.jpg","datePublished":"2013-12-02T02:00:00+00:00","dateModified":"2021-05-26T13:28:38+00:00","author":{"@id":"https:\/\/www.sindmoveis.com.br\/es\/#\/schema\/person\/16d379542db1950a17fe188179340d57"},"inLanguage":"es","potentialAction":[{"@type":"ReadAction","target":["https:\/\/www.sindmoveis.com.br\/es\/designers-do-projeto-orchestra-brasil-participam-de-mostra-em-miami\/"]}]},{"@type":"ImageObject","inLanguage":"es","@id":"https:\/\/www.sindmoveis.com.br\/es\/designers-do-projeto-orchestra-brasil-participam-de-mostra-em-miami\/#primaryimage","url":"https:\/\/www.sindmoveis.com.br\/es\/wp-content\/uploads\/2021\/05\/p1386003644.jpg","contentUrl":"https:\/\/www.sindmoveis.com.br\/es\/wp-content\/uploads\/2021\/05\/p1386003644.jpg","width":1400,"height":2099},{"@type":"WebSite","@id":"https:\/\/www.sindmoveis.com.br\/es\/#website","url":"https:\/\/www.sindmoveis.com.br\/es\/","name":"Sindm\u00f3veis-RS","description":"","potentialAction":[{"@type":"SearchAction","target":{"@type":"EntryPoint","urlTemplate":"https:\/\/www.sindmoveis.com.br\/es\/?s={search_term_string}"},"query-input":{"@type":"PropertyValueSpecification","valueRequired":true,"valueName":"search_term_string"}}],"inLanguage":"es"},{"@type":"Person","@id":"https:\/\/www.sindmoveis.com.br\/es\/#\/schema\/person\/16d379542db1950a17fe188179340d57","name":"Imprensa Sindm\u00f3veis","image":{"@type":"ImageObject","inLanguage":"es","@id":"https:\/\/www.sindmoveis.com.br\/es\/#\/schema\/person\/image\/","url":"https:\/\/secure.gravatar.com\/avatar\/4973e2e2c2a0cb5db30b0c7b770041b8e33d048a16b695a1f99c042449d4bfaf?s=96&d=mm&r=g","contentUrl":"https:\/\/secure.gravatar.com\/avatar\/4973e2e2c2a0cb5db30b0c7b770041b8e33d048a16b695a1f99c042449d4bfaf?s=96&d=mm&r=g","caption":"Imprensa Sindm\u00f3veis"},"url":"https:\/\/www.sindmoveis.com.br\/es\/author\/ana\/"}]}},"_links":{"self":[{"href":"https:\/\/www.sindmoveis.com.br\/es\/wp-json\/wp\/v2\/posts\/1058","targetHints":{"allow":["GET"]}}],"collection":[{"href":"https:\/\/www.sindmoveis.com.br\/es\/wp-json\/wp\/v2\/posts"}],"about":[{"href":"https:\/\/www.sindmoveis.com.br\/es\/wp-json\/wp\/v2\/types\/post"}],"author":[{"embeddable":true,"href":"https:\/\/www.sindmoveis.com.br\/es\/wp-json\/wp\/v2\/users\/5"}],"replies":[{"embeddable":true,"href":"https:\/\/www.sindmoveis.com.br\/es\/wp-json\/wp\/v2\/comments?post=1058"}],"version-history":[{"count":2,"href":"https:\/\/www.sindmoveis.com.br\/es\/wp-json\/wp\/v2\/posts\/1058\/revisions"}],"predecessor-version":[{"id":3355,"href":"https:\/\/www.sindmoveis.com.br\/es\/wp-json\/wp\/v2\/posts\/1058\/revisions\/3355"}],"wp:featuredmedia":[{"embeddable":true,"href":"https:\/\/www.sindmoveis.com.br\/es\/wp-json\/wp\/v2\/media\/3356"}],"wp:attachment":[{"href":"https:\/\/www.sindmoveis.com.br\/es\/wp-json\/wp\/v2\/media?parent=1058"}],"wp:term":[{"taxonomy":"category","embeddable":true,"href":"https:\/\/www.sindmoveis.com.br\/es\/wp-json\/wp\/v2\/categories?post=1058"},{"taxonomy":"post_tag","embeddable":true,"href":"https:\/\/www.sindmoveis.com.br\/es\/wp-json\/wp\/v2\/tags?post=1058"}],"curies":[{"name":"wp","href":"https:\/\/api.w.org\/{rel}","templated":true}]}}