{"id":1056,"date":"2013-11-22T00:00:00","date_gmt":"2013-11-22T02:00:00","guid":{"rendered":"http:\/\/sindmoveis.com.br\/imprensa\/noticias\/henrique-tecchio-e-o-novo-presidente-do-sindmoveis\/"},"modified":"2021-05-26T10:24:30","modified_gmt":"2021-05-26T13:24:30","slug":"henrique-tecchio-e-o-novo-presidente-do-sindmoveis","status":"publish","type":"post","link":"https:\/\/www.sindmoveis.com.br\/es\/henrique-tecchio-e-o-novo-presidente-do-sindmoveis\/","title":{"rendered":"Henrique Tecchio es el nuevo presidente de Sindm\u00f3veis"},"content":{"rendered":"<div><em>Elegido por el voto de los asociados, ejecutivo de la empresa <\/em>Bentec comandar&aacute; la entidad en el bienio 2014\/2015<\/div>\n<div>&nbsp;<\/div>\n<div>Realizadas el &uacute;ltimo d&iacute;a 21 de noviembre, las elecciones para el nuev directorio del Sindicato de las Industrias del Mobiliario de Bento Gon&ccedil;alves (Sindm&oacute;veis) aclamaron la plancha &uacute;nica liderada por el actual vicepresidente de la entidad, Henrique Tecchio. Con ello, el ejecutivo de la empresa Bentec, con 35 a&ntilde;os de edad, ser&aacute; el presidente del sindicato en el bienio 2014\/2015, teniendo como vicepresidente el Gerente de Recursos Humanos del Grupo Bertolini, Alexandre Michelin.<\/div>\n<div>Henrique Tecchio ser&aacute; el presidente m&aacute;s joven de la historia de Sindm&oacute;veis. Graduado en Administraci&oacute;n de Empresas y con MBA en Gesti&oacute;n Financiera, Auditor&iacute;a y Contralor&iacute;a por la Fundaci&oacute;n Getulio Vargas (FGV), Tecchio viene actuando en entidades empresariales de Bento Gon&ccedil;alves desde 2088, cuando fue director Internacional del Centro de Industria y Comercio de Bento Gon&ccedil;alves &ndash;CIC\/BG, y presidente de 2010 a 2011. En la gesti&oacute;n de la empresaria C&aacute;tia Scarton frente a Sindm&oacute;veis, ven&iacute;a ejerciendo la funci&oacute;n de vicepresidente. Su mandato entra en vigor a partir del d&iacute;a 1&deg; de enero de 2014.<\/div>\n<div>Tecchio tambi&eacute;n fue indicado por Sindm&oacute;veis para presidir Movelsul Brasil 2014, siguiendo el proyecto de unificaci&oacute;n de los direcorios de la entidad y ferias. Sus principales proyectos para el mandato de dos a&ntilde;os son, la aproximaci&oacute;n con los asociados para la b&uacute;squeda de soluciones para el sector, construcci&oacute;n de la nueva sede de Sindm&oacute;veis, ampliar la representatividad del sector junto a la esfera federal y rescatar la uni&oacute;n y la fuerza del polo del mobiliario de Bento Gon&ccedil;alves.<\/div>\n<div>Con relaci&oacute;n a las ferias promovidas por la entidad, el nuevo presidente tendr&aacute; por delante el desaf&iacute;o de reformular Casa Brasil para su edici&oacute;n de 2015 y aumentar la atracci&oacute;n de Movelsul Brasil para visitantes y expositores. &ldquo;Sindm&oacute;veis debe tener sensibilidad para entender los movimientos del mercado consumidor y poder transmitirlos de forma clara para sus ferias&rdquo;, destaca.<\/div>\n<div>Despu&eacute;s de dos a&ntilde;os en la presidencia, C&aacute;tia Scarton pasa ahora a integrar el Consejo de la entidad. La ceremonia de toma de posesi&oacute;n del nuevo directorio ser&aacute; realizada en enero.<\/div>\n<div>&nbsp;<\/div>\n<div><strong>Directorio Sindm&oacute;veis 2014\/2015<\/strong><\/div>\n<div>Presidente: Henrique Tecchio (Bentec)&nbsp;<\/div>\n<div>Vicepresidente y Director Jur&iacute;dico Laboral: Alexandre Michelin (Bertolini)&nbsp;<\/div>\n<div>Director Operacional: Jos&eacute; Antonio Mossmann (Ital&iacute;nea)&nbsp;<\/div>\n<div>Directora de Comunicaci&oacute;n: Vanessa Machado (Cinex)&nbsp;<\/div>\n<div>Director Internacional: Luiz Cesar Girardi (Todeschini)&nbsp;<\/div>\n<div>Director de Infraestructura: Vinicius Benini (BRV)&nbsp;<\/div>\n<div>Director de Servicios: Romeu Dalcin (Dalm&oacute;bile)&nbsp;<\/div>\n<div>Directora del Sal&atilde;o Design: Cristiane Silveira (Obispa)&nbsp;<\/div>\n<div>&nbsp;<\/div>\n<div><strong>Consejo:<\/strong><\/div>\n<div>Catia Scarton &ndash; Prima Design&nbsp;<\/div>\n<div>Glademir Ferrari &ndash; Sademi<\/div>\n<div>Henrique Bertolini &ndash; Bertolini&nbsp;<\/div>\n<div>Sergio Dalla Costa &ndash; Motiva &nbsp;<\/div>\n<div>Rogerio Francio &ndash; Carraro &nbsp;&nbsp;<\/div>\n<div>Joao Paulo Pompermayer &ndash; Bentec &nbsp;<\/div>\n<div>Marcelo Haefliger &ndash; Af Brazilian&nbsp;<\/div>\n<div>&nbsp;<\/div>\n<div><strong>Representantes junto a FIERGS<\/strong><\/div>\n<div>Ademar De Gasperi &ndash; AF Brazilian &nbsp;<\/div>\n<div>Maristela Cusin Longhi &ndash; Multim&oacute;veis &nbsp;<\/div>\n","protected":false},"excerpt":{"rendered":"<p>Realizadas el \u00faltimo d\u00eda 21 de noviembre, las elecciones para el nuev directorio del Sindicato de las Industrias del Mobiliario de Bento Gon\u00e7alves (Sindm\u00f3veis) aclamaron la plancha \u00fanica liderada por el actual vicepresidente de la entidad, Henrique Tecchio. Con ello, el ejecutivo de la empresa Bentec, con 35 a\u00f1os de edad, ser\u00e1 el presidente del sindicato en el bienio 2014\/2015, teniendo como vicepresidente el Gerente de Recursos Humanos del Grupo Bertolini, Alexandre Michelin.<\/p>\n","protected":false},"author":5,"featured_media":3352,"comment_status":"closed","ping_status":"open","sticky":false,"template":"","format":"standard","meta":{"footnotes":"","_links_to":"","_links_to_target":""},"categories":[2],"tags":[],"class_list":["post-1056","post","type-post","status-publish","format-standard","has-post-thumbnail","hentry","category-sindmoveis"],"yoast_head":"<!-- This site is optimized with the Yoast SEO plugin v27.0 - https:\/\/yoast.com\/product\/yoast-seo-wordpress\/ -->\n<title>Henrique Tecchio es el nuevo presidente de Sindm\u00f3veis - Sindm\u00f3veis-RS<\/title>\n<meta name=\"robots\" content=\"index, follow, max-snippet:-1, max-image-preview:large, max-video-preview:-1\" \/>\n<link rel=\"canonical\" href=\"https:\/\/www.sindmoveis.com.br\/es\/henrique-tecchio-e-o-novo-presidente-do-sindmoveis\/\" \/>\n<meta property=\"og:locale\" content=\"es_ES\" \/>\n<meta property=\"og:type\" content=\"article\" \/>\n<meta property=\"og:title\" content=\"Henrique Tecchio es el nuevo presidente de Sindm\u00f3veis - Sindm\u00f3veis-RS\" \/>\n<meta property=\"og:description\" content=\"Realizadas el \u00faltimo d\u00eda 21 de noviembre, las elecciones para el nuev directorio del Sindicato de las Industrias del Mobiliario de Bento Gon\u00e7alves (Sindm\u00f3veis) aclamaron la plancha \u00fanica liderada por el actual vicepresidente de la entidad, Henrique Tecchio. Con ello, el ejecutivo de la empresa Bentec, con 35 a\u00f1os de edad, ser\u00e1 el presidente del sindicato en el bienio 2014\/2015, teniendo como vicepresidente el Gerente de Recursos Humanos del Grupo Bertolini, Alexandre Michelin.\" \/>\n<meta property=\"og:url\" content=\"https:\/\/www.sindmoveis.com.br\/es\/henrique-tecchio-e-o-novo-presidente-do-sindmoveis\/\" \/>\n<meta property=\"og:site_name\" content=\"Sindm\u00f3veis-RS\" \/>\n<meta property=\"article:published_time\" content=\"2013-11-22T02:00:00+00:00\" \/>\n<meta property=\"article:modified_time\" content=\"2021-05-26T13:24:30+00:00\" \/>\n<meta property=\"og:image\" content=\"https:\/\/www.sindmoveis.com.br\/es\/wp-content\/uploads\/2021\/05\/p1385119635.jpg\" \/>\n\t<meta property=\"og:image:width\" content=\"1300\" \/>\n\t<meta property=\"og:image:height\" content=\"1949\" \/>\n\t<meta property=\"og:image:type\" content=\"image\/jpeg\" \/>\n<meta name=\"author\" content=\"Imprensa Sindm\u00f3veis\" \/>\n<meta name=\"twitter:card\" content=\"summary_large_image\" \/>\n<meta name=\"twitter:label1\" content=\"Escrito por\" \/>\n\t<meta name=\"twitter:data1\" content=\"Imprensa Sindm\u00f3veis\" \/>\n\t<meta name=\"twitter:label2\" content=\"Tiempo de lectura\" \/>\n\t<meta name=\"twitter:data2\" content=\"3 minutos\" \/>\n<script type=\"application\/ld+json\" class=\"yoast-schema-graph\">{\"@context\":\"https:\/\/schema.org\",\"@graph\":[{\"@type\":\"Article\",\"@id\":\"https:\/\/www.sindmoveis.com.br\/es\/henrique-tecchio-e-o-novo-presidente-do-sindmoveis\/#article\",\"isPartOf\":{\"@id\":\"https:\/\/www.sindmoveis.com.br\/es\/henrique-tecchio-e-o-novo-presidente-do-sindmoveis\/\"},\"author\":{\"name\":\"Imprensa Sindm\u00f3veis\",\"@id\":\"https:\/\/www.sindmoveis.com.br\/es\/#\/schema\/person\/16d379542db1950a17fe188179340d57\"},\"headline\":\"Henrique Tecchio es el nuevo presidente de Sindm\u00f3veis\",\"datePublished\":\"2013-11-22T02:00:00+00:00\",\"dateModified\":\"2021-05-26T13:24:30+00:00\",\"mainEntityOfPage\":{\"@id\":\"https:\/\/www.sindmoveis.com.br\/es\/henrique-tecchio-e-o-novo-presidente-do-sindmoveis\/\"},\"wordCount\":574,\"image\":{\"@id\":\"https:\/\/www.sindmoveis.com.br\/es\/henrique-tecchio-e-o-novo-presidente-do-sindmoveis\/#primaryimage\"},\"thumbnailUrl\":\"https:\/\/www.sindmoveis.com.br\/es\/wp-content\/uploads\/2021\/05\/p1385119635.jpg\",\"articleSection\":[\"Sindm\u00f3veis\"],\"inLanguage\":\"es\"},{\"@type\":\"WebPage\",\"@id\":\"https:\/\/www.sindmoveis.com.br\/es\/henrique-tecchio-e-o-novo-presidente-do-sindmoveis\/\",\"url\":\"https:\/\/www.sindmoveis.com.br\/es\/henrique-tecchio-e-o-novo-presidente-do-sindmoveis\/\",\"name\":\"Henrique Tecchio es el nuevo presidente de Sindm\u00f3veis - Sindm\u00f3veis-RS\",\"isPartOf\":{\"@id\":\"https:\/\/www.sindmoveis.com.br\/es\/#website\"},\"primaryImageOfPage\":{\"@id\":\"https:\/\/www.sindmoveis.com.br\/es\/henrique-tecchio-e-o-novo-presidente-do-sindmoveis\/#primaryimage\"},\"image\":{\"@id\":\"https:\/\/www.sindmoveis.com.br\/es\/henrique-tecchio-e-o-novo-presidente-do-sindmoveis\/#primaryimage\"},\"thumbnailUrl\":\"https:\/\/www.sindmoveis.com.br\/es\/wp-content\/uploads\/2021\/05\/p1385119635.jpg\",\"datePublished\":\"2013-11-22T02:00:00+00:00\",\"dateModified\":\"2021-05-26T13:24:30+00:00\",\"author\":{\"@id\":\"https:\/\/www.sindmoveis.com.br\/es\/#\/schema\/person\/16d379542db1950a17fe188179340d57\"},\"inLanguage\":\"es\",\"potentialAction\":[{\"@type\":\"ReadAction\",\"target\":[\"https:\/\/www.sindmoveis.com.br\/es\/henrique-tecchio-e-o-novo-presidente-do-sindmoveis\/\"]}]},{\"@type\":\"ImageObject\",\"inLanguage\":\"es\",\"@id\":\"https:\/\/www.sindmoveis.com.br\/es\/henrique-tecchio-e-o-novo-presidente-do-sindmoveis\/#primaryimage\",\"url\":\"https:\/\/www.sindmoveis.com.br\/es\/wp-content\/uploads\/2021\/05\/p1385119635.jpg\",\"contentUrl\":\"https:\/\/www.sindmoveis.com.br\/es\/wp-content\/uploads\/2021\/05\/p1385119635.jpg\",\"width\":1300,\"height\":1949},{\"@type\":\"WebSite\",\"@id\":\"https:\/\/www.sindmoveis.com.br\/es\/#website\",\"url\":\"https:\/\/www.sindmoveis.com.br\/es\/\",\"name\":\"Sindm\u00f3veis-RS\",\"description\":\"\",\"potentialAction\":[{\"@type\":\"SearchAction\",\"target\":{\"@type\":\"EntryPoint\",\"urlTemplate\":\"https:\/\/www.sindmoveis.com.br\/es\/?s={search_term_string}\"},\"query-input\":{\"@type\":\"PropertyValueSpecification\",\"valueRequired\":true,\"valueName\":\"search_term_string\"}}],\"inLanguage\":\"es\"},{\"@type\":\"Person\",\"@id\":\"https:\/\/www.sindmoveis.com.br\/es\/#\/schema\/person\/16d379542db1950a17fe188179340d57\",\"name\":\"Imprensa Sindm\u00f3veis\",\"image\":{\"@type\":\"ImageObject\",\"inLanguage\":\"es\",\"@id\":\"https:\/\/www.sindmoveis.com.br\/es\/#\/schema\/person\/image\/\",\"url\":\"https:\/\/secure.gravatar.com\/avatar\/4973e2e2c2a0cb5db30b0c7b770041b8e33d048a16b695a1f99c042449d4bfaf?s=96&d=mm&r=g\",\"contentUrl\":\"https:\/\/secure.gravatar.com\/avatar\/4973e2e2c2a0cb5db30b0c7b770041b8e33d048a16b695a1f99c042449d4bfaf?s=96&d=mm&r=g\",\"caption\":\"Imprensa Sindm\u00f3veis\"},\"url\":\"https:\/\/www.sindmoveis.com.br\/es\/author\/ana\/\"}]}<\/script>\n<!-- \/ Yoast SEO plugin. -->","yoast_head_json":{"title":"Henrique Tecchio es el nuevo presidente de Sindm\u00f3veis - Sindm\u00f3veis-RS","robots":{"index":"index","follow":"follow","max-snippet":"max-snippet:-1","max-image-preview":"max-image-preview:large","max-video-preview":"max-video-preview:-1"},"canonical":"https:\/\/www.sindmoveis.com.br\/es\/henrique-tecchio-e-o-novo-presidente-do-sindmoveis\/","og_locale":"es_ES","og_type":"article","og_title":"Henrique Tecchio es el nuevo presidente de Sindm\u00f3veis - Sindm\u00f3veis-RS","og_description":"Realizadas el \u00faltimo d\u00eda 21 de noviembre, las elecciones para el nuev directorio del Sindicato de las Industrias del Mobiliario de Bento Gon\u00e7alves (Sindm\u00f3veis) aclamaron la plancha \u00fanica liderada por el actual vicepresidente de la entidad, Henrique Tecchio. Con ello, el ejecutivo de la empresa Bentec, con 35 a\u00f1os de edad, ser\u00e1 el presidente del sindicato en el bienio 2014\/2015, teniendo como vicepresidente el Gerente de Recursos Humanos del Grupo Bertolini, Alexandre Michelin.","og_url":"https:\/\/www.sindmoveis.com.br\/es\/henrique-tecchio-e-o-novo-presidente-do-sindmoveis\/","og_site_name":"Sindm\u00f3veis-RS","article_published_time":"2013-11-22T02:00:00+00:00","article_modified_time":"2021-05-26T13:24:30+00:00","og_image":[{"width":1300,"height":1949,"url":"https:\/\/www.sindmoveis.com.br\/es\/wp-content\/uploads\/2021\/05\/p1385119635.jpg","type":"image\/jpeg"}],"author":"Imprensa Sindm\u00f3veis","twitter_card":"summary_large_image","twitter_misc":{"Escrito por":"Imprensa Sindm\u00f3veis","Tiempo de lectura":"3 minutos"},"schema":{"@context":"https:\/\/schema.org","@graph":[{"@type":"Article","@id":"https:\/\/www.sindmoveis.com.br\/es\/henrique-tecchio-e-o-novo-presidente-do-sindmoveis\/#article","isPartOf":{"@id":"https:\/\/www.sindmoveis.com.br\/es\/henrique-tecchio-e-o-novo-presidente-do-sindmoveis\/"},"author":{"name":"Imprensa Sindm\u00f3veis","@id":"https:\/\/www.sindmoveis.com.br\/es\/#\/schema\/person\/16d379542db1950a17fe188179340d57"},"headline":"Henrique Tecchio es el nuevo presidente de Sindm\u00f3veis","datePublished":"2013-11-22T02:00:00+00:00","dateModified":"2021-05-26T13:24:30+00:00","mainEntityOfPage":{"@id":"https:\/\/www.sindmoveis.com.br\/es\/henrique-tecchio-e-o-novo-presidente-do-sindmoveis\/"},"wordCount":574,"image":{"@id":"https:\/\/www.sindmoveis.com.br\/es\/henrique-tecchio-e-o-novo-presidente-do-sindmoveis\/#primaryimage"},"thumbnailUrl":"https:\/\/www.sindmoveis.com.br\/es\/wp-content\/uploads\/2021\/05\/p1385119635.jpg","articleSection":["Sindm\u00f3veis"],"inLanguage":"es"},{"@type":"WebPage","@id":"https:\/\/www.sindmoveis.com.br\/es\/henrique-tecchio-e-o-novo-presidente-do-sindmoveis\/","url":"https:\/\/www.sindmoveis.com.br\/es\/henrique-tecchio-e-o-novo-presidente-do-sindmoveis\/","name":"Henrique Tecchio es el nuevo presidente de Sindm\u00f3veis - Sindm\u00f3veis-RS","isPartOf":{"@id":"https:\/\/www.sindmoveis.com.br\/es\/#website"},"primaryImageOfPage":{"@id":"https:\/\/www.sindmoveis.com.br\/es\/henrique-tecchio-e-o-novo-presidente-do-sindmoveis\/#primaryimage"},"image":{"@id":"https:\/\/www.sindmoveis.com.br\/es\/henrique-tecchio-e-o-novo-presidente-do-sindmoveis\/#primaryimage"},"thumbnailUrl":"https:\/\/www.sindmoveis.com.br\/es\/wp-content\/uploads\/2021\/05\/p1385119635.jpg","datePublished":"2013-11-22T02:00:00+00:00","dateModified":"2021-05-26T13:24:30+00:00","author":{"@id":"https:\/\/www.sindmoveis.com.br\/es\/#\/schema\/person\/16d379542db1950a17fe188179340d57"},"inLanguage":"es","potentialAction":[{"@type":"ReadAction","target":["https:\/\/www.sindmoveis.com.br\/es\/henrique-tecchio-e-o-novo-presidente-do-sindmoveis\/"]}]},{"@type":"ImageObject","inLanguage":"es","@id":"https:\/\/www.sindmoveis.com.br\/es\/henrique-tecchio-e-o-novo-presidente-do-sindmoveis\/#primaryimage","url":"https:\/\/www.sindmoveis.com.br\/es\/wp-content\/uploads\/2021\/05\/p1385119635.jpg","contentUrl":"https:\/\/www.sindmoveis.com.br\/es\/wp-content\/uploads\/2021\/05\/p1385119635.jpg","width":1300,"height":1949},{"@type":"WebSite","@id":"https:\/\/www.sindmoveis.com.br\/es\/#website","url":"https:\/\/www.sindmoveis.com.br\/es\/","name":"Sindm\u00f3veis-RS","description":"","potentialAction":[{"@type":"SearchAction","target":{"@type":"EntryPoint","urlTemplate":"https:\/\/www.sindmoveis.com.br\/es\/?s={search_term_string}"},"query-input":{"@type":"PropertyValueSpecification","valueRequired":true,"valueName":"search_term_string"}}],"inLanguage":"es"},{"@type":"Person","@id":"https:\/\/www.sindmoveis.com.br\/es\/#\/schema\/person\/16d379542db1950a17fe188179340d57","name":"Imprensa Sindm\u00f3veis","image":{"@type":"ImageObject","inLanguage":"es","@id":"https:\/\/www.sindmoveis.com.br\/es\/#\/schema\/person\/image\/","url":"https:\/\/secure.gravatar.com\/avatar\/4973e2e2c2a0cb5db30b0c7b770041b8e33d048a16b695a1f99c042449d4bfaf?s=96&d=mm&r=g","contentUrl":"https:\/\/secure.gravatar.com\/avatar\/4973e2e2c2a0cb5db30b0c7b770041b8e33d048a16b695a1f99c042449d4bfaf?s=96&d=mm&r=g","caption":"Imprensa Sindm\u00f3veis"},"url":"https:\/\/www.sindmoveis.com.br\/es\/author\/ana\/"}]}},"_links":{"self":[{"href":"https:\/\/www.sindmoveis.com.br\/es\/wp-json\/wp\/v2\/posts\/1056","targetHints":{"allow":["GET"]}}],"collection":[{"href":"https:\/\/www.sindmoveis.com.br\/es\/wp-json\/wp\/v2\/posts"}],"about":[{"href":"https:\/\/www.sindmoveis.com.br\/es\/wp-json\/wp\/v2\/types\/post"}],"author":[{"embeddable":true,"href":"https:\/\/www.sindmoveis.com.br\/es\/wp-json\/wp\/v2\/users\/5"}],"replies":[{"embeddable":true,"href":"https:\/\/www.sindmoveis.com.br\/es\/wp-json\/wp\/v2\/comments?post=1056"}],"version-history":[{"count":2,"href":"https:\/\/www.sindmoveis.com.br\/es\/wp-json\/wp\/v2\/posts\/1056\/revisions"}],"predecessor-version":[{"id":3351,"href":"https:\/\/www.sindmoveis.com.br\/es\/wp-json\/wp\/v2\/posts\/1056\/revisions\/3351"}],"wp:featuredmedia":[{"embeddable":true,"href":"https:\/\/www.sindmoveis.com.br\/es\/wp-json\/wp\/v2\/media\/3352"}],"wp:attachment":[{"href":"https:\/\/www.sindmoveis.com.br\/es\/wp-json\/wp\/v2\/media?parent=1056"}],"wp:term":[{"taxonomy":"category","embeddable":true,"href":"https:\/\/www.sindmoveis.com.br\/es\/wp-json\/wp\/v2\/categories?post=1056"},{"taxonomy":"post_tag","embeddable":true,"href":"https:\/\/www.sindmoveis.com.br\/es\/wp-json\/wp\/v2\/tags?post=1056"}],"curies":[{"name":"wp","href":"https:\/\/api.w.org\/{rel}","templated":true}]}}