{"id":1047,"date":"2013-11-06T00:00:00","date_gmt":"2013-11-06T02:00:00","guid":{"rendered":"http:\/\/sindmoveis.com.br\/imprensa\/noticias\/salao-design-encerra-inscricoes-e-prepara-avaliacao-de-projetos\/"},"modified":"2021-05-26T10:27:48","modified_gmt":"2021-05-26T13:27:48","slug":"salao-design-encerra-inscricoes-e-prepara-avaliacao-de-projetos","status":"publish","type":"post","link":"https:\/\/www.sindmoveis.com.br\/es\/salao-design-encerra-inscricoes-e-prepara-avaliacao-de-projetos\/","title":{"rendered":"Sal\u00e3o Design cierra inscripciones y prepara evaluaci\u00f3n de proyectos"},"content":{"rendered":"<div><em>Primera etapa ocurre entre los d&iacute;as 11 y 13 de noviembre en Bento Gon&ccedil;alves<\/em><\/div>\n<div>&nbsp;<\/div>\n<div>La etapa de inscripciones para el Sal&atilde;o Design Movelsul 2014 super&oacute; los n&uacute;meros con relaci&oacute;n al concurso realizado en 2012, cuando registr&oacute; 408 proyectos de 396 participantes. Para esta edici&oacute;n, tambi&eacute;n vinculada a Movelsul Brasil, 587 proyectos fueron inscritos por participantes de 15 pa&iacute;ses como Argentina, Ecuador, B&eacute;lgica, Francia, Bolivia, Hungr&iacute;a, Ir&aacute;n, Italia, M&eacute;xico, Egipto, entre otros. Con R$ 175 mil en premiaciones, el Premio destinado a estudiantes, profesionales del dise&ntilde;o e industrias del sector del mobiliario, es realizado desde hace 26 a&ntilde;os por el Sindicato de las Industrias del Mobiliario de Bento Gon&ccedil;alves &ndash; Sindm&oacute;veis.<\/div>\n<div>&nbsp;<\/div>\n<div>Entre los d&iacute;as 11 y 13 de noviembre, la comisi&oacute;n juzgadora del Sal&atilde;o Design Movelsul har&aacute; la evaluaci&oacute;n de los proyectos inscritos. El resultado ser&aacute; conocido en la semana siguiente, a partir del d&iacute;a 20. Las arquitectas Ilse Lang e Isabela Vecci; el dise&ntilde;ador y muse&oacute;grafo Ivens Fontoura y los dise&ntilde;adores Pedro Moog y Peter Marigold usar&aacute;n como criterios de selecci&oacute;n el concepto del producto, la adecuaci&oacute;n al p&uacute;blico objetivo, la ergonom&iacute;a, el acabado, el grado de innovaci&oacute;n formal y tecnol&oacute;gica, entre otras potencialidades de cada uno de los proyectos.<\/div>\n<div>&nbsp;<\/div>\n<div>Despu&eacute;s de la divulgaci&oacute;n de los clasificados para la 2&ordf; etapa, los seleccionados deben enviar sus productos o prototipos en tama&ntilde;o real para apreciaci&oacute;n. Incentivando el uso de materias primas sustentables, el Sal&atilde;o Design ofrece en esta etapa el Premio Maderas Alternativas al proyecto que m&aacute;s contemple cuestiones socio- ambientales. Todos los proyectos aprobados para esta etapa y que atiendan las condiciones establecidas en el reglamento, participar&aacute;n del Sal&atilde;o Design, durante Movelsul Brasil 2014, entre los d&iacute;as de 24 a 28 de marzo, en Bento Gon&ccedil;alves.<\/div>\n","protected":false},"excerpt":{"rendered":"<p>La etapa de inscripciones para el Sal\u00e3o Design Movelsul 2014 super\u00f3 los n\u00fameros con relaci\u00f3n al concurso realizado en 2012, cuando registr\u00f3 408 proyectos de 396 participantes. Para esta edici\u00f3n, tambi\u00e9n vinculada a Movelsul Brasil, 587 proyectos fueron inscritos por participantes de 15 pa\u00edses como Argentina, Ecuador, B\u00e9lgica, Francia, Bolivia, Hungr\u00eda, Ir\u00e1n, Italia, M\u00e9xico, Egipto, entre otros. Con R$ 175 mil en premiaciones, el Premio destinado a estudiantes, profesionales del dise\u00f1o e industrias del sector del mobiliario, es realizado desde hace 26 a\u00f1os por el Sindicato de las Industrias del Mobiliario de Bento Gon\u00e7alves \u2013 Sindm\u00f3veis.<\/p>\n","protected":false},"author":5,"featured_media":3345,"comment_status":"closed","ping_status":"open","sticky":false,"template":"","format":"standard","meta":{"footnotes":"","_links_to":"","_links_to_target":""},"categories":[21,2],"tags":[],"class_list":["post-1047","post","type-post","status-publish","format-standard","has-post-thumbnail","hentry","category-premio-salao-design","category-sindmoveis"],"yoast_head":"<!-- This site is optimized with the Yoast SEO plugin v27.0 - https:\/\/yoast.com\/product\/yoast-seo-wordpress\/ -->\n<title>Sal\u00e3o Design cierra inscripciones y prepara evaluaci\u00f3n de proyectos - Sindm\u00f3veis-RS<\/title>\n<meta name=\"robots\" content=\"index, follow, max-snippet:-1, max-image-preview:large, max-video-preview:-1\" \/>\n<link rel=\"canonical\" href=\"https:\/\/www.sindmoveis.com.br\/es\/salao-design-encerra-inscricoes-e-prepara-avaliacao-de-projetos\/\" \/>\n<meta property=\"og:locale\" content=\"es_ES\" \/>\n<meta property=\"og:type\" content=\"article\" \/>\n<meta property=\"og:title\" content=\"Sal\u00e3o Design cierra inscripciones y prepara evaluaci\u00f3n de proyectos - Sindm\u00f3veis-RS\" \/>\n<meta property=\"og:description\" content=\"La etapa de inscripciones para el Sal\u00e3o Design Movelsul 2014 super\u00f3 los n\u00fameros con relaci\u00f3n al concurso realizado en 2012, cuando registr\u00f3 408 proyectos de 396 participantes. Para esta edici\u00f3n, tambi\u00e9n vinculada a Movelsul Brasil, 587 proyectos fueron inscritos por participantes de 15 pa\u00edses como Argentina, Ecuador, B\u00e9lgica, Francia, Bolivia, Hungr\u00eda, Ir\u00e1n, Italia, M\u00e9xico, Egipto, entre otros. Con R$ 175 mil en premiaciones, el Premio destinado a estudiantes, profesionales del dise\u00f1o e industrias del sector del mobiliario, es realizado desde hace 26 a\u00f1os por el Sindicato de las Industrias del Mobiliario de Bento Gon\u00e7alves \u2013 Sindm\u00f3veis.\" \/>\n<meta property=\"og:url\" content=\"https:\/\/www.sindmoveis.com.br\/es\/salao-design-encerra-inscricoes-e-prepara-avaliacao-de-projetos\/\" \/>\n<meta property=\"og:site_name\" content=\"Sindm\u00f3veis-RS\" \/>\n<meta property=\"article:published_time\" content=\"2013-11-06T02:00:00+00:00\" \/>\n<meta property=\"article:modified_time\" content=\"2021-05-26T13:27:48+00:00\" \/>\n<meta property=\"og:image\" content=\"https:\/\/www.sindmoveis.com.br\/es\/wp-content\/uploads\/2021\/05\/p1383741472.jpg\" \/>\n\t<meta property=\"og:image:width\" content=\"863\" \/>\n\t<meta property=\"og:image:height\" content=\"591\" \/>\n\t<meta property=\"og:image:type\" content=\"image\/jpeg\" \/>\n<meta name=\"author\" content=\"Imprensa Sindm\u00f3veis\" \/>\n<meta name=\"twitter:card\" content=\"summary_large_image\" \/>\n<meta name=\"twitter:label1\" content=\"Escrito por\" \/>\n\t<meta name=\"twitter:data1\" content=\"Imprensa Sindm\u00f3veis\" \/>\n\t<meta name=\"twitter:label2\" content=\"Tiempo de lectura\" \/>\n\t<meta name=\"twitter:data2\" content=\"2 minutos\" \/>\n<script type=\"application\/ld+json\" class=\"yoast-schema-graph\">{\"@context\":\"https:\/\/schema.org\",\"@graph\":[{\"@type\":\"Article\",\"@id\":\"https:\/\/www.sindmoveis.com.br\/es\/salao-design-encerra-inscricoes-e-prepara-avaliacao-de-projetos\/#article\",\"isPartOf\":{\"@id\":\"https:\/\/www.sindmoveis.com.br\/es\/salao-design-encerra-inscricoes-e-prepara-avaliacao-de-projetos\/\"},\"author\":{\"name\":\"Imprensa Sindm\u00f3veis\",\"@id\":\"https:\/\/www.sindmoveis.com.br\/es\/#\/schema\/person\/16d379542db1950a17fe188179340d57\"},\"headline\":\"Sal\u00e3o Design cierra inscripciones y prepara evaluaci\u00f3n de proyectos\",\"datePublished\":\"2013-11-06T02:00:00+00:00\",\"dateModified\":\"2021-05-26T13:27:48+00:00\",\"mainEntityOfPage\":{\"@id\":\"https:\/\/www.sindmoveis.com.br\/es\/salao-design-encerra-inscricoes-e-prepara-avaliacao-de-projetos\/\"},\"wordCount\":370,\"image\":{\"@id\":\"https:\/\/www.sindmoveis.com.br\/es\/salao-design-encerra-inscricoes-e-prepara-avaliacao-de-projetos\/#primaryimage\"},\"thumbnailUrl\":\"https:\/\/www.sindmoveis.com.br\/es\/wp-content\/uploads\/2021\/05\/p1383741472.jpg\",\"articleSection\":[\"Premio Sal\u00e3o Design\",\"Sindm\u00f3veis\"],\"inLanguage\":\"es\"},{\"@type\":\"WebPage\",\"@id\":\"https:\/\/www.sindmoveis.com.br\/es\/salao-design-encerra-inscricoes-e-prepara-avaliacao-de-projetos\/\",\"url\":\"https:\/\/www.sindmoveis.com.br\/es\/salao-design-encerra-inscricoes-e-prepara-avaliacao-de-projetos\/\",\"name\":\"Sal\u00e3o Design cierra inscripciones y prepara evaluaci\u00f3n de proyectos - Sindm\u00f3veis-RS\",\"isPartOf\":{\"@id\":\"https:\/\/www.sindmoveis.com.br\/es\/#website\"},\"primaryImageOfPage\":{\"@id\":\"https:\/\/www.sindmoveis.com.br\/es\/salao-design-encerra-inscricoes-e-prepara-avaliacao-de-projetos\/#primaryimage\"},\"image\":{\"@id\":\"https:\/\/www.sindmoveis.com.br\/es\/salao-design-encerra-inscricoes-e-prepara-avaliacao-de-projetos\/#primaryimage\"},\"thumbnailUrl\":\"https:\/\/www.sindmoveis.com.br\/es\/wp-content\/uploads\/2021\/05\/p1383741472.jpg\",\"datePublished\":\"2013-11-06T02:00:00+00:00\",\"dateModified\":\"2021-05-26T13:27:48+00:00\",\"author\":{\"@id\":\"https:\/\/www.sindmoveis.com.br\/es\/#\/schema\/person\/16d379542db1950a17fe188179340d57\"},\"inLanguage\":\"es\",\"potentialAction\":[{\"@type\":\"ReadAction\",\"target\":[\"https:\/\/www.sindmoveis.com.br\/es\/salao-design-encerra-inscricoes-e-prepara-avaliacao-de-projetos\/\"]}]},{\"@type\":\"ImageObject\",\"inLanguage\":\"es\",\"@id\":\"https:\/\/www.sindmoveis.com.br\/es\/salao-design-encerra-inscricoes-e-prepara-avaliacao-de-projetos\/#primaryimage\",\"url\":\"https:\/\/www.sindmoveis.com.br\/es\/wp-content\/uploads\/2021\/05\/p1383741472.jpg\",\"contentUrl\":\"https:\/\/www.sindmoveis.com.br\/es\/wp-content\/uploads\/2021\/05\/p1383741472.jpg\",\"width\":863,\"height\":591},{\"@type\":\"WebSite\",\"@id\":\"https:\/\/www.sindmoveis.com.br\/es\/#website\",\"url\":\"https:\/\/www.sindmoveis.com.br\/es\/\",\"name\":\"Sindm\u00f3veis-RS\",\"description\":\"\",\"potentialAction\":[{\"@type\":\"SearchAction\",\"target\":{\"@type\":\"EntryPoint\",\"urlTemplate\":\"https:\/\/www.sindmoveis.com.br\/es\/?s={search_term_string}\"},\"query-input\":{\"@type\":\"PropertyValueSpecification\",\"valueRequired\":true,\"valueName\":\"search_term_string\"}}],\"inLanguage\":\"es\"},{\"@type\":\"Person\",\"@id\":\"https:\/\/www.sindmoveis.com.br\/es\/#\/schema\/person\/16d379542db1950a17fe188179340d57\",\"name\":\"Imprensa Sindm\u00f3veis\",\"image\":{\"@type\":\"ImageObject\",\"inLanguage\":\"es\",\"@id\":\"https:\/\/www.sindmoveis.com.br\/es\/#\/schema\/person\/image\/\",\"url\":\"https:\/\/secure.gravatar.com\/avatar\/4973e2e2c2a0cb5db30b0c7b770041b8e33d048a16b695a1f99c042449d4bfaf?s=96&d=mm&r=g\",\"contentUrl\":\"https:\/\/secure.gravatar.com\/avatar\/4973e2e2c2a0cb5db30b0c7b770041b8e33d048a16b695a1f99c042449d4bfaf?s=96&d=mm&r=g\",\"caption\":\"Imprensa Sindm\u00f3veis\"},\"url\":\"https:\/\/www.sindmoveis.com.br\/es\/author\/ana\/\"}]}<\/script>\n<!-- \/ Yoast SEO plugin. -->","yoast_head_json":{"title":"Sal\u00e3o Design cierra inscripciones y prepara evaluaci\u00f3n de proyectos - Sindm\u00f3veis-RS","robots":{"index":"index","follow":"follow","max-snippet":"max-snippet:-1","max-image-preview":"max-image-preview:large","max-video-preview":"max-video-preview:-1"},"canonical":"https:\/\/www.sindmoveis.com.br\/es\/salao-design-encerra-inscricoes-e-prepara-avaliacao-de-projetos\/","og_locale":"es_ES","og_type":"article","og_title":"Sal\u00e3o Design cierra inscripciones y prepara evaluaci\u00f3n de proyectos - Sindm\u00f3veis-RS","og_description":"La etapa de inscripciones para el Sal\u00e3o Design Movelsul 2014 super\u00f3 los n\u00fameros con relaci\u00f3n al concurso realizado en 2012, cuando registr\u00f3 408 proyectos de 396 participantes. Para esta edici\u00f3n, tambi\u00e9n vinculada a Movelsul Brasil, 587 proyectos fueron inscritos por participantes de 15 pa\u00edses como Argentina, Ecuador, B\u00e9lgica, Francia, Bolivia, Hungr\u00eda, Ir\u00e1n, Italia, M\u00e9xico, Egipto, entre otros. Con R$ 175 mil en premiaciones, el Premio destinado a estudiantes, profesionales del dise\u00f1o e industrias del sector del mobiliario, es realizado desde hace 26 a\u00f1os por el Sindicato de las Industrias del Mobiliario de Bento Gon\u00e7alves \u2013 Sindm\u00f3veis.","og_url":"https:\/\/www.sindmoveis.com.br\/es\/salao-design-encerra-inscricoes-e-prepara-avaliacao-de-projetos\/","og_site_name":"Sindm\u00f3veis-RS","article_published_time":"2013-11-06T02:00:00+00:00","article_modified_time":"2021-05-26T13:27:48+00:00","og_image":[{"width":863,"height":591,"url":"https:\/\/www.sindmoveis.com.br\/es\/wp-content\/uploads\/2021\/05\/p1383741472.jpg","type":"image\/jpeg"}],"author":"Imprensa Sindm\u00f3veis","twitter_card":"summary_large_image","twitter_misc":{"Escrito por":"Imprensa Sindm\u00f3veis","Tiempo de lectura":"2 minutos"},"schema":{"@context":"https:\/\/schema.org","@graph":[{"@type":"Article","@id":"https:\/\/www.sindmoveis.com.br\/es\/salao-design-encerra-inscricoes-e-prepara-avaliacao-de-projetos\/#article","isPartOf":{"@id":"https:\/\/www.sindmoveis.com.br\/es\/salao-design-encerra-inscricoes-e-prepara-avaliacao-de-projetos\/"},"author":{"name":"Imprensa Sindm\u00f3veis","@id":"https:\/\/www.sindmoveis.com.br\/es\/#\/schema\/person\/16d379542db1950a17fe188179340d57"},"headline":"Sal\u00e3o Design cierra inscripciones y prepara evaluaci\u00f3n de proyectos","datePublished":"2013-11-06T02:00:00+00:00","dateModified":"2021-05-26T13:27:48+00:00","mainEntityOfPage":{"@id":"https:\/\/www.sindmoveis.com.br\/es\/salao-design-encerra-inscricoes-e-prepara-avaliacao-de-projetos\/"},"wordCount":370,"image":{"@id":"https:\/\/www.sindmoveis.com.br\/es\/salao-design-encerra-inscricoes-e-prepara-avaliacao-de-projetos\/#primaryimage"},"thumbnailUrl":"https:\/\/www.sindmoveis.com.br\/es\/wp-content\/uploads\/2021\/05\/p1383741472.jpg","articleSection":["Premio Sal\u00e3o Design","Sindm\u00f3veis"],"inLanguage":"es"},{"@type":"WebPage","@id":"https:\/\/www.sindmoveis.com.br\/es\/salao-design-encerra-inscricoes-e-prepara-avaliacao-de-projetos\/","url":"https:\/\/www.sindmoveis.com.br\/es\/salao-design-encerra-inscricoes-e-prepara-avaliacao-de-projetos\/","name":"Sal\u00e3o Design cierra inscripciones y prepara evaluaci\u00f3n de proyectos - Sindm\u00f3veis-RS","isPartOf":{"@id":"https:\/\/www.sindmoveis.com.br\/es\/#website"},"primaryImageOfPage":{"@id":"https:\/\/www.sindmoveis.com.br\/es\/salao-design-encerra-inscricoes-e-prepara-avaliacao-de-projetos\/#primaryimage"},"image":{"@id":"https:\/\/www.sindmoveis.com.br\/es\/salao-design-encerra-inscricoes-e-prepara-avaliacao-de-projetos\/#primaryimage"},"thumbnailUrl":"https:\/\/www.sindmoveis.com.br\/es\/wp-content\/uploads\/2021\/05\/p1383741472.jpg","datePublished":"2013-11-06T02:00:00+00:00","dateModified":"2021-05-26T13:27:48+00:00","author":{"@id":"https:\/\/www.sindmoveis.com.br\/es\/#\/schema\/person\/16d379542db1950a17fe188179340d57"},"inLanguage":"es","potentialAction":[{"@type":"ReadAction","target":["https:\/\/www.sindmoveis.com.br\/es\/salao-design-encerra-inscricoes-e-prepara-avaliacao-de-projetos\/"]}]},{"@type":"ImageObject","inLanguage":"es","@id":"https:\/\/www.sindmoveis.com.br\/es\/salao-design-encerra-inscricoes-e-prepara-avaliacao-de-projetos\/#primaryimage","url":"https:\/\/www.sindmoveis.com.br\/es\/wp-content\/uploads\/2021\/05\/p1383741472.jpg","contentUrl":"https:\/\/www.sindmoveis.com.br\/es\/wp-content\/uploads\/2021\/05\/p1383741472.jpg","width":863,"height":591},{"@type":"WebSite","@id":"https:\/\/www.sindmoveis.com.br\/es\/#website","url":"https:\/\/www.sindmoveis.com.br\/es\/","name":"Sindm\u00f3veis-RS","description":"","potentialAction":[{"@type":"SearchAction","target":{"@type":"EntryPoint","urlTemplate":"https:\/\/www.sindmoveis.com.br\/es\/?s={search_term_string}"},"query-input":{"@type":"PropertyValueSpecification","valueRequired":true,"valueName":"search_term_string"}}],"inLanguage":"es"},{"@type":"Person","@id":"https:\/\/www.sindmoveis.com.br\/es\/#\/schema\/person\/16d379542db1950a17fe188179340d57","name":"Imprensa Sindm\u00f3veis","image":{"@type":"ImageObject","inLanguage":"es","@id":"https:\/\/www.sindmoveis.com.br\/es\/#\/schema\/person\/image\/","url":"https:\/\/secure.gravatar.com\/avatar\/4973e2e2c2a0cb5db30b0c7b770041b8e33d048a16b695a1f99c042449d4bfaf?s=96&d=mm&r=g","contentUrl":"https:\/\/secure.gravatar.com\/avatar\/4973e2e2c2a0cb5db30b0c7b770041b8e33d048a16b695a1f99c042449d4bfaf?s=96&d=mm&r=g","caption":"Imprensa Sindm\u00f3veis"},"url":"https:\/\/www.sindmoveis.com.br\/es\/author\/ana\/"}]}},"_links":{"self":[{"href":"https:\/\/www.sindmoveis.com.br\/es\/wp-json\/wp\/v2\/posts\/1047","targetHints":{"allow":["GET"]}}],"collection":[{"href":"https:\/\/www.sindmoveis.com.br\/es\/wp-json\/wp\/v2\/posts"}],"about":[{"href":"https:\/\/www.sindmoveis.com.br\/es\/wp-json\/wp\/v2\/types\/post"}],"author":[{"embeddable":true,"href":"https:\/\/www.sindmoveis.com.br\/es\/wp-json\/wp\/v2\/users\/5"}],"replies":[{"embeddable":true,"href":"https:\/\/www.sindmoveis.com.br\/es\/wp-json\/wp\/v2\/comments?post=1047"}],"version-history":[{"count":2,"href":"https:\/\/www.sindmoveis.com.br\/es\/wp-json\/wp\/v2\/posts\/1047\/revisions"}],"predecessor-version":[{"id":3344,"href":"https:\/\/www.sindmoveis.com.br\/es\/wp-json\/wp\/v2\/posts\/1047\/revisions\/3344"}],"wp:featuredmedia":[{"embeddable":true,"href":"https:\/\/www.sindmoveis.com.br\/es\/wp-json\/wp\/v2\/media\/3345"}],"wp:attachment":[{"href":"https:\/\/www.sindmoveis.com.br\/es\/wp-json\/wp\/v2\/media?parent=1047"}],"wp:term":[{"taxonomy":"category","embeddable":true,"href":"https:\/\/www.sindmoveis.com.br\/es\/wp-json\/wp\/v2\/categories?post=1047"},{"taxonomy":"post_tag","embeddable":true,"href":"https:\/\/www.sindmoveis.com.br\/es\/wp-json\/wp\/v2\/tags?post=1047"}],"curies":[{"name":"wp","href":"https:\/\/api.w.org\/{rel}","templated":true}]}}