{"id":1041,"date":"2013-09-16T00:00:00","date_gmt":"2013-09-16T03:00:00","guid":{"rendered":"http:\/\/sindmoveis.com.br\/imprensa\/noticias\/feiras-mexicanas-trazem-bons-resultados-para-as-empresas-do-projeto\/"},"modified":"2021-05-26T10:24:30","modified_gmt":"2021-05-26T13:24:30","slug":"feiras-mexicanas-trazem-bons-resultados-para-as-empresas-do-projeto","status":"publish","type":"post","link":"https:\/\/www.sindmoveis.com.br\/es\/feiras-mexicanas-trazem-bons-resultados-para-as-empresas-do-projeto\/","title":{"rendered":"Ferias mexicanas traen buenos resultados para las empresas del proyecto"},"content":{"rendered":"<div>El Proyecto Orchestra Basil viabiliz&oacute; la participaci&oacute;n de &nbsp;empresas integrantes del proyecto &nbsp;en dos ferias realizadas en el mes de agosto pasado, cuya sede fue la ciudad de Guadalajara: Tecnomueble y Expo Nacional Ferretera. La primera, realizada de 14 a 17 de agosto, result&oacute; en casi 600 contactos para las seis industrias que contaron con el apoyo individual del proyecto para su participaci&oacute;n. Al todo, Tecnomueble recibi&oacute; cinco mil visitantes. La expectativa es la de llegar a un valor de U$ 480 mil por contratos a ser realizados en los pr&oacute;ximos doce meses. Ya Expo Nacional Ferretera tuvo m&aacute;s de 80 mil visitantes y 1.300 expositores. El Proyecto Orchestra Brasil particip&oacute; con un stand colectivo en el cual estuvieron presentes cinco empresas, de 29 a 31 de agosto. Los datos referentes a la generaci&oacute;n de negocios del evento a&uacute;n est&aacute;n siendo tabulados. El proyecto renov&oacute; su participaci&oacute;n en ambas ferias para 2014. &nbsp; &nbsp;<\/div>\n<div>&nbsp;<\/div>\n","protected":false},"excerpt":{"rendered":"<p>El Proyecto Orchestra Basil viabiliz\u00f3 la participaci\u00f3n de  empresas integrantes del proyecto  en dos ferias realizadas en el mes de agosto pasado, cuya sede fue la ciudad de Guadalajara: Tecnomueble y Expo Nacional Ferretera.<\/p>\n","protected":false},"author":5,"featured_media":3339,"comment_status":"closed","ping_status":"open","sticky":false,"template":"","format":"standard","meta":{"footnotes":"","_links_to":"","_links_to_target":""},"categories":[2],"tags":[],"class_list":["post-1041","post","type-post","status-publish","format-standard","has-post-thumbnail","hentry","category-sindmoveis"],"yoast_head":"<!-- This site is optimized with the Yoast SEO plugin v27.0 - https:\/\/yoast.com\/product\/yoast-seo-wordpress\/ -->\n<title>Ferias mexicanas traen buenos resultados para las empresas del proyecto - Sindm\u00f3veis-RS<\/title>\n<meta name=\"robots\" content=\"index, follow, max-snippet:-1, max-image-preview:large, max-video-preview:-1\" \/>\n<link rel=\"canonical\" href=\"https:\/\/www.sindmoveis.com.br\/es\/feiras-mexicanas-trazem-bons-resultados-para-as-empresas-do-projeto\/\" \/>\n<meta property=\"og:locale\" content=\"es_ES\" \/>\n<meta property=\"og:type\" content=\"article\" \/>\n<meta property=\"og:title\" content=\"Ferias mexicanas traen buenos resultados para las empresas del proyecto - Sindm\u00f3veis-RS\" \/>\n<meta property=\"og:description\" content=\"El Proyecto Orchestra Basil viabiliz\u00f3 la participaci\u00f3n de empresas integrantes del proyecto en dos ferias realizadas en el mes de agosto pasado, cuya sede fue la ciudad de Guadalajara: Tecnomueble y Expo Nacional Ferretera.\" \/>\n<meta property=\"og:url\" content=\"https:\/\/www.sindmoveis.com.br\/es\/feiras-mexicanas-trazem-bons-resultados-para-as-empresas-do-projeto\/\" \/>\n<meta property=\"og:site_name\" content=\"Sindm\u00f3veis-RS\" \/>\n<meta property=\"article:published_time\" content=\"2013-09-16T03:00:00+00:00\" \/>\n<meta property=\"article:modified_time\" content=\"2021-05-26T13:24:30+00:00\" \/>\n<meta property=\"og:image\" content=\"https:\/\/www.sindmoveis.com.br\/es\/wp-content\/uploads\/2021\/05\/p1379352609.jpg\" \/>\n\t<meta property=\"og:image:width\" content=\"594\" \/>\n\t<meta property=\"og:image:height\" content=\"445\" \/>\n\t<meta property=\"og:image:type\" content=\"image\/jpeg\" \/>\n<meta name=\"author\" content=\"Imprensa Sindm\u00f3veis\" \/>\n<meta name=\"twitter:card\" content=\"summary_large_image\" \/>\n<meta name=\"twitter:label1\" content=\"Escrito por\" \/>\n\t<meta name=\"twitter:data1\" content=\"Imprensa Sindm\u00f3veis\" \/>\n\t<meta name=\"twitter:label2\" content=\"Tiempo de lectura\" \/>\n\t<meta name=\"twitter:data2\" content=\"1 minuto\" \/>\n<script type=\"application\/ld+json\" class=\"yoast-schema-graph\">{\"@context\":\"https:\/\/schema.org\",\"@graph\":[{\"@type\":\"Article\",\"@id\":\"https:\/\/www.sindmoveis.com.br\/es\/feiras-mexicanas-trazem-bons-resultados-para-as-empresas-do-projeto\/#article\",\"isPartOf\":{\"@id\":\"https:\/\/www.sindmoveis.com.br\/es\/feiras-mexicanas-trazem-bons-resultados-para-as-empresas-do-projeto\/\"},\"author\":{\"name\":\"Imprensa Sindm\u00f3veis\",\"@id\":\"https:\/\/www.sindmoveis.com.br\/es\/#\/schema\/person\/16d379542db1950a17fe188179340d57\"},\"headline\":\"Ferias mexicanas traen buenos resultados para las empresas del proyecto\",\"datePublished\":\"2013-09-16T03:00:00+00:00\",\"dateModified\":\"2021-05-26T13:24:30+00:00\",\"mainEntityOfPage\":{\"@id\":\"https:\/\/www.sindmoveis.com.br\/es\/feiras-mexicanas-trazem-bons-resultados-para-as-empresas-do-projeto\/\"},\"wordCount\":179,\"image\":{\"@id\":\"https:\/\/www.sindmoveis.com.br\/es\/feiras-mexicanas-trazem-bons-resultados-para-as-empresas-do-projeto\/#primaryimage\"},\"thumbnailUrl\":\"https:\/\/www.sindmoveis.com.br\/es\/wp-content\/uploads\/2021\/05\/p1379352609.jpg\",\"articleSection\":[\"Sindm\u00f3veis\"],\"inLanguage\":\"es\"},{\"@type\":\"WebPage\",\"@id\":\"https:\/\/www.sindmoveis.com.br\/es\/feiras-mexicanas-trazem-bons-resultados-para-as-empresas-do-projeto\/\",\"url\":\"https:\/\/www.sindmoveis.com.br\/es\/feiras-mexicanas-trazem-bons-resultados-para-as-empresas-do-projeto\/\",\"name\":\"Ferias mexicanas traen buenos resultados para las empresas del proyecto - Sindm\u00f3veis-RS\",\"isPartOf\":{\"@id\":\"https:\/\/www.sindmoveis.com.br\/es\/#website\"},\"primaryImageOfPage\":{\"@id\":\"https:\/\/www.sindmoveis.com.br\/es\/feiras-mexicanas-trazem-bons-resultados-para-as-empresas-do-projeto\/#primaryimage\"},\"image\":{\"@id\":\"https:\/\/www.sindmoveis.com.br\/es\/feiras-mexicanas-trazem-bons-resultados-para-as-empresas-do-projeto\/#primaryimage\"},\"thumbnailUrl\":\"https:\/\/www.sindmoveis.com.br\/es\/wp-content\/uploads\/2021\/05\/p1379352609.jpg\",\"datePublished\":\"2013-09-16T03:00:00+00:00\",\"dateModified\":\"2021-05-26T13:24:30+00:00\",\"author\":{\"@id\":\"https:\/\/www.sindmoveis.com.br\/es\/#\/schema\/person\/16d379542db1950a17fe188179340d57\"},\"inLanguage\":\"es\",\"potentialAction\":[{\"@type\":\"ReadAction\",\"target\":[\"https:\/\/www.sindmoveis.com.br\/es\/feiras-mexicanas-trazem-bons-resultados-para-as-empresas-do-projeto\/\"]}]},{\"@type\":\"ImageObject\",\"inLanguage\":\"es\",\"@id\":\"https:\/\/www.sindmoveis.com.br\/es\/feiras-mexicanas-trazem-bons-resultados-para-as-empresas-do-projeto\/#primaryimage\",\"url\":\"https:\/\/www.sindmoveis.com.br\/es\/wp-content\/uploads\/2021\/05\/p1379352609.jpg\",\"contentUrl\":\"https:\/\/www.sindmoveis.com.br\/es\/wp-content\/uploads\/2021\/05\/p1379352609.jpg\",\"width\":594,\"height\":445},{\"@type\":\"WebSite\",\"@id\":\"https:\/\/www.sindmoveis.com.br\/es\/#website\",\"url\":\"https:\/\/www.sindmoveis.com.br\/es\/\",\"name\":\"Sindm\u00f3veis-RS\",\"description\":\"\",\"potentialAction\":[{\"@type\":\"SearchAction\",\"target\":{\"@type\":\"EntryPoint\",\"urlTemplate\":\"https:\/\/www.sindmoveis.com.br\/es\/?s={search_term_string}\"},\"query-input\":{\"@type\":\"PropertyValueSpecification\",\"valueRequired\":true,\"valueName\":\"search_term_string\"}}],\"inLanguage\":\"es\"},{\"@type\":\"Person\",\"@id\":\"https:\/\/www.sindmoveis.com.br\/es\/#\/schema\/person\/16d379542db1950a17fe188179340d57\",\"name\":\"Imprensa Sindm\u00f3veis\",\"image\":{\"@type\":\"ImageObject\",\"inLanguage\":\"es\",\"@id\":\"https:\/\/www.sindmoveis.com.br\/es\/#\/schema\/person\/image\/\",\"url\":\"https:\/\/secure.gravatar.com\/avatar\/4973e2e2c2a0cb5db30b0c7b770041b8e33d048a16b695a1f99c042449d4bfaf?s=96&d=mm&r=g\",\"contentUrl\":\"https:\/\/secure.gravatar.com\/avatar\/4973e2e2c2a0cb5db30b0c7b770041b8e33d048a16b695a1f99c042449d4bfaf?s=96&d=mm&r=g\",\"caption\":\"Imprensa Sindm\u00f3veis\"},\"url\":\"https:\/\/www.sindmoveis.com.br\/es\/author\/ana\/\"}]}<\/script>\n<!-- \/ Yoast SEO plugin. -->","yoast_head_json":{"title":"Ferias mexicanas traen buenos resultados para las empresas del proyecto - Sindm\u00f3veis-RS","robots":{"index":"index","follow":"follow","max-snippet":"max-snippet:-1","max-image-preview":"max-image-preview:large","max-video-preview":"max-video-preview:-1"},"canonical":"https:\/\/www.sindmoveis.com.br\/es\/feiras-mexicanas-trazem-bons-resultados-para-as-empresas-do-projeto\/","og_locale":"es_ES","og_type":"article","og_title":"Ferias mexicanas traen buenos resultados para las empresas del proyecto - Sindm\u00f3veis-RS","og_description":"El Proyecto Orchestra Basil viabiliz\u00f3 la participaci\u00f3n de empresas integrantes del proyecto en dos ferias realizadas en el mes de agosto pasado, cuya sede fue la ciudad de Guadalajara: Tecnomueble y Expo Nacional Ferretera.","og_url":"https:\/\/www.sindmoveis.com.br\/es\/feiras-mexicanas-trazem-bons-resultados-para-as-empresas-do-projeto\/","og_site_name":"Sindm\u00f3veis-RS","article_published_time":"2013-09-16T03:00:00+00:00","article_modified_time":"2021-05-26T13:24:30+00:00","og_image":[{"width":594,"height":445,"url":"https:\/\/www.sindmoveis.com.br\/es\/wp-content\/uploads\/2021\/05\/p1379352609.jpg","type":"image\/jpeg"}],"author":"Imprensa Sindm\u00f3veis","twitter_card":"summary_large_image","twitter_misc":{"Escrito por":"Imprensa Sindm\u00f3veis","Tiempo de lectura":"1 minuto"},"schema":{"@context":"https:\/\/schema.org","@graph":[{"@type":"Article","@id":"https:\/\/www.sindmoveis.com.br\/es\/feiras-mexicanas-trazem-bons-resultados-para-as-empresas-do-projeto\/#article","isPartOf":{"@id":"https:\/\/www.sindmoveis.com.br\/es\/feiras-mexicanas-trazem-bons-resultados-para-as-empresas-do-projeto\/"},"author":{"name":"Imprensa Sindm\u00f3veis","@id":"https:\/\/www.sindmoveis.com.br\/es\/#\/schema\/person\/16d379542db1950a17fe188179340d57"},"headline":"Ferias mexicanas traen buenos resultados para las empresas del proyecto","datePublished":"2013-09-16T03:00:00+00:00","dateModified":"2021-05-26T13:24:30+00:00","mainEntityOfPage":{"@id":"https:\/\/www.sindmoveis.com.br\/es\/feiras-mexicanas-trazem-bons-resultados-para-as-empresas-do-projeto\/"},"wordCount":179,"image":{"@id":"https:\/\/www.sindmoveis.com.br\/es\/feiras-mexicanas-trazem-bons-resultados-para-as-empresas-do-projeto\/#primaryimage"},"thumbnailUrl":"https:\/\/www.sindmoveis.com.br\/es\/wp-content\/uploads\/2021\/05\/p1379352609.jpg","articleSection":["Sindm\u00f3veis"],"inLanguage":"es"},{"@type":"WebPage","@id":"https:\/\/www.sindmoveis.com.br\/es\/feiras-mexicanas-trazem-bons-resultados-para-as-empresas-do-projeto\/","url":"https:\/\/www.sindmoveis.com.br\/es\/feiras-mexicanas-trazem-bons-resultados-para-as-empresas-do-projeto\/","name":"Ferias mexicanas traen buenos resultados para las empresas del proyecto - Sindm\u00f3veis-RS","isPartOf":{"@id":"https:\/\/www.sindmoveis.com.br\/es\/#website"},"primaryImageOfPage":{"@id":"https:\/\/www.sindmoveis.com.br\/es\/feiras-mexicanas-trazem-bons-resultados-para-as-empresas-do-projeto\/#primaryimage"},"image":{"@id":"https:\/\/www.sindmoveis.com.br\/es\/feiras-mexicanas-trazem-bons-resultados-para-as-empresas-do-projeto\/#primaryimage"},"thumbnailUrl":"https:\/\/www.sindmoveis.com.br\/es\/wp-content\/uploads\/2021\/05\/p1379352609.jpg","datePublished":"2013-09-16T03:00:00+00:00","dateModified":"2021-05-26T13:24:30+00:00","author":{"@id":"https:\/\/www.sindmoveis.com.br\/es\/#\/schema\/person\/16d379542db1950a17fe188179340d57"},"inLanguage":"es","potentialAction":[{"@type":"ReadAction","target":["https:\/\/www.sindmoveis.com.br\/es\/feiras-mexicanas-trazem-bons-resultados-para-as-empresas-do-projeto\/"]}]},{"@type":"ImageObject","inLanguage":"es","@id":"https:\/\/www.sindmoveis.com.br\/es\/feiras-mexicanas-trazem-bons-resultados-para-as-empresas-do-projeto\/#primaryimage","url":"https:\/\/www.sindmoveis.com.br\/es\/wp-content\/uploads\/2021\/05\/p1379352609.jpg","contentUrl":"https:\/\/www.sindmoveis.com.br\/es\/wp-content\/uploads\/2021\/05\/p1379352609.jpg","width":594,"height":445},{"@type":"WebSite","@id":"https:\/\/www.sindmoveis.com.br\/es\/#website","url":"https:\/\/www.sindmoveis.com.br\/es\/","name":"Sindm\u00f3veis-RS","description":"","potentialAction":[{"@type":"SearchAction","target":{"@type":"EntryPoint","urlTemplate":"https:\/\/www.sindmoveis.com.br\/es\/?s={search_term_string}"},"query-input":{"@type":"PropertyValueSpecification","valueRequired":true,"valueName":"search_term_string"}}],"inLanguage":"es"},{"@type":"Person","@id":"https:\/\/www.sindmoveis.com.br\/es\/#\/schema\/person\/16d379542db1950a17fe188179340d57","name":"Imprensa Sindm\u00f3veis","image":{"@type":"ImageObject","inLanguage":"es","@id":"https:\/\/www.sindmoveis.com.br\/es\/#\/schema\/person\/image\/","url":"https:\/\/secure.gravatar.com\/avatar\/4973e2e2c2a0cb5db30b0c7b770041b8e33d048a16b695a1f99c042449d4bfaf?s=96&d=mm&r=g","contentUrl":"https:\/\/secure.gravatar.com\/avatar\/4973e2e2c2a0cb5db30b0c7b770041b8e33d048a16b695a1f99c042449d4bfaf?s=96&d=mm&r=g","caption":"Imprensa Sindm\u00f3veis"},"url":"https:\/\/www.sindmoveis.com.br\/es\/author\/ana\/"}]}},"_links":{"self":[{"href":"https:\/\/www.sindmoveis.com.br\/es\/wp-json\/wp\/v2\/posts\/1041","targetHints":{"allow":["GET"]}}],"collection":[{"href":"https:\/\/www.sindmoveis.com.br\/es\/wp-json\/wp\/v2\/posts"}],"about":[{"href":"https:\/\/www.sindmoveis.com.br\/es\/wp-json\/wp\/v2\/types\/post"}],"author":[{"embeddable":true,"href":"https:\/\/www.sindmoveis.com.br\/es\/wp-json\/wp\/v2\/users\/5"}],"replies":[{"embeddable":true,"href":"https:\/\/www.sindmoveis.com.br\/es\/wp-json\/wp\/v2\/comments?post=1041"}],"version-history":[{"count":2,"href":"https:\/\/www.sindmoveis.com.br\/es\/wp-json\/wp\/v2\/posts\/1041\/revisions"}],"predecessor-version":[{"id":3338,"href":"https:\/\/www.sindmoveis.com.br\/es\/wp-json\/wp\/v2\/posts\/1041\/revisions\/3338"}],"wp:featuredmedia":[{"embeddable":true,"href":"https:\/\/www.sindmoveis.com.br\/es\/wp-json\/wp\/v2\/media\/3339"}],"wp:attachment":[{"href":"https:\/\/www.sindmoveis.com.br\/es\/wp-json\/wp\/v2\/media?parent=1041"}],"wp:term":[{"taxonomy":"category","embeddable":true,"href":"https:\/\/www.sindmoveis.com.br\/es\/wp-json\/wp\/v2\/categories?post=1041"},{"taxonomy":"post_tag","embeddable":true,"href":"https:\/\/www.sindmoveis.com.br\/es\/wp-json\/wp\/v2\/tags?post=1041"}],"curies":[{"name":"wp","href":"https:\/\/api.w.org\/{rel}","templated":true}]}}