{"id":1036,"date":"2013-09-02T00:00:00","date_gmt":"2013-09-02T03:00:00","guid":{"rendered":"http:\/\/sindmoveis.com.br\/imprensa\/noticias\/abertas-inscricoes-para-salao-design-movelsul-2014\/"},"modified":"2021-05-26T10:31:44","modified_gmt":"2021-05-26T13:31:44","slug":"abertas-inscricoes-para-salao-design-movelsul-2014","status":"publish","type":"post","link":"https:\/\/www.sindmoveis.com.br\/es\/abertas-inscricoes-para-salao-design-movelsul-2014\/","title":{"rendered":"Abiertas inscripciones para Sal\u00e3o Design Movelsul 2014"},"content":{"rendered":"<div><em>Mayor premiaci&oacute;n de Dise&ntilde;o de Am&eacute;rica Latina distribuir&aacute; R$ 175 mil en premios<\/em><\/div>\n<div>&nbsp;<\/div>\n<div>Est&aacute;n abiertas las inscripciones para el Sal&atilde;o Design, premio realizado desde hace 25 a&ntilde;os por el Sindicato de las Industrias del Mobiliario de Bento Gon&ccedil;alves &ndash;Sindm&oacute;veis, &nbsp;con el objetivo de integrar creatividad e innovaci&oacute;n tecnol&oacute;gica a muebles y accesorios por medio del dise&ntilde;o. La 18&ordf; edici&oacute;n distribuir&aacute; R$ 175 mil en premios en las modalidades estudiante, profesional e industria.<\/div>\n<div>Vinculado a Movelsul en 2014, el Sal&atilde;o Design estimula la creaci&oacute;n de productos que democraticen el dise&ntilde;o en siete categor&iacute;as: Muebles para Dormitorio; Muebles para Sala de Estar y Comedorr; Muebles para Cocina, &Aacute;rea de Servicio y Ba&ntilde;o; Muebles para &Aacute;rea Externa; Muebles para Oficina y Home-Office (incluyendo mobiliario para espacios comerciales y p&uacute;blicos); Accesorios Dom&eacute;sticos e Iluminaci&oacute;n.<\/div>\n<div>Las inscripciones pueden ser realizadas hasta 3 de noviembre de 2013 y la evaluaci&oacute;n de los proyectos ocurre en dos etapas, a partir del mismo mes de noviembre. La divulgaci&oacute;n de los vencedores ser&aacute; en febrero del pr&oacute;ximo a&ntilde;o, y todos los productos seleccionados para la segunda etapa del juicio participar&aacute;n de la muestra Sal&atilde;o Design, realizada durante &nbsp;Movelsul 2014, de 24 a 28 de marzo. Inscripciones y download del reglamento: <a href=\"http:\/\/www.salaodesign.com.br\" target=\"\" rel=\"noopener\">www.salaodesign.com.br<\/a>.<\/div>\n<div>&nbsp;<\/div>\n<div>&nbsp;<\/div>\n","protected":false},"excerpt":{"rendered":"<p>Est\u00e1n abiertas las inscripciones para el Sal\u00e3o Design, premio realizado desde hace 25 a\u00f1os por el Sindicato de las Industrias del Mobiliario de Bento Gon\u00e7alves \u2013Sindm\u00f3veis,  con el objetivo de integrar creatividad e innovaci\u00f3n tecnol\u00f3gica a muebles y accesorios por medio del dise\u00f1o. La 18\u00aa edici\u00f3n distribuir\u00e1 R$ 175 mil en premios en las modalidades estudiante, profesional e industria.<\/p>\n","protected":false},"author":5,"featured_media":3334,"comment_status":"closed","ping_status":"open","sticky":false,"template":"","format":"standard","meta":{"footnotes":"","_links_to":"","_links_to_target":""},"categories":[23,21,2],"tags":[],"class_list":["post-1036","post","type-post","status-publish","format-standard","has-post-thumbnail","hentry","category-movelsul","category-premio-salao-design","category-sindmoveis"],"yoast_head":"<!-- This site is optimized with the Yoast SEO plugin v27.0 - https:\/\/yoast.com\/product\/yoast-seo-wordpress\/ -->\n<title>Abiertas inscripciones para Sal\u00e3o Design Movelsul 2014 - Sindm\u00f3veis-RS<\/title>\n<meta name=\"robots\" content=\"index, follow, max-snippet:-1, max-image-preview:large, max-video-preview:-1\" \/>\n<link rel=\"canonical\" href=\"https:\/\/www.sindmoveis.com.br\/es\/abertas-inscricoes-para-salao-design-movelsul-2014\/\" \/>\n<meta property=\"og:locale\" content=\"es_ES\" \/>\n<meta property=\"og:type\" content=\"article\" \/>\n<meta property=\"og:title\" content=\"Abiertas inscripciones para Sal\u00e3o Design Movelsul 2014 - Sindm\u00f3veis-RS\" \/>\n<meta property=\"og:description\" content=\"Est\u00e1n abiertas las inscripciones para el Sal\u00e3o Design, premio realizado desde hace 25 a\u00f1os por el Sindicato de las Industrias del Mobiliario de Bento Gon\u00e7alves \u2013Sindm\u00f3veis, con el objetivo de integrar creatividad e innovaci\u00f3n tecnol\u00f3gica a muebles y accesorios por medio del dise\u00f1o. La 18\u00aa edici\u00f3n distribuir\u00e1 R$ 175 mil en premios en las modalidades estudiante, profesional e industria.\" \/>\n<meta property=\"og:url\" content=\"https:\/\/www.sindmoveis.com.br\/es\/abertas-inscricoes-para-salao-design-movelsul-2014\/\" \/>\n<meta property=\"og:site_name\" content=\"Sindm\u00f3veis-RS\" \/>\n<meta property=\"article:published_time\" content=\"2013-09-02T03:00:00+00:00\" \/>\n<meta property=\"article:modified_time\" content=\"2021-05-26T13:31:44+00:00\" \/>\n<meta property=\"og:image\" content=\"https:\/\/www.sindmoveis.com.br\/es\/wp-content\/uploads\/2021\/05\/p1378148421.jpg\" \/>\n\t<meta property=\"og:image:width\" content=\"1500\" \/>\n\t<meta property=\"og:image:height\" content=\"1947\" \/>\n\t<meta property=\"og:image:type\" content=\"image\/jpeg\" \/>\n<meta name=\"author\" content=\"Imprensa Sindm\u00f3veis\" \/>\n<meta name=\"twitter:card\" content=\"summary_large_image\" \/>\n<meta name=\"twitter:label1\" content=\"Escrito por\" \/>\n\t<meta name=\"twitter:data1\" content=\"Imprensa Sindm\u00f3veis\" \/>\n\t<meta name=\"twitter:label2\" content=\"Tiempo de lectura\" \/>\n\t<meta name=\"twitter:data2\" content=\"1 minuto\" \/>\n<script type=\"application\/ld+json\" class=\"yoast-schema-graph\">{\"@context\":\"https:\/\/schema.org\",\"@graph\":[{\"@type\":\"Article\",\"@id\":\"https:\/\/www.sindmoveis.com.br\/es\/abertas-inscricoes-para-salao-design-movelsul-2014\/#article\",\"isPartOf\":{\"@id\":\"https:\/\/www.sindmoveis.com.br\/es\/abertas-inscricoes-para-salao-design-movelsul-2014\/\"},\"author\":{\"name\":\"Imprensa Sindm\u00f3veis\",\"@id\":\"https:\/\/www.sindmoveis.com.br\/es\/#\/schema\/person\/16d379542db1950a17fe188179340d57\"},\"headline\":\"Abiertas inscripciones para Sal\u00e3o Design Movelsul 2014\",\"datePublished\":\"2013-09-02T03:00:00+00:00\",\"dateModified\":\"2021-05-26T13:31:44+00:00\",\"mainEntityOfPage\":{\"@id\":\"https:\/\/www.sindmoveis.com.br\/es\/abertas-inscricoes-para-salao-design-movelsul-2014\/\"},\"wordCount\":266,\"image\":{\"@id\":\"https:\/\/www.sindmoveis.com.br\/es\/abertas-inscricoes-para-salao-design-movelsul-2014\/#primaryimage\"},\"thumbnailUrl\":\"https:\/\/www.sindmoveis.com.br\/es\/wp-content\/uploads\/2021\/05\/p1378148421.jpg\",\"articleSection\":[\"Movelsul\",\"Premio Sal\u00e3o Design\",\"Sindm\u00f3veis\"],\"inLanguage\":\"es\"},{\"@type\":\"WebPage\",\"@id\":\"https:\/\/www.sindmoveis.com.br\/es\/abertas-inscricoes-para-salao-design-movelsul-2014\/\",\"url\":\"https:\/\/www.sindmoveis.com.br\/es\/abertas-inscricoes-para-salao-design-movelsul-2014\/\",\"name\":\"Abiertas inscripciones para Sal\u00e3o Design Movelsul 2014 - Sindm\u00f3veis-RS\",\"isPartOf\":{\"@id\":\"https:\/\/www.sindmoveis.com.br\/es\/#website\"},\"primaryImageOfPage\":{\"@id\":\"https:\/\/www.sindmoveis.com.br\/es\/abertas-inscricoes-para-salao-design-movelsul-2014\/#primaryimage\"},\"image\":{\"@id\":\"https:\/\/www.sindmoveis.com.br\/es\/abertas-inscricoes-para-salao-design-movelsul-2014\/#primaryimage\"},\"thumbnailUrl\":\"https:\/\/www.sindmoveis.com.br\/es\/wp-content\/uploads\/2021\/05\/p1378148421.jpg\",\"datePublished\":\"2013-09-02T03:00:00+00:00\",\"dateModified\":\"2021-05-26T13:31:44+00:00\",\"author\":{\"@id\":\"https:\/\/www.sindmoveis.com.br\/es\/#\/schema\/person\/16d379542db1950a17fe188179340d57\"},\"inLanguage\":\"es\",\"potentialAction\":[{\"@type\":\"ReadAction\",\"target\":[\"https:\/\/www.sindmoveis.com.br\/es\/abertas-inscricoes-para-salao-design-movelsul-2014\/\"]}]},{\"@type\":\"ImageObject\",\"inLanguage\":\"es\",\"@id\":\"https:\/\/www.sindmoveis.com.br\/es\/abertas-inscricoes-para-salao-design-movelsul-2014\/#primaryimage\",\"url\":\"https:\/\/www.sindmoveis.com.br\/es\/wp-content\/uploads\/2021\/05\/p1378148421.jpg\",\"contentUrl\":\"https:\/\/www.sindmoveis.com.br\/es\/wp-content\/uploads\/2021\/05\/p1378148421.jpg\",\"width\":1500,\"height\":1947},{\"@type\":\"WebSite\",\"@id\":\"https:\/\/www.sindmoveis.com.br\/es\/#website\",\"url\":\"https:\/\/www.sindmoveis.com.br\/es\/\",\"name\":\"Sindm\u00f3veis-RS\",\"description\":\"\",\"potentialAction\":[{\"@type\":\"SearchAction\",\"target\":{\"@type\":\"EntryPoint\",\"urlTemplate\":\"https:\/\/www.sindmoveis.com.br\/es\/?s={search_term_string}\"},\"query-input\":{\"@type\":\"PropertyValueSpecification\",\"valueRequired\":true,\"valueName\":\"search_term_string\"}}],\"inLanguage\":\"es\"},{\"@type\":\"Person\",\"@id\":\"https:\/\/www.sindmoveis.com.br\/es\/#\/schema\/person\/16d379542db1950a17fe188179340d57\",\"name\":\"Imprensa Sindm\u00f3veis\",\"image\":{\"@type\":\"ImageObject\",\"inLanguage\":\"es\",\"@id\":\"https:\/\/www.sindmoveis.com.br\/es\/#\/schema\/person\/image\/\",\"url\":\"https:\/\/secure.gravatar.com\/avatar\/4973e2e2c2a0cb5db30b0c7b770041b8e33d048a16b695a1f99c042449d4bfaf?s=96&d=mm&r=g\",\"contentUrl\":\"https:\/\/secure.gravatar.com\/avatar\/4973e2e2c2a0cb5db30b0c7b770041b8e33d048a16b695a1f99c042449d4bfaf?s=96&d=mm&r=g\",\"caption\":\"Imprensa Sindm\u00f3veis\"},\"url\":\"https:\/\/www.sindmoveis.com.br\/es\/author\/ana\/\"}]}<\/script>\n<!-- \/ Yoast SEO plugin. -->","yoast_head_json":{"title":"Abiertas inscripciones para Sal\u00e3o Design Movelsul 2014 - Sindm\u00f3veis-RS","robots":{"index":"index","follow":"follow","max-snippet":"max-snippet:-1","max-image-preview":"max-image-preview:large","max-video-preview":"max-video-preview:-1"},"canonical":"https:\/\/www.sindmoveis.com.br\/es\/abertas-inscricoes-para-salao-design-movelsul-2014\/","og_locale":"es_ES","og_type":"article","og_title":"Abiertas inscripciones para Sal\u00e3o Design Movelsul 2014 - Sindm\u00f3veis-RS","og_description":"Est\u00e1n abiertas las inscripciones para el Sal\u00e3o Design, premio realizado desde hace 25 a\u00f1os por el Sindicato de las Industrias del Mobiliario de Bento Gon\u00e7alves \u2013Sindm\u00f3veis, con el objetivo de integrar creatividad e innovaci\u00f3n tecnol\u00f3gica a muebles y accesorios por medio del dise\u00f1o. La 18\u00aa edici\u00f3n distribuir\u00e1 R$ 175 mil en premios en las modalidades estudiante, profesional e industria.","og_url":"https:\/\/www.sindmoveis.com.br\/es\/abertas-inscricoes-para-salao-design-movelsul-2014\/","og_site_name":"Sindm\u00f3veis-RS","article_published_time":"2013-09-02T03:00:00+00:00","article_modified_time":"2021-05-26T13:31:44+00:00","og_image":[{"width":1500,"height":1947,"url":"https:\/\/www.sindmoveis.com.br\/es\/wp-content\/uploads\/2021\/05\/p1378148421.jpg","type":"image\/jpeg"}],"author":"Imprensa Sindm\u00f3veis","twitter_card":"summary_large_image","twitter_misc":{"Escrito por":"Imprensa Sindm\u00f3veis","Tiempo de lectura":"1 minuto"},"schema":{"@context":"https:\/\/schema.org","@graph":[{"@type":"Article","@id":"https:\/\/www.sindmoveis.com.br\/es\/abertas-inscricoes-para-salao-design-movelsul-2014\/#article","isPartOf":{"@id":"https:\/\/www.sindmoveis.com.br\/es\/abertas-inscricoes-para-salao-design-movelsul-2014\/"},"author":{"name":"Imprensa Sindm\u00f3veis","@id":"https:\/\/www.sindmoveis.com.br\/es\/#\/schema\/person\/16d379542db1950a17fe188179340d57"},"headline":"Abiertas inscripciones para Sal\u00e3o Design Movelsul 2014","datePublished":"2013-09-02T03:00:00+00:00","dateModified":"2021-05-26T13:31:44+00:00","mainEntityOfPage":{"@id":"https:\/\/www.sindmoveis.com.br\/es\/abertas-inscricoes-para-salao-design-movelsul-2014\/"},"wordCount":266,"image":{"@id":"https:\/\/www.sindmoveis.com.br\/es\/abertas-inscricoes-para-salao-design-movelsul-2014\/#primaryimage"},"thumbnailUrl":"https:\/\/www.sindmoveis.com.br\/es\/wp-content\/uploads\/2021\/05\/p1378148421.jpg","articleSection":["Movelsul","Premio Sal\u00e3o Design","Sindm\u00f3veis"],"inLanguage":"es"},{"@type":"WebPage","@id":"https:\/\/www.sindmoveis.com.br\/es\/abertas-inscricoes-para-salao-design-movelsul-2014\/","url":"https:\/\/www.sindmoveis.com.br\/es\/abertas-inscricoes-para-salao-design-movelsul-2014\/","name":"Abiertas inscripciones para Sal\u00e3o Design Movelsul 2014 - Sindm\u00f3veis-RS","isPartOf":{"@id":"https:\/\/www.sindmoveis.com.br\/es\/#website"},"primaryImageOfPage":{"@id":"https:\/\/www.sindmoveis.com.br\/es\/abertas-inscricoes-para-salao-design-movelsul-2014\/#primaryimage"},"image":{"@id":"https:\/\/www.sindmoveis.com.br\/es\/abertas-inscricoes-para-salao-design-movelsul-2014\/#primaryimage"},"thumbnailUrl":"https:\/\/www.sindmoveis.com.br\/es\/wp-content\/uploads\/2021\/05\/p1378148421.jpg","datePublished":"2013-09-02T03:00:00+00:00","dateModified":"2021-05-26T13:31:44+00:00","author":{"@id":"https:\/\/www.sindmoveis.com.br\/es\/#\/schema\/person\/16d379542db1950a17fe188179340d57"},"inLanguage":"es","potentialAction":[{"@type":"ReadAction","target":["https:\/\/www.sindmoveis.com.br\/es\/abertas-inscricoes-para-salao-design-movelsul-2014\/"]}]},{"@type":"ImageObject","inLanguage":"es","@id":"https:\/\/www.sindmoveis.com.br\/es\/abertas-inscricoes-para-salao-design-movelsul-2014\/#primaryimage","url":"https:\/\/www.sindmoveis.com.br\/es\/wp-content\/uploads\/2021\/05\/p1378148421.jpg","contentUrl":"https:\/\/www.sindmoveis.com.br\/es\/wp-content\/uploads\/2021\/05\/p1378148421.jpg","width":1500,"height":1947},{"@type":"WebSite","@id":"https:\/\/www.sindmoveis.com.br\/es\/#website","url":"https:\/\/www.sindmoveis.com.br\/es\/","name":"Sindm\u00f3veis-RS","description":"","potentialAction":[{"@type":"SearchAction","target":{"@type":"EntryPoint","urlTemplate":"https:\/\/www.sindmoveis.com.br\/es\/?s={search_term_string}"},"query-input":{"@type":"PropertyValueSpecification","valueRequired":true,"valueName":"search_term_string"}}],"inLanguage":"es"},{"@type":"Person","@id":"https:\/\/www.sindmoveis.com.br\/es\/#\/schema\/person\/16d379542db1950a17fe188179340d57","name":"Imprensa Sindm\u00f3veis","image":{"@type":"ImageObject","inLanguage":"es","@id":"https:\/\/www.sindmoveis.com.br\/es\/#\/schema\/person\/image\/","url":"https:\/\/secure.gravatar.com\/avatar\/4973e2e2c2a0cb5db30b0c7b770041b8e33d048a16b695a1f99c042449d4bfaf?s=96&d=mm&r=g","contentUrl":"https:\/\/secure.gravatar.com\/avatar\/4973e2e2c2a0cb5db30b0c7b770041b8e33d048a16b695a1f99c042449d4bfaf?s=96&d=mm&r=g","caption":"Imprensa Sindm\u00f3veis"},"url":"https:\/\/www.sindmoveis.com.br\/es\/author\/ana\/"}]}},"_links":{"self":[{"href":"https:\/\/www.sindmoveis.com.br\/es\/wp-json\/wp\/v2\/posts\/1036","targetHints":{"allow":["GET"]}}],"collection":[{"href":"https:\/\/www.sindmoveis.com.br\/es\/wp-json\/wp\/v2\/posts"}],"about":[{"href":"https:\/\/www.sindmoveis.com.br\/es\/wp-json\/wp\/v2\/types\/post"}],"author":[{"embeddable":true,"href":"https:\/\/www.sindmoveis.com.br\/es\/wp-json\/wp\/v2\/users\/5"}],"replies":[{"embeddable":true,"href":"https:\/\/www.sindmoveis.com.br\/es\/wp-json\/wp\/v2\/comments?post=1036"}],"version-history":[{"count":2,"href":"https:\/\/www.sindmoveis.com.br\/es\/wp-json\/wp\/v2\/posts\/1036\/revisions"}],"predecessor-version":[{"id":3333,"href":"https:\/\/www.sindmoveis.com.br\/es\/wp-json\/wp\/v2\/posts\/1036\/revisions\/3333"}],"wp:featuredmedia":[{"embeddable":true,"href":"https:\/\/www.sindmoveis.com.br\/es\/wp-json\/wp\/v2\/media\/3334"}],"wp:attachment":[{"href":"https:\/\/www.sindmoveis.com.br\/es\/wp-json\/wp\/v2\/media?parent=1036"}],"wp:term":[{"taxonomy":"category","embeddable":true,"href":"https:\/\/www.sindmoveis.com.br\/es\/wp-json\/wp\/v2\/categories?post=1036"},{"taxonomy":"post_tag","embeddable":true,"href":"https:\/\/www.sindmoveis.com.br\/es\/wp-json\/wp\/v2\/tags?post=1036"}],"curies":[{"name":"wp","href":"https:\/\/api.w.org\/{rel}","templated":true}]}}