{"id":1034,"date":"2013-08-21T00:00:00","date_gmt":"2013-08-21T03:00:00","guid":{"rendered":"http:\/\/sindmoveis.com.br\/imprensa\/noticias\/projeto-orchestra-brasil-participa-da-expo-nacional-ferretera-guadalajara\/"},"modified":"2021-05-26T10:28:38","modified_gmt":"2021-05-26T13:28:38","slug":"projeto-orchestra-brasil-participa-da-expo-nacional-ferretera-guadalajara","status":"publish","type":"post","link":"https:\/\/www.sindmoveis.com.br\/es\/projeto-orchestra-brasil-participa-da-expo-nacional-ferretera-guadalajara\/","title":{"rendered":"Proyecto Orchestra Brasil participa de Expo Nacional Ferretera Guadalajara"},"content":{"rendered":"<div><i>Esta es la segunda participaci\u00f3n en la feria mexicana, que se realiza de 29 a 31 de agosto<\/i><\/div>\n<div>&nbsp;<\/div>\n<div>El Proyecto Orchestra Brasil de incentivo a las exportaciones, promovido por el Sindicato de las Industrias del Mobiliario de Bento Gon\u00e7alves (Sindm\u00f3veis) y Agencia Brasile\u00f1a de Promoci\u00f3n de Exportaciones e Inversiones (Apex-Brasil), est\u00e1 llevando cinco empresas participantes a Expo Nacional Ferretera, en Guadalajara, M\u00e9xico. Esta es la segunda participaci\u00f3n del proyecto en el evento, que est\u00e1 en la 25\u00aa edici\u00f3n. El a\u00f1o pasado, la feria cont\u00f3 con la participaci\u00f3n de 1.300 empresas expositoras \u2013 crecimiento de 15% con relaci\u00f3n a la edici\u00f3n anterior \u2013 y un p\u00fablico superior a 80 mil personas de 30 pa\u00edses. &nbsp;Expoferretera ocurre de 29 a 31 de agosto.&nbsp;<\/div>\n<div>Mercado prioritario del Proyecto Orchestra Brasil, &nbsp;M\u00e9xico tiene la segunda mayor poblaci\u00f3n y econom\u00eda de Am\u00e9rica Latina, solamente atr\u00e1s de Brasil. El PIB per c\u00e1pita es de US$ 15,3 mil \u2013 superior al brasile\u00f1o, que es de aproximadamente US$ 12 mil (FMI, 2013). Su industria de mobiliario emplea cerca de 45 mil personas y ha crecido en los \u00faltimos a\u00f1os.&nbsp;<\/div>\n<div>La producci\u00f3n mexicana alcanz\u00f3 su mayor nivel en el a\u00f1o de 2012, cuando creci\u00f3 6,4% con relaci\u00f3n al a\u00f1o anterior. Adem\u00e1s de ello, el pa\u00eds es uno de los diez principales importadores mundiales de los productos que integran los segmentos del Proyecto Orchestra Brasil \u2013 accesorios, componentes, herramientas, m\u00e1quinas, materias primas, tecnolog\u00eda y servicio de dise\u00f1o para la industria del mueble. El crecimiento medio anual de las importaciones mexicanas de insumos fue de 6% entre 2005 y 2012. &nbsp;Esos datos ofrecen un indicativo de buenas oportunidades para &nbsp;Brasil, sin embargo, el pa\u00eds viene creciendo a un ritmo inferior al del restante del mercado, y todav\u00eda no est\u00e1 posicionado como uno de los principales proveedores para &nbsp;M\u00e9xico.&nbsp;<\/div>\n<div>El Proyecto Orchestra Brasil se destina a promover la inserci\u00f3n competitiva de &nbsp;fabricantes de insumos para el sector del mobiliario en el mercado externo. Actualmente, 77 industrias y 32 estudios de dise\u00f1o participan de la iniciativa. En 2013, el convenio de cooperaci\u00f3n t\u00e9cnica y financiera entre Sindm\u00f3veis y Apex-Brasil prev\u00e9 acciones en 11 mercados objetivo: Estados Unidos, M\u00e9xico, Colombia, Per\u00fa, Chile, Argentina, Paraguay, Uruguay, Sud\u00e1frica, Canad\u00e1 y Turqu\u00eda.&nbsp;<\/div>\n<div>&nbsp;<\/div>\n<div>Empresas presentes en Expoferretera:<\/div>\n<div>&nbsp;<\/div>\n<div><b>Artecola:<\/b> la empresa presenta en Expoferretera su vasta gama de adhesivos industriales, especialmente la L\u00ednea Verde, con expectativa de &nbsp;posicionarse en el mercado mexicano como una alternativa de soluciones innovadoras y competitivas.&nbsp;<\/div>\n<div>&nbsp;<\/div>\n<div><b>Brasforma:<\/b> con una l\u00ednea de m\u00e1s de 50 productos volcados para el segmento de soportes para tv, proyectores y audio y v\u00eddeo, la empresa pretende reforzar la imagen de la marca en el mercado latinoamericano y especialmente en M\u00e9xico, para donde la empresa exporta desde hace &nbsp;varios a\u00f1os.<\/div>\n<div>&nbsp;<\/div>\n<div><b>Italy:<\/b> la empresa, especializada en la fabricaci\u00f3n de conductores de fluidos para los sectores de la construcci\u00f3n civil, industrial, saneamiento b\u00e1sico, gas y petr\u00f3leo, llevar\u00e1 a Expoferretera su l\u00ednea de grifer\u00eda para ba\u00f1os, accesorios, v\u00e1lvulas y registros en lat\u00f3n forjado.<\/div>\n<div>&nbsp;<\/div>\n<div><b>Jimo:<\/b> la empresa estar\u00e1 presentando toda su gama de productos, con focalizaci\u00f3n en el segmento de herrajes y tiendas de material de construcci\u00f3n, con productos como &nbsp;insecticidas contra termitas, lubricantes, silicones e acabados para madera.&nbsp;<\/div>\n<div>&nbsp;<\/div>\n<div><b>Promob: <\/b>&nbsp;Promob Software Solutions M\u00e9xico presentar\u00e1 su soluci\u00f3n para proyectos de ambientes interiores, destinado a fabricantes de muebles a medida, &nbsp;Promob Plus MX. La versi\u00f3n 2013 del software acaba de ser lanzada en M\u00e9xico.<\/div>\n<div>&nbsp;<\/div>\n<div><\/div>\n","protected":false},"excerpt":{"rendered":"<p>El Proyecto Orchestra Brasil de incentivo a las exportaciones, promovido por el Sindicato de las Industrias del Mobiliario de Bento Gon\u00e7alves (Sindm\u00f3veis) y Agencia Brasile\u00f1a de Promoci\u00f3n de Exportaciones e Inversiones (Apex-Brasil), est\u00e1 llevando cinco empresas participantes a Expo Nacional Ferretera, en Guadalajara, M\u00e9xico.<\/p>\n","protected":false},"author":5,"featured_media":3330,"comment_status":"closed","ping_status":"open","sticky":false,"template":"","format":"standard","meta":{"footnotes":"","_links_to":"","_links_to_target":""},"categories":[22,2],"tags":[],"class_list":["post-1034","post","type-post","status-publish","format-standard","has-post-thumbnail","hentry","category-proyecto-orchestra-brasil","category-sindmoveis"],"yoast_head":"<!-- This site is optimized with the Yoast SEO plugin v27.0 - https:\/\/yoast.com\/product\/yoast-seo-wordpress\/ -->\n<title>Proyecto Orchestra Brasil participa de Expo Nacional Ferretera Guadalajara - Sindm\u00f3veis-RS<\/title>\n<meta name=\"robots\" content=\"index, follow, max-snippet:-1, max-image-preview:large, max-video-preview:-1\" \/>\n<link rel=\"canonical\" href=\"https:\/\/www.sindmoveis.com.br\/es\/projeto-orchestra-brasil-participa-da-expo-nacional-ferretera-guadalajara\/\" \/>\n<meta property=\"og:locale\" content=\"es_ES\" \/>\n<meta property=\"og:type\" content=\"article\" \/>\n<meta property=\"og:title\" content=\"Proyecto Orchestra Brasil participa de Expo Nacional Ferretera Guadalajara - Sindm\u00f3veis-RS\" \/>\n<meta property=\"og:description\" content=\"El Proyecto Orchestra Brasil de incentivo a las exportaciones, promovido por el Sindicato de las Industrias del Mobiliario de Bento Gon\u00e7alves (Sindm\u00f3veis) y Agencia Brasile\u00f1a de Promoci\u00f3n de Exportaciones e Inversiones (Apex-Brasil), est\u00e1 llevando cinco empresas participantes a Expo Nacional Ferretera, en Guadalajara, M\u00e9xico.\" \/>\n<meta property=\"og:url\" content=\"https:\/\/www.sindmoveis.com.br\/es\/projeto-orchestra-brasil-participa-da-expo-nacional-ferretera-guadalajara\/\" \/>\n<meta property=\"og:site_name\" content=\"Sindm\u00f3veis-RS\" \/>\n<meta property=\"article:published_time\" content=\"2013-08-21T03:00:00+00:00\" \/>\n<meta property=\"article:modified_time\" content=\"2021-05-26T13:28:38+00:00\" \/>\n<meta property=\"og:image\" content=\"https:\/\/www.sindmoveis.com.br\/es\/wp-content\/uploads\/2021\/05\/p1377112494.jpg\" \/>\n\t<meta property=\"og:image:width\" content=\"593\" \/>\n\t<meta property=\"og:image:height\" content=\"392\" \/>\n\t<meta property=\"og:image:type\" content=\"image\/jpeg\" \/>\n<meta name=\"author\" content=\"Imprensa Sindm\u00f3veis\" \/>\n<meta name=\"twitter:card\" content=\"summary_large_image\" \/>\n<meta name=\"twitter:label1\" content=\"Escrito por\" \/>\n\t<meta name=\"twitter:data1\" content=\"Imprensa Sindm\u00f3veis\" \/>\n\t<meta name=\"twitter:label2\" content=\"Tiempo de lectura\" \/>\n\t<meta name=\"twitter:data2\" content=\"3 minutos\" \/>\n<script type=\"application\/ld+json\" class=\"yoast-schema-graph\">{\"@context\":\"https:\/\/schema.org\",\"@graph\":[{\"@type\":\"Article\",\"@id\":\"https:\/\/www.sindmoveis.com.br\/es\/projeto-orchestra-brasil-participa-da-expo-nacional-ferretera-guadalajara\/#article\",\"isPartOf\":{\"@id\":\"https:\/\/www.sindmoveis.com.br\/es\/projeto-orchestra-brasil-participa-da-expo-nacional-ferretera-guadalajara\/\"},\"author\":{\"name\":\"Imprensa Sindm\u00f3veis\",\"@id\":\"https:\/\/www.sindmoveis.com.br\/es\/#\/schema\/person\/16d379542db1950a17fe188179340d57\"},\"headline\":\"Proyecto Orchestra Brasil participa de Expo Nacional Ferretera Guadalajara\",\"datePublished\":\"2013-08-21T03:00:00+00:00\",\"dateModified\":\"2021-05-26T13:28:38+00:00\",\"mainEntityOfPage\":{\"@id\":\"https:\/\/www.sindmoveis.com.br\/es\/projeto-orchestra-brasil-participa-da-expo-nacional-ferretera-guadalajara\/\"},\"wordCount\":627,\"image\":{\"@id\":\"https:\/\/www.sindmoveis.com.br\/es\/projeto-orchestra-brasil-participa-da-expo-nacional-ferretera-guadalajara\/#primaryimage\"},\"thumbnailUrl\":\"https:\/\/www.sindmoveis.com.br\/es\/wp-content\/uploads\/2021\/05\/p1377112494.jpg\",\"articleSection\":[\"Proyecto Orchestra Brasil\",\"Sindm\u00f3veis\"],\"inLanguage\":\"es\"},{\"@type\":\"WebPage\",\"@id\":\"https:\/\/www.sindmoveis.com.br\/es\/projeto-orchestra-brasil-participa-da-expo-nacional-ferretera-guadalajara\/\",\"url\":\"https:\/\/www.sindmoveis.com.br\/es\/projeto-orchestra-brasil-participa-da-expo-nacional-ferretera-guadalajara\/\",\"name\":\"Proyecto Orchestra Brasil participa de Expo Nacional Ferretera Guadalajara - Sindm\u00f3veis-RS\",\"isPartOf\":{\"@id\":\"https:\/\/www.sindmoveis.com.br\/es\/#website\"},\"primaryImageOfPage\":{\"@id\":\"https:\/\/www.sindmoveis.com.br\/es\/projeto-orchestra-brasil-participa-da-expo-nacional-ferretera-guadalajara\/#primaryimage\"},\"image\":{\"@id\":\"https:\/\/www.sindmoveis.com.br\/es\/projeto-orchestra-brasil-participa-da-expo-nacional-ferretera-guadalajara\/#primaryimage\"},\"thumbnailUrl\":\"https:\/\/www.sindmoveis.com.br\/es\/wp-content\/uploads\/2021\/05\/p1377112494.jpg\",\"datePublished\":\"2013-08-21T03:00:00+00:00\",\"dateModified\":\"2021-05-26T13:28:38+00:00\",\"author\":{\"@id\":\"https:\/\/www.sindmoveis.com.br\/es\/#\/schema\/person\/16d379542db1950a17fe188179340d57\"},\"inLanguage\":\"es\",\"potentialAction\":[{\"@type\":\"ReadAction\",\"target\":[\"https:\/\/www.sindmoveis.com.br\/es\/projeto-orchestra-brasil-participa-da-expo-nacional-ferretera-guadalajara\/\"]}]},{\"@type\":\"ImageObject\",\"inLanguage\":\"es\",\"@id\":\"https:\/\/www.sindmoveis.com.br\/es\/projeto-orchestra-brasil-participa-da-expo-nacional-ferretera-guadalajara\/#primaryimage\",\"url\":\"https:\/\/www.sindmoveis.com.br\/es\/wp-content\/uploads\/2021\/05\/p1377112494.jpg\",\"contentUrl\":\"https:\/\/www.sindmoveis.com.br\/es\/wp-content\/uploads\/2021\/05\/p1377112494.jpg\",\"width\":593,\"height\":392},{\"@type\":\"WebSite\",\"@id\":\"https:\/\/www.sindmoveis.com.br\/es\/#website\",\"url\":\"https:\/\/www.sindmoveis.com.br\/es\/\",\"name\":\"Sindm\u00f3veis-RS\",\"description\":\"\",\"potentialAction\":[{\"@type\":\"SearchAction\",\"target\":{\"@type\":\"EntryPoint\",\"urlTemplate\":\"https:\/\/www.sindmoveis.com.br\/es\/?s={search_term_string}\"},\"query-input\":{\"@type\":\"PropertyValueSpecification\",\"valueRequired\":true,\"valueName\":\"search_term_string\"}}],\"inLanguage\":\"es\"},{\"@type\":\"Person\",\"@id\":\"https:\/\/www.sindmoveis.com.br\/es\/#\/schema\/person\/16d379542db1950a17fe188179340d57\",\"name\":\"Imprensa Sindm\u00f3veis\",\"image\":{\"@type\":\"ImageObject\",\"inLanguage\":\"es\",\"@id\":\"https:\/\/www.sindmoveis.com.br\/es\/#\/schema\/person\/image\/\",\"url\":\"https:\/\/secure.gravatar.com\/avatar\/4973e2e2c2a0cb5db30b0c7b770041b8e33d048a16b695a1f99c042449d4bfaf?s=96&d=mm&r=g\",\"contentUrl\":\"https:\/\/secure.gravatar.com\/avatar\/4973e2e2c2a0cb5db30b0c7b770041b8e33d048a16b695a1f99c042449d4bfaf?s=96&d=mm&r=g\",\"caption\":\"Imprensa Sindm\u00f3veis\"},\"url\":\"https:\/\/www.sindmoveis.com.br\/es\/author\/ana\/\"}]}<\/script>\n<!-- \/ Yoast SEO plugin. -->","yoast_head_json":{"title":"Proyecto Orchestra Brasil participa de Expo Nacional Ferretera Guadalajara - Sindm\u00f3veis-RS","robots":{"index":"index","follow":"follow","max-snippet":"max-snippet:-1","max-image-preview":"max-image-preview:large","max-video-preview":"max-video-preview:-1"},"canonical":"https:\/\/www.sindmoveis.com.br\/es\/projeto-orchestra-brasil-participa-da-expo-nacional-ferretera-guadalajara\/","og_locale":"es_ES","og_type":"article","og_title":"Proyecto Orchestra Brasil participa de Expo Nacional Ferretera Guadalajara - Sindm\u00f3veis-RS","og_description":"El Proyecto Orchestra Brasil de incentivo a las exportaciones, promovido por el Sindicato de las Industrias del Mobiliario de Bento Gon\u00e7alves (Sindm\u00f3veis) y Agencia Brasile\u00f1a de Promoci\u00f3n de Exportaciones e Inversiones (Apex-Brasil), est\u00e1 llevando cinco empresas participantes a Expo Nacional Ferretera, en Guadalajara, M\u00e9xico.","og_url":"https:\/\/www.sindmoveis.com.br\/es\/projeto-orchestra-brasil-participa-da-expo-nacional-ferretera-guadalajara\/","og_site_name":"Sindm\u00f3veis-RS","article_published_time":"2013-08-21T03:00:00+00:00","article_modified_time":"2021-05-26T13:28:38+00:00","og_image":[{"width":593,"height":392,"url":"https:\/\/www.sindmoveis.com.br\/es\/wp-content\/uploads\/2021\/05\/p1377112494.jpg","type":"image\/jpeg"}],"author":"Imprensa Sindm\u00f3veis","twitter_card":"summary_large_image","twitter_misc":{"Escrito por":"Imprensa Sindm\u00f3veis","Tiempo de lectura":"3 minutos"},"schema":{"@context":"https:\/\/schema.org","@graph":[{"@type":"Article","@id":"https:\/\/www.sindmoveis.com.br\/es\/projeto-orchestra-brasil-participa-da-expo-nacional-ferretera-guadalajara\/#article","isPartOf":{"@id":"https:\/\/www.sindmoveis.com.br\/es\/projeto-orchestra-brasil-participa-da-expo-nacional-ferretera-guadalajara\/"},"author":{"name":"Imprensa Sindm\u00f3veis","@id":"https:\/\/www.sindmoveis.com.br\/es\/#\/schema\/person\/16d379542db1950a17fe188179340d57"},"headline":"Proyecto Orchestra Brasil participa de Expo Nacional Ferretera Guadalajara","datePublished":"2013-08-21T03:00:00+00:00","dateModified":"2021-05-26T13:28:38+00:00","mainEntityOfPage":{"@id":"https:\/\/www.sindmoveis.com.br\/es\/projeto-orchestra-brasil-participa-da-expo-nacional-ferretera-guadalajara\/"},"wordCount":627,"image":{"@id":"https:\/\/www.sindmoveis.com.br\/es\/projeto-orchestra-brasil-participa-da-expo-nacional-ferretera-guadalajara\/#primaryimage"},"thumbnailUrl":"https:\/\/www.sindmoveis.com.br\/es\/wp-content\/uploads\/2021\/05\/p1377112494.jpg","articleSection":["Proyecto Orchestra Brasil","Sindm\u00f3veis"],"inLanguage":"es"},{"@type":"WebPage","@id":"https:\/\/www.sindmoveis.com.br\/es\/projeto-orchestra-brasil-participa-da-expo-nacional-ferretera-guadalajara\/","url":"https:\/\/www.sindmoveis.com.br\/es\/projeto-orchestra-brasil-participa-da-expo-nacional-ferretera-guadalajara\/","name":"Proyecto Orchestra Brasil participa de Expo Nacional Ferretera Guadalajara - Sindm\u00f3veis-RS","isPartOf":{"@id":"https:\/\/www.sindmoveis.com.br\/es\/#website"},"primaryImageOfPage":{"@id":"https:\/\/www.sindmoveis.com.br\/es\/projeto-orchestra-brasil-participa-da-expo-nacional-ferretera-guadalajara\/#primaryimage"},"image":{"@id":"https:\/\/www.sindmoveis.com.br\/es\/projeto-orchestra-brasil-participa-da-expo-nacional-ferretera-guadalajara\/#primaryimage"},"thumbnailUrl":"https:\/\/www.sindmoveis.com.br\/es\/wp-content\/uploads\/2021\/05\/p1377112494.jpg","datePublished":"2013-08-21T03:00:00+00:00","dateModified":"2021-05-26T13:28:38+00:00","author":{"@id":"https:\/\/www.sindmoveis.com.br\/es\/#\/schema\/person\/16d379542db1950a17fe188179340d57"},"inLanguage":"es","potentialAction":[{"@type":"ReadAction","target":["https:\/\/www.sindmoveis.com.br\/es\/projeto-orchestra-brasil-participa-da-expo-nacional-ferretera-guadalajara\/"]}]},{"@type":"ImageObject","inLanguage":"es","@id":"https:\/\/www.sindmoveis.com.br\/es\/projeto-orchestra-brasil-participa-da-expo-nacional-ferretera-guadalajara\/#primaryimage","url":"https:\/\/www.sindmoveis.com.br\/es\/wp-content\/uploads\/2021\/05\/p1377112494.jpg","contentUrl":"https:\/\/www.sindmoveis.com.br\/es\/wp-content\/uploads\/2021\/05\/p1377112494.jpg","width":593,"height":392},{"@type":"WebSite","@id":"https:\/\/www.sindmoveis.com.br\/es\/#website","url":"https:\/\/www.sindmoveis.com.br\/es\/","name":"Sindm\u00f3veis-RS","description":"","potentialAction":[{"@type":"SearchAction","target":{"@type":"EntryPoint","urlTemplate":"https:\/\/www.sindmoveis.com.br\/es\/?s={search_term_string}"},"query-input":{"@type":"PropertyValueSpecification","valueRequired":true,"valueName":"search_term_string"}}],"inLanguage":"es"},{"@type":"Person","@id":"https:\/\/www.sindmoveis.com.br\/es\/#\/schema\/person\/16d379542db1950a17fe188179340d57","name":"Imprensa Sindm\u00f3veis","image":{"@type":"ImageObject","inLanguage":"es","@id":"https:\/\/www.sindmoveis.com.br\/es\/#\/schema\/person\/image\/","url":"https:\/\/secure.gravatar.com\/avatar\/4973e2e2c2a0cb5db30b0c7b770041b8e33d048a16b695a1f99c042449d4bfaf?s=96&d=mm&r=g","contentUrl":"https:\/\/secure.gravatar.com\/avatar\/4973e2e2c2a0cb5db30b0c7b770041b8e33d048a16b695a1f99c042449d4bfaf?s=96&d=mm&r=g","caption":"Imprensa Sindm\u00f3veis"},"url":"https:\/\/www.sindmoveis.com.br\/es\/author\/ana\/"}]}},"_links":{"self":[{"href":"https:\/\/www.sindmoveis.com.br\/es\/wp-json\/wp\/v2\/posts\/1034","targetHints":{"allow":["GET"]}}],"collection":[{"href":"https:\/\/www.sindmoveis.com.br\/es\/wp-json\/wp\/v2\/posts"}],"about":[{"href":"https:\/\/www.sindmoveis.com.br\/es\/wp-json\/wp\/v2\/types\/post"}],"author":[{"embeddable":true,"href":"https:\/\/www.sindmoveis.com.br\/es\/wp-json\/wp\/v2\/users\/5"}],"replies":[{"embeddable":true,"href":"https:\/\/www.sindmoveis.com.br\/es\/wp-json\/wp\/v2\/comments?post=1034"}],"version-history":[{"count":2,"href":"https:\/\/www.sindmoveis.com.br\/es\/wp-json\/wp\/v2\/posts\/1034\/revisions"}],"predecessor-version":[{"id":3329,"href":"https:\/\/www.sindmoveis.com.br\/es\/wp-json\/wp\/v2\/posts\/1034\/revisions\/3329"}],"wp:featuredmedia":[{"embeddable":true,"href":"https:\/\/www.sindmoveis.com.br\/es\/wp-json\/wp\/v2\/media\/3330"}],"wp:attachment":[{"href":"https:\/\/www.sindmoveis.com.br\/es\/wp-json\/wp\/v2\/media?parent=1034"}],"wp:term":[{"taxonomy":"category","embeddable":true,"href":"https:\/\/www.sindmoveis.com.br\/es\/wp-json\/wp\/v2\/categories?post=1034"},{"taxonomy":"post_tag","embeddable":true,"href":"https:\/\/www.sindmoveis.com.br\/es\/wp-json\/wp\/v2\/tags?post=1034"}],"curies":[{"name":"wp","href":"https:\/\/api.w.org\/{rel}","templated":true}]}}