{"id":1033,"date":"2013-08-19T00:00:00","date_gmt":"2013-08-19T03:00:00","guid":{"rendered":"http:\/\/sindmoveis.com.br\/imprensa\/noticias\/casa-brasil-encerra-com-publico-de-quase-20-mil-pessoas\/"},"modified":"2021-05-26T10:24:30","modified_gmt":"2021-05-26T13:24:30","slug":"casa-brasil-encerra-com-publico-de-quase-20-mil-pessoas","status":"publish","type":"post","link":"https:\/\/www.sindmoveis.com.br\/es\/casa-brasil-encerra-com-publico-de-quase-20-mil-pessoas\/","title":{"rendered":"Casa Brasil cierra con p\u00fablico de casi 20 mil personas"},"content":{"rendered":"<div>Feria recibi\u00f3 visitantes de 17 pa\u00edses y promovi\u00f3 m\u00e1s de 200 rondas de negocios entre expositores e importadores<\/div>\n<div>&nbsp;<\/div>\n<div>Casa Brasil 2913 finaliz\u00f3 el \u00faltimo viernes superando sus proyecciones de p\u00fablico y nacionalidades visitantes. Al todo, 19.950 personas procedentes de 17 pa\u00edses pasaron por el Parque de Eventos en los cuatro d\u00edas de feria. Quien estuvo en el evento, no dej\u00f3 de elogiar la calidad de los productos de dise\u00f1o presentados y ambientaci\u00f3n de la feria, compuesta por \u00e1rboles de hasta ocho metros hechos a partir de hilos de algod\u00f3n y fibras vegetales producidos por comunidades del estado de Minas Gerais a partir de t\u00e9cnicas tradicionales de tejedura.<\/div>\n<div>La generaci\u00f3n de negocios fue amplia y debe propiciar muchas asociaciones en los pr\u00f3ximos meses. El grupo de 500 renombrados propietarios de tiendas y arquitectos tra\u00eddos por la feria en una acci\u00f3n in\u00e9dita de relaciones p\u00fablicas, sali\u00f3 satisfecho con los lanzamientos. El proyecto Comprador realizado por la primera vez en Casa Brasil abri\u00f3 posibilidades de exportaci\u00f3n tanto para las industrias como para los dise\u00f1adores expositores. Fueron m\u00e1s de 200 rondas de negocios.&nbsp;<\/div>\n<div>La presidente de Sindm\u00f3veis, C\u00e1tia Scarton, eval\u00faa positivamente el n\u00famero de propietarios de tiendas y especificadores que visitaron la feria y el retorno pasado por ellos para el equipo organizador. \u201cEsto viene al encuentro de todo el trabajo de Sindm\u00f3veis para la generaci\u00f3n de negocios tanto en el mercado interno, como en el externo. Tenemos certeza de que aquellos que apostaron en la feria tendr\u00e1n buenos resultados\u201d, resalta. Ivens Fontoura, dise\u00f1ador y jurado del Sal\u00e3o Design Casa Brasil, completa: \u201cHubo mejor\u00eda notoria en la calidad de los productos lanzados, con una presentaci\u00f3n m\u00e1s l\u00fadica, ligada a la identidad brasile\u00f1a y expresando un mejor uso de las materias primas\u201d<\/div>\n<div>Para el empresario Martim Sanatos, que expuso por la primera vez en Casa Brasil con la empresa Silva Santos, los resultados de la feria fueron m\u00e1s all\u00e1 de la expectativa. Destaca la actuaci\u00f3n de Sindm\u00f3veis en seleccionar y proporcionar la venida de clientes con mayor y menor poder de negocios en todos los d\u00edas del evento, distribuyendo el p\u00fablico y posibilitando que la expositora atendiese a todos con calidad. \u201cSiento que el propietario de tienda viene a Casa Brasil sabiendo que va a encontrar tendencias, y no un producto a m\u00e1s. Puedo decir que el balance final es de un buen p\u00fablico, una buena comercializaci\u00f3n y muchos nuevos contactos\u201d, relata.<\/div>\n<div>Los proyectos y muestras paralelas de Casa Brasil tambi\u00e9n fueron considerados un \u00e9xito, potenciando la generaci\u00f3n de negocios por calificar cada vez m\u00e1s el p\u00fablico visitante. Muy comentado entre los visitantes, el Proyecto Cantina Benta trajo para la feria de dise\u00f1o elementos de la artesan\u00eda t\u00edpica de la Sierra Gaucha, y encant\u00f3 por la valoraci\u00f3n del trabajo de los artesanos locales.<\/div>\n<div>Con el cierre de Casa Brasil 2013, Sindm\u00f3veis da continuidad a los preparativos para m\u00e1s una edici\u00f3n de Movelsul Brasil, la mayor feria de muebles de Am\u00e9rica Latina; un \u00e9xito de p\u00fablico y negocios totalmente volcados para el mercado de la clase media. El evento ser\u00e1 realizado de 24 a 28 de marzo de 2014, ocupando los seis pabellones del Parque de Eventos de Bento Gon\u00e7alves, en un total de 57 mil metros cuadrados de \u00e1rea construida. Para m\u00e1s informaciones, acceda a <a href=\"http:\/\/www.movelsul.com.br\" target=\"\" rel=\"noopener\">www.movelsul.com.br<\/a>.&nbsp;<\/div>\n<div><\/div>\n","protected":false},"excerpt":{"rendered":"<p>Feria recibi\u00f3 visitantes de 17 pa\u00edses y promovi\u00f3 m\u00e1s de 200 rondas de negocios entre expositores e importadores<\/p>\n","protected":false},"author":5,"featured_media":3327,"comment_status":"closed","ping_status":"open","sticky":false,"template":"","format":"standard","meta":{"footnotes":"","_links_to":"","_links_to_target":""},"categories":[2],"tags":[],"class_list":["post-1033","post","type-post","status-publish","format-standard","has-post-thumbnail","hentry","category-sindmoveis"],"yoast_head":"<!-- This site is optimized with the Yoast SEO plugin v27.0 - https:\/\/yoast.com\/product\/yoast-seo-wordpress\/ -->\n<title>Casa Brasil cierra con p\u00fablico de casi 20 mil personas - Sindm\u00f3veis-RS<\/title>\n<meta name=\"robots\" content=\"index, follow, max-snippet:-1, max-image-preview:large, max-video-preview:-1\" \/>\n<link rel=\"canonical\" href=\"https:\/\/www.sindmoveis.com.br\/es\/casa-brasil-encerra-com-publico-de-quase-20-mil-pessoas\/\" \/>\n<meta property=\"og:locale\" content=\"es_ES\" \/>\n<meta property=\"og:type\" content=\"article\" \/>\n<meta property=\"og:title\" content=\"Casa Brasil cierra con p\u00fablico de casi 20 mil personas - Sindm\u00f3veis-RS\" \/>\n<meta property=\"og:description\" content=\"Feria recibi\u00f3 visitantes de 17 pa\u00edses y promovi\u00f3 m\u00e1s de 200 rondas de negocios entre expositores e importadores\" \/>\n<meta property=\"og:url\" content=\"https:\/\/www.sindmoveis.com.br\/es\/casa-brasil-encerra-com-publico-de-quase-20-mil-pessoas\/\" \/>\n<meta property=\"og:site_name\" content=\"Sindm\u00f3veis-RS\" \/>\n<meta property=\"article:published_time\" content=\"2013-08-19T03:00:00+00:00\" \/>\n<meta property=\"article:modified_time\" content=\"2021-05-26T13:24:30+00:00\" \/>\n<meta property=\"og:image\" content=\"https:\/\/www.sindmoveis.com.br\/es\/wp-content\/uploads\/2021\/05\/p1376939520.jpg\" \/>\n\t<meta property=\"og:image:width\" content=\"1500\" \/>\n\t<meta property=\"og:image:height\" content=\"843\" \/>\n\t<meta property=\"og:image:type\" content=\"image\/jpeg\" \/>\n<meta name=\"author\" content=\"Imprensa Sindm\u00f3veis\" \/>\n<meta name=\"twitter:card\" content=\"summary_large_image\" \/>\n<meta name=\"twitter:label1\" content=\"Escrito por\" \/>\n\t<meta name=\"twitter:data1\" content=\"Imprensa Sindm\u00f3veis\" \/>\n\t<meta name=\"twitter:label2\" content=\"Tiempo de lectura\" \/>\n\t<meta name=\"twitter:data2\" content=\"3 minutos\" \/>\n<script type=\"application\/ld+json\" class=\"yoast-schema-graph\">{\"@context\":\"https:\/\/schema.org\",\"@graph\":[{\"@type\":\"Article\",\"@id\":\"https:\/\/www.sindmoveis.com.br\/es\/casa-brasil-encerra-com-publico-de-quase-20-mil-pessoas\/#article\",\"isPartOf\":{\"@id\":\"https:\/\/www.sindmoveis.com.br\/es\/casa-brasil-encerra-com-publico-de-quase-20-mil-pessoas\/\"},\"author\":{\"name\":\"Imprensa Sindm\u00f3veis\",\"@id\":\"https:\/\/www.sindmoveis.com.br\/es\/#\/schema\/person\/16d379542db1950a17fe188179340d57\"},\"headline\":\"Casa Brasil cierra con p\u00fablico de casi 20 mil personas\",\"datePublished\":\"2013-08-19T03:00:00+00:00\",\"dateModified\":\"2021-05-26T13:24:30+00:00\",\"mainEntityOfPage\":{\"@id\":\"https:\/\/www.sindmoveis.com.br\/es\/casa-brasil-encerra-com-publico-de-quase-20-mil-pessoas\/\"},\"wordCount\":600,\"image\":{\"@id\":\"https:\/\/www.sindmoveis.com.br\/es\/casa-brasil-encerra-com-publico-de-quase-20-mil-pessoas\/#primaryimage\"},\"thumbnailUrl\":\"https:\/\/www.sindmoveis.com.br\/es\/wp-content\/uploads\/2021\/05\/p1376939520.jpg\",\"articleSection\":[\"Sindm\u00f3veis\"],\"inLanguage\":\"es\"},{\"@type\":\"WebPage\",\"@id\":\"https:\/\/www.sindmoveis.com.br\/es\/casa-brasil-encerra-com-publico-de-quase-20-mil-pessoas\/\",\"url\":\"https:\/\/www.sindmoveis.com.br\/es\/casa-brasil-encerra-com-publico-de-quase-20-mil-pessoas\/\",\"name\":\"Casa Brasil cierra con p\u00fablico de casi 20 mil personas - Sindm\u00f3veis-RS\",\"isPartOf\":{\"@id\":\"https:\/\/www.sindmoveis.com.br\/es\/#website\"},\"primaryImageOfPage\":{\"@id\":\"https:\/\/www.sindmoveis.com.br\/es\/casa-brasil-encerra-com-publico-de-quase-20-mil-pessoas\/#primaryimage\"},\"image\":{\"@id\":\"https:\/\/www.sindmoveis.com.br\/es\/casa-brasil-encerra-com-publico-de-quase-20-mil-pessoas\/#primaryimage\"},\"thumbnailUrl\":\"https:\/\/www.sindmoveis.com.br\/es\/wp-content\/uploads\/2021\/05\/p1376939520.jpg\",\"datePublished\":\"2013-08-19T03:00:00+00:00\",\"dateModified\":\"2021-05-26T13:24:30+00:00\",\"author\":{\"@id\":\"https:\/\/www.sindmoveis.com.br\/es\/#\/schema\/person\/16d379542db1950a17fe188179340d57\"},\"inLanguage\":\"es\",\"potentialAction\":[{\"@type\":\"ReadAction\",\"target\":[\"https:\/\/www.sindmoveis.com.br\/es\/casa-brasil-encerra-com-publico-de-quase-20-mil-pessoas\/\"]}]},{\"@type\":\"ImageObject\",\"inLanguage\":\"es\",\"@id\":\"https:\/\/www.sindmoveis.com.br\/es\/casa-brasil-encerra-com-publico-de-quase-20-mil-pessoas\/#primaryimage\",\"url\":\"https:\/\/www.sindmoveis.com.br\/es\/wp-content\/uploads\/2021\/05\/p1376939520.jpg\",\"contentUrl\":\"https:\/\/www.sindmoveis.com.br\/es\/wp-content\/uploads\/2021\/05\/p1376939520.jpg\",\"width\":1500,\"height\":843},{\"@type\":\"WebSite\",\"@id\":\"https:\/\/www.sindmoveis.com.br\/es\/#website\",\"url\":\"https:\/\/www.sindmoveis.com.br\/es\/\",\"name\":\"Sindm\u00f3veis-RS\",\"description\":\"\",\"potentialAction\":[{\"@type\":\"SearchAction\",\"target\":{\"@type\":\"EntryPoint\",\"urlTemplate\":\"https:\/\/www.sindmoveis.com.br\/es\/?s={search_term_string}\"},\"query-input\":{\"@type\":\"PropertyValueSpecification\",\"valueRequired\":true,\"valueName\":\"search_term_string\"}}],\"inLanguage\":\"es\"},{\"@type\":\"Person\",\"@id\":\"https:\/\/www.sindmoveis.com.br\/es\/#\/schema\/person\/16d379542db1950a17fe188179340d57\",\"name\":\"Imprensa Sindm\u00f3veis\",\"image\":{\"@type\":\"ImageObject\",\"inLanguage\":\"es\",\"@id\":\"https:\/\/www.sindmoveis.com.br\/es\/#\/schema\/person\/image\/\",\"url\":\"https:\/\/secure.gravatar.com\/avatar\/4973e2e2c2a0cb5db30b0c7b770041b8e33d048a16b695a1f99c042449d4bfaf?s=96&d=mm&r=g\",\"contentUrl\":\"https:\/\/secure.gravatar.com\/avatar\/4973e2e2c2a0cb5db30b0c7b770041b8e33d048a16b695a1f99c042449d4bfaf?s=96&d=mm&r=g\",\"caption\":\"Imprensa Sindm\u00f3veis\"},\"url\":\"https:\/\/www.sindmoveis.com.br\/es\/author\/ana\/\"}]}<\/script>\n<!-- \/ Yoast SEO plugin. -->","yoast_head_json":{"title":"Casa Brasil cierra con p\u00fablico de casi 20 mil personas - Sindm\u00f3veis-RS","robots":{"index":"index","follow":"follow","max-snippet":"max-snippet:-1","max-image-preview":"max-image-preview:large","max-video-preview":"max-video-preview:-1"},"canonical":"https:\/\/www.sindmoveis.com.br\/es\/casa-brasil-encerra-com-publico-de-quase-20-mil-pessoas\/","og_locale":"es_ES","og_type":"article","og_title":"Casa Brasil cierra con p\u00fablico de casi 20 mil personas - Sindm\u00f3veis-RS","og_description":"Feria recibi\u00f3 visitantes de 17 pa\u00edses y promovi\u00f3 m\u00e1s de 200 rondas de negocios entre expositores e importadores","og_url":"https:\/\/www.sindmoveis.com.br\/es\/casa-brasil-encerra-com-publico-de-quase-20-mil-pessoas\/","og_site_name":"Sindm\u00f3veis-RS","article_published_time":"2013-08-19T03:00:00+00:00","article_modified_time":"2021-05-26T13:24:30+00:00","og_image":[{"width":1500,"height":843,"url":"https:\/\/www.sindmoveis.com.br\/es\/wp-content\/uploads\/2021\/05\/p1376939520.jpg","type":"image\/jpeg"}],"author":"Imprensa Sindm\u00f3veis","twitter_card":"summary_large_image","twitter_misc":{"Escrito por":"Imprensa Sindm\u00f3veis","Tiempo de lectura":"3 minutos"},"schema":{"@context":"https:\/\/schema.org","@graph":[{"@type":"Article","@id":"https:\/\/www.sindmoveis.com.br\/es\/casa-brasil-encerra-com-publico-de-quase-20-mil-pessoas\/#article","isPartOf":{"@id":"https:\/\/www.sindmoveis.com.br\/es\/casa-brasil-encerra-com-publico-de-quase-20-mil-pessoas\/"},"author":{"name":"Imprensa Sindm\u00f3veis","@id":"https:\/\/www.sindmoveis.com.br\/es\/#\/schema\/person\/16d379542db1950a17fe188179340d57"},"headline":"Casa Brasil cierra con p\u00fablico de casi 20 mil personas","datePublished":"2013-08-19T03:00:00+00:00","dateModified":"2021-05-26T13:24:30+00:00","mainEntityOfPage":{"@id":"https:\/\/www.sindmoveis.com.br\/es\/casa-brasil-encerra-com-publico-de-quase-20-mil-pessoas\/"},"wordCount":600,"image":{"@id":"https:\/\/www.sindmoveis.com.br\/es\/casa-brasil-encerra-com-publico-de-quase-20-mil-pessoas\/#primaryimage"},"thumbnailUrl":"https:\/\/www.sindmoveis.com.br\/es\/wp-content\/uploads\/2021\/05\/p1376939520.jpg","articleSection":["Sindm\u00f3veis"],"inLanguage":"es"},{"@type":"WebPage","@id":"https:\/\/www.sindmoveis.com.br\/es\/casa-brasil-encerra-com-publico-de-quase-20-mil-pessoas\/","url":"https:\/\/www.sindmoveis.com.br\/es\/casa-brasil-encerra-com-publico-de-quase-20-mil-pessoas\/","name":"Casa Brasil cierra con p\u00fablico de casi 20 mil personas - Sindm\u00f3veis-RS","isPartOf":{"@id":"https:\/\/www.sindmoveis.com.br\/es\/#website"},"primaryImageOfPage":{"@id":"https:\/\/www.sindmoveis.com.br\/es\/casa-brasil-encerra-com-publico-de-quase-20-mil-pessoas\/#primaryimage"},"image":{"@id":"https:\/\/www.sindmoveis.com.br\/es\/casa-brasil-encerra-com-publico-de-quase-20-mil-pessoas\/#primaryimage"},"thumbnailUrl":"https:\/\/www.sindmoveis.com.br\/es\/wp-content\/uploads\/2021\/05\/p1376939520.jpg","datePublished":"2013-08-19T03:00:00+00:00","dateModified":"2021-05-26T13:24:30+00:00","author":{"@id":"https:\/\/www.sindmoveis.com.br\/es\/#\/schema\/person\/16d379542db1950a17fe188179340d57"},"inLanguage":"es","potentialAction":[{"@type":"ReadAction","target":["https:\/\/www.sindmoveis.com.br\/es\/casa-brasil-encerra-com-publico-de-quase-20-mil-pessoas\/"]}]},{"@type":"ImageObject","inLanguage":"es","@id":"https:\/\/www.sindmoveis.com.br\/es\/casa-brasil-encerra-com-publico-de-quase-20-mil-pessoas\/#primaryimage","url":"https:\/\/www.sindmoveis.com.br\/es\/wp-content\/uploads\/2021\/05\/p1376939520.jpg","contentUrl":"https:\/\/www.sindmoveis.com.br\/es\/wp-content\/uploads\/2021\/05\/p1376939520.jpg","width":1500,"height":843},{"@type":"WebSite","@id":"https:\/\/www.sindmoveis.com.br\/es\/#website","url":"https:\/\/www.sindmoveis.com.br\/es\/","name":"Sindm\u00f3veis-RS","description":"","potentialAction":[{"@type":"SearchAction","target":{"@type":"EntryPoint","urlTemplate":"https:\/\/www.sindmoveis.com.br\/es\/?s={search_term_string}"},"query-input":{"@type":"PropertyValueSpecification","valueRequired":true,"valueName":"search_term_string"}}],"inLanguage":"es"},{"@type":"Person","@id":"https:\/\/www.sindmoveis.com.br\/es\/#\/schema\/person\/16d379542db1950a17fe188179340d57","name":"Imprensa Sindm\u00f3veis","image":{"@type":"ImageObject","inLanguage":"es","@id":"https:\/\/www.sindmoveis.com.br\/es\/#\/schema\/person\/image\/","url":"https:\/\/secure.gravatar.com\/avatar\/4973e2e2c2a0cb5db30b0c7b770041b8e33d048a16b695a1f99c042449d4bfaf?s=96&d=mm&r=g","contentUrl":"https:\/\/secure.gravatar.com\/avatar\/4973e2e2c2a0cb5db30b0c7b770041b8e33d048a16b695a1f99c042449d4bfaf?s=96&d=mm&r=g","caption":"Imprensa Sindm\u00f3veis"},"url":"https:\/\/www.sindmoveis.com.br\/es\/author\/ana\/"}]}},"_links":{"self":[{"href":"https:\/\/www.sindmoveis.com.br\/es\/wp-json\/wp\/v2\/posts\/1033","targetHints":{"allow":["GET"]}}],"collection":[{"href":"https:\/\/www.sindmoveis.com.br\/es\/wp-json\/wp\/v2\/posts"}],"about":[{"href":"https:\/\/www.sindmoveis.com.br\/es\/wp-json\/wp\/v2\/types\/post"}],"author":[{"embeddable":true,"href":"https:\/\/www.sindmoveis.com.br\/es\/wp-json\/wp\/v2\/users\/5"}],"replies":[{"embeddable":true,"href":"https:\/\/www.sindmoveis.com.br\/es\/wp-json\/wp\/v2\/comments?post=1033"}],"version-history":[{"count":2,"href":"https:\/\/www.sindmoveis.com.br\/es\/wp-json\/wp\/v2\/posts\/1033\/revisions"}],"predecessor-version":[{"id":3326,"href":"https:\/\/www.sindmoveis.com.br\/es\/wp-json\/wp\/v2\/posts\/1033\/revisions\/3326"}],"wp:featuredmedia":[{"embeddable":true,"href":"https:\/\/www.sindmoveis.com.br\/es\/wp-json\/wp\/v2\/media\/3327"}],"wp:attachment":[{"href":"https:\/\/www.sindmoveis.com.br\/es\/wp-json\/wp\/v2\/media?parent=1033"}],"wp:term":[{"taxonomy":"category","embeddable":true,"href":"https:\/\/www.sindmoveis.com.br\/es\/wp-json\/wp\/v2\/categories?post=1033"},{"taxonomy":"post_tag","embeddable":true,"href":"https:\/\/www.sindmoveis.com.br\/es\/wp-json\/wp\/v2\/tags?post=1033"}],"curies":[{"name":"wp","href":"https:\/\/api.w.org\/{rel}","templated":true}]}}