{"id":1031,"date":"2013-08-16T00:00:00","date_gmt":"2013-08-16T03:00:00","guid":{"rendered":"http:\/\/sindmoveis.com.br\/imprensa\/noticias\/casa-brasil-recebe-visita-de-alexandre-postal\/"},"modified":"2021-05-26T10:24:30","modified_gmt":"2021-05-26T13:24:30","slug":"casa-brasil-recebe-visita-de-alexandre-postal","status":"publish","type":"post","link":"https:\/\/www.sindmoveis.com.br\/es\/casa-brasil-recebe-visita-de-alexandre-postal\/","title":{"rendered":"Casa Brasil recibe visita de Alexandre Postal"},"content":{"rendered":"<div>El diputado de la Asamblea Legislativa de Rio Grande do Sul Alexandre Postal, visit\u00f3 &nbsp;Casa Brasil el \u00faltimo jueves 16, acompa\u00f1ado por el concejal Mois\u00e9s Scussel. La comitiva fue recibida por la presidente de la feria, C\u00e1tia Scarton, y &nbsp;recorri\u00f3 &nbsp;los pabellones del evento, conociendo las empresas expositoras y los proyectos especiales. &nbsp;<\/div>\n<div><\/div>\n","protected":false},"excerpt":{"rendered":"<p>El diputado de la Asamblea Legislativa de Rio Grande do Sul Alexandre Postal, visit\u00f3  Casa Brasil el \u00faltimo jueves 16, acompa\u00f1ado por el concejal Mois\u00e9s Scussel.<\/p>\n","protected":false},"author":5,"featured_media":3323,"comment_status":"closed","ping_status":"open","sticky":false,"template":"","format":"standard","meta":{"footnotes":"","_links_to":"","_links_to_target":""},"categories":[2],"tags":[],"class_list":["post-1031","post","type-post","status-publish","format-standard","has-post-thumbnail","hentry","category-sindmoveis"],"yoast_head":"<!-- This site is optimized with the Yoast SEO plugin v27.0 - https:\/\/yoast.com\/product\/yoast-seo-wordpress\/ -->\n<title>Casa Brasil recibe visita de Alexandre Postal - Sindm\u00f3veis-RS<\/title>\n<meta name=\"robots\" content=\"index, follow, max-snippet:-1, max-image-preview:large, max-video-preview:-1\" \/>\n<link rel=\"canonical\" href=\"https:\/\/www.sindmoveis.com.br\/es\/casa-brasil-recebe-visita-de-alexandre-postal\/\" \/>\n<meta property=\"og:locale\" content=\"es_ES\" \/>\n<meta property=\"og:type\" content=\"article\" \/>\n<meta property=\"og:title\" content=\"Casa Brasil recibe visita de Alexandre Postal - Sindm\u00f3veis-RS\" \/>\n<meta property=\"og:description\" content=\"El diputado de la Asamblea Legislativa de Rio Grande do Sul Alexandre Postal, visit\u00f3 Casa Brasil el \u00faltimo jueves 16, acompa\u00f1ado por el concejal Mois\u00e9s Scussel.\" \/>\n<meta property=\"og:url\" content=\"https:\/\/www.sindmoveis.com.br\/es\/casa-brasil-recebe-visita-de-alexandre-postal\/\" \/>\n<meta property=\"og:site_name\" content=\"Sindm\u00f3veis-RS\" \/>\n<meta property=\"article:published_time\" content=\"2013-08-16T03:00:00+00:00\" \/>\n<meta property=\"article:modified_time\" content=\"2021-05-26T13:24:30+00:00\" \/>\n<meta property=\"og:image\" content=\"https:\/\/www.sindmoveis.com.br\/es\/wp-content\/uploads\/2021\/05\/p1376666021.jpg\" \/>\n\t<meta property=\"og:image:width\" content=\"1575\" \/>\n\t<meta property=\"og:image:height\" content=\"1050\" \/>\n\t<meta property=\"og:image:type\" content=\"image\/jpeg\" \/>\n<meta name=\"author\" content=\"Imprensa Sindm\u00f3veis\" \/>\n<meta name=\"twitter:card\" content=\"summary_large_image\" \/>\n<meta name=\"twitter:label1\" content=\"Escrito por\" \/>\n\t<meta name=\"twitter:data1\" content=\"Imprensa Sindm\u00f3veis\" \/>\n<script type=\"application\/ld+json\" class=\"yoast-schema-graph\">{\"@context\":\"https:\/\/schema.org\",\"@graph\":[{\"@type\":\"Article\",\"@id\":\"https:\/\/www.sindmoveis.com.br\/es\/casa-brasil-recebe-visita-de-alexandre-postal\/#article\",\"isPartOf\":{\"@id\":\"https:\/\/www.sindmoveis.com.br\/es\/casa-brasil-recebe-visita-de-alexandre-postal\/\"},\"author\":{\"name\":\"Imprensa Sindm\u00f3veis\",\"@id\":\"https:\/\/www.sindmoveis.com.br\/es\/#\/schema\/person\/16d379542db1950a17fe188179340d57\"},\"headline\":\"Casa Brasil recibe visita de Alexandre Postal\",\"datePublished\":\"2013-08-16T03:00:00+00:00\",\"dateModified\":\"2021-05-26T13:24:30+00:00\",\"mainEntityOfPage\":{\"@id\":\"https:\/\/www.sindmoveis.com.br\/es\/casa-brasil-recebe-visita-de-alexandre-postal\/\"},\"wordCount\":65,\"image\":{\"@id\":\"https:\/\/www.sindmoveis.com.br\/es\/casa-brasil-recebe-visita-de-alexandre-postal\/#primaryimage\"},\"thumbnailUrl\":\"https:\/\/www.sindmoveis.com.br\/es\/wp-content\/uploads\/2021\/05\/p1376666021.jpg\",\"articleSection\":[\"Sindm\u00f3veis\"],\"inLanguage\":\"es\"},{\"@type\":\"WebPage\",\"@id\":\"https:\/\/www.sindmoveis.com.br\/es\/casa-brasil-recebe-visita-de-alexandre-postal\/\",\"url\":\"https:\/\/www.sindmoveis.com.br\/es\/casa-brasil-recebe-visita-de-alexandre-postal\/\",\"name\":\"Casa Brasil recibe visita de Alexandre Postal - Sindm\u00f3veis-RS\",\"isPartOf\":{\"@id\":\"https:\/\/www.sindmoveis.com.br\/es\/#website\"},\"primaryImageOfPage\":{\"@id\":\"https:\/\/www.sindmoveis.com.br\/es\/casa-brasil-recebe-visita-de-alexandre-postal\/#primaryimage\"},\"image\":{\"@id\":\"https:\/\/www.sindmoveis.com.br\/es\/casa-brasil-recebe-visita-de-alexandre-postal\/#primaryimage\"},\"thumbnailUrl\":\"https:\/\/www.sindmoveis.com.br\/es\/wp-content\/uploads\/2021\/05\/p1376666021.jpg\",\"datePublished\":\"2013-08-16T03:00:00+00:00\",\"dateModified\":\"2021-05-26T13:24:30+00:00\",\"author\":{\"@id\":\"https:\/\/www.sindmoveis.com.br\/es\/#\/schema\/person\/16d379542db1950a17fe188179340d57\"},\"inLanguage\":\"es\",\"potentialAction\":[{\"@type\":\"ReadAction\",\"target\":[\"https:\/\/www.sindmoveis.com.br\/es\/casa-brasil-recebe-visita-de-alexandre-postal\/\"]}]},{\"@type\":\"ImageObject\",\"inLanguage\":\"es\",\"@id\":\"https:\/\/www.sindmoveis.com.br\/es\/casa-brasil-recebe-visita-de-alexandre-postal\/#primaryimage\",\"url\":\"https:\/\/www.sindmoveis.com.br\/es\/wp-content\/uploads\/2021\/05\/p1376666021.jpg\",\"contentUrl\":\"https:\/\/www.sindmoveis.com.br\/es\/wp-content\/uploads\/2021\/05\/p1376666021.jpg\",\"width\":1575,\"height\":1050},{\"@type\":\"WebSite\",\"@id\":\"https:\/\/www.sindmoveis.com.br\/es\/#website\",\"url\":\"https:\/\/www.sindmoveis.com.br\/es\/\",\"name\":\"Sindm\u00f3veis-RS\",\"description\":\"\",\"potentialAction\":[{\"@type\":\"SearchAction\",\"target\":{\"@type\":\"EntryPoint\",\"urlTemplate\":\"https:\/\/www.sindmoveis.com.br\/es\/?s={search_term_string}\"},\"query-input\":{\"@type\":\"PropertyValueSpecification\",\"valueRequired\":true,\"valueName\":\"search_term_string\"}}],\"inLanguage\":\"es\"},{\"@type\":\"Person\",\"@id\":\"https:\/\/www.sindmoveis.com.br\/es\/#\/schema\/person\/16d379542db1950a17fe188179340d57\",\"name\":\"Imprensa Sindm\u00f3veis\",\"image\":{\"@type\":\"ImageObject\",\"inLanguage\":\"es\",\"@id\":\"https:\/\/www.sindmoveis.com.br\/es\/#\/schema\/person\/image\/\",\"url\":\"https:\/\/secure.gravatar.com\/avatar\/4973e2e2c2a0cb5db30b0c7b770041b8e33d048a16b695a1f99c042449d4bfaf?s=96&d=mm&r=g\",\"contentUrl\":\"https:\/\/secure.gravatar.com\/avatar\/4973e2e2c2a0cb5db30b0c7b770041b8e33d048a16b695a1f99c042449d4bfaf?s=96&d=mm&r=g\",\"caption\":\"Imprensa Sindm\u00f3veis\"},\"url\":\"https:\/\/www.sindmoveis.com.br\/es\/author\/ana\/\"}]}<\/script>\n<!-- \/ Yoast SEO plugin. -->","yoast_head_json":{"title":"Casa Brasil recibe visita de Alexandre Postal - Sindm\u00f3veis-RS","robots":{"index":"index","follow":"follow","max-snippet":"max-snippet:-1","max-image-preview":"max-image-preview:large","max-video-preview":"max-video-preview:-1"},"canonical":"https:\/\/www.sindmoveis.com.br\/es\/casa-brasil-recebe-visita-de-alexandre-postal\/","og_locale":"es_ES","og_type":"article","og_title":"Casa Brasil recibe visita de Alexandre Postal - Sindm\u00f3veis-RS","og_description":"El diputado de la Asamblea Legislativa de Rio Grande do Sul Alexandre Postal, visit\u00f3 Casa Brasil el \u00faltimo jueves 16, acompa\u00f1ado por el concejal Mois\u00e9s Scussel.","og_url":"https:\/\/www.sindmoveis.com.br\/es\/casa-brasil-recebe-visita-de-alexandre-postal\/","og_site_name":"Sindm\u00f3veis-RS","article_published_time":"2013-08-16T03:00:00+00:00","article_modified_time":"2021-05-26T13:24:30+00:00","og_image":[{"width":1575,"height":1050,"url":"https:\/\/www.sindmoveis.com.br\/es\/wp-content\/uploads\/2021\/05\/p1376666021.jpg","type":"image\/jpeg"}],"author":"Imprensa Sindm\u00f3veis","twitter_card":"summary_large_image","twitter_misc":{"Escrito por":"Imprensa Sindm\u00f3veis"},"schema":{"@context":"https:\/\/schema.org","@graph":[{"@type":"Article","@id":"https:\/\/www.sindmoveis.com.br\/es\/casa-brasil-recebe-visita-de-alexandre-postal\/#article","isPartOf":{"@id":"https:\/\/www.sindmoveis.com.br\/es\/casa-brasil-recebe-visita-de-alexandre-postal\/"},"author":{"name":"Imprensa Sindm\u00f3veis","@id":"https:\/\/www.sindmoveis.com.br\/es\/#\/schema\/person\/16d379542db1950a17fe188179340d57"},"headline":"Casa Brasil recibe visita de Alexandre Postal","datePublished":"2013-08-16T03:00:00+00:00","dateModified":"2021-05-26T13:24:30+00:00","mainEntityOfPage":{"@id":"https:\/\/www.sindmoveis.com.br\/es\/casa-brasil-recebe-visita-de-alexandre-postal\/"},"wordCount":65,"image":{"@id":"https:\/\/www.sindmoveis.com.br\/es\/casa-brasil-recebe-visita-de-alexandre-postal\/#primaryimage"},"thumbnailUrl":"https:\/\/www.sindmoveis.com.br\/es\/wp-content\/uploads\/2021\/05\/p1376666021.jpg","articleSection":["Sindm\u00f3veis"],"inLanguage":"es"},{"@type":"WebPage","@id":"https:\/\/www.sindmoveis.com.br\/es\/casa-brasil-recebe-visita-de-alexandre-postal\/","url":"https:\/\/www.sindmoveis.com.br\/es\/casa-brasil-recebe-visita-de-alexandre-postal\/","name":"Casa Brasil recibe visita de Alexandre Postal - Sindm\u00f3veis-RS","isPartOf":{"@id":"https:\/\/www.sindmoveis.com.br\/es\/#website"},"primaryImageOfPage":{"@id":"https:\/\/www.sindmoveis.com.br\/es\/casa-brasil-recebe-visita-de-alexandre-postal\/#primaryimage"},"image":{"@id":"https:\/\/www.sindmoveis.com.br\/es\/casa-brasil-recebe-visita-de-alexandre-postal\/#primaryimage"},"thumbnailUrl":"https:\/\/www.sindmoveis.com.br\/es\/wp-content\/uploads\/2021\/05\/p1376666021.jpg","datePublished":"2013-08-16T03:00:00+00:00","dateModified":"2021-05-26T13:24:30+00:00","author":{"@id":"https:\/\/www.sindmoveis.com.br\/es\/#\/schema\/person\/16d379542db1950a17fe188179340d57"},"inLanguage":"es","potentialAction":[{"@type":"ReadAction","target":["https:\/\/www.sindmoveis.com.br\/es\/casa-brasil-recebe-visita-de-alexandre-postal\/"]}]},{"@type":"ImageObject","inLanguage":"es","@id":"https:\/\/www.sindmoveis.com.br\/es\/casa-brasil-recebe-visita-de-alexandre-postal\/#primaryimage","url":"https:\/\/www.sindmoveis.com.br\/es\/wp-content\/uploads\/2021\/05\/p1376666021.jpg","contentUrl":"https:\/\/www.sindmoveis.com.br\/es\/wp-content\/uploads\/2021\/05\/p1376666021.jpg","width":1575,"height":1050},{"@type":"WebSite","@id":"https:\/\/www.sindmoveis.com.br\/es\/#website","url":"https:\/\/www.sindmoveis.com.br\/es\/","name":"Sindm\u00f3veis-RS","description":"","potentialAction":[{"@type":"SearchAction","target":{"@type":"EntryPoint","urlTemplate":"https:\/\/www.sindmoveis.com.br\/es\/?s={search_term_string}"},"query-input":{"@type":"PropertyValueSpecification","valueRequired":true,"valueName":"search_term_string"}}],"inLanguage":"es"},{"@type":"Person","@id":"https:\/\/www.sindmoveis.com.br\/es\/#\/schema\/person\/16d379542db1950a17fe188179340d57","name":"Imprensa Sindm\u00f3veis","image":{"@type":"ImageObject","inLanguage":"es","@id":"https:\/\/www.sindmoveis.com.br\/es\/#\/schema\/person\/image\/","url":"https:\/\/secure.gravatar.com\/avatar\/4973e2e2c2a0cb5db30b0c7b770041b8e33d048a16b695a1f99c042449d4bfaf?s=96&d=mm&r=g","contentUrl":"https:\/\/secure.gravatar.com\/avatar\/4973e2e2c2a0cb5db30b0c7b770041b8e33d048a16b695a1f99c042449d4bfaf?s=96&d=mm&r=g","caption":"Imprensa Sindm\u00f3veis"},"url":"https:\/\/www.sindmoveis.com.br\/es\/author\/ana\/"}]}},"_links":{"self":[{"href":"https:\/\/www.sindmoveis.com.br\/es\/wp-json\/wp\/v2\/posts\/1031","targetHints":{"allow":["GET"]}}],"collection":[{"href":"https:\/\/www.sindmoveis.com.br\/es\/wp-json\/wp\/v2\/posts"}],"about":[{"href":"https:\/\/www.sindmoveis.com.br\/es\/wp-json\/wp\/v2\/types\/post"}],"author":[{"embeddable":true,"href":"https:\/\/www.sindmoveis.com.br\/es\/wp-json\/wp\/v2\/users\/5"}],"replies":[{"embeddable":true,"href":"https:\/\/www.sindmoveis.com.br\/es\/wp-json\/wp\/v2\/comments?post=1031"}],"version-history":[{"count":2,"href":"https:\/\/www.sindmoveis.com.br\/es\/wp-json\/wp\/v2\/posts\/1031\/revisions"}],"predecessor-version":[{"id":3322,"href":"https:\/\/www.sindmoveis.com.br\/es\/wp-json\/wp\/v2\/posts\/1031\/revisions\/3322"}],"wp:featuredmedia":[{"embeddable":true,"href":"https:\/\/www.sindmoveis.com.br\/es\/wp-json\/wp\/v2\/media\/3323"}],"wp:attachment":[{"href":"https:\/\/www.sindmoveis.com.br\/es\/wp-json\/wp\/v2\/media?parent=1031"}],"wp:term":[{"taxonomy":"category","embeddable":true,"href":"https:\/\/www.sindmoveis.com.br\/es\/wp-json\/wp\/v2\/categories?post=1031"},{"taxonomy":"post_tag","embeddable":true,"href":"https:\/\/www.sindmoveis.com.br\/es\/wp-json\/wp\/v2\/tags?post=1031"}],"curies":[{"name":"wp","href":"https:\/\/api.w.org\/{rel}","templated":true}]}}