{"id":1029,"date":"2013-08-15T00:00:00","date_gmt":"2013-08-15T03:00:00","guid":{"rendered":"http:\/\/sindmoveis.com.br\/imprensa\/noticias\/salao-design-premia-seus-vencedores\/"},"modified":"2021-05-26T10:27:48","modified_gmt":"2021-05-26T13:27:48","slug":"salao-design-premia-seus-vencedores","status":"publish","type":"post","link":"https:\/\/www.sindmoveis.com.br\/es\/salao-design-premia-seus-vencedores\/","title":{"rendered":"Sal\u00e3o Design premia vencedores"},"content":{"rendered":"<div><i>Fueron 29 premiaciones en las modalidades Estudiante, Industria e Profesional, adem\u00e1s de los premios Profesor Orientador, Maderas Alternativas y Ecodesign<\/i><\/div>\n<div>&nbsp;<\/div>\n<div>En una noche animada por hits de la era Disco, &nbsp;Casa Brasil premi\u00f3 los vencedores del Sal\u00e3o Design, mayior premio del g\u00e9nero en Am\u00e9rica Latina. Fueron 29 premiaciones em las modalidades Estudiante, Industria y Profesional, adem\u00e1s de los premios Profesor Orientador, Maderas Alternativas y Ecodesign. M\u00e1s de 400 personas participaron de la fiesta y fueron invitadas a entrar en el clima con pelucas Black Power.<\/div>\n<div>El director del Sal\u00e3o Design, Cristiano Gallina, destaca que el dise\u00f1o es uno de los principales elementos para el desarrollo de nuevos productos y \u00e9xito en los negocios. \u201cEl dise\u00f1o es elemento determinante del aumento de la competitividad de nuevos productos y de las empresas. Es la uni\u00f3n entre creatividad y tecnolog\u00eda, o mejor, la uni\u00f3n entre dise\u00f1ador e industria, que fomenta el crecimiento\u201d, apunta.&nbsp;<\/div>\n<div>Entre los premiados, muchos son veteranos en el concurso. El equipo de Notus Design Studio, de Belo Horizonte, viene creciendo en su participaci\u00f3n en el Sal\u00e3o Design. Estuvo entre los finalistas en 2010; recibi\u00f3 menci\u00f3n de honor en 2011 y, ahora, fue premiado en la modalidad Industria por la Banqueta Spin, en asociaci\u00f3n con &nbsp;Punto M\u00f3bile, de Garibaldi. \u201cEse premio es especial para nosotros, pues la categor\u00eda industria envuelve cuestiones mercadol\u00f3gicas muy fuertes\u201d, resalta Rodrigo Braga Fran\u00e7a, uno de los dise\u00f1adores de Notus.&nbsp;<\/div>\n<div>El Sal\u00e3o Design Casa Brasil 2013 tiene patrocinio de Berneck, Impress y Tramontina Design Collection. Hasta el pr\u00f3ximo viernes, d\u00eda 16, los premiados y dem\u00e1s seleccionados para la etapa final de juicio, est\u00e1n en exposici\u00f3n en Casa Brasil 2013.&nbsp;<\/div>\n<div>Para m\u00e1s informaciones, acceda a <a href=\"http:\/\/www.casabrasil.com.br\" target=\"\" rel=\"noopener\">www.casabrasil.com.br<\/a>.<\/div>\n","protected":false},"excerpt":{"rendered":"<p>En una noche animada por hits de la era Disco,  Casa Brasil premi\u00f3 los vencedores del Sal\u00e3o Design, mayior premio del g\u00e9nero en Am\u00e9rica Latina. Fueron 29 premiaciones em las modalidades Estudiante, Industria y Profesional, adem\u00e1s de los premios Profesor Orientador, Maderas Alternativas y Ecodesign. M\u00e1s de 400 personas participaron de la fiesta y fueron invitadas a entrar en el clima con pelucas Black Power.<\/p>\n","protected":false},"author":5,"featured_media":3319,"comment_status":"closed","ping_status":"open","sticky":false,"template":"","format":"standard","meta":{"footnotes":"","_links_to":"","_links_to_target":""},"categories":[21,2],"tags":[],"class_list":["post-1029","post","type-post","status-publish","format-standard","has-post-thumbnail","hentry","category-premio-salao-design","category-sindmoveis"],"yoast_head":"<!-- This site is optimized with the Yoast SEO plugin v27.0 - https:\/\/yoast.com\/product\/yoast-seo-wordpress\/ -->\n<title>Sal\u00e3o Design premia vencedores - Sindm\u00f3veis-RS<\/title>\n<meta name=\"robots\" content=\"index, follow, max-snippet:-1, max-image-preview:large, max-video-preview:-1\" \/>\n<link rel=\"canonical\" href=\"https:\/\/www.sindmoveis.com.br\/es\/salao-design-premia-seus-vencedores\/\" \/>\n<meta property=\"og:locale\" content=\"es_ES\" \/>\n<meta property=\"og:type\" content=\"article\" \/>\n<meta property=\"og:title\" content=\"Sal\u00e3o Design premia vencedores - Sindm\u00f3veis-RS\" \/>\n<meta property=\"og:description\" content=\"En una noche animada por hits de la era Disco, Casa Brasil premi\u00f3 los vencedores del Sal\u00e3o Design, mayior premio del g\u00e9nero en Am\u00e9rica Latina. Fueron 29 premiaciones em las modalidades Estudiante, Industria y Profesional, adem\u00e1s de los premios Profesor Orientador, Maderas Alternativas y Ecodesign. M\u00e1s de 400 personas participaron de la fiesta y fueron invitadas a entrar en el clima con pelucas Black Power.\" \/>\n<meta property=\"og:url\" content=\"https:\/\/www.sindmoveis.com.br\/es\/salao-design-premia-seus-vencedores\/\" \/>\n<meta property=\"og:site_name\" content=\"Sindm\u00f3veis-RS\" \/>\n<meta property=\"article:published_time\" content=\"2013-08-15T03:00:00+00:00\" \/>\n<meta property=\"article:modified_time\" content=\"2021-05-26T13:27:48+00:00\" \/>\n<meta property=\"og:image\" content=\"https:\/\/www.sindmoveis.com.br\/es\/wp-content\/uploads\/2021\/05\/p1376577666.jpg\" \/>\n\t<meta property=\"og:image:width\" content=\"1181\" \/>\n\t<meta property=\"og:image:height\" content=\"787\" \/>\n\t<meta property=\"og:image:type\" content=\"image\/jpeg\" \/>\n<meta name=\"author\" content=\"Imprensa Sindm\u00f3veis\" \/>\n<meta name=\"twitter:card\" content=\"summary_large_image\" \/>\n<meta name=\"twitter:label1\" content=\"Escrito por\" \/>\n\t<meta name=\"twitter:data1\" content=\"Imprensa Sindm\u00f3veis\" \/>\n\t<meta name=\"twitter:label2\" content=\"Tiempo de lectura\" \/>\n\t<meta name=\"twitter:data2\" content=\"2 minutos\" \/>\n<script type=\"application\/ld+json\" class=\"yoast-schema-graph\">{\"@context\":\"https:\/\/schema.org\",\"@graph\":[{\"@type\":\"Article\",\"@id\":\"https:\/\/www.sindmoveis.com.br\/es\/salao-design-premia-seus-vencedores\/#article\",\"isPartOf\":{\"@id\":\"https:\/\/www.sindmoveis.com.br\/es\/salao-design-premia-seus-vencedores\/\"},\"author\":{\"name\":\"Imprensa Sindm\u00f3veis\",\"@id\":\"https:\/\/www.sindmoveis.com.br\/es\/#\/schema\/person\/16d379542db1950a17fe188179340d57\"},\"headline\":\"Sal\u00e3o Design premia vencedores\",\"datePublished\":\"2013-08-15T03:00:00+00:00\",\"dateModified\":\"2021-05-26T13:27:48+00:00\",\"mainEntityOfPage\":{\"@id\":\"https:\/\/www.sindmoveis.com.br\/es\/salao-design-premia-seus-vencedores\/\"},\"wordCount\":313,\"image\":{\"@id\":\"https:\/\/www.sindmoveis.com.br\/es\/salao-design-premia-seus-vencedores\/#primaryimage\"},\"thumbnailUrl\":\"https:\/\/www.sindmoveis.com.br\/es\/wp-content\/uploads\/2021\/05\/p1376577666.jpg\",\"articleSection\":[\"Premio Sal\u00e3o Design\",\"Sindm\u00f3veis\"],\"inLanguage\":\"es\"},{\"@type\":\"WebPage\",\"@id\":\"https:\/\/www.sindmoveis.com.br\/es\/salao-design-premia-seus-vencedores\/\",\"url\":\"https:\/\/www.sindmoveis.com.br\/es\/salao-design-premia-seus-vencedores\/\",\"name\":\"Sal\u00e3o Design premia vencedores - Sindm\u00f3veis-RS\",\"isPartOf\":{\"@id\":\"https:\/\/www.sindmoveis.com.br\/es\/#website\"},\"primaryImageOfPage\":{\"@id\":\"https:\/\/www.sindmoveis.com.br\/es\/salao-design-premia-seus-vencedores\/#primaryimage\"},\"image\":{\"@id\":\"https:\/\/www.sindmoveis.com.br\/es\/salao-design-premia-seus-vencedores\/#primaryimage\"},\"thumbnailUrl\":\"https:\/\/www.sindmoveis.com.br\/es\/wp-content\/uploads\/2021\/05\/p1376577666.jpg\",\"datePublished\":\"2013-08-15T03:00:00+00:00\",\"dateModified\":\"2021-05-26T13:27:48+00:00\",\"author\":{\"@id\":\"https:\/\/www.sindmoveis.com.br\/es\/#\/schema\/person\/16d379542db1950a17fe188179340d57\"},\"inLanguage\":\"es\",\"potentialAction\":[{\"@type\":\"ReadAction\",\"target\":[\"https:\/\/www.sindmoveis.com.br\/es\/salao-design-premia-seus-vencedores\/\"]}]},{\"@type\":\"ImageObject\",\"inLanguage\":\"es\",\"@id\":\"https:\/\/www.sindmoveis.com.br\/es\/salao-design-premia-seus-vencedores\/#primaryimage\",\"url\":\"https:\/\/www.sindmoveis.com.br\/es\/wp-content\/uploads\/2021\/05\/p1376577666.jpg\",\"contentUrl\":\"https:\/\/www.sindmoveis.com.br\/es\/wp-content\/uploads\/2021\/05\/p1376577666.jpg\",\"width\":1181,\"height\":787},{\"@type\":\"WebSite\",\"@id\":\"https:\/\/www.sindmoveis.com.br\/es\/#website\",\"url\":\"https:\/\/www.sindmoveis.com.br\/es\/\",\"name\":\"Sindm\u00f3veis-RS\",\"description\":\"\",\"potentialAction\":[{\"@type\":\"SearchAction\",\"target\":{\"@type\":\"EntryPoint\",\"urlTemplate\":\"https:\/\/www.sindmoveis.com.br\/es\/?s={search_term_string}\"},\"query-input\":{\"@type\":\"PropertyValueSpecification\",\"valueRequired\":true,\"valueName\":\"search_term_string\"}}],\"inLanguage\":\"es\"},{\"@type\":\"Person\",\"@id\":\"https:\/\/www.sindmoveis.com.br\/es\/#\/schema\/person\/16d379542db1950a17fe188179340d57\",\"name\":\"Imprensa Sindm\u00f3veis\",\"image\":{\"@type\":\"ImageObject\",\"inLanguage\":\"es\",\"@id\":\"https:\/\/www.sindmoveis.com.br\/es\/#\/schema\/person\/image\/\",\"url\":\"https:\/\/secure.gravatar.com\/avatar\/4973e2e2c2a0cb5db30b0c7b770041b8e33d048a16b695a1f99c042449d4bfaf?s=96&d=mm&r=g\",\"contentUrl\":\"https:\/\/secure.gravatar.com\/avatar\/4973e2e2c2a0cb5db30b0c7b770041b8e33d048a16b695a1f99c042449d4bfaf?s=96&d=mm&r=g\",\"caption\":\"Imprensa Sindm\u00f3veis\"},\"url\":\"https:\/\/www.sindmoveis.com.br\/es\/author\/ana\/\"}]}<\/script>\n<!-- \/ Yoast SEO plugin. -->","yoast_head_json":{"title":"Sal\u00e3o Design premia vencedores - Sindm\u00f3veis-RS","robots":{"index":"index","follow":"follow","max-snippet":"max-snippet:-1","max-image-preview":"max-image-preview:large","max-video-preview":"max-video-preview:-1"},"canonical":"https:\/\/www.sindmoveis.com.br\/es\/salao-design-premia-seus-vencedores\/","og_locale":"es_ES","og_type":"article","og_title":"Sal\u00e3o Design premia vencedores - Sindm\u00f3veis-RS","og_description":"En una noche animada por hits de la era Disco, Casa Brasil premi\u00f3 los vencedores del Sal\u00e3o Design, mayior premio del g\u00e9nero en Am\u00e9rica Latina. Fueron 29 premiaciones em las modalidades Estudiante, Industria y Profesional, adem\u00e1s de los premios Profesor Orientador, Maderas Alternativas y Ecodesign. M\u00e1s de 400 personas participaron de la fiesta y fueron invitadas a entrar en el clima con pelucas Black Power.","og_url":"https:\/\/www.sindmoveis.com.br\/es\/salao-design-premia-seus-vencedores\/","og_site_name":"Sindm\u00f3veis-RS","article_published_time":"2013-08-15T03:00:00+00:00","article_modified_time":"2021-05-26T13:27:48+00:00","og_image":[{"width":1181,"height":787,"url":"https:\/\/www.sindmoveis.com.br\/es\/wp-content\/uploads\/2021\/05\/p1376577666.jpg","type":"image\/jpeg"}],"author":"Imprensa Sindm\u00f3veis","twitter_card":"summary_large_image","twitter_misc":{"Escrito por":"Imprensa Sindm\u00f3veis","Tiempo de lectura":"2 minutos"},"schema":{"@context":"https:\/\/schema.org","@graph":[{"@type":"Article","@id":"https:\/\/www.sindmoveis.com.br\/es\/salao-design-premia-seus-vencedores\/#article","isPartOf":{"@id":"https:\/\/www.sindmoveis.com.br\/es\/salao-design-premia-seus-vencedores\/"},"author":{"name":"Imprensa Sindm\u00f3veis","@id":"https:\/\/www.sindmoveis.com.br\/es\/#\/schema\/person\/16d379542db1950a17fe188179340d57"},"headline":"Sal\u00e3o Design premia vencedores","datePublished":"2013-08-15T03:00:00+00:00","dateModified":"2021-05-26T13:27:48+00:00","mainEntityOfPage":{"@id":"https:\/\/www.sindmoveis.com.br\/es\/salao-design-premia-seus-vencedores\/"},"wordCount":313,"image":{"@id":"https:\/\/www.sindmoveis.com.br\/es\/salao-design-premia-seus-vencedores\/#primaryimage"},"thumbnailUrl":"https:\/\/www.sindmoveis.com.br\/es\/wp-content\/uploads\/2021\/05\/p1376577666.jpg","articleSection":["Premio Sal\u00e3o Design","Sindm\u00f3veis"],"inLanguage":"es"},{"@type":"WebPage","@id":"https:\/\/www.sindmoveis.com.br\/es\/salao-design-premia-seus-vencedores\/","url":"https:\/\/www.sindmoveis.com.br\/es\/salao-design-premia-seus-vencedores\/","name":"Sal\u00e3o Design premia vencedores - Sindm\u00f3veis-RS","isPartOf":{"@id":"https:\/\/www.sindmoveis.com.br\/es\/#website"},"primaryImageOfPage":{"@id":"https:\/\/www.sindmoveis.com.br\/es\/salao-design-premia-seus-vencedores\/#primaryimage"},"image":{"@id":"https:\/\/www.sindmoveis.com.br\/es\/salao-design-premia-seus-vencedores\/#primaryimage"},"thumbnailUrl":"https:\/\/www.sindmoveis.com.br\/es\/wp-content\/uploads\/2021\/05\/p1376577666.jpg","datePublished":"2013-08-15T03:00:00+00:00","dateModified":"2021-05-26T13:27:48+00:00","author":{"@id":"https:\/\/www.sindmoveis.com.br\/es\/#\/schema\/person\/16d379542db1950a17fe188179340d57"},"inLanguage":"es","potentialAction":[{"@type":"ReadAction","target":["https:\/\/www.sindmoveis.com.br\/es\/salao-design-premia-seus-vencedores\/"]}]},{"@type":"ImageObject","inLanguage":"es","@id":"https:\/\/www.sindmoveis.com.br\/es\/salao-design-premia-seus-vencedores\/#primaryimage","url":"https:\/\/www.sindmoveis.com.br\/es\/wp-content\/uploads\/2021\/05\/p1376577666.jpg","contentUrl":"https:\/\/www.sindmoveis.com.br\/es\/wp-content\/uploads\/2021\/05\/p1376577666.jpg","width":1181,"height":787},{"@type":"WebSite","@id":"https:\/\/www.sindmoveis.com.br\/es\/#website","url":"https:\/\/www.sindmoveis.com.br\/es\/","name":"Sindm\u00f3veis-RS","description":"","potentialAction":[{"@type":"SearchAction","target":{"@type":"EntryPoint","urlTemplate":"https:\/\/www.sindmoveis.com.br\/es\/?s={search_term_string}"},"query-input":{"@type":"PropertyValueSpecification","valueRequired":true,"valueName":"search_term_string"}}],"inLanguage":"es"},{"@type":"Person","@id":"https:\/\/www.sindmoveis.com.br\/es\/#\/schema\/person\/16d379542db1950a17fe188179340d57","name":"Imprensa Sindm\u00f3veis","image":{"@type":"ImageObject","inLanguage":"es","@id":"https:\/\/www.sindmoveis.com.br\/es\/#\/schema\/person\/image\/","url":"https:\/\/secure.gravatar.com\/avatar\/4973e2e2c2a0cb5db30b0c7b770041b8e33d048a16b695a1f99c042449d4bfaf?s=96&d=mm&r=g","contentUrl":"https:\/\/secure.gravatar.com\/avatar\/4973e2e2c2a0cb5db30b0c7b770041b8e33d048a16b695a1f99c042449d4bfaf?s=96&d=mm&r=g","caption":"Imprensa Sindm\u00f3veis"},"url":"https:\/\/www.sindmoveis.com.br\/es\/author\/ana\/"}]}},"_links":{"self":[{"href":"https:\/\/www.sindmoveis.com.br\/es\/wp-json\/wp\/v2\/posts\/1029","targetHints":{"allow":["GET"]}}],"collection":[{"href":"https:\/\/www.sindmoveis.com.br\/es\/wp-json\/wp\/v2\/posts"}],"about":[{"href":"https:\/\/www.sindmoveis.com.br\/es\/wp-json\/wp\/v2\/types\/post"}],"author":[{"embeddable":true,"href":"https:\/\/www.sindmoveis.com.br\/es\/wp-json\/wp\/v2\/users\/5"}],"replies":[{"embeddable":true,"href":"https:\/\/www.sindmoveis.com.br\/es\/wp-json\/wp\/v2\/comments?post=1029"}],"version-history":[{"count":2,"href":"https:\/\/www.sindmoveis.com.br\/es\/wp-json\/wp\/v2\/posts\/1029\/revisions"}],"predecessor-version":[{"id":3318,"href":"https:\/\/www.sindmoveis.com.br\/es\/wp-json\/wp\/v2\/posts\/1029\/revisions\/3318"}],"wp:featuredmedia":[{"embeddable":true,"href":"https:\/\/www.sindmoveis.com.br\/es\/wp-json\/wp\/v2\/media\/3319"}],"wp:attachment":[{"href":"https:\/\/www.sindmoveis.com.br\/es\/wp-json\/wp\/v2\/media?parent=1029"}],"wp:term":[{"taxonomy":"category","embeddable":true,"href":"https:\/\/www.sindmoveis.com.br\/es\/wp-json\/wp\/v2\/categories?post=1029"},{"taxonomy":"post_tag","embeddable":true,"href":"https:\/\/www.sindmoveis.com.br\/es\/wp-json\/wp\/v2\/tags?post=1029"}],"curies":[{"name":"wp","href":"https:\/\/api.w.org\/{rel}","templated":true}]}}