{"id":1027,"date":"2013-08-14T00:00:00","date_gmt":"2013-08-14T03:00:00","guid":{"rendered":"http:\/\/sindmoveis.com.br\/imprensa\/noticias\/casa-brasil-lanca-colecao-cantina-benta\/"},"modified":"2021-05-26T10:24:30","modified_gmt":"2021-05-26T13:24:30","slug":"casa-brasil-lanca-colecao-cantina-benta","status":"publish","type":"post","link":"https:\/\/www.sindmoveis.com.br\/es\/casa-brasil-lanca-colecao-cantina-benta\/","title":{"rendered":"Casa Brasil lanza colecci\u00f3n Cantina Benta"},"content":{"rendered":"<div><i>Piezas que agregan artesan\u00eda y dise\u00f1o incluyen proyecto de rescate de t\u00e9cnicas t\u00edpicamente italianas<\/i><\/div>\n<div>&nbsp;<\/div>\n<div>Por las manos de 30 artesanos de Bento Gon\u00e7alves y bajo la cuidadosa orientaci\u00f3n de las arquitectas Tina y Lui y del dise\u00f1ador de R\u00edo de Janeiro, Renato Imbroisi, t\u00e9cnicas artesanales de la Sierra Gaucha ganaron nuevo prop\u00f3sito, transform\u00e1ndose en una a delicada colecci\u00f3n de objetos decorativos relacionados a la enogastronom\u00eda. El Proyecto Cantina Benta, asociaci\u00f3n entre el Sindicato de las Industrias del Mobiliario de Bento Gon\u00e7alves \u2013 Sindm\u00f3veis, Secretar\u00eda de Turismo y Emater, es una de las muestras especiales de Casa Brasil 2013, mayor feria de muebles y decoraci\u00f3n de alto nivel de Am\u00e9rica Latina, realizada de 13 a 16 de agosto, en Bento Gon\u00e7alves, R\u00edo Grande do Sul.<\/div>\n<div>Para llegar a un conjunto de aproximadamente 100 piezas exclusivas en bordado, biscuit, cester\u00eda, crochet, macram\u00e9 y pintura, fueron realizados innumerables talleres de integraci\u00f3n con los artesanos, investigaci\u00f3n y maturaci\u00f3n de ideas a lo largo de un a\u00f1o. El lanzamiento de la colecci\u00f3n fue el primer d\u00eda de la feria, con la presencia de todas las artesanas participantes; el alcalde de Bento Gon\u00e7alves, Guilherme Pasin; el secretario de Turismo Gilberto Durante; y el directorio de Casa Brasil. Durante toda la feria, los productos ser\u00e1n comercializados en el stand Historias en el Garaje, ubicado al lado del proyecto.&nbsp;<\/div>\n<div>El viaje por la historia de la inmigraci\u00f3n italiana comienza en la ambientaci\u00f3n de la muestra, idealizada por las arquitectas Tina y Lui. Impresas en paneles de dos metros, las im\u00e1genes de los artesanos con sus creaciones transmiten el esp\u00edritu del proyecto. La idea es que la acci\u00f3n tenga continuidad, agregando valor a los productos que representan la ciudad en los principales puntos tur\u00edsticos. \u201cSin la gana, el cari\u00f1o, la fuerza y dedicaci\u00f3n de las artesanas, seguramente ese trabajo no ser\u00eda posible\u201d elogia Renato Imbroisi, uno de los coordinadores del proyecto.<\/div>\n<div>La promoci\u00f3n de proyectos involucrando a la comunidad de Bento Gon\u00e7alves es tradici\u00f3n de Casa Brasil y ocurre desde la primera edici\u00f3n de la feria, como forma de integrar los habitantes con el clima del evento y transmitir su relevancia para la econom\u00eda local. En la edici\u00f3n de 2011, el hall de la feria fue ambientado por una instalaci\u00f3n de botellas idealizada por los Hermanos Campana y cuya ejecuci\u00f3n fue realizada por comunidades carentes. \u201cCasa Brasil tiene un compromiso con la localidad que nos acoge. Por ello, a cada edici\u00f3n, procuramos dejar algo a cambio para esta ciudad, bordada de vi\u00f1as que da significado especial a Casa Brasil\u201d, resalta la presidente de la feria C\u00e1tia Scarton.&nbsp;<\/div>\n<div><\/div>\n","protected":false},"excerpt":{"rendered":"<p>Por las manos de 30 artesanos de Bento Gon\u00e7alves y bajo la cuidadosa orientaci\u00f3n de las arquitectas Tina y Lui y del dise\u00f1ador de R\u00edo de Janeiro, Renato Imbroisi, t\u00e9cnicas artesanales de la Sierra Gaucha ganaron nuevo prop\u00f3sito, transform\u00e1ndose en una a delicada colecci\u00f3n de objetos decorativos relacionados a la enogastronom\u00eda.<\/p>\n","protected":false},"author":5,"featured_media":3315,"comment_status":"closed","ping_status":"open","sticky":false,"template":"","format":"standard","meta":{"footnotes":"","_links_to":"","_links_to_target":""},"categories":[2],"tags":[],"class_list":["post-1027","post","type-post","status-publish","format-standard","has-post-thumbnail","hentry","category-sindmoveis"],"yoast_head":"<!-- This site is optimized with the Yoast SEO plugin v27.0 - https:\/\/yoast.com\/product\/yoast-seo-wordpress\/ -->\n<title>Casa Brasil lanza colecci\u00f3n Cantina Benta - Sindm\u00f3veis-RS<\/title>\n<meta name=\"robots\" content=\"index, follow, max-snippet:-1, max-image-preview:large, max-video-preview:-1\" \/>\n<link rel=\"canonical\" href=\"https:\/\/www.sindmoveis.com.br\/es\/casa-brasil-lanca-colecao-cantina-benta\/\" \/>\n<meta property=\"og:locale\" content=\"es_ES\" \/>\n<meta property=\"og:type\" content=\"article\" \/>\n<meta property=\"og:title\" content=\"Casa Brasil lanza colecci\u00f3n Cantina Benta - Sindm\u00f3veis-RS\" \/>\n<meta property=\"og:description\" content=\"Por las manos de 30 artesanos de Bento Gon\u00e7alves y bajo la cuidadosa orientaci\u00f3n de las arquitectas Tina y Lui y del dise\u00f1ador de R\u00edo de Janeiro, Renato Imbroisi, t\u00e9cnicas artesanales de la Sierra Gaucha ganaron nuevo prop\u00f3sito, transform\u00e1ndose en una a delicada colecci\u00f3n de objetos decorativos relacionados a la enogastronom\u00eda.\" \/>\n<meta property=\"og:url\" content=\"https:\/\/www.sindmoveis.com.br\/es\/casa-brasil-lanca-colecao-cantina-benta\/\" \/>\n<meta property=\"og:site_name\" content=\"Sindm\u00f3veis-RS\" \/>\n<meta property=\"article:published_time\" content=\"2013-08-14T03:00:00+00:00\" \/>\n<meta property=\"article:modified_time\" content=\"2021-05-26T13:24:30+00:00\" \/>\n<meta property=\"og:image\" content=\"https:\/\/www.sindmoveis.com.br\/es\/wp-content\/uploads\/2021\/05\/p1377715470.jpg\" \/>\n\t<meta property=\"og:image:width\" content=\"1500\" \/>\n\t<meta property=\"og:image:height\" content=\"1000\" \/>\n\t<meta property=\"og:image:type\" content=\"image\/jpeg\" \/>\n<meta name=\"author\" content=\"Imprensa Sindm\u00f3veis\" \/>\n<meta name=\"twitter:card\" content=\"summary_large_image\" \/>\n<meta name=\"twitter:label1\" content=\"Escrito por\" \/>\n\t<meta name=\"twitter:data1\" content=\"Imprensa Sindm\u00f3veis\" \/>\n\t<meta name=\"twitter:label2\" content=\"Tiempo de lectura\" \/>\n\t<meta name=\"twitter:data2\" content=\"2 minutos\" \/>\n<script type=\"application\/ld+json\" class=\"yoast-schema-graph\">{\"@context\":\"https:\/\/schema.org\",\"@graph\":[{\"@type\":\"Article\",\"@id\":\"https:\/\/www.sindmoveis.com.br\/es\/casa-brasil-lanca-colecao-cantina-benta\/#article\",\"isPartOf\":{\"@id\":\"https:\/\/www.sindmoveis.com.br\/es\/casa-brasil-lanca-colecao-cantina-benta\/\"},\"author\":{\"name\":\"Imprensa Sindm\u00f3veis\",\"@id\":\"https:\/\/www.sindmoveis.com.br\/es\/#\/schema\/person\/16d379542db1950a17fe188179340d57\"},\"headline\":\"Casa Brasil lanza colecci\u00f3n Cantina Benta\",\"datePublished\":\"2013-08-14T03:00:00+00:00\",\"dateModified\":\"2021-05-26T13:24:30+00:00\",\"mainEntityOfPage\":{\"@id\":\"https:\/\/www.sindmoveis.com.br\/es\/casa-brasil-lanca-colecao-cantina-benta\/\"},\"wordCount\":481,\"image\":{\"@id\":\"https:\/\/www.sindmoveis.com.br\/es\/casa-brasil-lanca-colecao-cantina-benta\/#primaryimage\"},\"thumbnailUrl\":\"https:\/\/www.sindmoveis.com.br\/es\/wp-content\/uploads\/2021\/05\/p1377715470.jpg\",\"articleSection\":[\"Sindm\u00f3veis\"],\"inLanguage\":\"es\"},{\"@type\":\"WebPage\",\"@id\":\"https:\/\/www.sindmoveis.com.br\/es\/casa-brasil-lanca-colecao-cantina-benta\/\",\"url\":\"https:\/\/www.sindmoveis.com.br\/es\/casa-brasil-lanca-colecao-cantina-benta\/\",\"name\":\"Casa Brasil lanza colecci\u00f3n Cantina Benta - Sindm\u00f3veis-RS\",\"isPartOf\":{\"@id\":\"https:\/\/www.sindmoveis.com.br\/es\/#website\"},\"primaryImageOfPage\":{\"@id\":\"https:\/\/www.sindmoveis.com.br\/es\/casa-brasil-lanca-colecao-cantina-benta\/#primaryimage\"},\"image\":{\"@id\":\"https:\/\/www.sindmoveis.com.br\/es\/casa-brasil-lanca-colecao-cantina-benta\/#primaryimage\"},\"thumbnailUrl\":\"https:\/\/www.sindmoveis.com.br\/es\/wp-content\/uploads\/2021\/05\/p1377715470.jpg\",\"datePublished\":\"2013-08-14T03:00:00+00:00\",\"dateModified\":\"2021-05-26T13:24:30+00:00\",\"author\":{\"@id\":\"https:\/\/www.sindmoveis.com.br\/es\/#\/schema\/person\/16d379542db1950a17fe188179340d57\"},\"inLanguage\":\"es\",\"potentialAction\":[{\"@type\":\"ReadAction\",\"target\":[\"https:\/\/www.sindmoveis.com.br\/es\/casa-brasil-lanca-colecao-cantina-benta\/\"]}]},{\"@type\":\"ImageObject\",\"inLanguage\":\"es\",\"@id\":\"https:\/\/www.sindmoveis.com.br\/es\/casa-brasil-lanca-colecao-cantina-benta\/#primaryimage\",\"url\":\"https:\/\/www.sindmoveis.com.br\/es\/wp-content\/uploads\/2021\/05\/p1377715470.jpg\",\"contentUrl\":\"https:\/\/www.sindmoveis.com.br\/es\/wp-content\/uploads\/2021\/05\/p1377715470.jpg\",\"width\":1500,\"height\":1000},{\"@type\":\"WebSite\",\"@id\":\"https:\/\/www.sindmoveis.com.br\/es\/#website\",\"url\":\"https:\/\/www.sindmoveis.com.br\/es\/\",\"name\":\"Sindm\u00f3veis-RS\",\"description\":\"\",\"potentialAction\":[{\"@type\":\"SearchAction\",\"target\":{\"@type\":\"EntryPoint\",\"urlTemplate\":\"https:\/\/www.sindmoveis.com.br\/es\/?s={search_term_string}\"},\"query-input\":{\"@type\":\"PropertyValueSpecification\",\"valueRequired\":true,\"valueName\":\"search_term_string\"}}],\"inLanguage\":\"es\"},{\"@type\":\"Person\",\"@id\":\"https:\/\/www.sindmoveis.com.br\/es\/#\/schema\/person\/16d379542db1950a17fe188179340d57\",\"name\":\"Imprensa Sindm\u00f3veis\",\"image\":{\"@type\":\"ImageObject\",\"inLanguage\":\"es\",\"@id\":\"https:\/\/www.sindmoveis.com.br\/es\/#\/schema\/person\/image\/\",\"url\":\"https:\/\/secure.gravatar.com\/avatar\/4973e2e2c2a0cb5db30b0c7b770041b8e33d048a16b695a1f99c042449d4bfaf?s=96&d=mm&r=g\",\"contentUrl\":\"https:\/\/secure.gravatar.com\/avatar\/4973e2e2c2a0cb5db30b0c7b770041b8e33d048a16b695a1f99c042449d4bfaf?s=96&d=mm&r=g\",\"caption\":\"Imprensa Sindm\u00f3veis\"},\"url\":\"https:\/\/www.sindmoveis.com.br\/es\/author\/ana\/\"}]}<\/script>\n<!-- \/ Yoast SEO plugin. -->","yoast_head_json":{"title":"Casa Brasil lanza colecci\u00f3n Cantina Benta - Sindm\u00f3veis-RS","robots":{"index":"index","follow":"follow","max-snippet":"max-snippet:-1","max-image-preview":"max-image-preview:large","max-video-preview":"max-video-preview:-1"},"canonical":"https:\/\/www.sindmoveis.com.br\/es\/casa-brasil-lanca-colecao-cantina-benta\/","og_locale":"es_ES","og_type":"article","og_title":"Casa Brasil lanza colecci\u00f3n Cantina Benta - Sindm\u00f3veis-RS","og_description":"Por las manos de 30 artesanos de Bento Gon\u00e7alves y bajo la cuidadosa orientaci\u00f3n de las arquitectas Tina y Lui y del dise\u00f1ador de R\u00edo de Janeiro, Renato Imbroisi, t\u00e9cnicas artesanales de la Sierra Gaucha ganaron nuevo prop\u00f3sito, transform\u00e1ndose en una a delicada colecci\u00f3n de objetos decorativos relacionados a la enogastronom\u00eda.","og_url":"https:\/\/www.sindmoveis.com.br\/es\/casa-brasil-lanca-colecao-cantina-benta\/","og_site_name":"Sindm\u00f3veis-RS","article_published_time":"2013-08-14T03:00:00+00:00","article_modified_time":"2021-05-26T13:24:30+00:00","og_image":[{"width":1500,"height":1000,"url":"https:\/\/www.sindmoveis.com.br\/es\/wp-content\/uploads\/2021\/05\/p1377715470.jpg","type":"image\/jpeg"}],"author":"Imprensa Sindm\u00f3veis","twitter_card":"summary_large_image","twitter_misc":{"Escrito por":"Imprensa Sindm\u00f3veis","Tiempo de lectura":"2 minutos"},"schema":{"@context":"https:\/\/schema.org","@graph":[{"@type":"Article","@id":"https:\/\/www.sindmoveis.com.br\/es\/casa-brasil-lanca-colecao-cantina-benta\/#article","isPartOf":{"@id":"https:\/\/www.sindmoveis.com.br\/es\/casa-brasil-lanca-colecao-cantina-benta\/"},"author":{"name":"Imprensa Sindm\u00f3veis","@id":"https:\/\/www.sindmoveis.com.br\/es\/#\/schema\/person\/16d379542db1950a17fe188179340d57"},"headline":"Casa Brasil lanza colecci\u00f3n Cantina Benta","datePublished":"2013-08-14T03:00:00+00:00","dateModified":"2021-05-26T13:24:30+00:00","mainEntityOfPage":{"@id":"https:\/\/www.sindmoveis.com.br\/es\/casa-brasil-lanca-colecao-cantina-benta\/"},"wordCount":481,"image":{"@id":"https:\/\/www.sindmoveis.com.br\/es\/casa-brasil-lanca-colecao-cantina-benta\/#primaryimage"},"thumbnailUrl":"https:\/\/www.sindmoveis.com.br\/es\/wp-content\/uploads\/2021\/05\/p1377715470.jpg","articleSection":["Sindm\u00f3veis"],"inLanguage":"es"},{"@type":"WebPage","@id":"https:\/\/www.sindmoveis.com.br\/es\/casa-brasil-lanca-colecao-cantina-benta\/","url":"https:\/\/www.sindmoveis.com.br\/es\/casa-brasil-lanca-colecao-cantina-benta\/","name":"Casa Brasil lanza colecci\u00f3n Cantina Benta - Sindm\u00f3veis-RS","isPartOf":{"@id":"https:\/\/www.sindmoveis.com.br\/es\/#website"},"primaryImageOfPage":{"@id":"https:\/\/www.sindmoveis.com.br\/es\/casa-brasil-lanca-colecao-cantina-benta\/#primaryimage"},"image":{"@id":"https:\/\/www.sindmoveis.com.br\/es\/casa-brasil-lanca-colecao-cantina-benta\/#primaryimage"},"thumbnailUrl":"https:\/\/www.sindmoveis.com.br\/es\/wp-content\/uploads\/2021\/05\/p1377715470.jpg","datePublished":"2013-08-14T03:00:00+00:00","dateModified":"2021-05-26T13:24:30+00:00","author":{"@id":"https:\/\/www.sindmoveis.com.br\/es\/#\/schema\/person\/16d379542db1950a17fe188179340d57"},"inLanguage":"es","potentialAction":[{"@type":"ReadAction","target":["https:\/\/www.sindmoveis.com.br\/es\/casa-brasil-lanca-colecao-cantina-benta\/"]}]},{"@type":"ImageObject","inLanguage":"es","@id":"https:\/\/www.sindmoveis.com.br\/es\/casa-brasil-lanca-colecao-cantina-benta\/#primaryimage","url":"https:\/\/www.sindmoveis.com.br\/es\/wp-content\/uploads\/2021\/05\/p1377715470.jpg","contentUrl":"https:\/\/www.sindmoveis.com.br\/es\/wp-content\/uploads\/2021\/05\/p1377715470.jpg","width":1500,"height":1000},{"@type":"WebSite","@id":"https:\/\/www.sindmoveis.com.br\/es\/#website","url":"https:\/\/www.sindmoveis.com.br\/es\/","name":"Sindm\u00f3veis-RS","description":"","potentialAction":[{"@type":"SearchAction","target":{"@type":"EntryPoint","urlTemplate":"https:\/\/www.sindmoveis.com.br\/es\/?s={search_term_string}"},"query-input":{"@type":"PropertyValueSpecification","valueRequired":true,"valueName":"search_term_string"}}],"inLanguage":"es"},{"@type":"Person","@id":"https:\/\/www.sindmoveis.com.br\/es\/#\/schema\/person\/16d379542db1950a17fe188179340d57","name":"Imprensa Sindm\u00f3veis","image":{"@type":"ImageObject","inLanguage":"es","@id":"https:\/\/www.sindmoveis.com.br\/es\/#\/schema\/person\/image\/","url":"https:\/\/secure.gravatar.com\/avatar\/4973e2e2c2a0cb5db30b0c7b770041b8e33d048a16b695a1f99c042449d4bfaf?s=96&d=mm&r=g","contentUrl":"https:\/\/secure.gravatar.com\/avatar\/4973e2e2c2a0cb5db30b0c7b770041b8e33d048a16b695a1f99c042449d4bfaf?s=96&d=mm&r=g","caption":"Imprensa Sindm\u00f3veis"},"url":"https:\/\/www.sindmoveis.com.br\/es\/author\/ana\/"}]}},"_links":{"self":[{"href":"https:\/\/www.sindmoveis.com.br\/es\/wp-json\/wp\/v2\/posts\/1027","targetHints":{"allow":["GET"]}}],"collection":[{"href":"https:\/\/www.sindmoveis.com.br\/es\/wp-json\/wp\/v2\/posts"}],"about":[{"href":"https:\/\/www.sindmoveis.com.br\/es\/wp-json\/wp\/v2\/types\/post"}],"author":[{"embeddable":true,"href":"https:\/\/www.sindmoveis.com.br\/es\/wp-json\/wp\/v2\/users\/5"}],"replies":[{"embeddable":true,"href":"https:\/\/www.sindmoveis.com.br\/es\/wp-json\/wp\/v2\/comments?post=1027"}],"version-history":[{"count":2,"href":"https:\/\/www.sindmoveis.com.br\/es\/wp-json\/wp\/v2\/posts\/1027\/revisions"}],"predecessor-version":[{"id":3314,"href":"https:\/\/www.sindmoveis.com.br\/es\/wp-json\/wp\/v2\/posts\/1027\/revisions\/3314"}],"wp:featuredmedia":[{"embeddable":true,"href":"https:\/\/www.sindmoveis.com.br\/es\/wp-json\/wp\/v2\/media\/3315"}],"wp:attachment":[{"href":"https:\/\/www.sindmoveis.com.br\/es\/wp-json\/wp\/v2\/media?parent=1027"}],"wp:term":[{"taxonomy":"category","embeddable":true,"href":"https:\/\/www.sindmoveis.com.br\/es\/wp-json\/wp\/v2\/categories?post=1027"},{"taxonomy":"post_tag","embeddable":true,"href":"https:\/\/www.sindmoveis.com.br\/es\/wp-json\/wp\/v2\/tags?post=1027"}],"curies":[{"name":"wp","href":"https:\/\/api.w.org\/{rel}","templated":true}]}}