{"id":1025,"date":"2013-08-12T00:00:00","date_gmt":"2013-08-12T03:00:00","guid":{"rendered":"http:\/\/sindmoveis.com.br\/imprensa\/noticias\/casa-brasil-comeca-amanha\/"},"modified":"2021-05-26T10:24:31","modified_gmt":"2021-05-26T13:24:31","slug":"casa-brasil-comeca-amanha","status":"publish","type":"post","link":"https:\/\/www.sindmoveis.com.br\/es\/casa-brasil-comeca-amanha\/","title":{"rendered":"Casa Brasil comienza ma\u00f1ana"},"content":{"rendered":"<div>Presencia del arquitecto Sergio Rodrigues es aguardada para este martes, d\u00eda 13<\/div>\n<div>&nbsp;<\/div>\n<div>En la tarde de hoy, los 165 expositores de Casa Brasil finalizan los detalles de limpieza y decoraci\u00f3n en sus espacios para abrir las puertas al p\u00fablico, al mediod\u00eda del martes 13. Hasta el final de la semana, la mayor feria de muebles y decoraci\u00f3n de alato nivel de Am\u00e9rica Latina debe recibir la visita de m\u00e1s de 20 mil profesionales y generar R$ 200 millones en negocios para un horizonte de 12 meses.<\/div>\n<div>Divididos en segmentos, los expositores mostrar\u00e1n sus lanzamientos a un p\u00fablico formado por arquitectos, propietarios de tiendas, dise\u00f1adores, importadores, profesionales de la construcci\u00f3n, periodistas y formadores de opini\u00f3n. Diversificada, la programaci\u00f3n paralela de la feria va a atraer los amantes del dise\u00f1o con muestras de productos in\u00e9ditos, de los vencedores del Sal\u00e3o Design y de piezas premiadas en el Mercosur \u2013 adem\u00e1s de proyectos especiales que integran dise\u00f1o, artesan\u00eda y sostenibilidad.<\/div>\n<div>Ya en el primer d\u00eda de Casa Brasil, tiene inicio la agenda internacional de la feria, con la visita de periodistas extranjeros y compradores de muebles y complementos invitados para captar asociados comerciales entre los estudios e industrias presentes en el evento. Tambi\u00e9n ocurren las primeras rondas de negocios con 11 invitados del Proyecto Comprador, promovido por el Sindicato de las Industrias del Mobiliario de Bento Gon\u00e7alves \u2013Sindm\u00f3veis con apoyo de la Agencia Brasile\u00f1a de Promoci\u00f3n de Exportaciones e Inversiones \u2013 Apex-Brasil. Las reuniones ser\u00e1n realizadas durante todo el per\u00edodo de la feria, en los stands de las 42 empresas inscritas.<\/div>\n<div>La presencia m\u00e1s esperada este martes es la del leyendario arquitecto brasile\u00f1o Sergio Rodrigues, que est\u00e1 siendo homenajeado con una muestra especial en compa\u00f1\u00eda con su primo y disc\u00edpulo, Fernando Mendes. Por la noche ocurre la ceremonia de premiaci\u00f3n del Sal\u00e3o Design Casa Brasil 2013&nbsp;<\/div>\n<div>Casa Brasil 2013 se realiza de 13 a 16 de agosto, de las 12h a las 20h, en el Parque de Eventos de Bento Gon\u00e7alves. Para m\u00e1s informaciones, acceda a <a href=\"http:\/\/www.casabrasil.com.br\" target=\"\" rel=\"noopener\">www.casabrasil.com.br<\/a>.<\/div>\n<div><\/div>\n","protected":false},"excerpt":{"rendered":"<p>Presencia del arquitecto Sergio Rodrigues es aguardada para este martes, d\u00eda 13<\/p>\n","protected":false},"author":5,"featured_media":3313,"comment_status":"closed","ping_status":"open","sticky":false,"template":"","format":"standard","meta":{"footnotes":"","_links_to":"","_links_to_target":""},"categories":[2],"tags":[],"class_list":["post-1025","post","type-post","status-publish","format-standard","has-post-thumbnail","hentry","category-sindmoveis"],"yoast_head":"<!-- This site is optimized with the Yoast SEO plugin v27.0 - https:\/\/yoast.com\/product\/yoast-seo-wordpress\/ -->\n<title>Casa Brasil comienza ma\u00f1ana - Sindm\u00f3veis-RS<\/title>\n<meta name=\"robots\" content=\"index, follow, max-snippet:-1, max-image-preview:large, max-video-preview:-1\" \/>\n<link rel=\"canonical\" href=\"https:\/\/www.sindmoveis.com.br\/es\/casa-brasil-comeca-amanha\/\" \/>\n<meta property=\"og:locale\" content=\"es_ES\" \/>\n<meta property=\"og:type\" content=\"article\" \/>\n<meta property=\"og:title\" content=\"Casa Brasil comienza ma\u00f1ana - Sindm\u00f3veis-RS\" \/>\n<meta property=\"og:description\" content=\"Presencia del arquitecto Sergio Rodrigues es aguardada para este martes, d\u00eda 13\" \/>\n<meta property=\"og:url\" content=\"https:\/\/www.sindmoveis.com.br\/es\/casa-brasil-comeca-amanha\/\" \/>\n<meta property=\"og:site_name\" content=\"Sindm\u00f3veis-RS\" \/>\n<meta property=\"article:published_time\" content=\"2013-08-12T03:00:00+00:00\" \/>\n<meta property=\"article:modified_time\" content=\"2021-05-26T13:24:31+00:00\" \/>\n<meta property=\"og:image\" content=\"https:\/\/www.sindmoveis.com.br\/es\/wp-content\/uploads\/2021\/05\/p1376328719.jpg\" \/>\n\t<meta property=\"og:image:width\" content=\"1300\" \/>\n\t<meta property=\"og:image:height\" content=\"1949\" \/>\n\t<meta property=\"og:image:type\" content=\"image\/jpeg\" \/>\n<meta name=\"author\" content=\"Imprensa Sindm\u00f3veis\" \/>\n<meta name=\"twitter:card\" content=\"summary_large_image\" \/>\n<meta name=\"twitter:label1\" content=\"Escrito por\" \/>\n\t<meta name=\"twitter:data1\" content=\"Imprensa Sindm\u00f3veis\" \/>\n\t<meta name=\"twitter:label2\" content=\"Tiempo de lectura\" \/>\n\t<meta name=\"twitter:data2\" content=\"2 minutos\" \/>\n<script type=\"application\/ld+json\" class=\"yoast-schema-graph\">{\"@context\":\"https:\/\/schema.org\",\"@graph\":[{\"@type\":\"Article\",\"@id\":\"https:\/\/www.sindmoveis.com.br\/es\/casa-brasil-comeca-amanha\/#article\",\"isPartOf\":{\"@id\":\"https:\/\/www.sindmoveis.com.br\/es\/casa-brasil-comeca-amanha\/\"},\"author\":{\"name\":\"Imprensa Sindm\u00f3veis\",\"@id\":\"https:\/\/www.sindmoveis.com.br\/es\/#\/schema\/person\/16d379542db1950a17fe188179340d57\"},\"headline\":\"Casa Brasil comienza ma\u00f1ana\",\"datePublished\":\"2013-08-12T03:00:00+00:00\",\"dateModified\":\"2021-05-26T13:24:31+00:00\",\"mainEntityOfPage\":{\"@id\":\"https:\/\/www.sindmoveis.com.br\/es\/casa-brasil-comeca-amanha\/\"},\"wordCount\":365,\"image\":{\"@id\":\"https:\/\/www.sindmoveis.com.br\/es\/casa-brasil-comeca-amanha\/#primaryimage\"},\"thumbnailUrl\":\"https:\/\/www.sindmoveis.com.br\/es\/wp-content\/uploads\/2021\/05\/p1376328719.jpg\",\"articleSection\":[\"Sindm\u00f3veis\"],\"inLanguage\":\"es\"},{\"@type\":\"WebPage\",\"@id\":\"https:\/\/www.sindmoveis.com.br\/es\/casa-brasil-comeca-amanha\/\",\"url\":\"https:\/\/www.sindmoveis.com.br\/es\/casa-brasil-comeca-amanha\/\",\"name\":\"Casa Brasil comienza ma\u00f1ana - Sindm\u00f3veis-RS\",\"isPartOf\":{\"@id\":\"https:\/\/www.sindmoveis.com.br\/es\/#website\"},\"primaryImageOfPage\":{\"@id\":\"https:\/\/www.sindmoveis.com.br\/es\/casa-brasil-comeca-amanha\/#primaryimage\"},\"image\":{\"@id\":\"https:\/\/www.sindmoveis.com.br\/es\/casa-brasil-comeca-amanha\/#primaryimage\"},\"thumbnailUrl\":\"https:\/\/www.sindmoveis.com.br\/es\/wp-content\/uploads\/2021\/05\/p1376328719.jpg\",\"datePublished\":\"2013-08-12T03:00:00+00:00\",\"dateModified\":\"2021-05-26T13:24:31+00:00\",\"author\":{\"@id\":\"https:\/\/www.sindmoveis.com.br\/es\/#\/schema\/person\/16d379542db1950a17fe188179340d57\"},\"inLanguage\":\"es\",\"potentialAction\":[{\"@type\":\"ReadAction\",\"target\":[\"https:\/\/www.sindmoveis.com.br\/es\/casa-brasil-comeca-amanha\/\"]}]},{\"@type\":\"ImageObject\",\"inLanguage\":\"es\",\"@id\":\"https:\/\/www.sindmoveis.com.br\/es\/casa-brasil-comeca-amanha\/#primaryimage\",\"url\":\"https:\/\/www.sindmoveis.com.br\/es\/wp-content\/uploads\/2021\/05\/p1376328719.jpg\",\"contentUrl\":\"https:\/\/www.sindmoveis.com.br\/es\/wp-content\/uploads\/2021\/05\/p1376328719.jpg\",\"width\":1300,\"height\":1949},{\"@type\":\"WebSite\",\"@id\":\"https:\/\/www.sindmoveis.com.br\/es\/#website\",\"url\":\"https:\/\/www.sindmoveis.com.br\/es\/\",\"name\":\"Sindm\u00f3veis-RS\",\"description\":\"\",\"potentialAction\":[{\"@type\":\"SearchAction\",\"target\":{\"@type\":\"EntryPoint\",\"urlTemplate\":\"https:\/\/www.sindmoveis.com.br\/es\/?s={search_term_string}\"},\"query-input\":{\"@type\":\"PropertyValueSpecification\",\"valueRequired\":true,\"valueName\":\"search_term_string\"}}],\"inLanguage\":\"es\"},{\"@type\":\"Person\",\"@id\":\"https:\/\/www.sindmoveis.com.br\/es\/#\/schema\/person\/16d379542db1950a17fe188179340d57\",\"name\":\"Imprensa Sindm\u00f3veis\",\"image\":{\"@type\":\"ImageObject\",\"inLanguage\":\"es\",\"@id\":\"https:\/\/www.sindmoveis.com.br\/es\/#\/schema\/person\/image\/\",\"url\":\"https:\/\/secure.gravatar.com\/avatar\/4973e2e2c2a0cb5db30b0c7b770041b8e33d048a16b695a1f99c042449d4bfaf?s=96&d=mm&r=g\",\"contentUrl\":\"https:\/\/secure.gravatar.com\/avatar\/4973e2e2c2a0cb5db30b0c7b770041b8e33d048a16b695a1f99c042449d4bfaf?s=96&d=mm&r=g\",\"caption\":\"Imprensa Sindm\u00f3veis\"},\"url\":\"https:\/\/www.sindmoveis.com.br\/es\/author\/ana\/\"}]}<\/script>\n<!-- \/ Yoast SEO plugin. -->","yoast_head_json":{"title":"Casa Brasil comienza ma\u00f1ana - Sindm\u00f3veis-RS","robots":{"index":"index","follow":"follow","max-snippet":"max-snippet:-1","max-image-preview":"max-image-preview:large","max-video-preview":"max-video-preview:-1"},"canonical":"https:\/\/www.sindmoveis.com.br\/es\/casa-brasil-comeca-amanha\/","og_locale":"es_ES","og_type":"article","og_title":"Casa Brasil comienza ma\u00f1ana - Sindm\u00f3veis-RS","og_description":"Presencia del arquitecto Sergio Rodrigues es aguardada para este martes, d\u00eda 13","og_url":"https:\/\/www.sindmoveis.com.br\/es\/casa-brasil-comeca-amanha\/","og_site_name":"Sindm\u00f3veis-RS","article_published_time":"2013-08-12T03:00:00+00:00","article_modified_time":"2021-05-26T13:24:31+00:00","og_image":[{"width":1300,"height":1949,"url":"https:\/\/www.sindmoveis.com.br\/es\/wp-content\/uploads\/2021\/05\/p1376328719.jpg","type":"image\/jpeg"}],"author":"Imprensa Sindm\u00f3veis","twitter_card":"summary_large_image","twitter_misc":{"Escrito por":"Imprensa Sindm\u00f3veis","Tiempo de lectura":"2 minutos"},"schema":{"@context":"https:\/\/schema.org","@graph":[{"@type":"Article","@id":"https:\/\/www.sindmoveis.com.br\/es\/casa-brasil-comeca-amanha\/#article","isPartOf":{"@id":"https:\/\/www.sindmoveis.com.br\/es\/casa-brasil-comeca-amanha\/"},"author":{"name":"Imprensa Sindm\u00f3veis","@id":"https:\/\/www.sindmoveis.com.br\/es\/#\/schema\/person\/16d379542db1950a17fe188179340d57"},"headline":"Casa Brasil comienza ma\u00f1ana","datePublished":"2013-08-12T03:00:00+00:00","dateModified":"2021-05-26T13:24:31+00:00","mainEntityOfPage":{"@id":"https:\/\/www.sindmoveis.com.br\/es\/casa-brasil-comeca-amanha\/"},"wordCount":365,"image":{"@id":"https:\/\/www.sindmoveis.com.br\/es\/casa-brasil-comeca-amanha\/#primaryimage"},"thumbnailUrl":"https:\/\/www.sindmoveis.com.br\/es\/wp-content\/uploads\/2021\/05\/p1376328719.jpg","articleSection":["Sindm\u00f3veis"],"inLanguage":"es"},{"@type":"WebPage","@id":"https:\/\/www.sindmoveis.com.br\/es\/casa-brasil-comeca-amanha\/","url":"https:\/\/www.sindmoveis.com.br\/es\/casa-brasil-comeca-amanha\/","name":"Casa Brasil comienza ma\u00f1ana - Sindm\u00f3veis-RS","isPartOf":{"@id":"https:\/\/www.sindmoveis.com.br\/es\/#website"},"primaryImageOfPage":{"@id":"https:\/\/www.sindmoveis.com.br\/es\/casa-brasil-comeca-amanha\/#primaryimage"},"image":{"@id":"https:\/\/www.sindmoveis.com.br\/es\/casa-brasil-comeca-amanha\/#primaryimage"},"thumbnailUrl":"https:\/\/www.sindmoveis.com.br\/es\/wp-content\/uploads\/2021\/05\/p1376328719.jpg","datePublished":"2013-08-12T03:00:00+00:00","dateModified":"2021-05-26T13:24:31+00:00","author":{"@id":"https:\/\/www.sindmoveis.com.br\/es\/#\/schema\/person\/16d379542db1950a17fe188179340d57"},"inLanguage":"es","potentialAction":[{"@type":"ReadAction","target":["https:\/\/www.sindmoveis.com.br\/es\/casa-brasil-comeca-amanha\/"]}]},{"@type":"ImageObject","inLanguage":"es","@id":"https:\/\/www.sindmoveis.com.br\/es\/casa-brasil-comeca-amanha\/#primaryimage","url":"https:\/\/www.sindmoveis.com.br\/es\/wp-content\/uploads\/2021\/05\/p1376328719.jpg","contentUrl":"https:\/\/www.sindmoveis.com.br\/es\/wp-content\/uploads\/2021\/05\/p1376328719.jpg","width":1300,"height":1949},{"@type":"WebSite","@id":"https:\/\/www.sindmoveis.com.br\/es\/#website","url":"https:\/\/www.sindmoveis.com.br\/es\/","name":"Sindm\u00f3veis-RS","description":"","potentialAction":[{"@type":"SearchAction","target":{"@type":"EntryPoint","urlTemplate":"https:\/\/www.sindmoveis.com.br\/es\/?s={search_term_string}"},"query-input":{"@type":"PropertyValueSpecification","valueRequired":true,"valueName":"search_term_string"}}],"inLanguage":"es"},{"@type":"Person","@id":"https:\/\/www.sindmoveis.com.br\/es\/#\/schema\/person\/16d379542db1950a17fe188179340d57","name":"Imprensa Sindm\u00f3veis","image":{"@type":"ImageObject","inLanguage":"es","@id":"https:\/\/www.sindmoveis.com.br\/es\/#\/schema\/person\/image\/","url":"https:\/\/secure.gravatar.com\/avatar\/4973e2e2c2a0cb5db30b0c7b770041b8e33d048a16b695a1f99c042449d4bfaf?s=96&d=mm&r=g","contentUrl":"https:\/\/secure.gravatar.com\/avatar\/4973e2e2c2a0cb5db30b0c7b770041b8e33d048a16b695a1f99c042449d4bfaf?s=96&d=mm&r=g","caption":"Imprensa Sindm\u00f3veis"},"url":"https:\/\/www.sindmoveis.com.br\/es\/author\/ana\/"}]}},"_links":{"self":[{"href":"https:\/\/www.sindmoveis.com.br\/es\/wp-json\/wp\/v2\/posts\/1025","targetHints":{"allow":["GET"]}}],"collection":[{"href":"https:\/\/www.sindmoveis.com.br\/es\/wp-json\/wp\/v2\/posts"}],"about":[{"href":"https:\/\/www.sindmoveis.com.br\/es\/wp-json\/wp\/v2\/types\/post"}],"author":[{"embeddable":true,"href":"https:\/\/www.sindmoveis.com.br\/es\/wp-json\/wp\/v2\/users\/5"}],"replies":[{"embeddable":true,"href":"https:\/\/www.sindmoveis.com.br\/es\/wp-json\/wp\/v2\/comments?post=1025"}],"version-history":[{"count":2,"href":"https:\/\/www.sindmoveis.com.br\/es\/wp-json\/wp\/v2\/posts\/1025\/revisions"}],"predecessor-version":[{"id":3312,"href":"https:\/\/www.sindmoveis.com.br\/es\/wp-json\/wp\/v2\/posts\/1025\/revisions\/3312"}],"wp:featuredmedia":[{"embeddable":true,"href":"https:\/\/www.sindmoveis.com.br\/es\/wp-json\/wp\/v2\/media\/3313"}],"wp:attachment":[{"href":"https:\/\/www.sindmoveis.com.br\/es\/wp-json\/wp\/v2\/media?parent=1025"}],"wp:term":[{"taxonomy":"category","embeddable":true,"href":"https:\/\/www.sindmoveis.com.br\/es\/wp-json\/wp\/v2\/categories?post=1025"},{"taxonomy":"post_tag","embeddable":true,"href":"https:\/\/www.sindmoveis.com.br\/es\/wp-json\/wp\/v2\/tags?post=1025"}],"curies":[{"name":"wp","href":"https:\/\/api.w.org\/{rel}","templated":true}]}}