{"id":1022,"date":"2013-08-05T00:00:00","date_gmt":"2013-08-05T03:00:00","guid":{"rendered":"http:\/\/sindmoveis.com.br\/imprensa\/noticias\/casa-brasil-investe-no-treinamento-de-equipes-para-a-feira\/"},"modified":"2021-05-26T10:24:31","modified_gmt":"2021-05-26T13:24:31","slug":"casa-brasil-investe-no-treinamento-de-equipes-para-a-feira","status":"publish","type":"post","link":"https:\/\/www.sindmoveis.com.br\/es\/casa-brasil-investe-no-treinamento-de-equipes-para-a-feira\/","title":{"rendered":"Casa Brasil invierte en el entrenamiento de equipos para la feria"},"content":{"rendered":"<div>Los directorios de Servicios, Infraestructura y Jur\u00eddico Laboral de Casa Brasil iniciaron, en la \u00faltima semana, el proceso de entrenamiento de los equipos que actuar\u00e1n durante la feria, de 13 a 16 de agosto. Ya fueron realizados encuentros con los sectores de alimentaci\u00f3n, seguridad, recepci\u00f3n y acreditaci\u00f3n. Tambi\u00e9n se reunieron con &nbsp;Casa Brasil representantes de los hoteles y restaurantes de Bento Gon\u00e7alves, por medio del Trade Tur\u00edstico, y taxistas. En la pr\u00f3xima semana, ocurre el entrenamiento para los responsables del estacionamiento y traslado.<\/div>\n<div>La feria espera la visita de m\u00e1s de 20 mil profesionales \u2013 propietarios de tiendas, importadores, dise\u00f1adores arquitectos, profesionales de la construcci\u00f3n, estudiantes, profesores y periodistas de todo el mundo. El director de Servicios de Casa Brasil, Paulo Silva, refuerza la importancia de involucrar a las personas contratadas en la propuesta del evento. \u201cEl p\u00fablico de la feria es calificado y exige atendimiento impecable dentro del evento y tambi\u00e9n durante su estad\u00eda en Bento Gon\u00e7alves, lo que implica un gran esfuerzo para comunicar a todos la importancia de Casa Brasil\u201d, afirma.<\/div>\n<div>A siete d\u00edas del inicio de la feria, ya est\u00e1 en fase adelantada el montaje de los stands, envolviendo m\u00e1s de mil profesionales contratados por las empresas expositoras. Durante el evento, toda el equipo de servicios e infraestructura estar\u00e1 debidamente identificado y uniformado. En todos los puntos de la feria, habr\u00e1 recepcionistas biling\u00fces para atender a los visitantes extranjeros.&nbsp;<\/div>\n<div>Para m\u00e1s informaciones, acceda a <a href=\"http:\/\/www.casabrasil.com.br\" target=\"\" rel=\"noopener\">www.casabrasil.com.br<\/a>.<\/div>\n<div><\/div>\n","protected":false},"excerpt":{"rendered":"<p>Los directorios de Servicios, Infraestructura y Jur\u00eddico Laboral de Casa Brasil iniciaron, en la \u00faltima semana, el proceso de entrenamiento de los equipos que actuar\u00e1n durante la feria, de 13 a 16 de agosto.<\/p>\n","protected":false},"author":5,"featured_media":3307,"comment_status":"closed","ping_status":"open","sticky":false,"template":"","format":"standard","meta":{"footnotes":"","_links_to":"","_links_to_target":""},"categories":[2],"tags":[],"class_list":["post-1022","post","type-post","status-publish","format-standard","has-post-thumbnail","hentry","category-sindmoveis"],"yoast_head":"<!-- This site is optimized with the Yoast SEO plugin v27.0 - https:\/\/yoast.com\/product\/yoast-seo-wordpress\/ -->\n<title>Casa Brasil invierte en el entrenamiento de equipos para la feria - Sindm\u00f3veis-RS<\/title>\n<meta name=\"robots\" content=\"index, follow, max-snippet:-1, max-image-preview:large, max-video-preview:-1\" \/>\n<link rel=\"canonical\" href=\"https:\/\/www.sindmoveis.com.br\/es\/casa-brasil-investe-no-treinamento-de-equipes-para-a-feira\/\" \/>\n<meta property=\"og:locale\" content=\"es_ES\" \/>\n<meta property=\"og:type\" content=\"article\" \/>\n<meta property=\"og:title\" content=\"Casa Brasil invierte en el entrenamiento de equipos para la feria - Sindm\u00f3veis-RS\" \/>\n<meta property=\"og:description\" content=\"Los directorios de Servicios, Infraestructura y Jur\u00eddico Laboral de Casa Brasil iniciaron, en la \u00faltima semana, el proceso de entrenamiento de los equipos que actuar\u00e1n durante la feria, de 13 a 16 de agosto.\" \/>\n<meta property=\"og:url\" content=\"https:\/\/www.sindmoveis.com.br\/es\/casa-brasil-investe-no-treinamento-de-equipes-para-a-feira\/\" \/>\n<meta property=\"og:site_name\" content=\"Sindm\u00f3veis-RS\" \/>\n<meta property=\"article:published_time\" content=\"2013-08-05T03:00:00+00:00\" \/>\n<meta property=\"article:modified_time\" content=\"2021-05-26T13:24:31+00:00\" \/>\n<meta property=\"og:image\" content=\"https:\/\/www.sindmoveis.com.br\/es\/wp-content\/uploads\/2021\/05\/p1375734667.jpg\" \/>\n\t<meta property=\"og:image:width\" content=\"1000\" \/>\n\t<meta property=\"og:image:height\" content=\"675\" \/>\n\t<meta property=\"og:image:type\" content=\"image\/jpeg\" \/>\n<meta name=\"author\" content=\"Imprensa Sindm\u00f3veis\" \/>\n<meta name=\"twitter:card\" content=\"summary_large_image\" \/>\n<meta name=\"twitter:label1\" content=\"Escrito por\" \/>\n\t<meta name=\"twitter:data1\" content=\"Imprensa Sindm\u00f3veis\" \/>\n\t<meta name=\"twitter:label2\" content=\"Tiempo de lectura\" \/>\n\t<meta name=\"twitter:data2\" content=\"1 minuto\" \/>\n<script type=\"application\/ld+json\" class=\"yoast-schema-graph\">{\"@context\":\"https:\/\/schema.org\",\"@graph\":[{\"@type\":\"Article\",\"@id\":\"https:\/\/www.sindmoveis.com.br\/es\/casa-brasil-investe-no-treinamento-de-equipes-para-a-feira\/#article\",\"isPartOf\":{\"@id\":\"https:\/\/www.sindmoveis.com.br\/es\/casa-brasil-investe-no-treinamento-de-equipes-para-a-feira\/\"},\"author\":{\"name\":\"Imprensa Sindm\u00f3veis\",\"@id\":\"https:\/\/www.sindmoveis.com.br\/es\/#\/schema\/person\/16d379542db1950a17fe188179340d57\"},\"headline\":\"Casa Brasil invierte en el entrenamiento de equipos para la feria\",\"datePublished\":\"2013-08-05T03:00:00+00:00\",\"dateModified\":\"2021-05-26T13:24:31+00:00\",\"mainEntityOfPage\":{\"@id\":\"https:\/\/www.sindmoveis.com.br\/es\/casa-brasil-investe-no-treinamento-de-equipes-para-a-feira\/\"},\"wordCount\":271,\"image\":{\"@id\":\"https:\/\/www.sindmoveis.com.br\/es\/casa-brasil-investe-no-treinamento-de-equipes-para-a-feira\/#primaryimage\"},\"thumbnailUrl\":\"https:\/\/www.sindmoveis.com.br\/es\/wp-content\/uploads\/2021\/05\/p1375734667.jpg\",\"articleSection\":[\"Sindm\u00f3veis\"],\"inLanguage\":\"es\"},{\"@type\":\"WebPage\",\"@id\":\"https:\/\/www.sindmoveis.com.br\/es\/casa-brasil-investe-no-treinamento-de-equipes-para-a-feira\/\",\"url\":\"https:\/\/www.sindmoveis.com.br\/es\/casa-brasil-investe-no-treinamento-de-equipes-para-a-feira\/\",\"name\":\"Casa Brasil invierte en el entrenamiento de equipos para la feria - Sindm\u00f3veis-RS\",\"isPartOf\":{\"@id\":\"https:\/\/www.sindmoveis.com.br\/es\/#website\"},\"primaryImageOfPage\":{\"@id\":\"https:\/\/www.sindmoveis.com.br\/es\/casa-brasil-investe-no-treinamento-de-equipes-para-a-feira\/#primaryimage\"},\"image\":{\"@id\":\"https:\/\/www.sindmoveis.com.br\/es\/casa-brasil-investe-no-treinamento-de-equipes-para-a-feira\/#primaryimage\"},\"thumbnailUrl\":\"https:\/\/www.sindmoveis.com.br\/es\/wp-content\/uploads\/2021\/05\/p1375734667.jpg\",\"datePublished\":\"2013-08-05T03:00:00+00:00\",\"dateModified\":\"2021-05-26T13:24:31+00:00\",\"author\":{\"@id\":\"https:\/\/www.sindmoveis.com.br\/es\/#\/schema\/person\/16d379542db1950a17fe188179340d57\"},\"inLanguage\":\"es\",\"potentialAction\":[{\"@type\":\"ReadAction\",\"target\":[\"https:\/\/www.sindmoveis.com.br\/es\/casa-brasil-investe-no-treinamento-de-equipes-para-a-feira\/\"]}]},{\"@type\":\"ImageObject\",\"inLanguage\":\"es\",\"@id\":\"https:\/\/www.sindmoveis.com.br\/es\/casa-brasil-investe-no-treinamento-de-equipes-para-a-feira\/#primaryimage\",\"url\":\"https:\/\/www.sindmoveis.com.br\/es\/wp-content\/uploads\/2021\/05\/p1375734667.jpg\",\"contentUrl\":\"https:\/\/www.sindmoveis.com.br\/es\/wp-content\/uploads\/2021\/05\/p1375734667.jpg\",\"width\":1000,\"height\":675},{\"@type\":\"WebSite\",\"@id\":\"https:\/\/www.sindmoveis.com.br\/es\/#website\",\"url\":\"https:\/\/www.sindmoveis.com.br\/es\/\",\"name\":\"Sindm\u00f3veis-RS\",\"description\":\"\",\"potentialAction\":[{\"@type\":\"SearchAction\",\"target\":{\"@type\":\"EntryPoint\",\"urlTemplate\":\"https:\/\/www.sindmoveis.com.br\/es\/?s={search_term_string}\"},\"query-input\":{\"@type\":\"PropertyValueSpecification\",\"valueRequired\":true,\"valueName\":\"search_term_string\"}}],\"inLanguage\":\"es\"},{\"@type\":\"Person\",\"@id\":\"https:\/\/www.sindmoveis.com.br\/es\/#\/schema\/person\/16d379542db1950a17fe188179340d57\",\"name\":\"Imprensa Sindm\u00f3veis\",\"image\":{\"@type\":\"ImageObject\",\"inLanguage\":\"es\",\"@id\":\"https:\/\/www.sindmoveis.com.br\/es\/#\/schema\/person\/image\/\",\"url\":\"https:\/\/secure.gravatar.com\/avatar\/4973e2e2c2a0cb5db30b0c7b770041b8e33d048a16b695a1f99c042449d4bfaf?s=96&d=mm&r=g\",\"contentUrl\":\"https:\/\/secure.gravatar.com\/avatar\/4973e2e2c2a0cb5db30b0c7b770041b8e33d048a16b695a1f99c042449d4bfaf?s=96&d=mm&r=g\",\"caption\":\"Imprensa Sindm\u00f3veis\"},\"url\":\"https:\/\/www.sindmoveis.com.br\/es\/author\/ana\/\"}]}<\/script>\n<!-- \/ Yoast SEO plugin. -->","yoast_head_json":{"title":"Casa Brasil invierte en el entrenamiento de equipos para la feria - Sindm\u00f3veis-RS","robots":{"index":"index","follow":"follow","max-snippet":"max-snippet:-1","max-image-preview":"max-image-preview:large","max-video-preview":"max-video-preview:-1"},"canonical":"https:\/\/www.sindmoveis.com.br\/es\/casa-brasil-investe-no-treinamento-de-equipes-para-a-feira\/","og_locale":"es_ES","og_type":"article","og_title":"Casa Brasil invierte en el entrenamiento de equipos para la feria - Sindm\u00f3veis-RS","og_description":"Los directorios de Servicios, Infraestructura y Jur\u00eddico Laboral de Casa Brasil iniciaron, en la \u00faltima semana, el proceso de entrenamiento de los equipos que actuar\u00e1n durante la feria, de 13 a 16 de agosto.","og_url":"https:\/\/www.sindmoveis.com.br\/es\/casa-brasil-investe-no-treinamento-de-equipes-para-a-feira\/","og_site_name":"Sindm\u00f3veis-RS","article_published_time":"2013-08-05T03:00:00+00:00","article_modified_time":"2021-05-26T13:24:31+00:00","og_image":[{"width":1000,"height":675,"url":"https:\/\/www.sindmoveis.com.br\/es\/wp-content\/uploads\/2021\/05\/p1375734667.jpg","type":"image\/jpeg"}],"author":"Imprensa Sindm\u00f3veis","twitter_card":"summary_large_image","twitter_misc":{"Escrito por":"Imprensa Sindm\u00f3veis","Tiempo de lectura":"1 minuto"},"schema":{"@context":"https:\/\/schema.org","@graph":[{"@type":"Article","@id":"https:\/\/www.sindmoveis.com.br\/es\/casa-brasil-investe-no-treinamento-de-equipes-para-a-feira\/#article","isPartOf":{"@id":"https:\/\/www.sindmoveis.com.br\/es\/casa-brasil-investe-no-treinamento-de-equipes-para-a-feira\/"},"author":{"name":"Imprensa Sindm\u00f3veis","@id":"https:\/\/www.sindmoveis.com.br\/es\/#\/schema\/person\/16d379542db1950a17fe188179340d57"},"headline":"Casa Brasil invierte en el entrenamiento de equipos para la feria","datePublished":"2013-08-05T03:00:00+00:00","dateModified":"2021-05-26T13:24:31+00:00","mainEntityOfPage":{"@id":"https:\/\/www.sindmoveis.com.br\/es\/casa-brasil-investe-no-treinamento-de-equipes-para-a-feira\/"},"wordCount":271,"image":{"@id":"https:\/\/www.sindmoveis.com.br\/es\/casa-brasil-investe-no-treinamento-de-equipes-para-a-feira\/#primaryimage"},"thumbnailUrl":"https:\/\/www.sindmoveis.com.br\/es\/wp-content\/uploads\/2021\/05\/p1375734667.jpg","articleSection":["Sindm\u00f3veis"],"inLanguage":"es"},{"@type":"WebPage","@id":"https:\/\/www.sindmoveis.com.br\/es\/casa-brasil-investe-no-treinamento-de-equipes-para-a-feira\/","url":"https:\/\/www.sindmoveis.com.br\/es\/casa-brasil-investe-no-treinamento-de-equipes-para-a-feira\/","name":"Casa Brasil invierte en el entrenamiento de equipos para la feria - Sindm\u00f3veis-RS","isPartOf":{"@id":"https:\/\/www.sindmoveis.com.br\/es\/#website"},"primaryImageOfPage":{"@id":"https:\/\/www.sindmoveis.com.br\/es\/casa-brasil-investe-no-treinamento-de-equipes-para-a-feira\/#primaryimage"},"image":{"@id":"https:\/\/www.sindmoveis.com.br\/es\/casa-brasil-investe-no-treinamento-de-equipes-para-a-feira\/#primaryimage"},"thumbnailUrl":"https:\/\/www.sindmoveis.com.br\/es\/wp-content\/uploads\/2021\/05\/p1375734667.jpg","datePublished":"2013-08-05T03:00:00+00:00","dateModified":"2021-05-26T13:24:31+00:00","author":{"@id":"https:\/\/www.sindmoveis.com.br\/es\/#\/schema\/person\/16d379542db1950a17fe188179340d57"},"inLanguage":"es","potentialAction":[{"@type":"ReadAction","target":["https:\/\/www.sindmoveis.com.br\/es\/casa-brasil-investe-no-treinamento-de-equipes-para-a-feira\/"]}]},{"@type":"ImageObject","inLanguage":"es","@id":"https:\/\/www.sindmoveis.com.br\/es\/casa-brasil-investe-no-treinamento-de-equipes-para-a-feira\/#primaryimage","url":"https:\/\/www.sindmoveis.com.br\/es\/wp-content\/uploads\/2021\/05\/p1375734667.jpg","contentUrl":"https:\/\/www.sindmoveis.com.br\/es\/wp-content\/uploads\/2021\/05\/p1375734667.jpg","width":1000,"height":675},{"@type":"WebSite","@id":"https:\/\/www.sindmoveis.com.br\/es\/#website","url":"https:\/\/www.sindmoveis.com.br\/es\/","name":"Sindm\u00f3veis-RS","description":"","potentialAction":[{"@type":"SearchAction","target":{"@type":"EntryPoint","urlTemplate":"https:\/\/www.sindmoveis.com.br\/es\/?s={search_term_string}"},"query-input":{"@type":"PropertyValueSpecification","valueRequired":true,"valueName":"search_term_string"}}],"inLanguage":"es"},{"@type":"Person","@id":"https:\/\/www.sindmoveis.com.br\/es\/#\/schema\/person\/16d379542db1950a17fe188179340d57","name":"Imprensa Sindm\u00f3veis","image":{"@type":"ImageObject","inLanguage":"es","@id":"https:\/\/www.sindmoveis.com.br\/es\/#\/schema\/person\/image\/","url":"https:\/\/secure.gravatar.com\/avatar\/4973e2e2c2a0cb5db30b0c7b770041b8e33d048a16b695a1f99c042449d4bfaf?s=96&d=mm&r=g","contentUrl":"https:\/\/secure.gravatar.com\/avatar\/4973e2e2c2a0cb5db30b0c7b770041b8e33d048a16b695a1f99c042449d4bfaf?s=96&d=mm&r=g","caption":"Imprensa Sindm\u00f3veis"},"url":"https:\/\/www.sindmoveis.com.br\/es\/author\/ana\/"}]}},"_links":{"self":[{"href":"https:\/\/www.sindmoveis.com.br\/es\/wp-json\/wp\/v2\/posts\/1022","targetHints":{"allow":["GET"]}}],"collection":[{"href":"https:\/\/www.sindmoveis.com.br\/es\/wp-json\/wp\/v2\/posts"}],"about":[{"href":"https:\/\/www.sindmoveis.com.br\/es\/wp-json\/wp\/v2\/types\/post"}],"author":[{"embeddable":true,"href":"https:\/\/www.sindmoveis.com.br\/es\/wp-json\/wp\/v2\/users\/5"}],"replies":[{"embeddable":true,"href":"https:\/\/www.sindmoveis.com.br\/es\/wp-json\/wp\/v2\/comments?post=1022"}],"version-history":[{"count":2,"href":"https:\/\/www.sindmoveis.com.br\/es\/wp-json\/wp\/v2\/posts\/1022\/revisions"}],"predecessor-version":[{"id":3306,"href":"https:\/\/www.sindmoveis.com.br\/es\/wp-json\/wp\/v2\/posts\/1022\/revisions\/3306"}],"wp:featuredmedia":[{"embeddable":true,"href":"https:\/\/www.sindmoveis.com.br\/es\/wp-json\/wp\/v2\/media\/3307"}],"wp:attachment":[{"href":"https:\/\/www.sindmoveis.com.br\/es\/wp-json\/wp\/v2\/media?parent=1022"}],"wp:term":[{"taxonomy":"category","embeddable":true,"href":"https:\/\/www.sindmoveis.com.br\/es\/wp-json\/wp\/v2\/categories?post=1022"},{"taxonomy":"post_tag","embeddable":true,"href":"https:\/\/www.sindmoveis.com.br\/es\/wp-json\/wp\/v2\/tags?post=1022"}],"curies":[{"name":"wp","href":"https:\/\/api.w.org\/{rel}","templated":true}]}}