{"id":1021,"date":"2013-08-05T00:00:00","date_gmt":"2013-08-05T03:00:00","guid":{"rendered":"http:\/\/sindmoveis.com.br\/imprensa\/noticias\/tina-e-lui-criam-cenario-com-arvores-em-tecido-para-a-casa-brasil\/"},"modified":"2021-05-26T10:24:31","modified_gmt":"2021-05-26T13:24:31","slug":"tina-e-lui-criam-cenario-com-arvores-em-tecido-para-a-casa-brasil","status":"publish","type":"post","link":"https:\/\/www.sindmoveis.com.br\/es\/tina-e-lui-criam-cenario-com-arvores-em-tecido-para-a-casa-brasil\/","title":{"rendered":"Tina y Lui crean escenario con \u00e1rboles en tela para  Casa Brasil"},"content":{"rendered":"<div><i>Feria de dise\u00f1o y negocios ocurre de 13 a 16 de agosto, en Bento Gon\u00e7alves<\/i><\/div>\n<div><\/div>\n<div>El dise\u00f1o &nbsp;y la artesan\u00eda van m\u00e1s all\u00e1 de los stands en Casa Brasil 2013.Las &nbsp;arquitectas e integrantes de la curadur\u00eda de la feria, Tina y Lui, van a ambientar el \u00e1rea de los proyectos especiales y el pabell\u00f3n de entrada de la feria con \u00e1rboles hechos en tela, en asociaci\u00f3n &nbsp;con el dise\u00f1ador y tejedor Renato Imbroisi y Fleury &amp; Layus Arquitectura, de S\u00e3o Paulo.<\/div>\n<div>Son m\u00e1s de 20 piezas, de 4 a 8 metros, creadas especialmente para el evento, compuestas por hilos de algod\u00f3n y fibras vegetales. Los tejidos son producidos por comunidades dl estado de Minas Gerais, a partir de t\u00e9cnicas tradicionales de tejedura. As\u00ed como el producto inicial, el proceso de creaci\u00f3n de los \u00e1rboles es totalmente manual. Para &nbsp;Casa Brasil, ser\u00e1n utilizados ocho modelos de tramas y texturas.<\/div>\n<div>La misma propuesta estuvo en exposici\u00f3n en el Parque Ibirapuera, en la muestra Ibir\u00e1 \u2013 Flora, Fauna, Gente, con curadur\u00eda de Renato Imbroisi. Al lado de Tina y Lui, Imbroisi tambi\u00e9n viene realizando trabajo semejantes de rescate de la cultura con artesanas de Bento Gon\u00e7alves. Las piezas ser\u00e1n presentadas con exclusividad en Casa Brasil, que ocurree entre los d\u00edas 13 y 16 de agosto, en Bento Gon\u00e7alves.<\/div>\n<div><\/div>\n","protected":false},"excerpt":{"rendered":"<p>El dise\u00f1o  y la artesan\u00eda van m\u00e1s all\u00e1 de los stands en Casa Brasil 2013.Las  arquitectas e integrantes de la curadur\u00eda de la feria, Tina y Lui, van a ambientar el \u00e1rea de los proyectos especiales y el pabell\u00f3n de entrada de la feria con \u00e1rboles hechos en tela, en asociaci\u00f3n  con el dise\u00f1ador y tejedor Renato Imbroisi y Fleury &#038; Layus Arquitectura, de S\u00e3o Paulo.<\/p>\n","protected":false},"author":5,"featured_media":3305,"comment_status":"closed","ping_status":"open","sticky":false,"template":"","format":"standard","meta":{"footnotes":"","_links_to":"","_links_to_target":""},"categories":[2],"tags":[],"class_list":["post-1021","post","type-post","status-publish","format-standard","has-post-thumbnail","hentry","category-sindmoveis"],"yoast_head":"<!-- This site is optimized with the Yoast SEO plugin v27.0 - https:\/\/yoast.com\/product\/yoast-seo-wordpress\/ -->\n<title>Tina y Lui crean escenario con \u00e1rboles en tela para Casa Brasil - Sindm\u00f3veis-RS<\/title>\n<meta name=\"robots\" content=\"index, follow, max-snippet:-1, max-image-preview:large, max-video-preview:-1\" \/>\n<link rel=\"canonical\" href=\"https:\/\/www.sindmoveis.com.br\/es\/tina-e-lui-criam-cenario-com-arvores-em-tecido-para-a-casa-brasil\/\" \/>\n<meta property=\"og:locale\" content=\"es_ES\" \/>\n<meta property=\"og:type\" content=\"article\" \/>\n<meta property=\"og:title\" content=\"Tina y Lui crean escenario con \u00e1rboles en tela para Casa Brasil - Sindm\u00f3veis-RS\" \/>\n<meta property=\"og:description\" content=\"El dise\u00f1o y la artesan\u00eda van m\u00e1s all\u00e1 de los stands en Casa Brasil 2013.Las arquitectas e integrantes de la curadur\u00eda de la feria, Tina y Lui, van a ambientar el \u00e1rea de los proyectos especiales y el pabell\u00f3n de entrada de la feria con \u00e1rboles hechos en tela, en asociaci\u00f3n con el dise\u00f1ador y tejedor Renato Imbroisi y Fleury &amp; Layus Arquitectura, de S\u00e3o Paulo.\" \/>\n<meta property=\"og:url\" content=\"https:\/\/www.sindmoveis.com.br\/es\/tina-e-lui-criam-cenario-com-arvores-em-tecido-para-a-casa-brasil\/\" \/>\n<meta property=\"og:site_name\" content=\"Sindm\u00f3veis-RS\" \/>\n<meta property=\"article:published_time\" content=\"2013-08-05T03:00:00+00:00\" \/>\n<meta property=\"article:modified_time\" content=\"2021-05-26T13:24:31+00:00\" \/>\n<meta property=\"og:image\" content=\"https:\/\/www.sindmoveis.com.br\/es\/wp-content\/uploads\/2021\/05\/p1375732491.jpg\" \/>\n\t<meta property=\"og:image:width\" content=\"640\" \/>\n\t<meta property=\"og:image:height\" content=\"427\" \/>\n\t<meta property=\"og:image:type\" content=\"image\/jpeg\" \/>\n<meta name=\"author\" content=\"Imprensa Sindm\u00f3veis\" \/>\n<meta name=\"twitter:card\" content=\"summary_large_image\" \/>\n<meta name=\"twitter:label1\" content=\"Escrito por\" \/>\n\t<meta name=\"twitter:data1\" content=\"Imprensa Sindm\u00f3veis\" \/>\n\t<meta name=\"twitter:label2\" content=\"Tiempo de lectura\" \/>\n\t<meta name=\"twitter:data2\" content=\"1 minuto\" \/>\n<script type=\"application\/ld+json\" class=\"yoast-schema-graph\">{\"@context\":\"https:\/\/schema.org\",\"@graph\":[{\"@type\":\"Article\",\"@id\":\"https:\/\/www.sindmoveis.com.br\/es\/tina-e-lui-criam-cenario-com-arvores-em-tecido-para-a-casa-brasil\/#article\",\"isPartOf\":{\"@id\":\"https:\/\/www.sindmoveis.com.br\/es\/tina-e-lui-criam-cenario-com-arvores-em-tecido-para-a-casa-brasil\/\"},\"author\":{\"name\":\"Imprensa Sindm\u00f3veis\",\"@id\":\"https:\/\/www.sindmoveis.com.br\/es\/#\/schema\/person\/16d379542db1950a17fe188179340d57\"},\"headline\":\"Tina y Lui crean escenario con \u00e1rboles en tela para Casa Brasil\",\"datePublished\":\"2013-08-05T03:00:00+00:00\",\"dateModified\":\"2021-05-26T13:24:31+00:00\",\"mainEntityOfPage\":{\"@id\":\"https:\/\/www.sindmoveis.com.br\/es\/tina-e-lui-criam-cenario-com-arvores-em-tecido-para-a-casa-brasil\/\"},\"wordCount\":245,\"image\":{\"@id\":\"https:\/\/www.sindmoveis.com.br\/es\/tina-e-lui-criam-cenario-com-arvores-em-tecido-para-a-casa-brasil\/#primaryimage\"},\"thumbnailUrl\":\"https:\/\/www.sindmoveis.com.br\/es\/wp-content\/uploads\/2021\/05\/p1375732491.jpg\",\"articleSection\":[\"Sindm\u00f3veis\"],\"inLanguage\":\"es\"},{\"@type\":\"WebPage\",\"@id\":\"https:\/\/www.sindmoveis.com.br\/es\/tina-e-lui-criam-cenario-com-arvores-em-tecido-para-a-casa-brasil\/\",\"url\":\"https:\/\/www.sindmoveis.com.br\/es\/tina-e-lui-criam-cenario-com-arvores-em-tecido-para-a-casa-brasil\/\",\"name\":\"Tina y Lui crean escenario con \u00e1rboles en tela para Casa Brasil - Sindm\u00f3veis-RS\",\"isPartOf\":{\"@id\":\"https:\/\/www.sindmoveis.com.br\/es\/#website\"},\"primaryImageOfPage\":{\"@id\":\"https:\/\/www.sindmoveis.com.br\/es\/tina-e-lui-criam-cenario-com-arvores-em-tecido-para-a-casa-brasil\/#primaryimage\"},\"image\":{\"@id\":\"https:\/\/www.sindmoveis.com.br\/es\/tina-e-lui-criam-cenario-com-arvores-em-tecido-para-a-casa-brasil\/#primaryimage\"},\"thumbnailUrl\":\"https:\/\/www.sindmoveis.com.br\/es\/wp-content\/uploads\/2021\/05\/p1375732491.jpg\",\"datePublished\":\"2013-08-05T03:00:00+00:00\",\"dateModified\":\"2021-05-26T13:24:31+00:00\",\"author\":{\"@id\":\"https:\/\/www.sindmoveis.com.br\/es\/#\/schema\/person\/16d379542db1950a17fe188179340d57\"},\"inLanguage\":\"es\",\"potentialAction\":[{\"@type\":\"ReadAction\",\"target\":[\"https:\/\/www.sindmoveis.com.br\/es\/tina-e-lui-criam-cenario-com-arvores-em-tecido-para-a-casa-brasil\/\"]}]},{\"@type\":\"ImageObject\",\"inLanguage\":\"es\",\"@id\":\"https:\/\/www.sindmoveis.com.br\/es\/tina-e-lui-criam-cenario-com-arvores-em-tecido-para-a-casa-brasil\/#primaryimage\",\"url\":\"https:\/\/www.sindmoveis.com.br\/es\/wp-content\/uploads\/2021\/05\/p1375732491.jpg\",\"contentUrl\":\"https:\/\/www.sindmoveis.com.br\/es\/wp-content\/uploads\/2021\/05\/p1375732491.jpg\",\"width\":640,\"height\":427},{\"@type\":\"WebSite\",\"@id\":\"https:\/\/www.sindmoveis.com.br\/es\/#website\",\"url\":\"https:\/\/www.sindmoveis.com.br\/es\/\",\"name\":\"Sindm\u00f3veis-RS\",\"description\":\"\",\"potentialAction\":[{\"@type\":\"SearchAction\",\"target\":{\"@type\":\"EntryPoint\",\"urlTemplate\":\"https:\/\/www.sindmoveis.com.br\/es\/?s={search_term_string}\"},\"query-input\":{\"@type\":\"PropertyValueSpecification\",\"valueRequired\":true,\"valueName\":\"search_term_string\"}}],\"inLanguage\":\"es\"},{\"@type\":\"Person\",\"@id\":\"https:\/\/www.sindmoveis.com.br\/es\/#\/schema\/person\/16d379542db1950a17fe188179340d57\",\"name\":\"Imprensa Sindm\u00f3veis\",\"image\":{\"@type\":\"ImageObject\",\"inLanguage\":\"es\",\"@id\":\"https:\/\/www.sindmoveis.com.br\/es\/#\/schema\/person\/image\/\",\"url\":\"https:\/\/secure.gravatar.com\/avatar\/4973e2e2c2a0cb5db30b0c7b770041b8e33d048a16b695a1f99c042449d4bfaf?s=96&d=mm&r=g\",\"contentUrl\":\"https:\/\/secure.gravatar.com\/avatar\/4973e2e2c2a0cb5db30b0c7b770041b8e33d048a16b695a1f99c042449d4bfaf?s=96&d=mm&r=g\",\"caption\":\"Imprensa Sindm\u00f3veis\"},\"url\":\"https:\/\/www.sindmoveis.com.br\/es\/author\/ana\/\"}]}<\/script>\n<!-- \/ Yoast SEO plugin. -->","yoast_head_json":{"title":"Tina y Lui crean escenario con \u00e1rboles en tela para Casa Brasil - Sindm\u00f3veis-RS","robots":{"index":"index","follow":"follow","max-snippet":"max-snippet:-1","max-image-preview":"max-image-preview:large","max-video-preview":"max-video-preview:-1"},"canonical":"https:\/\/www.sindmoveis.com.br\/es\/tina-e-lui-criam-cenario-com-arvores-em-tecido-para-a-casa-brasil\/","og_locale":"es_ES","og_type":"article","og_title":"Tina y Lui crean escenario con \u00e1rboles en tela para Casa Brasil - Sindm\u00f3veis-RS","og_description":"El dise\u00f1o y la artesan\u00eda van m\u00e1s all\u00e1 de los stands en Casa Brasil 2013.Las arquitectas e integrantes de la curadur\u00eda de la feria, Tina y Lui, van a ambientar el \u00e1rea de los proyectos especiales y el pabell\u00f3n de entrada de la feria con \u00e1rboles hechos en tela, en asociaci\u00f3n con el dise\u00f1ador y tejedor Renato Imbroisi y Fleury & Layus Arquitectura, de S\u00e3o Paulo.","og_url":"https:\/\/www.sindmoveis.com.br\/es\/tina-e-lui-criam-cenario-com-arvores-em-tecido-para-a-casa-brasil\/","og_site_name":"Sindm\u00f3veis-RS","article_published_time":"2013-08-05T03:00:00+00:00","article_modified_time":"2021-05-26T13:24:31+00:00","og_image":[{"width":640,"height":427,"url":"https:\/\/www.sindmoveis.com.br\/es\/wp-content\/uploads\/2021\/05\/p1375732491.jpg","type":"image\/jpeg"}],"author":"Imprensa Sindm\u00f3veis","twitter_card":"summary_large_image","twitter_misc":{"Escrito por":"Imprensa Sindm\u00f3veis","Tiempo de lectura":"1 minuto"},"schema":{"@context":"https:\/\/schema.org","@graph":[{"@type":"Article","@id":"https:\/\/www.sindmoveis.com.br\/es\/tina-e-lui-criam-cenario-com-arvores-em-tecido-para-a-casa-brasil\/#article","isPartOf":{"@id":"https:\/\/www.sindmoveis.com.br\/es\/tina-e-lui-criam-cenario-com-arvores-em-tecido-para-a-casa-brasil\/"},"author":{"name":"Imprensa Sindm\u00f3veis","@id":"https:\/\/www.sindmoveis.com.br\/es\/#\/schema\/person\/16d379542db1950a17fe188179340d57"},"headline":"Tina y Lui crean escenario con \u00e1rboles en tela para Casa Brasil","datePublished":"2013-08-05T03:00:00+00:00","dateModified":"2021-05-26T13:24:31+00:00","mainEntityOfPage":{"@id":"https:\/\/www.sindmoveis.com.br\/es\/tina-e-lui-criam-cenario-com-arvores-em-tecido-para-a-casa-brasil\/"},"wordCount":245,"image":{"@id":"https:\/\/www.sindmoveis.com.br\/es\/tina-e-lui-criam-cenario-com-arvores-em-tecido-para-a-casa-brasil\/#primaryimage"},"thumbnailUrl":"https:\/\/www.sindmoveis.com.br\/es\/wp-content\/uploads\/2021\/05\/p1375732491.jpg","articleSection":["Sindm\u00f3veis"],"inLanguage":"es"},{"@type":"WebPage","@id":"https:\/\/www.sindmoveis.com.br\/es\/tina-e-lui-criam-cenario-com-arvores-em-tecido-para-a-casa-brasil\/","url":"https:\/\/www.sindmoveis.com.br\/es\/tina-e-lui-criam-cenario-com-arvores-em-tecido-para-a-casa-brasil\/","name":"Tina y Lui crean escenario con \u00e1rboles en tela para Casa Brasil - Sindm\u00f3veis-RS","isPartOf":{"@id":"https:\/\/www.sindmoveis.com.br\/es\/#website"},"primaryImageOfPage":{"@id":"https:\/\/www.sindmoveis.com.br\/es\/tina-e-lui-criam-cenario-com-arvores-em-tecido-para-a-casa-brasil\/#primaryimage"},"image":{"@id":"https:\/\/www.sindmoveis.com.br\/es\/tina-e-lui-criam-cenario-com-arvores-em-tecido-para-a-casa-brasil\/#primaryimage"},"thumbnailUrl":"https:\/\/www.sindmoveis.com.br\/es\/wp-content\/uploads\/2021\/05\/p1375732491.jpg","datePublished":"2013-08-05T03:00:00+00:00","dateModified":"2021-05-26T13:24:31+00:00","author":{"@id":"https:\/\/www.sindmoveis.com.br\/es\/#\/schema\/person\/16d379542db1950a17fe188179340d57"},"inLanguage":"es","potentialAction":[{"@type":"ReadAction","target":["https:\/\/www.sindmoveis.com.br\/es\/tina-e-lui-criam-cenario-com-arvores-em-tecido-para-a-casa-brasil\/"]}]},{"@type":"ImageObject","inLanguage":"es","@id":"https:\/\/www.sindmoveis.com.br\/es\/tina-e-lui-criam-cenario-com-arvores-em-tecido-para-a-casa-brasil\/#primaryimage","url":"https:\/\/www.sindmoveis.com.br\/es\/wp-content\/uploads\/2021\/05\/p1375732491.jpg","contentUrl":"https:\/\/www.sindmoveis.com.br\/es\/wp-content\/uploads\/2021\/05\/p1375732491.jpg","width":640,"height":427},{"@type":"WebSite","@id":"https:\/\/www.sindmoveis.com.br\/es\/#website","url":"https:\/\/www.sindmoveis.com.br\/es\/","name":"Sindm\u00f3veis-RS","description":"","potentialAction":[{"@type":"SearchAction","target":{"@type":"EntryPoint","urlTemplate":"https:\/\/www.sindmoveis.com.br\/es\/?s={search_term_string}"},"query-input":{"@type":"PropertyValueSpecification","valueRequired":true,"valueName":"search_term_string"}}],"inLanguage":"es"},{"@type":"Person","@id":"https:\/\/www.sindmoveis.com.br\/es\/#\/schema\/person\/16d379542db1950a17fe188179340d57","name":"Imprensa Sindm\u00f3veis","image":{"@type":"ImageObject","inLanguage":"es","@id":"https:\/\/www.sindmoveis.com.br\/es\/#\/schema\/person\/image\/","url":"https:\/\/secure.gravatar.com\/avatar\/4973e2e2c2a0cb5db30b0c7b770041b8e33d048a16b695a1f99c042449d4bfaf?s=96&d=mm&r=g","contentUrl":"https:\/\/secure.gravatar.com\/avatar\/4973e2e2c2a0cb5db30b0c7b770041b8e33d048a16b695a1f99c042449d4bfaf?s=96&d=mm&r=g","caption":"Imprensa Sindm\u00f3veis"},"url":"https:\/\/www.sindmoveis.com.br\/es\/author\/ana\/"}]}},"_links":{"self":[{"href":"https:\/\/www.sindmoveis.com.br\/es\/wp-json\/wp\/v2\/posts\/1021","targetHints":{"allow":["GET"]}}],"collection":[{"href":"https:\/\/www.sindmoveis.com.br\/es\/wp-json\/wp\/v2\/posts"}],"about":[{"href":"https:\/\/www.sindmoveis.com.br\/es\/wp-json\/wp\/v2\/types\/post"}],"author":[{"embeddable":true,"href":"https:\/\/www.sindmoveis.com.br\/es\/wp-json\/wp\/v2\/users\/5"}],"replies":[{"embeddable":true,"href":"https:\/\/www.sindmoveis.com.br\/es\/wp-json\/wp\/v2\/comments?post=1021"}],"version-history":[{"count":2,"href":"https:\/\/www.sindmoveis.com.br\/es\/wp-json\/wp\/v2\/posts\/1021\/revisions"}],"predecessor-version":[{"id":3304,"href":"https:\/\/www.sindmoveis.com.br\/es\/wp-json\/wp\/v2\/posts\/1021\/revisions\/3304"}],"wp:featuredmedia":[{"embeddable":true,"href":"https:\/\/www.sindmoveis.com.br\/es\/wp-json\/wp\/v2\/media\/3305"}],"wp:attachment":[{"href":"https:\/\/www.sindmoveis.com.br\/es\/wp-json\/wp\/v2\/media?parent=1021"}],"wp:term":[{"taxonomy":"category","embeddable":true,"href":"https:\/\/www.sindmoveis.com.br\/es\/wp-json\/wp\/v2\/categories?post=1021"},{"taxonomy":"post_tag","embeddable":true,"href":"https:\/\/www.sindmoveis.com.br\/es\/wp-json\/wp\/v2\/tags?post=1021"}],"curies":[{"name":"wp","href":"https:\/\/api.w.org\/{rel}","templated":true}]}}