{"id":1017,"date":"2013-07-25T00:00:00","date_gmt":"2013-07-25T03:00:00","guid":{"rendered":"http:\/\/sindmoveis.com.br\/imprensa\/noticias\/movelsul-brasil-participa-da-las-vegas-market\/"},"modified":"2021-05-26T10:31:44","modified_gmt":"2021-05-26T13:31:44","slug":"movelsul-brasil-participa-da-las-vegas-market","status":"publish","type":"post","link":"https:\/\/www.sindmoveis.com.br\/es\/movelsul-brasil-participa-da-las-vegas-market\/","title":{"rendered":"Movelsul Brasil participa de Las Vegas Market"},"content":{"rendered":"<div><i>Acci\u00f3n integra el calendario de divulgaci\u00f3n internacional de la feria, que ocurre de 24 a 28 de marzo de 2014<\/i><\/div>\n<div>&nbsp;<\/div>\n<div>En su tercera acci\u00f3n de divulgaci\u00f3n en ferias internacionales de muebles, &nbsp;Movelsul Brasil tendr\u00e1 un stand institucional en Las Vegas Market Summer 2013, feria que ocurre de 29 de julio a 2 de agosto. Expocomer, en Panam\u00e1, y Expomueble, en M\u00e9xico, fueron los eventos que ya contaron con la participaci\u00f3n de la feria en 2013.&nbsp;<\/div>\n<div>&nbsp;Las Vegas Market es una exposici\u00f3n que contempla todas las categor\u00edas de mobiliario para el hogar. La feria cuenta con m\u00e1s de 1.200 expositores y ser\u00e1 realizada simult\u00e1neamente a Gift+Home y Vegas Kids. &nbsp;Movelsul, que participa de Las Vegas Market desde hace m\u00e1s de cinco ediciones, tendr\u00e1 su stand localizado en el edificio &nbsp;B y ambientado con mobiliario de empresas expositoras.<\/div>\n<div>El director Internacional de Sindm\u00f3veis, C\u00e9sar Boeira Nepomucemo, eval\u00faa positivamente la presencia de Movelsul en ferias internacionales del mismo segmento. En su opini\u00f3n, se trata de um medio eficaz de divulgaci\u00f3n, donde el equipo de la feria puede contactar propietarios de tiendas e importadores locales. \u201cLa relevancia del p\u00fablico internacional para &nbsp;Movelsul es grande, pues muchos de nuestros expositores exportan parte de la producci\u00f3n y aquellos que no exportan buscan en la feria una entrada en el mercado internacional\u201d, explica.&nbsp;<\/div>\n<div>Los Estados Unidos, mayor econom\u00eda del mundo, viene &nbsp;recuper\u00e1ndose lentamente de la crisis econ\u00f3mica de los \u00faltimos a\u00f1os, y proyecta crecimiento de 1,7% este a\u00f1o y 2,7% en 2014 \u2013 uno de los mayores entre las econom\u00edas avanzadas, con reducci\u00f3n gradual de las tasas de desempleo, todav\u00eda altas comparadas a las medias hist\u00f3ricas. El pa\u00eds es el mayor importador de muebles del mundo, alcanzando en 2012 un valor de aproximadamente US$ 38.000 millones, 9,7% mayor &nbsp;que en 2011. Para &nbsp;Brasil, los Estados Unidos son el segundo principal mercado para muebles, con cerca de US$ 90 millones exportados el a\u00f1o pasado.<\/div>\n<div>Para m\u00e1s informaciones, acceda a <a href=\"http:\/\/www.movelsul.com.br\" target=\"\" rel=\"noopener\">www.movelsul.com.br<\/a>.<\/div>\n","protected":false},"excerpt":{"rendered":"<p>En su tercera acci\u00f3n de divulgaci\u00f3n en ferias internacionales de muebles,  Movelsul Brasil tendr\u00e1 un stand institucional en Las Vegas Market Summer 2013, feria que ocurre de 29 de julio a 2 de agosto. Expocomer, en Panam\u00e1, y Expomueble, en M\u00e9xico, fueron los eventos que ya contaron con la participaci\u00f3n de la feria en 2013.<\/p>\n","protected":false},"author":5,"featured_media":3302,"comment_status":"closed","ping_status":"open","sticky":false,"template":"","format":"standard","meta":{"footnotes":"","_links_to":"","_links_to_target":""},"categories":[23,2],"tags":[],"class_list":["post-1017","post","type-post","status-publish","format-standard","has-post-thumbnail","hentry","category-movelsul","category-sindmoveis"],"yoast_head":"<!-- This site is optimized with the Yoast SEO plugin v27.0 - https:\/\/yoast.com\/product\/yoast-seo-wordpress\/ -->\n<title>Movelsul Brasil participa de Las Vegas Market - Sindm\u00f3veis-RS<\/title>\n<meta name=\"robots\" content=\"index, follow, max-snippet:-1, max-image-preview:large, max-video-preview:-1\" \/>\n<link rel=\"canonical\" href=\"https:\/\/www.sindmoveis.com.br\/es\/movelsul-brasil-participa-da-las-vegas-market\/\" \/>\n<meta property=\"og:locale\" content=\"es_ES\" \/>\n<meta property=\"og:type\" content=\"article\" \/>\n<meta property=\"og:title\" content=\"Movelsul Brasil participa de Las Vegas Market - Sindm\u00f3veis-RS\" \/>\n<meta property=\"og:description\" content=\"En su tercera acci\u00f3n de divulgaci\u00f3n en ferias internacionales de muebles, Movelsul Brasil tendr\u00e1 un stand institucional en Las Vegas Market Summer 2013, feria que ocurre de 29 de julio a 2 de agosto. Expocomer, en Panam\u00e1, y Expomueble, en M\u00e9xico, fueron los eventos que ya contaron con la participaci\u00f3n de la feria en 2013.\" \/>\n<meta property=\"og:url\" content=\"https:\/\/www.sindmoveis.com.br\/es\/movelsul-brasil-participa-da-las-vegas-market\/\" \/>\n<meta property=\"og:site_name\" content=\"Sindm\u00f3veis-RS\" \/>\n<meta property=\"article:published_time\" content=\"2013-07-25T03:00:00+00:00\" \/>\n<meta property=\"article:modified_time\" content=\"2021-05-26T13:31:44+00:00\" \/>\n<meta property=\"og:image\" content=\"https:\/\/www.sindmoveis.com.br\/es\/wp-content\/uploads\/2021\/05\/p1374777944.jpg\" \/>\n\t<meta property=\"og:image:width\" content=\"1500\" \/>\n\t<meta property=\"og:image:height\" content=\"2241\" \/>\n\t<meta property=\"og:image:type\" content=\"image\/jpeg\" \/>\n<meta name=\"author\" content=\"Imprensa Sindm\u00f3veis\" \/>\n<meta name=\"twitter:card\" content=\"summary_large_image\" \/>\n<meta name=\"twitter:label1\" content=\"Escrito por\" \/>\n\t<meta name=\"twitter:data1\" content=\"Imprensa Sindm\u00f3veis\" \/>\n\t<meta name=\"twitter:label2\" content=\"Tiempo de lectura\" \/>\n\t<meta name=\"twitter:data2\" content=\"2 minutos\" \/>\n<script type=\"application\/ld+json\" class=\"yoast-schema-graph\">{\"@context\":\"https:\/\/schema.org\",\"@graph\":[{\"@type\":\"Article\",\"@id\":\"https:\/\/www.sindmoveis.com.br\/es\/movelsul-brasil-participa-da-las-vegas-market\/#article\",\"isPartOf\":{\"@id\":\"https:\/\/www.sindmoveis.com.br\/es\/movelsul-brasil-participa-da-las-vegas-market\/\"},\"author\":{\"name\":\"Imprensa Sindm\u00f3veis\",\"@id\":\"https:\/\/www.sindmoveis.com.br\/es\/#\/schema\/person\/16d379542db1950a17fe188179340d57\"},\"headline\":\"Movelsul Brasil participa de Las Vegas Market\",\"datePublished\":\"2013-07-25T03:00:00+00:00\",\"dateModified\":\"2021-05-26T13:31:44+00:00\",\"mainEntityOfPage\":{\"@id\":\"https:\/\/www.sindmoveis.com.br\/es\/movelsul-brasil-participa-da-las-vegas-market\/\"},\"wordCount\":357,\"image\":{\"@id\":\"https:\/\/www.sindmoveis.com.br\/es\/movelsul-brasil-participa-da-las-vegas-market\/#primaryimage\"},\"thumbnailUrl\":\"https:\/\/www.sindmoveis.com.br\/es\/wp-content\/uploads\/2021\/05\/p1374777944.jpg\",\"articleSection\":[\"Movelsul\",\"Sindm\u00f3veis\"],\"inLanguage\":\"es\"},{\"@type\":\"WebPage\",\"@id\":\"https:\/\/www.sindmoveis.com.br\/es\/movelsul-brasil-participa-da-las-vegas-market\/\",\"url\":\"https:\/\/www.sindmoveis.com.br\/es\/movelsul-brasil-participa-da-las-vegas-market\/\",\"name\":\"Movelsul Brasil participa de Las Vegas Market - Sindm\u00f3veis-RS\",\"isPartOf\":{\"@id\":\"https:\/\/www.sindmoveis.com.br\/es\/#website\"},\"primaryImageOfPage\":{\"@id\":\"https:\/\/www.sindmoveis.com.br\/es\/movelsul-brasil-participa-da-las-vegas-market\/#primaryimage\"},\"image\":{\"@id\":\"https:\/\/www.sindmoveis.com.br\/es\/movelsul-brasil-participa-da-las-vegas-market\/#primaryimage\"},\"thumbnailUrl\":\"https:\/\/www.sindmoveis.com.br\/es\/wp-content\/uploads\/2021\/05\/p1374777944.jpg\",\"datePublished\":\"2013-07-25T03:00:00+00:00\",\"dateModified\":\"2021-05-26T13:31:44+00:00\",\"author\":{\"@id\":\"https:\/\/www.sindmoveis.com.br\/es\/#\/schema\/person\/16d379542db1950a17fe188179340d57\"},\"inLanguage\":\"es\",\"potentialAction\":[{\"@type\":\"ReadAction\",\"target\":[\"https:\/\/www.sindmoveis.com.br\/es\/movelsul-brasil-participa-da-las-vegas-market\/\"]}]},{\"@type\":\"ImageObject\",\"inLanguage\":\"es\",\"@id\":\"https:\/\/www.sindmoveis.com.br\/es\/movelsul-brasil-participa-da-las-vegas-market\/#primaryimage\",\"url\":\"https:\/\/www.sindmoveis.com.br\/es\/wp-content\/uploads\/2021\/05\/p1374777944.jpg\",\"contentUrl\":\"https:\/\/www.sindmoveis.com.br\/es\/wp-content\/uploads\/2021\/05\/p1374777944.jpg\",\"width\":1500,\"height\":2241,\"caption\":\"Director Internacional de Sindm\u00f3veis\"},{\"@type\":\"WebSite\",\"@id\":\"https:\/\/www.sindmoveis.com.br\/es\/#website\",\"url\":\"https:\/\/www.sindmoveis.com.br\/es\/\",\"name\":\"Sindm\u00f3veis-RS\",\"description\":\"\",\"potentialAction\":[{\"@type\":\"SearchAction\",\"target\":{\"@type\":\"EntryPoint\",\"urlTemplate\":\"https:\/\/www.sindmoveis.com.br\/es\/?s={search_term_string}\"},\"query-input\":{\"@type\":\"PropertyValueSpecification\",\"valueRequired\":true,\"valueName\":\"search_term_string\"}}],\"inLanguage\":\"es\"},{\"@type\":\"Person\",\"@id\":\"https:\/\/www.sindmoveis.com.br\/es\/#\/schema\/person\/16d379542db1950a17fe188179340d57\",\"name\":\"Imprensa Sindm\u00f3veis\",\"image\":{\"@type\":\"ImageObject\",\"inLanguage\":\"es\",\"@id\":\"https:\/\/www.sindmoveis.com.br\/es\/#\/schema\/person\/image\/\",\"url\":\"https:\/\/secure.gravatar.com\/avatar\/4973e2e2c2a0cb5db30b0c7b770041b8e33d048a16b695a1f99c042449d4bfaf?s=96&d=mm&r=g\",\"contentUrl\":\"https:\/\/secure.gravatar.com\/avatar\/4973e2e2c2a0cb5db30b0c7b770041b8e33d048a16b695a1f99c042449d4bfaf?s=96&d=mm&r=g\",\"caption\":\"Imprensa Sindm\u00f3veis\"},\"url\":\"https:\/\/www.sindmoveis.com.br\/es\/author\/ana\/\"}]}<\/script>\n<!-- \/ Yoast SEO plugin. -->","yoast_head_json":{"title":"Movelsul Brasil participa de Las Vegas Market - Sindm\u00f3veis-RS","robots":{"index":"index","follow":"follow","max-snippet":"max-snippet:-1","max-image-preview":"max-image-preview:large","max-video-preview":"max-video-preview:-1"},"canonical":"https:\/\/www.sindmoveis.com.br\/es\/movelsul-brasil-participa-da-las-vegas-market\/","og_locale":"es_ES","og_type":"article","og_title":"Movelsul Brasil participa de Las Vegas Market - Sindm\u00f3veis-RS","og_description":"En su tercera acci\u00f3n de divulgaci\u00f3n en ferias internacionales de muebles, Movelsul Brasil tendr\u00e1 un stand institucional en Las Vegas Market Summer 2013, feria que ocurre de 29 de julio a 2 de agosto. Expocomer, en Panam\u00e1, y Expomueble, en M\u00e9xico, fueron los eventos que ya contaron con la participaci\u00f3n de la feria en 2013.","og_url":"https:\/\/www.sindmoveis.com.br\/es\/movelsul-brasil-participa-da-las-vegas-market\/","og_site_name":"Sindm\u00f3veis-RS","article_published_time":"2013-07-25T03:00:00+00:00","article_modified_time":"2021-05-26T13:31:44+00:00","og_image":[{"width":1500,"height":2241,"url":"https:\/\/www.sindmoveis.com.br\/es\/wp-content\/uploads\/2021\/05\/p1374777944.jpg","type":"image\/jpeg"}],"author":"Imprensa Sindm\u00f3veis","twitter_card":"summary_large_image","twitter_misc":{"Escrito por":"Imprensa Sindm\u00f3veis","Tiempo de lectura":"2 minutos"},"schema":{"@context":"https:\/\/schema.org","@graph":[{"@type":"Article","@id":"https:\/\/www.sindmoveis.com.br\/es\/movelsul-brasil-participa-da-las-vegas-market\/#article","isPartOf":{"@id":"https:\/\/www.sindmoveis.com.br\/es\/movelsul-brasil-participa-da-las-vegas-market\/"},"author":{"name":"Imprensa Sindm\u00f3veis","@id":"https:\/\/www.sindmoveis.com.br\/es\/#\/schema\/person\/16d379542db1950a17fe188179340d57"},"headline":"Movelsul Brasil participa de Las Vegas Market","datePublished":"2013-07-25T03:00:00+00:00","dateModified":"2021-05-26T13:31:44+00:00","mainEntityOfPage":{"@id":"https:\/\/www.sindmoveis.com.br\/es\/movelsul-brasil-participa-da-las-vegas-market\/"},"wordCount":357,"image":{"@id":"https:\/\/www.sindmoveis.com.br\/es\/movelsul-brasil-participa-da-las-vegas-market\/#primaryimage"},"thumbnailUrl":"https:\/\/www.sindmoveis.com.br\/es\/wp-content\/uploads\/2021\/05\/p1374777944.jpg","articleSection":["Movelsul","Sindm\u00f3veis"],"inLanguage":"es"},{"@type":"WebPage","@id":"https:\/\/www.sindmoveis.com.br\/es\/movelsul-brasil-participa-da-las-vegas-market\/","url":"https:\/\/www.sindmoveis.com.br\/es\/movelsul-brasil-participa-da-las-vegas-market\/","name":"Movelsul Brasil participa de Las Vegas Market - Sindm\u00f3veis-RS","isPartOf":{"@id":"https:\/\/www.sindmoveis.com.br\/es\/#website"},"primaryImageOfPage":{"@id":"https:\/\/www.sindmoveis.com.br\/es\/movelsul-brasil-participa-da-las-vegas-market\/#primaryimage"},"image":{"@id":"https:\/\/www.sindmoveis.com.br\/es\/movelsul-brasil-participa-da-las-vegas-market\/#primaryimage"},"thumbnailUrl":"https:\/\/www.sindmoveis.com.br\/es\/wp-content\/uploads\/2021\/05\/p1374777944.jpg","datePublished":"2013-07-25T03:00:00+00:00","dateModified":"2021-05-26T13:31:44+00:00","author":{"@id":"https:\/\/www.sindmoveis.com.br\/es\/#\/schema\/person\/16d379542db1950a17fe188179340d57"},"inLanguage":"es","potentialAction":[{"@type":"ReadAction","target":["https:\/\/www.sindmoveis.com.br\/es\/movelsul-brasil-participa-da-las-vegas-market\/"]}]},{"@type":"ImageObject","inLanguage":"es","@id":"https:\/\/www.sindmoveis.com.br\/es\/movelsul-brasil-participa-da-las-vegas-market\/#primaryimage","url":"https:\/\/www.sindmoveis.com.br\/es\/wp-content\/uploads\/2021\/05\/p1374777944.jpg","contentUrl":"https:\/\/www.sindmoveis.com.br\/es\/wp-content\/uploads\/2021\/05\/p1374777944.jpg","width":1500,"height":2241,"caption":"Director Internacional de Sindm\u00f3veis"},{"@type":"WebSite","@id":"https:\/\/www.sindmoveis.com.br\/es\/#website","url":"https:\/\/www.sindmoveis.com.br\/es\/","name":"Sindm\u00f3veis-RS","description":"","potentialAction":[{"@type":"SearchAction","target":{"@type":"EntryPoint","urlTemplate":"https:\/\/www.sindmoveis.com.br\/es\/?s={search_term_string}"},"query-input":{"@type":"PropertyValueSpecification","valueRequired":true,"valueName":"search_term_string"}}],"inLanguage":"es"},{"@type":"Person","@id":"https:\/\/www.sindmoveis.com.br\/es\/#\/schema\/person\/16d379542db1950a17fe188179340d57","name":"Imprensa Sindm\u00f3veis","image":{"@type":"ImageObject","inLanguage":"es","@id":"https:\/\/www.sindmoveis.com.br\/es\/#\/schema\/person\/image\/","url":"https:\/\/secure.gravatar.com\/avatar\/4973e2e2c2a0cb5db30b0c7b770041b8e33d048a16b695a1f99c042449d4bfaf?s=96&d=mm&r=g","contentUrl":"https:\/\/secure.gravatar.com\/avatar\/4973e2e2c2a0cb5db30b0c7b770041b8e33d048a16b695a1f99c042449d4bfaf?s=96&d=mm&r=g","caption":"Imprensa Sindm\u00f3veis"},"url":"https:\/\/www.sindmoveis.com.br\/es\/author\/ana\/"}]}},"_links":{"self":[{"href":"https:\/\/www.sindmoveis.com.br\/es\/wp-json\/wp\/v2\/posts\/1017","targetHints":{"allow":["GET"]}}],"collection":[{"href":"https:\/\/www.sindmoveis.com.br\/es\/wp-json\/wp\/v2\/posts"}],"about":[{"href":"https:\/\/www.sindmoveis.com.br\/es\/wp-json\/wp\/v2\/types\/post"}],"author":[{"embeddable":true,"href":"https:\/\/www.sindmoveis.com.br\/es\/wp-json\/wp\/v2\/users\/5"}],"replies":[{"embeddable":true,"href":"https:\/\/www.sindmoveis.com.br\/es\/wp-json\/wp\/v2\/comments?post=1017"}],"version-history":[{"count":2,"href":"https:\/\/www.sindmoveis.com.br\/es\/wp-json\/wp\/v2\/posts\/1017\/revisions"}],"predecessor-version":[{"id":3301,"href":"https:\/\/www.sindmoveis.com.br\/es\/wp-json\/wp\/v2\/posts\/1017\/revisions\/3301"}],"wp:featuredmedia":[{"embeddable":true,"href":"https:\/\/www.sindmoveis.com.br\/es\/wp-json\/wp\/v2\/media\/3302"}],"wp:attachment":[{"href":"https:\/\/www.sindmoveis.com.br\/es\/wp-json\/wp\/v2\/media?parent=1017"}],"wp:term":[{"taxonomy":"category","embeddable":true,"href":"https:\/\/www.sindmoveis.com.br\/es\/wp-json\/wp\/v2\/categories?post=1017"},{"taxonomy":"post_tag","embeddable":true,"href":"https:\/\/www.sindmoveis.com.br\/es\/wp-json\/wp\/v2\/tags?post=1017"}],"curies":[{"name":"wp","href":"https:\/\/api.w.org\/{rel}","templated":true}]}}