{"id":1011,"date":"2013-07-09T00:00:00","date_gmt":"2013-07-09T03:00:00","guid":{"rendered":"http:\/\/sindmoveis.com.br\/imprensa\/noticias\/salao-design-casa-brasil-tem-etapa-final-de-julgamento\/"},"modified":"2021-05-26T10:27:48","modified_gmt":"2021-05-26T13:27:48","slug":"salao-design-casa-brasil-tem-etapa-final-de-julgamento","status":"publish","type":"post","link":"https:\/\/www.sindmoveis.com.br\/es\/salao-design-casa-brasil-tem-etapa-final-de-julgamento\/","title":{"rendered":"Sal\u00e3o Design Casa Brasil tiene etapa final de juicio"},"content":{"rendered":"<p>Jurado define productos premiados entre lunes y mi\u00e9rcoles. Vencedores ser\u00e1n conocidos d\u00eda 15<br \/>\n&nbsp;<br \/>\nEsta semana, el jurado del Sal\u00e3o Design Casa Brasil 2013, el mayor premio de dise\u00f1o de Am\u00e9rica Latina, eval\u00faa los m\u00e1s de 100 prototipos enviados para la segunda y \u00faltima etapa del juicio. Los vencedores en las modalidades estudiante, profesional e industria ser\u00e1n electos con base en requisitos como innovaci\u00f3n y fidelidad del prototipo al proyecto gr\u00e1fico presentado.<br \/>\n&nbsp;<br \/>\nLa comisi\u00f3n juzgadora la integran cinco renombrados profesionales y representantes de entidades nacionales e internacionales: la periodista Maria Helena Estrada; los profesores Ivens Fontoura (Pontificia Universidad Cat\u00f3lica Paran\u00e1 \u2013 PUC-PR) y Gabriel Sim\u00f3n Sol (Universidad Aut\u00f3noma Metropolitana \u2013 M\u00e9xico); el dise\u00f1ador de Rio de Janeiro Leonardo Lattavo y la arquitecta Ilse Lang, de Rio Grande do Sul.<br \/>\n&nbsp;<br \/>\nEsta es la 17\u00aa edici\u00f3n del premio, realizado desde hace 25 a\u00f1os por el Sindicato de las Industrias del Mobiliario de Bento Gon\u00e7alves \u2013 Sindm\u00f3veis. Este a\u00f1o, concurrentes de 17 pa\u00edses inscribieron sus proyectos en las categor\u00edas Muebles para Dormitorio; Muebles para Sala de Estar y Comedor; Muebles para Cocina, \u00c1rea de Servicio y Ba\u00f1o; Muebles para \u00c1rea Externa; Muebles para Oficina y Home Office; Accesorios Dom\u00e9sticos e Iluminaci\u00f3n. Tambi\u00e9n est\u00e1n siendo seleccionados los vencedores de los premios Maderas Alternativas y Ecodesign. La premiaci\u00f3n total llega a R$ 175 mil.<br \/>\n&nbsp;<br \/>\nLa divulgaci\u00f3n de los vencedores del Sal\u00e3o Design ser\u00e1 hecha por el blog oficial de la premiaci\u00f3n el d\u00eda 15 de julio (www.salaodesign.com.br\/blog). Los productos premiados y dem\u00e1s concurrentes en la segunda etapa estar\u00e1n expuestos en Casa Brasil 2013, que ocurre de 13 a 16 de agosto, en el Parque de Eventos de Bento Gon\u00e7alves.<br \/>\n&nbsp;<br \/>\n&nbsp;<\/p>\n","protected":false},"excerpt":{"rendered":"<p>Jurado define productos premiados entre lunes y mi\u00e9rcoles. Vencedores ser\u00e1n conocidos d\u00eda 15 &nbsp; Esta semana, el jurado del Sal\u00e3o Design Casa Brasil 2013, el mayor premio de dise\u00f1o de&#8230;  <a class=\"excerpt-read-more\" href=\"https:\/\/www.sindmoveis.com.br\/es\/salao-design-casa-brasil-tem-etapa-final-de-julgamento\/\" title=\"Read Sal\u00e3o Design Casa Brasil tiene etapa final de juicio\">Leia mais &raquo;<\/a><\/p>\n","protected":false},"author":5,"featured_media":0,"comment_status":"closed","ping_status":"open","sticky":false,"template":"","format":"standard","meta":{"footnotes":"","_links_to":"","_links_to_target":""},"categories":[21,2],"tags":[],"class_list":["post-1011","post","type-post","status-publish","format-standard","hentry","category-premio-salao-design","category-sindmoveis"],"yoast_head":"<!-- This site is optimized with the Yoast SEO plugin v27.0 - https:\/\/yoast.com\/product\/yoast-seo-wordpress\/ -->\n<title>Sal\u00e3o Design Casa Brasil tiene etapa final de juicio - Sindm\u00f3veis-RS<\/title>\n<meta name=\"robots\" content=\"index, follow, max-snippet:-1, max-image-preview:large, max-video-preview:-1\" \/>\n<link rel=\"canonical\" href=\"https:\/\/www.sindmoveis.com.br\/es\/salao-design-casa-brasil-tem-etapa-final-de-julgamento\/\" \/>\n<meta property=\"og:locale\" content=\"es_ES\" \/>\n<meta property=\"og:type\" content=\"article\" \/>\n<meta property=\"og:title\" content=\"Sal\u00e3o Design Casa Brasil tiene etapa final de juicio - Sindm\u00f3veis-RS\" \/>\n<meta property=\"og:description\" content=\"Jurado define productos premiados entre lunes y mi\u00e9rcoles. Vencedores ser\u00e1n conocidos d\u00eda 15 &nbsp; Esta semana, el jurado del Sal\u00e3o Design Casa Brasil 2013, el mayor premio de dise\u00f1o de... Leia mais &raquo;\" \/>\n<meta property=\"og:url\" content=\"https:\/\/www.sindmoveis.com.br\/es\/salao-design-casa-brasil-tem-etapa-final-de-julgamento\/\" \/>\n<meta property=\"og:site_name\" content=\"Sindm\u00f3veis-RS\" \/>\n<meta property=\"article:published_time\" content=\"2013-07-09T03:00:00+00:00\" \/>\n<meta property=\"article:modified_time\" content=\"2021-05-26T13:27:48+00:00\" \/>\n<meta name=\"author\" content=\"Imprensa Sindm\u00f3veis\" \/>\n<meta name=\"twitter:card\" content=\"summary_large_image\" \/>\n<meta name=\"twitter:label1\" content=\"Escrito por\" \/>\n\t<meta name=\"twitter:data1\" content=\"Imprensa Sindm\u00f3veis\" \/>\n\t<meta name=\"twitter:label2\" content=\"Tiempo de lectura\" \/>\n\t<meta name=\"twitter:data2\" content=\"2 minutos\" \/>\n<script type=\"application\/ld+json\" class=\"yoast-schema-graph\">{\"@context\":\"https:\/\/schema.org\",\"@graph\":[{\"@type\":\"Article\",\"@id\":\"https:\/\/www.sindmoveis.com.br\/es\/salao-design-casa-brasil-tem-etapa-final-de-julgamento\/#article\",\"isPartOf\":{\"@id\":\"https:\/\/www.sindmoveis.com.br\/es\/salao-design-casa-brasil-tem-etapa-final-de-julgamento\/\"},\"author\":{\"name\":\"Imprensa Sindm\u00f3veis\",\"@id\":\"https:\/\/www.sindmoveis.com.br\/es\/#\/schema\/person\/16d379542db1950a17fe188179340d57\"},\"headline\":\"Sal\u00e3o Design Casa Brasil tiene etapa final de juicio\",\"datePublished\":\"2013-07-09T03:00:00+00:00\",\"dateModified\":\"2021-05-26T13:27:48+00:00\",\"mainEntityOfPage\":{\"@id\":\"https:\/\/www.sindmoveis.com.br\/es\/salao-design-casa-brasil-tem-etapa-final-de-julgamento\/\"},\"wordCount\":316,\"articleSection\":[\"Premio Sal\u00e3o Design\",\"Sindm\u00f3veis\"],\"inLanguage\":\"es\"},{\"@type\":\"WebPage\",\"@id\":\"https:\/\/www.sindmoveis.com.br\/es\/salao-design-casa-brasil-tem-etapa-final-de-julgamento\/\",\"url\":\"https:\/\/www.sindmoveis.com.br\/es\/salao-design-casa-brasil-tem-etapa-final-de-julgamento\/\",\"name\":\"Sal\u00e3o Design Casa Brasil tiene etapa final de juicio - Sindm\u00f3veis-RS\",\"isPartOf\":{\"@id\":\"https:\/\/www.sindmoveis.com.br\/es\/#website\"},\"datePublished\":\"2013-07-09T03:00:00+00:00\",\"dateModified\":\"2021-05-26T13:27:48+00:00\",\"author\":{\"@id\":\"https:\/\/www.sindmoveis.com.br\/es\/#\/schema\/person\/16d379542db1950a17fe188179340d57\"},\"inLanguage\":\"es\",\"potentialAction\":[{\"@type\":\"ReadAction\",\"target\":[\"https:\/\/www.sindmoveis.com.br\/es\/salao-design-casa-brasil-tem-etapa-final-de-julgamento\/\"]}]},{\"@type\":\"WebSite\",\"@id\":\"https:\/\/www.sindmoveis.com.br\/es\/#website\",\"url\":\"https:\/\/www.sindmoveis.com.br\/es\/\",\"name\":\"Sindm\u00f3veis-RS\",\"description\":\"\",\"potentialAction\":[{\"@type\":\"SearchAction\",\"target\":{\"@type\":\"EntryPoint\",\"urlTemplate\":\"https:\/\/www.sindmoveis.com.br\/es\/?s={search_term_string}\"},\"query-input\":{\"@type\":\"PropertyValueSpecification\",\"valueRequired\":true,\"valueName\":\"search_term_string\"}}],\"inLanguage\":\"es\"},{\"@type\":\"Person\",\"@id\":\"https:\/\/www.sindmoveis.com.br\/es\/#\/schema\/person\/16d379542db1950a17fe188179340d57\",\"name\":\"Imprensa Sindm\u00f3veis\",\"image\":{\"@type\":\"ImageObject\",\"inLanguage\":\"es\",\"@id\":\"https:\/\/www.sindmoveis.com.br\/es\/#\/schema\/person\/image\/\",\"url\":\"https:\/\/secure.gravatar.com\/avatar\/4973e2e2c2a0cb5db30b0c7b770041b8e33d048a16b695a1f99c042449d4bfaf?s=96&d=mm&r=g\",\"contentUrl\":\"https:\/\/secure.gravatar.com\/avatar\/4973e2e2c2a0cb5db30b0c7b770041b8e33d048a16b695a1f99c042449d4bfaf?s=96&d=mm&r=g\",\"caption\":\"Imprensa Sindm\u00f3veis\"},\"url\":\"https:\/\/www.sindmoveis.com.br\/es\/author\/ana\/\"}]}<\/script>\n<!-- \/ Yoast SEO plugin. -->","yoast_head_json":{"title":"Sal\u00e3o Design Casa Brasil tiene etapa final de juicio - Sindm\u00f3veis-RS","robots":{"index":"index","follow":"follow","max-snippet":"max-snippet:-1","max-image-preview":"max-image-preview:large","max-video-preview":"max-video-preview:-1"},"canonical":"https:\/\/www.sindmoveis.com.br\/es\/salao-design-casa-brasil-tem-etapa-final-de-julgamento\/","og_locale":"es_ES","og_type":"article","og_title":"Sal\u00e3o Design Casa Brasil tiene etapa final de juicio - Sindm\u00f3veis-RS","og_description":"Jurado define productos premiados entre lunes y mi\u00e9rcoles. Vencedores ser\u00e1n conocidos d\u00eda 15 &nbsp; Esta semana, el jurado del Sal\u00e3o Design Casa Brasil 2013, el mayor premio de dise\u00f1o de... Leia mais &raquo;","og_url":"https:\/\/www.sindmoveis.com.br\/es\/salao-design-casa-brasil-tem-etapa-final-de-julgamento\/","og_site_name":"Sindm\u00f3veis-RS","article_published_time":"2013-07-09T03:00:00+00:00","article_modified_time":"2021-05-26T13:27:48+00:00","author":"Imprensa Sindm\u00f3veis","twitter_card":"summary_large_image","twitter_misc":{"Escrito por":"Imprensa Sindm\u00f3veis","Tiempo de lectura":"2 minutos"},"schema":{"@context":"https:\/\/schema.org","@graph":[{"@type":"Article","@id":"https:\/\/www.sindmoveis.com.br\/es\/salao-design-casa-brasil-tem-etapa-final-de-julgamento\/#article","isPartOf":{"@id":"https:\/\/www.sindmoveis.com.br\/es\/salao-design-casa-brasil-tem-etapa-final-de-julgamento\/"},"author":{"name":"Imprensa Sindm\u00f3veis","@id":"https:\/\/www.sindmoveis.com.br\/es\/#\/schema\/person\/16d379542db1950a17fe188179340d57"},"headline":"Sal\u00e3o Design Casa Brasil tiene etapa final de juicio","datePublished":"2013-07-09T03:00:00+00:00","dateModified":"2021-05-26T13:27:48+00:00","mainEntityOfPage":{"@id":"https:\/\/www.sindmoveis.com.br\/es\/salao-design-casa-brasil-tem-etapa-final-de-julgamento\/"},"wordCount":316,"articleSection":["Premio Sal\u00e3o Design","Sindm\u00f3veis"],"inLanguage":"es"},{"@type":"WebPage","@id":"https:\/\/www.sindmoveis.com.br\/es\/salao-design-casa-brasil-tem-etapa-final-de-julgamento\/","url":"https:\/\/www.sindmoveis.com.br\/es\/salao-design-casa-brasil-tem-etapa-final-de-julgamento\/","name":"Sal\u00e3o Design Casa Brasil tiene etapa final de juicio - Sindm\u00f3veis-RS","isPartOf":{"@id":"https:\/\/www.sindmoveis.com.br\/es\/#website"},"datePublished":"2013-07-09T03:00:00+00:00","dateModified":"2021-05-26T13:27:48+00:00","author":{"@id":"https:\/\/www.sindmoveis.com.br\/es\/#\/schema\/person\/16d379542db1950a17fe188179340d57"},"inLanguage":"es","potentialAction":[{"@type":"ReadAction","target":["https:\/\/www.sindmoveis.com.br\/es\/salao-design-casa-brasil-tem-etapa-final-de-julgamento\/"]}]},{"@type":"WebSite","@id":"https:\/\/www.sindmoveis.com.br\/es\/#website","url":"https:\/\/www.sindmoveis.com.br\/es\/","name":"Sindm\u00f3veis-RS","description":"","potentialAction":[{"@type":"SearchAction","target":{"@type":"EntryPoint","urlTemplate":"https:\/\/www.sindmoveis.com.br\/es\/?s={search_term_string}"},"query-input":{"@type":"PropertyValueSpecification","valueRequired":true,"valueName":"search_term_string"}}],"inLanguage":"es"},{"@type":"Person","@id":"https:\/\/www.sindmoveis.com.br\/es\/#\/schema\/person\/16d379542db1950a17fe188179340d57","name":"Imprensa Sindm\u00f3veis","image":{"@type":"ImageObject","inLanguage":"es","@id":"https:\/\/www.sindmoveis.com.br\/es\/#\/schema\/person\/image\/","url":"https:\/\/secure.gravatar.com\/avatar\/4973e2e2c2a0cb5db30b0c7b770041b8e33d048a16b695a1f99c042449d4bfaf?s=96&d=mm&r=g","contentUrl":"https:\/\/secure.gravatar.com\/avatar\/4973e2e2c2a0cb5db30b0c7b770041b8e33d048a16b695a1f99c042449d4bfaf?s=96&d=mm&r=g","caption":"Imprensa Sindm\u00f3veis"},"url":"https:\/\/www.sindmoveis.com.br\/es\/author\/ana\/"}]}},"_links":{"self":[{"href":"https:\/\/www.sindmoveis.com.br\/es\/wp-json\/wp\/v2\/posts\/1011","targetHints":{"allow":["GET"]}}],"collection":[{"href":"https:\/\/www.sindmoveis.com.br\/es\/wp-json\/wp\/v2\/posts"}],"about":[{"href":"https:\/\/www.sindmoveis.com.br\/es\/wp-json\/wp\/v2\/types\/post"}],"author":[{"embeddable":true,"href":"https:\/\/www.sindmoveis.com.br\/es\/wp-json\/wp\/v2\/users\/5"}],"replies":[{"embeddable":true,"href":"https:\/\/www.sindmoveis.com.br\/es\/wp-json\/wp\/v2\/comments?post=1011"}],"version-history":[{"count":2,"href":"https:\/\/www.sindmoveis.com.br\/es\/wp-json\/wp\/v2\/posts\/1011\/revisions"}],"predecessor-version":[{"id":3300,"href":"https:\/\/www.sindmoveis.com.br\/es\/wp-json\/wp\/v2\/posts\/1011\/revisions\/3300"}],"wp:attachment":[{"href":"https:\/\/www.sindmoveis.com.br\/es\/wp-json\/wp\/v2\/media?parent=1011"}],"wp:term":[{"taxonomy":"category","embeddable":true,"href":"https:\/\/www.sindmoveis.com.br\/es\/wp-json\/wp\/v2\/categories?post=1011"},{"taxonomy":"post_tag","embeddable":true,"href":"https:\/\/www.sindmoveis.com.br\/es\/wp-json\/wp\/v2\/tags?post=1011"}],"curies":[{"name":"wp","href":"https:\/\/api.w.org\/{rel}","templated":true}]}}