{"id":1010,"date":"2013-07-08T00:00:00","date_gmt":"2013-07-08T03:00:00","guid":{"rendered":"http:\/\/sindmoveis.com.br\/imprensa\/noticias\/casa-brasil-e-casa-cor-firmam-parceria-em-prol-do-design-nacional\/"},"modified":"2021-05-26T10:24:50","modified_gmt":"2021-05-26T13:24:50","slug":"casa-brasil-e-casa-cor-firmam-parceria-em-prol-do-design-nacional","status":"publish","type":"post","link":"https:\/\/www.sindmoveis.com.br\/es\/casa-brasil-e-casa-cor-firmam-parceria-em-prol-do-design-nacional\/","title":{"rendered":"Casa Brasil y Casa Cor firman asociaci\u00f3n en pro del dise\u00f1o nacional"},"content":{"rendered":"<p>Los dos mayores eventos del pa\u00eds de valoraci\u00f3n de la imagen del mueble nacional unen fuerzas para dar un mayor impulso a la creatividad brasile\u00f1a. Casa Cor, la m\u00e1s completa muestra de arquitectura, decoraci\u00f3n y paisajismo de las Am\u00e9ricas y Casa Brasil, la mayor feria de muebles y decoraci\u00f3n de alto nivel en Am\u00e9rica Latina, ser\u00e1n asociadas en una acci\u00f3n in\u00e9dita que proporcionar\u00e1 la divulgaci\u00f3n mutua de acciones y la venida de renombrados arquitectos para la feria, que ocurre de 13 a 16 de agosto, en Bento Gon\u00e7alves, en la Sierra Gaucha.<br \/>\n&nbsp;<br \/>\nLa asociaci\u00f3n integra una acci\u00f3n in\u00e9dita de Casa Brasil para su 4\u00aa edici\u00f3n. La feria proporcionar\u00e1 la venida de un grupo formado por 500 especificadores de las principales capitales de Brasil. Adem\u00e1s de la exposici\u00f3n de muebles y decoraci\u00f3n de alto nivel, Casa Brasil ofrece seminarios internacionales, proyectos paralelos, muestras culturales y la exposici\u00f3n de los vencedores y concurrentes al premio Sal\u00e3o Design Casa Brasil 2013 \u2013 programaciones que cuentan con la participaci\u00f3n de diversos profesionales del elenco Casa Cor.&nbsp;<br \/>\n&nbsp;<br \/>\nPara m\u00e1s informaciones, acceda a www.casabrasil.com.br.&nbsp;<\/p>\n<div><\/div>\n","protected":false},"excerpt":{"rendered":"<p>Los dos mayores eventos del pa\u00eds de valoraci\u00f3n de la imagen del mueble nacional unen fuerzas para dar un mayor impulso a la creatividad brasile\u00f1a. Casa Cor, la m\u00e1s completa&#8230;  <a class=\"excerpt-read-more\" href=\"https:\/\/www.sindmoveis.com.br\/es\/casa-brasil-e-casa-cor-firmam-parceria-em-prol-do-design-nacional\/\" title=\"Read Casa Brasil y Casa Cor firman asociaci\u00f3n en pro del dise\u00f1o nacional\">Leia mais &raquo;<\/a><\/p>\n","protected":false},"author":5,"featured_media":0,"comment_status":"closed","ping_status":"open","sticky":false,"template":"","format":"standard","meta":{"footnotes":"","_links_to":"","_links_to_target":""},"categories":[2],"tags":[],"class_list":["post-1010","post","type-post","status-publish","format-standard","hentry","category-sindmoveis"],"yoast_head":"<!-- This site is optimized with the Yoast SEO plugin v27.0 - https:\/\/yoast.com\/product\/yoast-seo-wordpress\/ -->\n<title>Casa Brasil y Casa Cor firman asociaci\u00f3n en pro del dise\u00f1o nacional - Sindm\u00f3veis-RS<\/title>\n<meta name=\"robots\" content=\"index, follow, max-snippet:-1, max-image-preview:large, max-video-preview:-1\" \/>\n<link rel=\"canonical\" href=\"https:\/\/www.sindmoveis.com.br\/es\/casa-brasil-e-casa-cor-firmam-parceria-em-prol-do-design-nacional\/\" \/>\n<meta property=\"og:locale\" content=\"es_ES\" \/>\n<meta property=\"og:type\" content=\"article\" \/>\n<meta property=\"og:title\" content=\"Casa Brasil y Casa Cor firman asociaci\u00f3n en pro del dise\u00f1o nacional - Sindm\u00f3veis-RS\" \/>\n<meta property=\"og:description\" content=\"Los dos mayores eventos del pa\u00eds de valoraci\u00f3n de la imagen del mueble nacional unen fuerzas para dar un mayor impulso a la creatividad brasile\u00f1a. Casa Cor, la m\u00e1s completa... Leia mais &raquo;\" \/>\n<meta property=\"og:url\" content=\"https:\/\/www.sindmoveis.com.br\/es\/casa-brasil-e-casa-cor-firmam-parceria-em-prol-do-design-nacional\/\" \/>\n<meta property=\"og:site_name\" content=\"Sindm\u00f3veis-RS\" \/>\n<meta property=\"article:published_time\" content=\"2013-07-08T03:00:00+00:00\" \/>\n<meta property=\"article:modified_time\" content=\"2021-05-26T13:24:50+00:00\" \/>\n<meta name=\"author\" content=\"Imprensa Sindm\u00f3veis\" \/>\n<meta name=\"twitter:card\" content=\"summary_large_image\" \/>\n<meta name=\"twitter:label1\" content=\"Escrito por\" \/>\n\t<meta name=\"twitter:data1\" content=\"Imprensa Sindm\u00f3veis\" \/>\n\t<meta name=\"twitter:label2\" content=\"Tiempo de lectura\" \/>\n\t<meta name=\"twitter:data2\" content=\"1 minuto\" \/>\n<script type=\"application\/ld+json\" class=\"yoast-schema-graph\">{\"@context\":\"https:\/\/schema.org\",\"@graph\":[{\"@type\":\"Article\",\"@id\":\"https:\/\/www.sindmoveis.com.br\/es\/casa-brasil-e-casa-cor-firmam-parceria-em-prol-do-design-nacional\/#article\",\"isPartOf\":{\"@id\":\"https:\/\/www.sindmoveis.com.br\/es\/casa-brasil-e-casa-cor-firmam-parceria-em-prol-do-design-nacional\/\"},\"author\":{\"name\":\"Imprensa Sindm\u00f3veis\",\"@id\":\"https:\/\/www.sindmoveis.com.br\/es\/#\/schema\/person\/16d379542db1950a17fe188179340d57\"},\"headline\":\"Casa Brasil y Casa Cor firman asociaci\u00f3n en pro del dise\u00f1o nacional\",\"datePublished\":\"2013-07-08T03:00:00+00:00\",\"dateModified\":\"2021-05-26T13:24:50+00:00\",\"mainEntityOfPage\":{\"@id\":\"https:\/\/www.sindmoveis.com.br\/es\/casa-brasil-e-casa-cor-firmam-parceria-em-prol-do-design-nacional\/\"},\"wordCount\":217,\"articleSection\":[\"Sindm\u00f3veis\"],\"inLanguage\":\"es\"},{\"@type\":\"WebPage\",\"@id\":\"https:\/\/www.sindmoveis.com.br\/es\/casa-brasil-e-casa-cor-firmam-parceria-em-prol-do-design-nacional\/\",\"url\":\"https:\/\/www.sindmoveis.com.br\/es\/casa-brasil-e-casa-cor-firmam-parceria-em-prol-do-design-nacional\/\",\"name\":\"Casa Brasil y Casa Cor firman asociaci\u00f3n en pro del dise\u00f1o nacional - Sindm\u00f3veis-RS\",\"isPartOf\":{\"@id\":\"https:\/\/www.sindmoveis.com.br\/es\/#website\"},\"datePublished\":\"2013-07-08T03:00:00+00:00\",\"dateModified\":\"2021-05-26T13:24:50+00:00\",\"author\":{\"@id\":\"https:\/\/www.sindmoveis.com.br\/es\/#\/schema\/person\/16d379542db1950a17fe188179340d57\"},\"inLanguage\":\"es\",\"potentialAction\":[{\"@type\":\"ReadAction\",\"target\":[\"https:\/\/www.sindmoveis.com.br\/es\/casa-brasil-e-casa-cor-firmam-parceria-em-prol-do-design-nacional\/\"]}]},{\"@type\":\"WebSite\",\"@id\":\"https:\/\/www.sindmoveis.com.br\/es\/#website\",\"url\":\"https:\/\/www.sindmoveis.com.br\/es\/\",\"name\":\"Sindm\u00f3veis-RS\",\"description\":\"\",\"potentialAction\":[{\"@type\":\"SearchAction\",\"target\":{\"@type\":\"EntryPoint\",\"urlTemplate\":\"https:\/\/www.sindmoveis.com.br\/es\/?s={search_term_string}\"},\"query-input\":{\"@type\":\"PropertyValueSpecification\",\"valueRequired\":true,\"valueName\":\"search_term_string\"}}],\"inLanguage\":\"es\"},{\"@type\":\"Person\",\"@id\":\"https:\/\/www.sindmoveis.com.br\/es\/#\/schema\/person\/16d379542db1950a17fe188179340d57\",\"name\":\"Imprensa Sindm\u00f3veis\",\"image\":{\"@type\":\"ImageObject\",\"inLanguage\":\"es\",\"@id\":\"https:\/\/www.sindmoveis.com.br\/es\/#\/schema\/person\/image\/\",\"url\":\"https:\/\/secure.gravatar.com\/avatar\/4973e2e2c2a0cb5db30b0c7b770041b8e33d048a16b695a1f99c042449d4bfaf?s=96&d=mm&r=g\",\"contentUrl\":\"https:\/\/secure.gravatar.com\/avatar\/4973e2e2c2a0cb5db30b0c7b770041b8e33d048a16b695a1f99c042449d4bfaf?s=96&d=mm&r=g\",\"caption\":\"Imprensa Sindm\u00f3veis\"},\"url\":\"https:\/\/www.sindmoveis.com.br\/es\/author\/ana\/\"}]}<\/script>\n<!-- \/ Yoast SEO plugin. -->","yoast_head_json":{"title":"Casa Brasil y Casa Cor firman asociaci\u00f3n en pro del dise\u00f1o nacional - Sindm\u00f3veis-RS","robots":{"index":"index","follow":"follow","max-snippet":"max-snippet:-1","max-image-preview":"max-image-preview:large","max-video-preview":"max-video-preview:-1"},"canonical":"https:\/\/www.sindmoveis.com.br\/es\/casa-brasil-e-casa-cor-firmam-parceria-em-prol-do-design-nacional\/","og_locale":"es_ES","og_type":"article","og_title":"Casa Brasil y Casa Cor firman asociaci\u00f3n en pro del dise\u00f1o nacional - Sindm\u00f3veis-RS","og_description":"Los dos mayores eventos del pa\u00eds de valoraci\u00f3n de la imagen del mueble nacional unen fuerzas para dar un mayor impulso a la creatividad brasile\u00f1a. Casa Cor, la m\u00e1s completa... Leia mais &raquo;","og_url":"https:\/\/www.sindmoveis.com.br\/es\/casa-brasil-e-casa-cor-firmam-parceria-em-prol-do-design-nacional\/","og_site_name":"Sindm\u00f3veis-RS","article_published_time":"2013-07-08T03:00:00+00:00","article_modified_time":"2021-05-26T13:24:50+00:00","author":"Imprensa Sindm\u00f3veis","twitter_card":"summary_large_image","twitter_misc":{"Escrito por":"Imprensa Sindm\u00f3veis","Tiempo de lectura":"1 minuto"},"schema":{"@context":"https:\/\/schema.org","@graph":[{"@type":"Article","@id":"https:\/\/www.sindmoveis.com.br\/es\/casa-brasil-e-casa-cor-firmam-parceria-em-prol-do-design-nacional\/#article","isPartOf":{"@id":"https:\/\/www.sindmoveis.com.br\/es\/casa-brasil-e-casa-cor-firmam-parceria-em-prol-do-design-nacional\/"},"author":{"name":"Imprensa Sindm\u00f3veis","@id":"https:\/\/www.sindmoveis.com.br\/es\/#\/schema\/person\/16d379542db1950a17fe188179340d57"},"headline":"Casa Brasil y Casa Cor firman asociaci\u00f3n en pro del dise\u00f1o nacional","datePublished":"2013-07-08T03:00:00+00:00","dateModified":"2021-05-26T13:24:50+00:00","mainEntityOfPage":{"@id":"https:\/\/www.sindmoveis.com.br\/es\/casa-brasil-e-casa-cor-firmam-parceria-em-prol-do-design-nacional\/"},"wordCount":217,"articleSection":["Sindm\u00f3veis"],"inLanguage":"es"},{"@type":"WebPage","@id":"https:\/\/www.sindmoveis.com.br\/es\/casa-brasil-e-casa-cor-firmam-parceria-em-prol-do-design-nacional\/","url":"https:\/\/www.sindmoveis.com.br\/es\/casa-brasil-e-casa-cor-firmam-parceria-em-prol-do-design-nacional\/","name":"Casa Brasil y Casa Cor firman asociaci\u00f3n en pro del dise\u00f1o nacional - Sindm\u00f3veis-RS","isPartOf":{"@id":"https:\/\/www.sindmoveis.com.br\/es\/#website"},"datePublished":"2013-07-08T03:00:00+00:00","dateModified":"2021-05-26T13:24:50+00:00","author":{"@id":"https:\/\/www.sindmoveis.com.br\/es\/#\/schema\/person\/16d379542db1950a17fe188179340d57"},"inLanguage":"es","potentialAction":[{"@type":"ReadAction","target":["https:\/\/www.sindmoveis.com.br\/es\/casa-brasil-e-casa-cor-firmam-parceria-em-prol-do-design-nacional\/"]}]},{"@type":"WebSite","@id":"https:\/\/www.sindmoveis.com.br\/es\/#website","url":"https:\/\/www.sindmoveis.com.br\/es\/","name":"Sindm\u00f3veis-RS","description":"","potentialAction":[{"@type":"SearchAction","target":{"@type":"EntryPoint","urlTemplate":"https:\/\/www.sindmoveis.com.br\/es\/?s={search_term_string}"},"query-input":{"@type":"PropertyValueSpecification","valueRequired":true,"valueName":"search_term_string"}}],"inLanguage":"es"},{"@type":"Person","@id":"https:\/\/www.sindmoveis.com.br\/es\/#\/schema\/person\/16d379542db1950a17fe188179340d57","name":"Imprensa Sindm\u00f3veis","image":{"@type":"ImageObject","inLanguage":"es","@id":"https:\/\/www.sindmoveis.com.br\/es\/#\/schema\/person\/image\/","url":"https:\/\/secure.gravatar.com\/avatar\/4973e2e2c2a0cb5db30b0c7b770041b8e33d048a16b695a1f99c042449d4bfaf?s=96&d=mm&r=g","contentUrl":"https:\/\/secure.gravatar.com\/avatar\/4973e2e2c2a0cb5db30b0c7b770041b8e33d048a16b695a1f99c042449d4bfaf?s=96&d=mm&r=g","caption":"Imprensa Sindm\u00f3veis"},"url":"https:\/\/www.sindmoveis.com.br\/es\/author\/ana\/"}]}},"_links":{"self":[{"href":"https:\/\/www.sindmoveis.com.br\/es\/wp-json\/wp\/v2\/posts\/1010","targetHints":{"allow":["GET"]}}],"collection":[{"href":"https:\/\/www.sindmoveis.com.br\/es\/wp-json\/wp\/v2\/posts"}],"about":[{"href":"https:\/\/www.sindmoveis.com.br\/es\/wp-json\/wp\/v2\/types\/post"}],"author":[{"embeddable":true,"href":"https:\/\/www.sindmoveis.com.br\/es\/wp-json\/wp\/v2\/users\/5"}],"replies":[{"embeddable":true,"href":"https:\/\/www.sindmoveis.com.br\/es\/wp-json\/wp\/v2\/comments?post=1010"}],"version-history":[{"count":2,"href":"https:\/\/www.sindmoveis.com.br\/es\/wp-json\/wp\/v2\/posts\/1010\/revisions"}],"predecessor-version":[{"id":3299,"href":"https:\/\/www.sindmoveis.com.br\/es\/wp-json\/wp\/v2\/posts\/1010\/revisions\/3299"}],"wp:attachment":[{"href":"https:\/\/www.sindmoveis.com.br\/es\/wp-json\/wp\/v2\/media?parent=1010"}],"wp:term":[{"taxonomy":"category","embeddable":true,"href":"https:\/\/www.sindmoveis.com.br\/es\/wp-json\/wp\/v2\/categories?post=1010"},{"taxonomy":"post_tag","embeddable":true,"href":"https:\/\/www.sindmoveis.com.br\/es\/wp-json\/wp\/v2\/tags?post=1010"}],"curies":[{"name":"wp","href":"https:\/\/api.w.org\/{rel}","templated":true}]}}