{"id":1009,"date":"2013-06-27T00:00:00","date_gmt":"2013-06-27T03:00:00","guid":{"rendered":"http:\/\/sindmoveis.com.br\/imprensa\/noticias\/projeto-orchestra-brasil-leva-empresas-a-fitecma-em-buenos-aires\/"},"modified":"2021-05-26T10:28:38","modified_gmt":"2021-05-26T13:28:38","slug":"projeto-orchestra-brasil-leva-empresas-a-fitecma-em-buenos-aires","status":"publish","type":"post","link":"https:\/\/www.sindmoveis.com.br\/es\/projeto-orchestra-brasil-leva-empresas-a-fitecma-em-buenos-aires\/","title":{"rendered":"Proyecto Orchestra Brasil lleva empresas a Fitecma, en Buenos Aires"},"content":{"rendered":"<p>Proveedores de la cadena del mobiliario participantes del proyecto Orchestra Brasil de incentivo a las exportaciones estar\u00e1n presentas en la Feria Internacional de la Madera y Tecnolog\u00eda (Fitecma), de 02 a 06 de julio, en Buenos Aires. El proyecto, una asociaci\u00f3n entre la Agencia Brasile\u00f1a de Promoci\u00f3n de Exportaciones e Inversiones (Apex-Brasil) y el Sindicato de las Industrias del Mobiliario de Bento Gon\u00e7alves (Sindm\u00f3veis), proporcionar\u00e1 a las empresas Adami, Amazonas, Bramacol, Joelini, Kolafit y Tabone la exposici\u00f3n de sus productos en un stand colectivo. Esa es la 11\u00aa edici\u00f3n de la feria bienal argentina, que, en 2011, recibi\u00f3 m\u00e1s de 13 mil visitantes.<br \/>\n&nbsp;<br \/>\nTradicional asociada comercial de Brasil para productos industriales, Argentina fue el principal pa\u00eds importador de acabados y productos qu\u00edmicos brasile\u00f1os en 2012, el segundo mayor de accesorios y componentes y el tercero para tecnolog\u00eda. A pesar de los recientes obst\u00e1culos enfrentados con relaci\u00f3n a las exportaciones para el pa\u00eds vecino, Argentina es el segundo principal mercado de las empresas participantes del Proyecto Orchestra Brasil, atr\u00e1s apenas de Estados Unidos.<br \/>\n&nbsp;<br \/>\nEl desempe\u00f1o de las empresas participantes del Proyecto Orchestra Brasil en el mercado argentino est\u00e1 siendo superior a las exportaciones brasile\u00f1as de los mismos productos. Despu\u00e9s de una ca\u00edda m\u00e1s amena que la brasile\u00f1a en 2012 (3,9% y 12%, respectivamente), en el primer trimestre de 2013 los valores exportados por Brasil registraron un descenso de 2,1% mientras las exportaciones de las empresas del Proyecto crecieron 8,9% con relaci\u00f3n al mismo per\u00edodo de 2012.<br \/>\n&nbsp;<br \/>\nEl Proyecto Orchestra Brasil se destina a promover la inserci\u00f3n competitiva de &nbsp;fabricantes de insumos, componentes, tecnolog\u00edas y servicio de dise\u00f1o para el sector del mobiliario en el mercado externo. Actualmente, 77 industrias y 32 estudios de dise\u00f1o participan de la iniciativa. Entre 2012 y 2013, el convenio de cooperaci\u00f3n t\u00e9cnica y financiera entre Sindm\u00f3veis y \u00e1pex-Brasil prev\u00e9 acciones en 11 mercados objetivo: Estados Unidos, M\u00e9xico, Colombia, Per\u00fa, Chile, Argentina, Paraguay, Uruguay, Sud\u00e1frica, Canad\u00e1 y Turqu\u00eda.<\/p>\n<div><\/div>\n","protected":false},"excerpt":{"rendered":"<p>Proveedores de la cadena del mobiliario participantes del proyecto Orchestra Brasil de incentivo a las exportaciones estar\u00e1n presentas en la Feria Internacional de la Madera y Tecnolog\u00eda (Fitecma), de 02&#8230;  <a class=\"excerpt-read-more\" href=\"https:\/\/www.sindmoveis.com.br\/es\/projeto-orchestra-brasil-leva-empresas-a-fitecma-em-buenos-aires\/\" title=\"Read Proyecto Orchestra Brasil lleva empresas a Fitecma, en Buenos Aires\">Leia mais &raquo;<\/a><\/p>\n","protected":false},"author":5,"featured_media":3298,"comment_status":"closed","ping_status":"open","sticky":false,"template":"","format":"standard","meta":{"footnotes":"","_links_to":"","_links_to_target":""},"categories":[22,2],"tags":[],"class_list":["post-1009","post","type-post","status-publish","format-standard","has-post-thumbnail","hentry","category-proyecto-orchestra-brasil","category-sindmoveis"],"yoast_head":"<!-- This site is optimized with the Yoast SEO plugin v27.0 - https:\/\/yoast.com\/product\/yoast-seo-wordpress\/ -->\n<title>Proyecto Orchestra Brasil lleva empresas a Fitecma, en Buenos Aires - Sindm\u00f3veis-RS<\/title>\n<meta name=\"robots\" content=\"index, follow, max-snippet:-1, max-image-preview:large, max-video-preview:-1\" \/>\n<link rel=\"canonical\" href=\"https:\/\/www.sindmoveis.com.br\/es\/projeto-orchestra-brasil-leva-empresas-a-fitecma-em-buenos-aires\/\" \/>\n<meta property=\"og:locale\" content=\"es_ES\" \/>\n<meta property=\"og:type\" content=\"article\" \/>\n<meta property=\"og:title\" content=\"Proyecto Orchestra Brasil lleva empresas a Fitecma, en Buenos Aires - Sindm\u00f3veis-RS\" \/>\n<meta property=\"og:description\" content=\"Proveedores de la cadena del mobiliario participantes del proyecto Orchestra Brasil de incentivo a las exportaciones estar\u00e1n presentas en la Feria Internacional de la Madera y Tecnolog\u00eda (Fitecma), de 02... Leia mais &raquo;\" \/>\n<meta property=\"og:url\" content=\"https:\/\/www.sindmoveis.com.br\/es\/projeto-orchestra-brasil-leva-empresas-a-fitecma-em-buenos-aires\/\" \/>\n<meta property=\"og:site_name\" content=\"Sindm\u00f3veis-RS\" \/>\n<meta property=\"article:published_time\" content=\"2013-06-27T03:00:00+00:00\" \/>\n<meta property=\"article:modified_time\" content=\"2021-05-26T13:28:38+00:00\" \/>\n<meta property=\"og:image\" content=\"https:\/\/www.sindmoveis.com.br\/es\/wp-content\/uploads\/2021\/05\/p1374087602.jpg\" \/>\n\t<meta property=\"og:image:width\" content=\"600\" \/>\n\t<meta property=\"og:image:height\" content=\"449\" \/>\n\t<meta property=\"og:image:type\" content=\"image\/jpeg\" \/>\n<meta name=\"author\" content=\"Imprensa Sindm\u00f3veis\" \/>\n<meta name=\"twitter:card\" content=\"summary_large_image\" \/>\n<meta name=\"twitter:label1\" content=\"Escrito por\" \/>\n\t<meta name=\"twitter:data1\" content=\"Imprensa Sindm\u00f3veis\" \/>\n\t<meta name=\"twitter:label2\" content=\"Tiempo de lectura\" \/>\n\t<meta name=\"twitter:data2\" content=\"2 minutos\" \/>\n<script type=\"application\/ld+json\" class=\"yoast-schema-graph\">{\"@context\":\"https:\/\/schema.org\",\"@graph\":[{\"@type\":\"Article\",\"@id\":\"https:\/\/www.sindmoveis.com.br\/es\/projeto-orchestra-brasil-leva-empresas-a-fitecma-em-buenos-aires\/#article\",\"isPartOf\":{\"@id\":\"https:\/\/www.sindmoveis.com.br\/es\/projeto-orchestra-brasil-leva-empresas-a-fitecma-em-buenos-aires\/\"},\"author\":{\"name\":\"Imprensa Sindm\u00f3veis\",\"@id\":\"https:\/\/www.sindmoveis.com.br\/es\/#\/schema\/person\/16d379542db1950a17fe188179340d57\"},\"headline\":\"Proyecto Orchestra Brasil lleva empresas a Fitecma, en Buenos Aires\",\"datePublished\":\"2013-06-27T03:00:00+00:00\",\"dateModified\":\"2021-05-26T13:28:38+00:00\",\"mainEntityOfPage\":{\"@id\":\"https:\/\/www.sindmoveis.com.br\/es\/projeto-orchestra-brasil-leva-empresas-a-fitecma-em-buenos-aires\/\"},\"wordCount\":353,\"image\":{\"@id\":\"https:\/\/www.sindmoveis.com.br\/es\/projeto-orchestra-brasil-leva-empresas-a-fitecma-em-buenos-aires\/#primaryimage\"},\"thumbnailUrl\":\"https:\/\/www.sindmoveis.com.br\/es\/wp-content\/uploads\/2021\/05\/p1374087602.jpg\",\"articleSection\":[\"Proyecto Orchestra Brasil\",\"Sindm\u00f3veis\"],\"inLanguage\":\"es\"},{\"@type\":\"WebPage\",\"@id\":\"https:\/\/www.sindmoveis.com.br\/es\/projeto-orchestra-brasil-leva-empresas-a-fitecma-em-buenos-aires\/\",\"url\":\"https:\/\/www.sindmoveis.com.br\/es\/projeto-orchestra-brasil-leva-empresas-a-fitecma-em-buenos-aires\/\",\"name\":\"Proyecto Orchestra Brasil lleva empresas a Fitecma, en Buenos Aires - Sindm\u00f3veis-RS\",\"isPartOf\":{\"@id\":\"https:\/\/www.sindmoveis.com.br\/es\/#website\"},\"primaryImageOfPage\":{\"@id\":\"https:\/\/www.sindmoveis.com.br\/es\/projeto-orchestra-brasil-leva-empresas-a-fitecma-em-buenos-aires\/#primaryimage\"},\"image\":{\"@id\":\"https:\/\/www.sindmoveis.com.br\/es\/projeto-orchestra-brasil-leva-empresas-a-fitecma-em-buenos-aires\/#primaryimage\"},\"thumbnailUrl\":\"https:\/\/www.sindmoveis.com.br\/es\/wp-content\/uploads\/2021\/05\/p1374087602.jpg\",\"datePublished\":\"2013-06-27T03:00:00+00:00\",\"dateModified\":\"2021-05-26T13:28:38+00:00\",\"author\":{\"@id\":\"https:\/\/www.sindmoveis.com.br\/es\/#\/schema\/person\/16d379542db1950a17fe188179340d57\"},\"inLanguage\":\"es\",\"potentialAction\":[{\"@type\":\"ReadAction\",\"target\":[\"https:\/\/www.sindmoveis.com.br\/es\/projeto-orchestra-brasil-leva-empresas-a-fitecma-em-buenos-aires\/\"]}]},{\"@type\":\"ImageObject\",\"inLanguage\":\"es\",\"@id\":\"https:\/\/www.sindmoveis.com.br\/es\/projeto-orchestra-brasil-leva-empresas-a-fitecma-em-buenos-aires\/#primaryimage\",\"url\":\"https:\/\/www.sindmoveis.com.br\/es\/wp-content\/uploads\/2021\/05\/p1374087602.jpg\",\"contentUrl\":\"https:\/\/www.sindmoveis.com.br\/es\/wp-content\/uploads\/2021\/05\/p1374087602.jpg\",\"width\":600,\"height\":449,\"caption\":\"Divulga\u00e7\u00e3o\/Sindm\u00f3veis\"},{\"@type\":\"WebSite\",\"@id\":\"https:\/\/www.sindmoveis.com.br\/es\/#website\",\"url\":\"https:\/\/www.sindmoveis.com.br\/es\/\",\"name\":\"Sindm\u00f3veis-RS\",\"description\":\"\",\"potentialAction\":[{\"@type\":\"SearchAction\",\"target\":{\"@type\":\"EntryPoint\",\"urlTemplate\":\"https:\/\/www.sindmoveis.com.br\/es\/?s={search_term_string}\"},\"query-input\":{\"@type\":\"PropertyValueSpecification\",\"valueRequired\":true,\"valueName\":\"search_term_string\"}}],\"inLanguage\":\"es\"},{\"@type\":\"Person\",\"@id\":\"https:\/\/www.sindmoveis.com.br\/es\/#\/schema\/person\/16d379542db1950a17fe188179340d57\",\"name\":\"Imprensa Sindm\u00f3veis\",\"image\":{\"@type\":\"ImageObject\",\"inLanguage\":\"es\",\"@id\":\"https:\/\/www.sindmoveis.com.br\/es\/#\/schema\/person\/image\/\",\"url\":\"https:\/\/secure.gravatar.com\/avatar\/4973e2e2c2a0cb5db30b0c7b770041b8e33d048a16b695a1f99c042449d4bfaf?s=96&d=mm&r=g\",\"contentUrl\":\"https:\/\/secure.gravatar.com\/avatar\/4973e2e2c2a0cb5db30b0c7b770041b8e33d048a16b695a1f99c042449d4bfaf?s=96&d=mm&r=g\",\"caption\":\"Imprensa Sindm\u00f3veis\"},\"url\":\"https:\/\/www.sindmoveis.com.br\/es\/author\/ana\/\"}]}<\/script>\n<!-- \/ Yoast SEO plugin. -->","yoast_head_json":{"title":"Proyecto Orchestra Brasil lleva empresas a Fitecma, en Buenos Aires - Sindm\u00f3veis-RS","robots":{"index":"index","follow":"follow","max-snippet":"max-snippet:-1","max-image-preview":"max-image-preview:large","max-video-preview":"max-video-preview:-1"},"canonical":"https:\/\/www.sindmoveis.com.br\/es\/projeto-orchestra-brasil-leva-empresas-a-fitecma-em-buenos-aires\/","og_locale":"es_ES","og_type":"article","og_title":"Proyecto Orchestra Brasil lleva empresas a Fitecma, en Buenos Aires - Sindm\u00f3veis-RS","og_description":"Proveedores de la cadena del mobiliario participantes del proyecto Orchestra Brasil de incentivo a las exportaciones estar\u00e1n presentas en la Feria Internacional de la Madera y Tecnolog\u00eda (Fitecma), de 02... Leia mais &raquo;","og_url":"https:\/\/www.sindmoveis.com.br\/es\/projeto-orchestra-brasil-leva-empresas-a-fitecma-em-buenos-aires\/","og_site_name":"Sindm\u00f3veis-RS","article_published_time":"2013-06-27T03:00:00+00:00","article_modified_time":"2021-05-26T13:28:38+00:00","og_image":[{"width":600,"height":449,"url":"https:\/\/www.sindmoveis.com.br\/es\/wp-content\/uploads\/2021\/05\/p1374087602.jpg","type":"image\/jpeg"}],"author":"Imprensa Sindm\u00f3veis","twitter_card":"summary_large_image","twitter_misc":{"Escrito por":"Imprensa Sindm\u00f3veis","Tiempo de lectura":"2 minutos"},"schema":{"@context":"https:\/\/schema.org","@graph":[{"@type":"Article","@id":"https:\/\/www.sindmoveis.com.br\/es\/projeto-orchestra-brasil-leva-empresas-a-fitecma-em-buenos-aires\/#article","isPartOf":{"@id":"https:\/\/www.sindmoveis.com.br\/es\/projeto-orchestra-brasil-leva-empresas-a-fitecma-em-buenos-aires\/"},"author":{"name":"Imprensa Sindm\u00f3veis","@id":"https:\/\/www.sindmoveis.com.br\/es\/#\/schema\/person\/16d379542db1950a17fe188179340d57"},"headline":"Proyecto Orchestra Brasil lleva empresas a Fitecma, en Buenos Aires","datePublished":"2013-06-27T03:00:00+00:00","dateModified":"2021-05-26T13:28:38+00:00","mainEntityOfPage":{"@id":"https:\/\/www.sindmoveis.com.br\/es\/projeto-orchestra-brasil-leva-empresas-a-fitecma-em-buenos-aires\/"},"wordCount":353,"image":{"@id":"https:\/\/www.sindmoveis.com.br\/es\/projeto-orchestra-brasil-leva-empresas-a-fitecma-em-buenos-aires\/#primaryimage"},"thumbnailUrl":"https:\/\/www.sindmoveis.com.br\/es\/wp-content\/uploads\/2021\/05\/p1374087602.jpg","articleSection":["Proyecto Orchestra Brasil","Sindm\u00f3veis"],"inLanguage":"es"},{"@type":"WebPage","@id":"https:\/\/www.sindmoveis.com.br\/es\/projeto-orchestra-brasil-leva-empresas-a-fitecma-em-buenos-aires\/","url":"https:\/\/www.sindmoveis.com.br\/es\/projeto-orchestra-brasil-leva-empresas-a-fitecma-em-buenos-aires\/","name":"Proyecto Orchestra Brasil lleva empresas a Fitecma, en Buenos Aires - Sindm\u00f3veis-RS","isPartOf":{"@id":"https:\/\/www.sindmoveis.com.br\/es\/#website"},"primaryImageOfPage":{"@id":"https:\/\/www.sindmoveis.com.br\/es\/projeto-orchestra-brasil-leva-empresas-a-fitecma-em-buenos-aires\/#primaryimage"},"image":{"@id":"https:\/\/www.sindmoveis.com.br\/es\/projeto-orchestra-brasil-leva-empresas-a-fitecma-em-buenos-aires\/#primaryimage"},"thumbnailUrl":"https:\/\/www.sindmoveis.com.br\/es\/wp-content\/uploads\/2021\/05\/p1374087602.jpg","datePublished":"2013-06-27T03:00:00+00:00","dateModified":"2021-05-26T13:28:38+00:00","author":{"@id":"https:\/\/www.sindmoveis.com.br\/es\/#\/schema\/person\/16d379542db1950a17fe188179340d57"},"inLanguage":"es","potentialAction":[{"@type":"ReadAction","target":["https:\/\/www.sindmoveis.com.br\/es\/projeto-orchestra-brasil-leva-empresas-a-fitecma-em-buenos-aires\/"]}]},{"@type":"ImageObject","inLanguage":"es","@id":"https:\/\/www.sindmoveis.com.br\/es\/projeto-orchestra-brasil-leva-empresas-a-fitecma-em-buenos-aires\/#primaryimage","url":"https:\/\/www.sindmoveis.com.br\/es\/wp-content\/uploads\/2021\/05\/p1374087602.jpg","contentUrl":"https:\/\/www.sindmoveis.com.br\/es\/wp-content\/uploads\/2021\/05\/p1374087602.jpg","width":600,"height":449,"caption":"Divulga\u00e7\u00e3o\/Sindm\u00f3veis"},{"@type":"WebSite","@id":"https:\/\/www.sindmoveis.com.br\/es\/#website","url":"https:\/\/www.sindmoveis.com.br\/es\/","name":"Sindm\u00f3veis-RS","description":"","potentialAction":[{"@type":"SearchAction","target":{"@type":"EntryPoint","urlTemplate":"https:\/\/www.sindmoveis.com.br\/es\/?s={search_term_string}"},"query-input":{"@type":"PropertyValueSpecification","valueRequired":true,"valueName":"search_term_string"}}],"inLanguage":"es"},{"@type":"Person","@id":"https:\/\/www.sindmoveis.com.br\/es\/#\/schema\/person\/16d379542db1950a17fe188179340d57","name":"Imprensa Sindm\u00f3veis","image":{"@type":"ImageObject","inLanguage":"es","@id":"https:\/\/www.sindmoveis.com.br\/es\/#\/schema\/person\/image\/","url":"https:\/\/secure.gravatar.com\/avatar\/4973e2e2c2a0cb5db30b0c7b770041b8e33d048a16b695a1f99c042449d4bfaf?s=96&d=mm&r=g","contentUrl":"https:\/\/secure.gravatar.com\/avatar\/4973e2e2c2a0cb5db30b0c7b770041b8e33d048a16b695a1f99c042449d4bfaf?s=96&d=mm&r=g","caption":"Imprensa Sindm\u00f3veis"},"url":"https:\/\/www.sindmoveis.com.br\/es\/author\/ana\/"}]}},"_links":{"self":[{"href":"https:\/\/www.sindmoveis.com.br\/es\/wp-json\/wp\/v2\/posts\/1009","targetHints":{"allow":["GET"]}}],"collection":[{"href":"https:\/\/www.sindmoveis.com.br\/es\/wp-json\/wp\/v2\/posts"}],"about":[{"href":"https:\/\/www.sindmoveis.com.br\/es\/wp-json\/wp\/v2\/types\/post"}],"author":[{"embeddable":true,"href":"https:\/\/www.sindmoveis.com.br\/es\/wp-json\/wp\/v2\/users\/5"}],"replies":[{"embeddable":true,"href":"https:\/\/www.sindmoveis.com.br\/es\/wp-json\/wp\/v2\/comments?post=1009"}],"version-history":[{"count":2,"href":"https:\/\/www.sindmoveis.com.br\/es\/wp-json\/wp\/v2\/posts\/1009\/revisions"}],"predecessor-version":[{"id":3297,"href":"https:\/\/www.sindmoveis.com.br\/es\/wp-json\/wp\/v2\/posts\/1009\/revisions\/3297"}],"wp:featuredmedia":[{"embeddable":true,"href":"https:\/\/www.sindmoveis.com.br\/es\/wp-json\/wp\/v2\/media\/3298"}],"wp:attachment":[{"href":"https:\/\/www.sindmoveis.com.br\/es\/wp-json\/wp\/v2\/media?parent=1009"}],"wp:term":[{"taxonomy":"category","embeddable":true,"href":"https:\/\/www.sindmoveis.com.br\/es\/wp-json\/wp\/v2\/categories?post=1009"},{"taxonomy":"post_tag","embeddable":true,"href":"https:\/\/www.sindmoveis.com.br\/es\/wp-json\/wp\/v2\/tags?post=1009"}],"curies":[{"name":"wp","href":"https:\/\/api.w.org\/{rel}","templated":true}]}}