{"id":1006,"date":"2013-06-12T00:00:00","date_gmt":"2013-06-12T03:00:00","guid":{"rendered":"http:\/\/sindmoveis.com.br\/imprensa\/noticias\/governo-federal-lanca-programa-de-financiamento-para-moveis-populares-e-eletrodomesticos\/"},"modified":"2021-05-26T10:24:50","modified_gmt":"2021-05-26T13:24:50","slug":"governo-federal-lanca-programa-de-financiamento-para-moveis-populares-e-eletrodomesticos","status":"publish","type":"post","link":"https:\/\/www.sindmoveis.com.br\/es\/governo-federal-lanca-programa-de-financiamento-para-moveis-populares-e-eletrodomesticos\/","title":{"rendered":"Gobierno Federal lanza programa de financiamiento para muebles populares y electrodom\u00e9sticos"},"content":{"rendered":"<p>El Gobierno Federal lanz\u00f3 el pasado mi\u00e9rcoles, d\u00eda 12, m\u00e1s un programa de incentivo a la adquisici\u00f3n de muebles y electrodom\u00e9sticos para los beneficiarios del programa \u201cMinha Casa, Minha Vida\u201d (Mi Casa, Mi Vida). La l\u00ednea de cr\u00e9dito \u201cMinha Casa Melhor\u201d (Mi Casa Mejor), operada por la entidad bancaria Caixa Econ\u00f3mica Federal y Banco do Brasil, tiene un l\u00edmite de R$ 5.000 por familia, con tasas de 5% al a\u00f1o, para ser pagado en un plazo de hasta 48 meses y descuento de 5% con relaci\u00f3n a los precios al contado.<br \/>\n&nbsp;<br \/>\nEsa es una reivindicaci\u00f3n del sector del mobiliario que tuvo origen hace tres a\u00f1os, durante Movelsul 2010, cuando fue entregado a representantes de la entidad bancaria antes mencionada, un proyecto previo para la inclusi\u00f3n de muebles en los financiamientos de programas habitacionales. Despu\u00e9s de ello, surgieron iniciativas como el programa Cred M\u00f3veis Caixa y M\u00f3veis Card.&nbsp;<br \/>\n&nbsp;<br \/>\nPara la presidente del Sindicato de las Industrias del Mobiliario de Bento Gon\u00e7alves \u2013 Sindm\u00f3veis, C\u00e1tia Scarton, \u00e9ste es m\u00e1s un resultado favorable al sector, que integra el programa Brasil Mayor de est\u00edmulo a la producci\u00f3n industrial. Aunque beneficie m\u00e1s directamente los polos productores de muebles populares en serie \u2013 lo que no es el caso de Bento Gon\u00e7alves \u2013 la medida estimula el consumo de muebles. \u201cPrincipalmente, esos programas de financiamiento dan mayor visibilidad al sector del mobiliario\u201d, analiza.&nbsp;<br \/>\n&nbsp;<br \/>\nEl programa \u201cMinha Casa Melhor\u201d tiene una l\u00ednea de cr\u00e9dito total de 18.700 millones de reales y permite la compra de refrigerador, cocina, lavadora de ropas autom\u00e1tica, computadora, TV digital, ropero, cama de una y dos plazas (con o sin colch\u00f3n), mesa con sillas y sof\u00e1. Cada producto tiene un valor m\u00e1ximo de compra permitido y apenas tiendas y redes acreditadas podr\u00e1n aceptar la tarjeta magn\u00e9tica emitida por las operadoras del programa. Para saber m\u00e1s sobre el programa y conocer las tiendas acreditadas, acceda a www.minhacasamelhor.com.br&nbsp;<br \/>\n&nbsp;<\/p>\n","protected":false},"excerpt":{"rendered":"<p>El Gobierno Federal lanz\u00f3 el pasado mi\u00e9rcoles, d\u00eda 12, m\u00e1s un programa de incentivo a la adquisici\u00f3n de muebles y electrodom\u00e9sticos para los beneficiarios del programa \u201cMinha Casa, Minha Vida\u201d&#8230;  <a class=\"excerpt-read-more\" href=\"https:\/\/www.sindmoveis.com.br\/es\/governo-federal-lanca-programa-de-financiamento-para-moveis-populares-e-eletrodomesticos\/\" title=\"Read Gobierno Federal lanza programa de financiamiento para muebles populares y electrodom\u00e9sticos\">Leia mais &raquo;<\/a><\/p>\n","protected":false},"author":5,"featured_media":0,"comment_status":"closed","ping_status":"open","sticky":false,"template":"","format":"standard","meta":{"footnotes":"","_links_to":"","_links_to_target":""},"categories":[2],"tags":[],"class_list":["post-1006","post","type-post","status-publish","format-standard","hentry","category-sindmoveis"],"yoast_head":"<!-- This site is optimized with the Yoast SEO plugin v27.0 - https:\/\/yoast.com\/product\/yoast-seo-wordpress\/ -->\n<title>Gobierno Federal lanza programa de financiamiento para muebles populares y electrodom\u00e9sticos - Sindm\u00f3veis-RS<\/title>\n<meta name=\"robots\" content=\"index, follow, max-snippet:-1, max-image-preview:large, max-video-preview:-1\" \/>\n<link rel=\"canonical\" href=\"https:\/\/www.sindmoveis.com.br\/es\/governo-federal-lanca-programa-de-financiamento-para-moveis-populares-e-eletrodomesticos\/\" \/>\n<meta property=\"og:locale\" content=\"es_ES\" \/>\n<meta property=\"og:type\" content=\"article\" \/>\n<meta property=\"og:title\" content=\"Gobierno Federal lanza programa de financiamiento para muebles populares y electrodom\u00e9sticos - Sindm\u00f3veis-RS\" \/>\n<meta property=\"og:description\" content=\"El Gobierno Federal lanz\u00f3 el pasado mi\u00e9rcoles, d\u00eda 12, m\u00e1s un programa de incentivo a la adquisici\u00f3n de muebles y electrodom\u00e9sticos para los beneficiarios del programa \u201cMinha Casa, Minha Vida\u201d... Leia mais &raquo;\" \/>\n<meta property=\"og:url\" content=\"https:\/\/www.sindmoveis.com.br\/es\/governo-federal-lanca-programa-de-financiamento-para-moveis-populares-e-eletrodomesticos\/\" \/>\n<meta property=\"og:site_name\" content=\"Sindm\u00f3veis-RS\" \/>\n<meta property=\"article:published_time\" content=\"2013-06-12T03:00:00+00:00\" \/>\n<meta property=\"article:modified_time\" content=\"2021-05-26T13:24:50+00:00\" \/>\n<meta name=\"author\" content=\"Imprensa Sindm\u00f3veis\" \/>\n<meta name=\"twitter:card\" content=\"summary_large_image\" \/>\n<meta name=\"twitter:label1\" content=\"Escrito por\" \/>\n\t<meta name=\"twitter:data1\" content=\"Imprensa Sindm\u00f3veis\" \/>\n\t<meta name=\"twitter:label2\" content=\"Tiempo de lectura\" \/>\n\t<meta name=\"twitter:data2\" content=\"2 minutos\" \/>\n<script type=\"application\/ld+json\" class=\"yoast-schema-graph\">{\"@context\":\"https:\/\/schema.org\",\"@graph\":[{\"@type\":\"Article\",\"@id\":\"https:\/\/www.sindmoveis.com.br\/es\/governo-federal-lanca-programa-de-financiamento-para-moveis-populares-e-eletrodomesticos\/#article\",\"isPartOf\":{\"@id\":\"https:\/\/www.sindmoveis.com.br\/es\/governo-federal-lanca-programa-de-financiamento-para-moveis-populares-e-eletrodomesticos\/\"},\"author\":{\"name\":\"Imprensa Sindm\u00f3veis\",\"@id\":\"https:\/\/www.sindmoveis.com.br\/es\/#\/schema\/person\/16d379542db1950a17fe188179340d57\"},\"headline\":\"Gobierno Federal lanza programa de financiamiento para muebles populares y electrodom\u00e9sticos\",\"datePublished\":\"2013-06-12T03:00:00+00:00\",\"dateModified\":\"2021-05-26T13:24:50+00:00\",\"mainEntityOfPage\":{\"@id\":\"https:\/\/www.sindmoveis.com.br\/es\/governo-federal-lanca-programa-de-financiamento-para-moveis-populares-e-eletrodomesticos\/\"},\"wordCount\":358,\"articleSection\":[\"Sindm\u00f3veis\"],\"inLanguage\":\"es\"},{\"@type\":\"WebPage\",\"@id\":\"https:\/\/www.sindmoveis.com.br\/es\/governo-federal-lanca-programa-de-financiamento-para-moveis-populares-e-eletrodomesticos\/\",\"url\":\"https:\/\/www.sindmoveis.com.br\/es\/governo-federal-lanca-programa-de-financiamento-para-moveis-populares-e-eletrodomesticos\/\",\"name\":\"Gobierno Federal lanza programa de financiamiento para muebles populares y electrodom\u00e9sticos - Sindm\u00f3veis-RS\",\"isPartOf\":{\"@id\":\"https:\/\/www.sindmoveis.com.br\/es\/#website\"},\"datePublished\":\"2013-06-12T03:00:00+00:00\",\"dateModified\":\"2021-05-26T13:24:50+00:00\",\"author\":{\"@id\":\"https:\/\/www.sindmoveis.com.br\/es\/#\/schema\/person\/16d379542db1950a17fe188179340d57\"},\"inLanguage\":\"es\",\"potentialAction\":[{\"@type\":\"ReadAction\",\"target\":[\"https:\/\/www.sindmoveis.com.br\/es\/governo-federal-lanca-programa-de-financiamento-para-moveis-populares-e-eletrodomesticos\/\"]}]},{\"@type\":\"WebSite\",\"@id\":\"https:\/\/www.sindmoveis.com.br\/es\/#website\",\"url\":\"https:\/\/www.sindmoveis.com.br\/es\/\",\"name\":\"Sindm\u00f3veis-RS\",\"description\":\"\",\"potentialAction\":[{\"@type\":\"SearchAction\",\"target\":{\"@type\":\"EntryPoint\",\"urlTemplate\":\"https:\/\/www.sindmoveis.com.br\/es\/?s={search_term_string}\"},\"query-input\":{\"@type\":\"PropertyValueSpecification\",\"valueRequired\":true,\"valueName\":\"search_term_string\"}}],\"inLanguage\":\"es\"},{\"@type\":\"Person\",\"@id\":\"https:\/\/www.sindmoveis.com.br\/es\/#\/schema\/person\/16d379542db1950a17fe188179340d57\",\"name\":\"Imprensa Sindm\u00f3veis\",\"image\":{\"@type\":\"ImageObject\",\"inLanguage\":\"es\",\"@id\":\"https:\/\/www.sindmoveis.com.br\/es\/#\/schema\/person\/image\/\",\"url\":\"https:\/\/secure.gravatar.com\/avatar\/4973e2e2c2a0cb5db30b0c7b770041b8e33d048a16b695a1f99c042449d4bfaf?s=96&d=mm&r=g\",\"contentUrl\":\"https:\/\/secure.gravatar.com\/avatar\/4973e2e2c2a0cb5db30b0c7b770041b8e33d048a16b695a1f99c042449d4bfaf?s=96&d=mm&r=g\",\"caption\":\"Imprensa Sindm\u00f3veis\"},\"url\":\"https:\/\/www.sindmoveis.com.br\/es\/author\/ana\/\"}]}<\/script>\n<!-- \/ Yoast SEO plugin. -->","yoast_head_json":{"title":"Gobierno Federal lanza programa de financiamiento para muebles populares y electrodom\u00e9sticos - Sindm\u00f3veis-RS","robots":{"index":"index","follow":"follow","max-snippet":"max-snippet:-1","max-image-preview":"max-image-preview:large","max-video-preview":"max-video-preview:-1"},"canonical":"https:\/\/www.sindmoveis.com.br\/es\/governo-federal-lanca-programa-de-financiamento-para-moveis-populares-e-eletrodomesticos\/","og_locale":"es_ES","og_type":"article","og_title":"Gobierno Federal lanza programa de financiamiento para muebles populares y electrodom\u00e9sticos - Sindm\u00f3veis-RS","og_description":"El Gobierno Federal lanz\u00f3 el pasado mi\u00e9rcoles, d\u00eda 12, m\u00e1s un programa de incentivo a la adquisici\u00f3n de muebles y electrodom\u00e9sticos para los beneficiarios del programa \u201cMinha Casa, Minha Vida\u201d... Leia mais &raquo;","og_url":"https:\/\/www.sindmoveis.com.br\/es\/governo-federal-lanca-programa-de-financiamento-para-moveis-populares-e-eletrodomesticos\/","og_site_name":"Sindm\u00f3veis-RS","article_published_time":"2013-06-12T03:00:00+00:00","article_modified_time":"2021-05-26T13:24:50+00:00","author":"Imprensa Sindm\u00f3veis","twitter_card":"summary_large_image","twitter_misc":{"Escrito por":"Imprensa Sindm\u00f3veis","Tiempo de lectura":"2 minutos"},"schema":{"@context":"https:\/\/schema.org","@graph":[{"@type":"Article","@id":"https:\/\/www.sindmoveis.com.br\/es\/governo-federal-lanca-programa-de-financiamento-para-moveis-populares-e-eletrodomesticos\/#article","isPartOf":{"@id":"https:\/\/www.sindmoveis.com.br\/es\/governo-federal-lanca-programa-de-financiamento-para-moveis-populares-e-eletrodomesticos\/"},"author":{"name":"Imprensa Sindm\u00f3veis","@id":"https:\/\/www.sindmoveis.com.br\/es\/#\/schema\/person\/16d379542db1950a17fe188179340d57"},"headline":"Gobierno Federal lanza programa de financiamiento para muebles populares y electrodom\u00e9sticos","datePublished":"2013-06-12T03:00:00+00:00","dateModified":"2021-05-26T13:24:50+00:00","mainEntityOfPage":{"@id":"https:\/\/www.sindmoveis.com.br\/es\/governo-federal-lanca-programa-de-financiamento-para-moveis-populares-e-eletrodomesticos\/"},"wordCount":358,"articleSection":["Sindm\u00f3veis"],"inLanguage":"es"},{"@type":"WebPage","@id":"https:\/\/www.sindmoveis.com.br\/es\/governo-federal-lanca-programa-de-financiamento-para-moveis-populares-e-eletrodomesticos\/","url":"https:\/\/www.sindmoveis.com.br\/es\/governo-federal-lanca-programa-de-financiamento-para-moveis-populares-e-eletrodomesticos\/","name":"Gobierno Federal lanza programa de financiamiento para muebles populares y electrodom\u00e9sticos - Sindm\u00f3veis-RS","isPartOf":{"@id":"https:\/\/www.sindmoveis.com.br\/es\/#website"},"datePublished":"2013-06-12T03:00:00+00:00","dateModified":"2021-05-26T13:24:50+00:00","author":{"@id":"https:\/\/www.sindmoveis.com.br\/es\/#\/schema\/person\/16d379542db1950a17fe188179340d57"},"inLanguage":"es","potentialAction":[{"@type":"ReadAction","target":["https:\/\/www.sindmoveis.com.br\/es\/governo-federal-lanca-programa-de-financiamento-para-moveis-populares-e-eletrodomesticos\/"]}]},{"@type":"WebSite","@id":"https:\/\/www.sindmoveis.com.br\/es\/#website","url":"https:\/\/www.sindmoveis.com.br\/es\/","name":"Sindm\u00f3veis-RS","description":"","potentialAction":[{"@type":"SearchAction","target":{"@type":"EntryPoint","urlTemplate":"https:\/\/www.sindmoveis.com.br\/es\/?s={search_term_string}"},"query-input":{"@type":"PropertyValueSpecification","valueRequired":true,"valueName":"search_term_string"}}],"inLanguage":"es"},{"@type":"Person","@id":"https:\/\/www.sindmoveis.com.br\/es\/#\/schema\/person\/16d379542db1950a17fe188179340d57","name":"Imprensa Sindm\u00f3veis","image":{"@type":"ImageObject","inLanguage":"es","@id":"https:\/\/www.sindmoveis.com.br\/es\/#\/schema\/person\/image\/","url":"https:\/\/secure.gravatar.com\/avatar\/4973e2e2c2a0cb5db30b0c7b770041b8e33d048a16b695a1f99c042449d4bfaf?s=96&d=mm&r=g","contentUrl":"https:\/\/secure.gravatar.com\/avatar\/4973e2e2c2a0cb5db30b0c7b770041b8e33d048a16b695a1f99c042449d4bfaf?s=96&d=mm&r=g","caption":"Imprensa Sindm\u00f3veis"},"url":"https:\/\/www.sindmoveis.com.br\/es\/author\/ana\/"}]}},"_links":{"self":[{"href":"https:\/\/www.sindmoveis.com.br\/es\/wp-json\/wp\/v2\/posts\/1006","targetHints":{"allow":["GET"]}}],"collection":[{"href":"https:\/\/www.sindmoveis.com.br\/es\/wp-json\/wp\/v2\/posts"}],"about":[{"href":"https:\/\/www.sindmoveis.com.br\/es\/wp-json\/wp\/v2\/types\/post"}],"author":[{"embeddable":true,"href":"https:\/\/www.sindmoveis.com.br\/es\/wp-json\/wp\/v2\/users\/5"}],"replies":[{"embeddable":true,"href":"https:\/\/www.sindmoveis.com.br\/es\/wp-json\/wp\/v2\/comments?post=1006"}],"version-history":[{"count":2,"href":"https:\/\/www.sindmoveis.com.br\/es\/wp-json\/wp\/v2\/posts\/1006\/revisions"}],"predecessor-version":[{"id":3295,"href":"https:\/\/www.sindmoveis.com.br\/es\/wp-json\/wp\/v2\/posts\/1006\/revisions\/3295"}],"wp:attachment":[{"href":"https:\/\/www.sindmoveis.com.br\/es\/wp-json\/wp\/v2\/media?parent=1006"}],"wp:term":[{"taxonomy":"category","embeddable":true,"href":"https:\/\/www.sindmoveis.com.br\/es\/wp-json\/wp\/v2\/categories?post=1006"},{"taxonomy":"post_tag","embeddable":true,"href":"https:\/\/www.sindmoveis.com.br\/es\/wp-json\/wp\/v2\/tags?post=1006"}],"curies":[{"name":"wp","href":"https:\/\/api.w.org\/{rel}","templated":true}]}}