{"id":1004,"date":"2013-06-10T00:00:00","date_gmt":"2013-06-10T03:00:00","guid":{"rendered":"http:\/\/sindmoveis.com.br\/imprensa\/noticias\/documentario-sobre-a-casa-brasil-reune-nomes-famosos-do-design-nacional\/"},"modified":"2021-05-26T10:24:50","modified_gmt":"2021-05-26T13:24:50","slug":"documentario-sobre-a-casa-brasil-reune-nomes-famosos-do-design-nacional","status":"publish","type":"post","link":"https:\/\/www.sindmoveis.com.br\/es\/documentario-sobre-a-casa-brasil-reune-nomes-famosos-do-design-nacional\/","title":{"rendered":"Documental sobre  Casa Brasil re\u00fane nombres famosos del dise\u00f1o nacional"},"content":{"rendered":"<p>Grandes nombres de la arquitectura y del dise\u00f1o brasile\u00f1o se reunieron para hablar de una de las m\u00e1s importantes ferias de dise\u00f1o y negocios de Am\u00e9rica Latina. El resultado es el documental que relata la historia de Casa Brasil, evento que se realiza en Bento Gon\u00e7alves desde 2007.<br \/>\n&nbsp;<br \/>\nAdem\u00e1s de la curadora de la feria, Mar\u00eda Helena Estrada, el arquitecto Marcelo Rosenbaum y el dise\u00f1ador Fred Gelli hablan sobre la importancia de Casa Brasil para el desarrollo y consolidaci\u00f3n del dise\u00f1o nacional e internacional. Gelli es el responsable por la creaci\u00f3n del logotipo de las Olimpiadas de 2016, y es un viejo conocido de Casa Brasil. Ya Marcelo Rosenbaum, que se hizo conocido del gran p\u00fablico por la participaci\u00f3n en el cuadro \u201cHogar dulce hogar\u201d &nbsp;del programa de televisi\u00f3n Caldeir\u00e3o do Huck de la Red Globo, particip\u00f3 en 2099 como conferencista. El documental tambi\u00e9n cuenta con la participaci\u00f3n de las arquitectas Tina y Lui, nombres que igualmente integran la curadur\u00eda de la feria.<br \/>\n&nbsp;<br \/>\nLa 4\u00aa edici\u00f3n de Casa Brasil ocurre entre los d\u00edas 13 y 16 de agosto, en Bento Gon\u00e7alves. En la \u00faltima edici\u00f3n, m\u00e1s de 20 mil visitantes pasaron por la Sierra Gaucha y movilizaron aproximadamente R$ 200 millones en negocios. Para esta edici\u00f3n, 75% de los espacios ya est\u00e1n comercializados, &nbsp;la expectativa es que la feria reciba 150 expositores &nbsp;y que el giro de negocios alcance el mismo valor de la \u00faltima edici\u00f3n.<br \/>\n&nbsp;<br \/>\n<span>El video est\u00e1 disponible en el canal de Casa Brasil en YouTube:&nbsp;<span><a href=\"http:\/\/www.sindmoveis.com.br\/@www.youtube.com\/watch?v=GOM-hZAGDWU&amp;feature=youtu.be\" target=\"_blank\" rel=\"noopener\">http:\/\/www.youtube.com\/watch?v=GOM-hZAGDWU&amp;feature=youtu.be<\/a>&nbsp;<\/span><\/span><br \/>\n&nbsp;<\/p>\n","protected":false},"excerpt":{"rendered":"<p>Grandes nombres de la arquitectura y del dise\u00f1o brasile\u00f1o se reunieron para hablar de una de las m\u00e1s importantes ferias de dise\u00f1o y negocios de Am\u00e9rica Latina. El resultado es&#8230;  <a class=\"excerpt-read-more\" href=\"https:\/\/www.sindmoveis.com.br\/es\/documentario-sobre-a-casa-brasil-reune-nomes-famosos-do-design-nacional\/\" title=\"Read Documental sobre  Casa Brasil re\u00fane nombres famosos del dise\u00f1o nacional\">Leia mais &raquo;<\/a><\/p>\n","protected":false},"author":5,"featured_media":0,"comment_status":"closed","ping_status":"open","sticky":false,"template":"","format":"standard","meta":{"footnotes":"","_links_to":"","_links_to_target":""},"categories":[2],"tags":[],"class_list":["post-1004","post","type-post","status-publish","format-standard","hentry","category-sindmoveis"],"yoast_head":"<!-- This site is optimized with the Yoast SEO plugin v27.0 - https:\/\/yoast.com\/product\/yoast-seo-wordpress\/ -->\n<title>Documental sobre Casa Brasil re\u00fane nombres famosos del dise\u00f1o nacional - Sindm\u00f3veis-RS<\/title>\n<meta name=\"robots\" content=\"index, follow, max-snippet:-1, max-image-preview:large, max-video-preview:-1\" \/>\n<link rel=\"canonical\" href=\"https:\/\/www.sindmoveis.com.br\/es\/documentario-sobre-a-casa-brasil-reune-nomes-famosos-do-design-nacional\/\" \/>\n<meta property=\"og:locale\" content=\"es_ES\" \/>\n<meta property=\"og:type\" content=\"article\" \/>\n<meta property=\"og:title\" content=\"Documental sobre Casa Brasil re\u00fane nombres famosos del dise\u00f1o nacional - Sindm\u00f3veis-RS\" \/>\n<meta property=\"og:description\" content=\"Grandes nombres de la arquitectura y del dise\u00f1o brasile\u00f1o se reunieron para hablar de una de las m\u00e1s importantes ferias de dise\u00f1o y negocios de Am\u00e9rica Latina. El resultado es... Leia mais &raquo;\" \/>\n<meta property=\"og:url\" content=\"https:\/\/www.sindmoveis.com.br\/es\/documentario-sobre-a-casa-brasil-reune-nomes-famosos-do-design-nacional\/\" \/>\n<meta property=\"og:site_name\" content=\"Sindm\u00f3veis-RS\" \/>\n<meta property=\"article:published_time\" content=\"2013-06-10T03:00:00+00:00\" \/>\n<meta property=\"article:modified_time\" content=\"2021-05-26T13:24:50+00:00\" \/>\n<meta name=\"author\" content=\"Imprensa Sindm\u00f3veis\" \/>\n<meta name=\"twitter:card\" content=\"summary_large_image\" \/>\n<meta name=\"twitter:label1\" content=\"Escrito por\" \/>\n\t<meta name=\"twitter:data1\" content=\"Imprensa Sindm\u00f3veis\" \/>\n\t<meta name=\"twitter:label2\" content=\"Tiempo de lectura\" \/>\n\t<meta name=\"twitter:data2\" content=\"1 minuto\" \/>\n<script type=\"application\/ld+json\" class=\"yoast-schema-graph\">{\"@context\":\"https:\/\/schema.org\",\"@graph\":[{\"@type\":\"Article\",\"@id\":\"https:\/\/www.sindmoveis.com.br\/es\/documentario-sobre-a-casa-brasil-reune-nomes-famosos-do-design-nacional\/#article\",\"isPartOf\":{\"@id\":\"https:\/\/www.sindmoveis.com.br\/es\/documentario-sobre-a-casa-brasil-reune-nomes-famosos-do-design-nacional\/\"},\"author\":{\"name\":\"Imprensa Sindm\u00f3veis\",\"@id\":\"https:\/\/www.sindmoveis.com.br\/es\/#\/schema\/person\/16d379542db1950a17fe188179340d57\"},\"headline\":\"Documental sobre Casa Brasil re\u00fane nombres famosos del dise\u00f1o nacional\",\"datePublished\":\"2013-06-10T03:00:00+00:00\",\"dateModified\":\"2021-05-26T13:24:50+00:00\",\"mainEntityOfPage\":{\"@id\":\"https:\/\/www.sindmoveis.com.br\/es\/documentario-sobre-a-casa-brasil-reune-nomes-famosos-do-design-nacional\/\"},\"wordCount\":297,\"articleSection\":[\"Sindm\u00f3veis\"],\"inLanguage\":\"es\"},{\"@type\":\"WebPage\",\"@id\":\"https:\/\/www.sindmoveis.com.br\/es\/documentario-sobre-a-casa-brasil-reune-nomes-famosos-do-design-nacional\/\",\"url\":\"https:\/\/www.sindmoveis.com.br\/es\/documentario-sobre-a-casa-brasil-reune-nomes-famosos-do-design-nacional\/\",\"name\":\"Documental sobre Casa Brasil re\u00fane nombres famosos del dise\u00f1o nacional - Sindm\u00f3veis-RS\",\"isPartOf\":{\"@id\":\"https:\/\/www.sindmoveis.com.br\/es\/#website\"},\"datePublished\":\"2013-06-10T03:00:00+00:00\",\"dateModified\":\"2021-05-26T13:24:50+00:00\",\"author\":{\"@id\":\"https:\/\/www.sindmoveis.com.br\/es\/#\/schema\/person\/16d379542db1950a17fe188179340d57\"},\"inLanguage\":\"es\",\"potentialAction\":[{\"@type\":\"ReadAction\",\"target\":[\"https:\/\/www.sindmoveis.com.br\/es\/documentario-sobre-a-casa-brasil-reune-nomes-famosos-do-design-nacional\/\"]}]},{\"@type\":\"WebSite\",\"@id\":\"https:\/\/www.sindmoveis.com.br\/es\/#website\",\"url\":\"https:\/\/www.sindmoveis.com.br\/es\/\",\"name\":\"Sindm\u00f3veis-RS\",\"description\":\"\",\"potentialAction\":[{\"@type\":\"SearchAction\",\"target\":{\"@type\":\"EntryPoint\",\"urlTemplate\":\"https:\/\/www.sindmoveis.com.br\/es\/?s={search_term_string}\"},\"query-input\":{\"@type\":\"PropertyValueSpecification\",\"valueRequired\":true,\"valueName\":\"search_term_string\"}}],\"inLanguage\":\"es\"},{\"@type\":\"Person\",\"@id\":\"https:\/\/www.sindmoveis.com.br\/es\/#\/schema\/person\/16d379542db1950a17fe188179340d57\",\"name\":\"Imprensa Sindm\u00f3veis\",\"image\":{\"@type\":\"ImageObject\",\"inLanguage\":\"es\",\"@id\":\"https:\/\/www.sindmoveis.com.br\/es\/#\/schema\/person\/image\/\",\"url\":\"https:\/\/secure.gravatar.com\/avatar\/4973e2e2c2a0cb5db30b0c7b770041b8e33d048a16b695a1f99c042449d4bfaf?s=96&d=mm&r=g\",\"contentUrl\":\"https:\/\/secure.gravatar.com\/avatar\/4973e2e2c2a0cb5db30b0c7b770041b8e33d048a16b695a1f99c042449d4bfaf?s=96&d=mm&r=g\",\"caption\":\"Imprensa Sindm\u00f3veis\"},\"url\":\"https:\/\/www.sindmoveis.com.br\/es\/author\/ana\/\"}]}<\/script>\n<!-- \/ Yoast SEO plugin. -->","yoast_head_json":{"title":"Documental sobre Casa Brasil re\u00fane nombres famosos del dise\u00f1o nacional - Sindm\u00f3veis-RS","robots":{"index":"index","follow":"follow","max-snippet":"max-snippet:-1","max-image-preview":"max-image-preview:large","max-video-preview":"max-video-preview:-1"},"canonical":"https:\/\/www.sindmoveis.com.br\/es\/documentario-sobre-a-casa-brasil-reune-nomes-famosos-do-design-nacional\/","og_locale":"es_ES","og_type":"article","og_title":"Documental sobre Casa Brasil re\u00fane nombres famosos del dise\u00f1o nacional - Sindm\u00f3veis-RS","og_description":"Grandes nombres de la arquitectura y del dise\u00f1o brasile\u00f1o se reunieron para hablar de una de las m\u00e1s importantes ferias de dise\u00f1o y negocios de Am\u00e9rica Latina. El resultado es... Leia mais &raquo;","og_url":"https:\/\/www.sindmoveis.com.br\/es\/documentario-sobre-a-casa-brasil-reune-nomes-famosos-do-design-nacional\/","og_site_name":"Sindm\u00f3veis-RS","article_published_time":"2013-06-10T03:00:00+00:00","article_modified_time":"2021-05-26T13:24:50+00:00","author":"Imprensa Sindm\u00f3veis","twitter_card":"summary_large_image","twitter_misc":{"Escrito por":"Imprensa Sindm\u00f3veis","Tiempo de lectura":"1 minuto"},"schema":{"@context":"https:\/\/schema.org","@graph":[{"@type":"Article","@id":"https:\/\/www.sindmoveis.com.br\/es\/documentario-sobre-a-casa-brasil-reune-nomes-famosos-do-design-nacional\/#article","isPartOf":{"@id":"https:\/\/www.sindmoveis.com.br\/es\/documentario-sobre-a-casa-brasil-reune-nomes-famosos-do-design-nacional\/"},"author":{"name":"Imprensa Sindm\u00f3veis","@id":"https:\/\/www.sindmoveis.com.br\/es\/#\/schema\/person\/16d379542db1950a17fe188179340d57"},"headline":"Documental sobre Casa Brasil re\u00fane nombres famosos del dise\u00f1o nacional","datePublished":"2013-06-10T03:00:00+00:00","dateModified":"2021-05-26T13:24:50+00:00","mainEntityOfPage":{"@id":"https:\/\/www.sindmoveis.com.br\/es\/documentario-sobre-a-casa-brasil-reune-nomes-famosos-do-design-nacional\/"},"wordCount":297,"articleSection":["Sindm\u00f3veis"],"inLanguage":"es"},{"@type":"WebPage","@id":"https:\/\/www.sindmoveis.com.br\/es\/documentario-sobre-a-casa-brasil-reune-nomes-famosos-do-design-nacional\/","url":"https:\/\/www.sindmoveis.com.br\/es\/documentario-sobre-a-casa-brasil-reune-nomes-famosos-do-design-nacional\/","name":"Documental sobre Casa Brasil re\u00fane nombres famosos del dise\u00f1o nacional - Sindm\u00f3veis-RS","isPartOf":{"@id":"https:\/\/www.sindmoveis.com.br\/es\/#website"},"datePublished":"2013-06-10T03:00:00+00:00","dateModified":"2021-05-26T13:24:50+00:00","author":{"@id":"https:\/\/www.sindmoveis.com.br\/es\/#\/schema\/person\/16d379542db1950a17fe188179340d57"},"inLanguage":"es","potentialAction":[{"@type":"ReadAction","target":["https:\/\/www.sindmoveis.com.br\/es\/documentario-sobre-a-casa-brasil-reune-nomes-famosos-do-design-nacional\/"]}]},{"@type":"WebSite","@id":"https:\/\/www.sindmoveis.com.br\/es\/#website","url":"https:\/\/www.sindmoveis.com.br\/es\/","name":"Sindm\u00f3veis-RS","description":"","potentialAction":[{"@type":"SearchAction","target":{"@type":"EntryPoint","urlTemplate":"https:\/\/www.sindmoveis.com.br\/es\/?s={search_term_string}"},"query-input":{"@type":"PropertyValueSpecification","valueRequired":true,"valueName":"search_term_string"}}],"inLanguage":"es"},{"@type":"Person","@id":"https:\/\/www.sindmoveis.com.br\/es\/#\/schema\/person\/16d379542db1950a17fe188179340d57","name":"Imprensa Sindm\u00f3veis","image":{"@type":"ImageObject","inLanguage":"es","@id":"https:\/\/www.sindmoveis.com.br\/es\/#\/schema\/person\/image\/","url":"https:\/\/secure.gravatar.com\/avatar\/4973e2e2c2a0cb5db30b0c7b770041b8e33d048a16b695a1f99c042449d4bfaf?s=96&d=mm&r=g","contentUrl":"https:\/\/secure.gravatar.com\/avatar\/4973e2e2c2a0cb5db30b0c7b770041b8e33d048a16b695a1f99c042449d4bfaf?s=96&d=mm&r=g","caption":"Imprensa Sindm\u00f3veis"},"url":"https:\/\/www.sindmoveis.com.br\/es\/author\/ana\/"}]}},"_links":{"self":[{"href":"https:\/\/www.sindmoveis.com.br\/es\/wp-json\/wp\/v2\/posts\/1004","targetHints":{"allow":["GET"]}}],"collection":[{"href":"https:\/\/www.sindmoveis.com.br\/es\/wp-json\/wp\/v2\/posts"}],"about":[{"href":"https:\/\/www.sindmoveis.com.br\/es\/wp-json\/wp\/v2\/types\/post"}],"author":[{"embeddable":true,"href":"https:\/\/www.sindmoveis.com.br\/es\/wp-json\/wp\/v2\/users\/5"}],"replies":[{"embeddable":true,"href":"https:\/\/www.sindmoveis.com.br\/es\/wp-json\/wp\/v2\/comments?post=1004"}],"version-history":[{"count":2,"href":"https:\/\/www.sindmoveis.com.br\/es\/wp-json\/wp\/v2\/posts\/1004\/revisions"}],"predecessor-version":[{"id":3292,"href":"https:\/\/www.sindmoveis.com.br\/es\/wp-json\/wp\/v2\/posts\/1004\/revisions\/3292"}],"wp:attachment":[{"href":"https:\/\/www.sindmoveis.com.br\/es\/wp-json\/wp\/v2\/media?parent=1004"}],"wp:term":[{"taxonomy":"category","embeddable":true,"href":"https:\/\/www.sindmoveis.com.br\/es\/wp-json\/wp\/v2\/categories?post=1004"},{"taxonomy":"post_tag","embeddable":true,"href":"https:\/\/www.sindmoveis.com.br\/es\/wp-json\/wp\/v2\/tags?post=1004"}],"curies":[{"name":"wp","href":"https:\/\/api.w.org\/{rel}","templated":true}]}}