{"id":979,"date":"2013-03-20T00:00:00","date_gmt":"2013-03-20T03:00:00","guid":{"rendered":"http:\/\/sindmoveis.com.br\/imprensa\/noticias\/salao-design-casa-brasil-2013-tem-122-finalistas\/"},"modified":"2021-05-26T10:46:07","modified_gmt":"2021-05-26T13:46:07","slug":"salao-design-casa-brasil-2013-tem-122-finalistas","status":"publish","type":"post","link":"https:\/\/www.sindmoveis.com.br\/en\/salao-design-casa-brasil-2013-tem-122-finalistas\/","title":{"rendered":"Sal\u00e3o Design Casa Brasil 2013 has 122 finalists"},"content":{"rendered":"<p>The result of first phase of Sal\u00e3o Design Casa Brasil 2013, the leading furniture design award in Latin America, was announced by the jury: 122 entries were selected for to the next phase. Now, competitors have to send the products prototypes for evaluation until June 26. The award, held by the Furniture Industry Association of Bento Gon\u00e7alves (Sindm\u00f3veis) for 25 years, aims to integrate creativity and technological innovation with furniture and accessories through design.&nbsp;<br \/>\n&nbsp;<br \/>\nThe prizes in this edition will total R$ 175,000 for the student, professional and industry classes. The judging panel consists of &nbsp;five renowned professionals and representatives of national and international organizations: journalist Maria Helena Estrada, professors Ivens Fontoura (PUC-PR) and Gabriel Sim\u00f3n Sol (Universidad Aut\u00f3noma Metropolitana \u2013 Mexico), designer Leonardo Lattavo from Rio de Janeiro and architect Ilse Lang from Rio Grande do Sul.<br \/>\n&nbsp;<br \/>\nAccording to the judges, on average, the projects entered in the competition had better quality compared to previous editions of the award. For judge Ivens Fontoura, there was a smaller number of project speculations, that is, entries that would hardly have any technical implementation. In his opinion competitors have innovated in the use of materials, and presented new technologies and patterns of usage. The result was a balanced debate among members of the judging committee. &#8220;A jury is a marriage where the spouses do not choose each other. We noticed, based on the cohesion of our evaluations, that the proposals have improved,&#8221; he says.<br \/>\n&nbsp;<br \/>\nFontoura also emphasizes that the primary goal of design is to offer people better life quality providing more comfortable objects that use less energy and raw materials to be manufactured. However, the jury also took into account the emotion caused by the project entered. &#8220;A good object is one that is noticeable among others, that stands out and makes the beholder feel empathy,&#8221; he says.<br \/>\n&nbsp;<br \/>\nSal\u00e3o Design Casa Brasil 2013 received 776 entries, of which 15% were selected for the next phase. According to judge Leonardo Lattavo, this first analysis was based on information that included the project, and three-dimensional and photographic analysis. These technical criteria were added to the historical memory of the judges, which allows the connection of the proposals to global design references and even the identification of attempts to copy. One of the criteria taking into consideration was the level of the project details &#8211; if there was a satisfactory description of the parts and assembly. &#8220;There were projects with great potential, but so incomplete that they were disqualified,&#8221; he pointed out.&nbsp;<br \/>\n&nbsp;<br \/>\nSponsored by Impress and Berneck, Sal\u00e3o Design Casa Brasil 2013 will have seven categories: Furniture for Bedrooms, Furniture for Dining and Living Rooms, Furniture for Kitchens, Laundry Rooms and Bathrooms, Outdoor Furniture, Home-Office and Office Furniture (including furniture for commercial and public areas), Home Utensils and Lighting. In addition to the cash prizes given to the above-mentioned categories, the products also compete for other traditional trophies: Master Teacher Award, Alternative Woods Award and the new Ecodesign Award, a trophy added for this year\u2019s competition.&nbsp;<br \/>\n&nbsp;<br \/>\nA list containing the selected entries will be available as of March 25 at www.salaodesign.com.br\/blog. The award winners will be chosen on July 8 and 9 and the award ceremony will be held during Casa Brasil 2013. The award winners products and the entries selected for the second phase will be exhibited at the fair, which will take place from August 13-16, at Parque de Eventos in Bento Gon\u00e7alves.&nbsp;<br \/>\n&nbsp;<\/p>\n","protected":false},"excerpt":{"rendered":"<p>The result of first phase of Sal\u00e3o Design Casa Brasil 2013, the leading furniture design award in Latin America, was announced by the jury: 122 entries were selected for to&#8230;  <a class=\"excerpt-read-more\" href=\"https:\/\/www.sindmoveis.com.br\/en\/salao-design-casa-brasil-2013-tem-122-finalistas\/\" title=\"Read Sal\u00e3o Design Casa Brasil 2013 has 122 finalists\">Leia mais &raquo;<\/a><\/p>\n","protected":false},"author":5,"featured_media":3268,"comment_status":"closed","ping_status":"open","sticky":false,"template":"","format":"standard","meta":{"footnotes":"","_links_to":"","_links_to_target":""},"categories":[21,2],"tags":[],"class_list":["post-979","post","type-post","status-publish","format-standard","has-post-thumbnail","hentry","category-salao-design-award","category-sindmoveis"],"yoast_head":"<!-- This site is optimized with the Yoast SEO plugin v27.0 - https:\/\/yoast.com\/product\/yoast-seo-wordpress\/ -->\n<title>Sal\u00e3o Design Casa Brasil 2013 has 122 finalists - Sindm\u00f3veis-RS<\/title>\n<meta name=\"robots\" content=\"index, follow, max-snippet:-1, max-image-preview:large, max-video-preview:-1\" \/>\n<link rel=\"canonical\" href=\"https:\/\/www.sindmoveis.com.br\/en\/salao-design-casa-brasil-2013-tem-122-finalistas\/\" \/>\n<meta property=\"og:locale\" content=\"en_US\" \/>\n<meta property=\"og:type\" content=\"article\" \/>\n<meta property=\"og:title\" content=\"Sal\u00e3o Design Casa Brasil 2013 has 122 finalists - Sindm\u00f3veis-RS\" \/>\n<meta property=\"og:description\" content=\"The result of first phase of Sal\u00e3o Design Casa Brasil 2013, the leading furniture design award in Latin America, was announced by the jury: 122 entries were selected for to... Leia mais &raquo;\" \/>\n<meta property=\"og:url\" content=\"https:\/\/www.sindmoveis.com.br\/en\/salao-design-casa-brasil-2013-tem-122-finalistas\/\" \/>\n<meta property=\"og:site_name\" content=\"Sindm\u00f3veis-RS\" \/>\n<meta property=\"article:published_time\" content=\"2013-03-20T03:00:00+00:00\" \/>\n<meta property=\"article:modified_time\" content=\"2021-05-26T13:46:07+00:00\" \/>\n<meta property=\"og:image\" content=\"https:\/\/www.sindmoveis.com.br\/en\/wp-content\/uploads\/2021\/05\/p1370347956.jpg\" \/>\n\t<meta property=\"og:image:width\" content=\"600\" \/>\n\t<meta property=\"og:image:height\" content=\"400\" \/>\n\t<meta property=\"og:image:type\" content=\"image\/jpeg\" \/>\n<meta name=\"author\" content=\"Imprensa Sindm\u00f3veis\" \/>\n<meta name=\"twitter:card\" content=\"summary_large_image\" \/>\n<meta name=\"twitter:label1\" content=\"Written by\" \/>\n\t<meta name=\"twitter:data1\" content=\"Imprensa Sindm\u00f3veis\" \/>\n\t<meta name=\"twitter:label2\" content=\"Est. reading time\" \/>\n\t<meta name=\"twitter:data2\" content=\"3 minutes\" \/>\n<script type=\"application\/ld+json\" class=\"yoast-schema-graph\">{\"@context\":\"https:\/\/schema.org\",\"@graph\":[{\"@type\":\"Article\",\"@id\":\"https:\/\/www.sindmoveis.com.br\/en\/salao-design-casa-brasil-2013-tem-122-finalistas\/#article\",\"isPartOf\":{\"@id\":\"https:\/\/www.sindmoveis.com.br\/en\/salao-design-casa-brasil-2013-tem-122-finalistas\/\"},\"author\":{\"name\":\"Imprensa Sindm\u00f3veis\",\"@id\":\"https:\/\/www.sindmoveis.com.br\/en\/#\/schema\/person\/16d379542db1950a17fe188179340d57\"},\"headline\":\"Sal\u00e3o Design Casa Brasil 2013 has 122 finalists\",\"datePublished\":\"2013-03-20T03:00:00+00:00\",\"dateModified\":\"2021-05-26T13:46:07+00:00\",\"mainEntityOfPage\":{\"@id\":\"https:\/\/www.sindmoveis.com.br\/en\/salao-design-casa-brasil-2013-tem-122-finalistas\/\"},\"wordCount\":589,\"image\":{\"@id\":\"https:\/\/www.sindmoveis.com.br\/en\/salao-design-casa-brasil-2013-tem-122-finalistas\/#primaryimage\"},\"thumbnailUrl\":\"https:\/\/www.sindmoveis.com.br\/en\/wp-content\/uploads\/2021\/05\/p1370347956.jpg\",\"articleSection\":[\"Sal\u00e3o Design Award\",\"Sindm\u00f3veis\"],\"inLanguage\":\"en-US\"},{\"@type\":\"WebPage\",\"@id\":\"https:\/\/www.sindmoveis.com.br\/en\/salao-design-casa-brasil-2013-tem-122-finalistas\/\",\"url\":\"https:\/\/www.sindmoveis.com.br\/en\/salao-design-casa-brasil-2013-tem-122-finalistas\/\",\"name\":\"Sal\u00e3o Design Casa Brasil 2013 has 122 finalists - Sindm\u00f3veis-RS\",\"isPartOf\":{\"@id\":\"https:\/\/www.sindmoveis.com.br\/en\/#website\"},\"primaryImageOfPage\":{\"@id\":\"https:\/\/www.sindmoveis.com.br\/en\/salao-design-casa-brasil-2013-tem-122-finalistas\/#primaryimage\"},\"image\":{\"@id\":\"https:\/\/www.sindmoveis.com.br\/en\/salao-design-casa-brasil-2013-tem-122-finalistas\/#primaryimage\"},\"thumbnailUrl\":\"https:\/\/www.sindmoveis.com.br\/en\/wp-content\/uploads\/2021\/05\/p1370347956.jpg\",\"datePublished\":\"2013-03-20T03:00:00+00:00\",\"dateModified\":\"2021-05-26T13:46:07+00:00\",\"author\":{\"@id\":\"https:\/\/www.sindmoveis.com.br\/en\/#\/schema\/person\/16d379542db1950a17fe188179340d57\"},\"inLanguage\":\"en-US\",\"potentialAction\":[{\"@type\":\"ReadAction\",\"target\":[\"https:\/\/www.sindmoveis.com.br\/en\/salao-design-casa-brasil-2013-tem-122-finalistas\/\"]}]},{\"@type\":\"ImageObject\",\"inLanguage\":\"en-US\",\"@id\":\"https:\/\/www.sindmoveis.com.br\/en\/salao-design-casa-brasil-2013-tem-122-finalistas\/#primaryimage\",\"url\":\"https:\/\/www.sindmoveis.com.br\/en\/wp-content\/uploads\/2021\/05\/p1370347956.jpg\",\"contentUrl\":\"https:\/\/www.sindmoveis.com.br\/en\/wp-content\/uploads\/2021\/05\/p1370347956.jpg\",\"width\":600,\"height\":400},{\"@type\":\"WebSite\",\"@id\":\"https:\/\/www.sindmoveis.com.br\/en\/#website\",\"url\":\"https:\/\/www.sindmoveis.com.br\/en\/\",\"name\":\"Sindm\u00f3veis-RS\",\"description\":\"\",\"potentialAction\":[{\"@type\":\"SearchAction\",\"target\":{\"@type\":\"EntryPoint\",\"urlTemplate\":\"https:\/\/www.sindmoveis.com.br\/en\/?s={search_term_string}\"},\"query-input\":{\"@type\":\"PropertyValueSpecification\",\"valueRequired\":true,\"valueName\":\"search_term_string\"}}],\"inLanguage\":\"en-US\"},{\"@type\":\"Person\",\"@id\":\"https:\/\/www.sindmoveis.com.br\/en\/#\/schema\/person\/16d379542db1950a17fe188179340d57\",\"name\":\"Imprensa Sindm\u00f3veis\",\"image\":{\"@type\":\"ImageObject\",\"inLanguage\":\"en-US\",\"@id\":\"https:\/\/www.sindmoveis.com.br\/en\/#\/schema\/person\/image\/\",\"url\":\"https:\/\/secure.gravatar.com\/avatar\/4973e2e2c2a0cb5db30b0c7b770041b8e33d048a16b695a1f99c042449d4bfaf?s=96&d=mm&r=g\",\"contentUrl\":\"https:\/\/secure.gravatar.com\/avatar\/4973e2e2c2a0cb5db30b0c7b770041b8e33d048a16b695a1f99c042449d4bfaf?s=96&d=mm&r=g\",\"caption\":\"Imprensa Sindm\u00f3veis\"},\"url\":\"https:\/\/www.sindmoveis.com.br\/en\/author\/ana\/\"}]}<\/script>\n<!-- \/ Yoast SEO plugin. -->","yoast_head_json":{"title":"Sal\u00e3o Design Casa Brasil 2013 has 122 finalists - Sindm\u00f3veis-RS","robots":{"index":"index","follow":"follow","max-snippet":"max-snippet:-1","max-image-preview":"max-image-preview:large","max-video-preview":"max-video-preview:-1"},"canonical":"https:\/\/www.sindmoveis.com.br\/en\/salao-design-casa-brasil-2013-tem-122-finalistas\/","og_locale":"en_US","og_type":"article","og_title":"Sal\u00e3o Design Casa Brasil 2013 has 122 finalists - Sindm\u00f3veis-RS","og_description":"The result of first phase of Sal\u00e3o Design Casa Brasil 2013, the leading furniture design award in Latin America, was announced by the jury: 122 entries were selected for to... Leia mais &raquo;","og_url":"https:\/\/www.sindmoveis.com.br\/en\/salao-design-casa-brasil-2013-tem-122-finalistas\/","og_site_name":"Sindm\u00f3veis-RS","article_published_time":"2013-03-20T03:00:00+00:00","article_modified_time":"2021-05-26T13:46:07+00:00","og_image":[{"width":600,"height":400,"url":"https:\/\/www.sindmoveis.com.br\/en\/wp-content\/uploads\/2021\/05\/p1370347956.jpg","type":"image\/jpeg"}],"author":"Imprensa Sindm\u00f3veis","twitter_card":"summary_large_image","twitter_misc":{"Written by":"Imprensa Sindm\u00f3veis","Est. reading time":"3 minutes"},"schema":{"@context":"https:\/\/schema.org","@graph":[{"@type":"Article","@id":"https:\/\/www.sindmoveis.com.br\/en\/salao-design-casa-brasil-2013-tem-122-finalistas\/#article","isPartOf":{"@id":"https:\/\/www.sindmoveis.com.br\/en\/salao-design-casa-brasil-2013-tem-122-finalistas\/"},"author":{"name":"Imprensa Sindm\u00f3veis","@id":"https:\/\/www.sindmoveis.com.br\/en\/#\/schema\/person\/16d379542db1950a17fe188179340d57"},"headline":"Sal\u00e3o Design Casa Brasil 2013 has 122 finalists","datePublished":"2013-03-20T03:00:00+00:00","dateModified":"2021-05-26T13:46:07+00:00","mainEntityOfPage":{"@id":"https:\/\/www.sindmoveis.com.br\/en\/salao-design-casa-brasil-2013-tem-122-finalistas\/"},"wordCount":589,"image":{"@id":"https:\/\/www.sindmoveis.com.br\/en\/salao-design-casa-brasil-2013-tem-122-finalistas\/#primaryimage"},"thumbnailUrl":"https:\/\/www.sindmoveis.com.br\/en\/wp-content\/uploads\/2021\/05\/p1370347956.jpg","articleSection":["Sal\u00e3o Design Award","Sindm\u00f3veis"],"inLanguage":"en-US"},{"@type":"WebPage","@id":"https:\/\/www.sindmoveis.com.br\/en\/salao-design-casa-brasil-2013-tem-122-finalistas\/","url":"https:\/\/www.sindmoveis.com.br\/en\/salao-design-casa-brasil-2013-tem-122-finalistas\/","name":"Sal\u00e3o Design Casa Brasil 2013 has 122 finalists - Sindm\u00f3veis-RS","isPartOf":{"@id":"https:\/\/www.sindmoveis.com.br\/en\/#website"},"primaryImageOfPage":{"@id":"https:\/\/www.sindmoveis.com.br\/en\/salao-design-casa-brasil-2013-tem-122-finalistas\/#primaryimage"},"image":{"@id":"https:\/\/www.sindmoveis.com.br\/en\/salao-design-casa-brasil-2013-tem-122-finalistas\/#primaryimage"},"thumbnailUrl":"https:\/\/www.sindmoveis.com.br\/en\/wp-content\/uploads\/2021\/05\/p1370347956.jpg","datePublished":"2013-03-20T03:00:00+00:00","dateModified":"2021-05-26T13:46:07+00:00","author":{"@id":"https:\/\/www.sindmoveis.com.br\/en\/#\/schema\/person\/16d379542db1950a17fe188179340d57"},"inLanguage":"en-US","potentialAction":[{"@type":"ReadAction","target":["https:\/\/www.sindmoveis.com.br\/en\/salao-design-casa-brasil-2013-tem-122-finalistas\/"]}]},{"@type":"ImageObject","inLanguage":"en-US","@id":"https:\/\/www.sindmoveis.com.br\/en\/salao-design-casa-brasil-2013-tem-122-finalistas\/#primaryimage","url":"https:\/\/www.sindmoveis.com.br\/en\/wp-content\/uploads\/2021\/05\/p1370347956.jpg","contentUrl":"https:\/\/www.sindmoveis.com.br\/en\/wp-content\/uploads\/2021\/05\/p1370347956.jpg","width":600,"height":400},{"@type":"WebSite","@id":"https:\/\/www.sindmoveis.com.br\/en\/#website","url":"https:\/\/www.sindmoveis.com.br\/en\/","name":"Sindm\u00f3veis-RS","description":"","potentialAction":[{"@type":"SearchAction","target":{"@type":"EntryPoint","urlTemplate":"https:\/\/www.sindmoveis.com.br\/en\/?s={search_term_string}"},"query-input":{"@type":"PropertyValueSpecification","valueRequired":true,"valueName":"search_term_string"}}],"inLanguage":"en-US"},{"@type":"Person","@id":"https:\/\/www.sindmoveis.com.br\/en\/#\/schema\/person\/16d379542db1950a17fe188179340d57","name":"Imprensa Sindm\u00f3veis","image":{"@type":"ImageObject","inLanguage":"en-US","@id":"https:\/\/www.sindmoveis.com.br\/en\/#\/schema\/person\/image\/","url":"https:\/\/secure.gravatar.com\/avatar\/4973e2e2c2a0cb5db30b0c7b770041b8e33d048a16b695a1f99c042449d4bfaf?s=96&d=mm&r=g","contentUrl":"https:\/\/secure.gravatar.com\/avatar\/4973e2e2c2a0cb5db30b0c7b770041b8e33d048a16b695a1f99c042449d4bfaf?s=96&d=mm&r=g","caption":"Imprensa Sindm\u00f3veis"},"url":"https:\/\/www.sindmoveis.com.br\/en\/author\/ana\/"}]}},"_links":{"self":[{"href":"https:\/\/www.sindmoveis.com.br\/en\/wp-json\/wp\/v2\/posts\/979","targetHints":{"allow":["GET"]}}],"collection":[{"href":"https:\/\/www.sindmoveis.com.br\/en\/wp-json\/wp\/v2\/posts"}],"about":[{"href":"https:\/\/www.sindmoveis.com.br\/en\/wp-json\/wp\/v2\/types\/post"}],"author":[{"embeddable":true,"href":"https:\/\/www.sindmoveis.com.br\/en\/wp-json\/wp\/v2\/users\/5"}],"replies":[{"embeddable":true,"href":"https:\/\/www.sindmoveis.com.br\/en\/wp-json\/wp\/v2\/comments?post=979"}],"version-history":[{"count":2,"href":"https:\/\/www.sindmoveis.com.br\/en\/wp-json\/wp\/v2\/posts\/979\/revisions"}],"predecessor-version":[{"id":3267,"href":"https:\/\/www.sindmoveis.com.br\/en\/wp-json\/wp\/v2\/posts\/979\/revisions\/3267"}],"wp:featuredmedia":[{"embeddable":true,"href":"https:\/\/www.sindmoveis.com.br\/en\/wp-json\/wp\/v2\/media\/3268"}],"wp:attachment":[{"href":"https:\/\/www.sindmoveis.com.br\/en\/wp-json\/wp\/v2\/media?parent=979"}],"wp:term":[{"taxonomy":"category","embeddable":true,"href":"https:\/\/www.sindmoveis.com.br\/en\/wp-json\/wp\/v2\/categories?post=979"},{"taxonomy":"post_tag","embeddable":true,"href":"https:\/\/www.sindmoveis.com.br\/en\/wp-json\/wp\/v2\/tags?post=979"}],"curies":[{"name":"wp","href":"https:\/\/api.w.org\/{rel}","templated":true}]}}