{"id":973,"date":"2013-02-22T00:00:00","date_gmt":"2013-02-22T03:00:00","guid":{"rendered":"http:\/\/sindmoveis.com.br\/imprensa\/noticias\/salao-design-tem-inscricoes-prorrogadas-ate-o-dia-3-de-marco\/"},"modified":"2021-05-26T10:46:06","modified_gmt":"2021-05-26T13:46:06","slug":"salao-design-tem-inscricoes-prorrogadas-ate-o-dia-3-de-marco","status":"publish","type":"post","link":"https:\/\/www.sindmoveis.com.br\/en\/salao-design-tem-inscricoes-prorrogadas-ate-o-dia-3-de-marco\/","title":{"rendered":"Registrations to enter Sal\u00e3o Design postponed until Mach 3"},"content":{"rendered":"<p>Registrations to enter Sal\u00e3o Design Casa Brasil 2013, scheduled to finish this Friday, Feb 22, were put off until March 3. This extension was requested by the participants who were unable to complete their projects by the deadline. The competition, organized by Sindm\u00f3veis for 25 years, aims to integrate creativity and technological innovation with furniture and design through design. The prizes in this edition will total R$ 175,000 for the student, professional and industry classes.\u00a0<br \/>\n\u00a0<br \/>\n So far, there are 490 participants, foreign competitors account for 21.5% of the entries coming from the following countries: Argentina, Brazil, Bulgaria, Chile, Colombia, Cuba, Spain, USA, France, India, Italy, Mexico, Peru, Syria, Uruguay and Venezuela. The Cuban and Argentinean projects represent the majority of foreign entries.<br \/>\n\u00a0<br \/>\nAs in previous years, there is a sharp increase in registrations just before the deadline. According to the director of Sal\u00e3o Design, Cristiano Gallina, despite the large number of projects entered, our priority is the quality of the proposals submitted, their degree of innovation and design. &#8220;Every year, the award takes on the characteristics of the fair it is connected to. In relation to Casa \u00a0Brasil, our proposal is the creation of high-end contemporary products,&#8221; he says.<br \/>\n\u00a0<br \/>\nThe projects participating in the competition will be evaluated in two phases, the first one will be held on March 12,13 and 14 in Bento Gon\u00e7alves. During the first evaluation the judging panel selects the projects that have to be sent in full size. The judging panel consists of renowned professionals and representatives of national and international organizations. The group includes journalist Maria Helena Estrada, the curator of Casa Brasil, and the professors who took part in the judging panel of Sal\u00e3o Design Movelsul 2012, Ivens Fontoura (PUC-PR) and Gabriel Sim\u00f3n Sol (Universidad Aut\u00f3noma Metropolitana \u2013 Mexico). Designer Leonardo Lattavo from Rio de Janeiro and architect Ilse Lang from Rio Grande do Sul are also part of the panel.<br \/>\n\u00a0<br \/>\nIn addition to the cash prizes given to the seven categories, the products also compete for other traditional Sal\u00e3o Design trophies: Master Teacher Award, Alternative Woods Award and the new Ecodesign Award, a trophy added for this year\u2019s competition. The award winners will be announced in July 2013. All products selected for the second phase will take part in the Sal\u00e3o Design exhibition together with the award winners during Casa Brasil 2013 fair \u2013 August 13 \u2013 16. For more information and the regulations, visit www.salaodesign.com.br.<br \/>\n\u00a0<br \/>\nSal\u00e3o Design Casa Brasil 2013 \u2013 categories<br \/>\n\u00a0<br \/>\nFurniture for Bedrooms<br \/>\nFurniture for Dining and Living Rooms<br \/>\nFurniture for Kitchens, Laundry Rooms and Bathrooms<br \/>\nOutdoor Furniture<br \/>\nHome-Office and Office Furniture (including furniture for commercial and public areas)<br \/>\nHome Utensils\u00a0<br \/>\nLighting\u00a0<\/p>\n","protected":false},"excerpt":{"rendered":"<p>Registrations to enter Sal\u00e3o Design Casa Brasil 2013, scheduled to finish this Friday, Feb 22, were put off until March 3. This extension was requested by the participants who were&#8230;  <a class=\"excerpt-read-more\" href=\"https:\/\/www.sindmoveis.com.br\/en\/salao-design-tem-inscricoes-prorrogadas-ate-o-dia-3-de-marco\/\" title=\"Read Registrations to enter Sal\u00e3o Design postponed until Mach 3\">Leia mais &raquo;<\/a><\/p>\n","protected":false},"author":5,"featured_media":0,"comment_status":"closed","ping_status":"open","sticky":false,"template":"","format":"standard","meta":{"footnotes":"","_links_to":"","_links_to_target":""},"categories":[21,2],"tags":[],"class_list":["post-973","post","type-post","status-publish","format-standard","hentry","category-salao-design-award","category-sindmoveis"],"yoast_head":"<!-- This site is optimized with the Yoast SEO plugin v27.0 - https:\/\/yoast.com\/product\/yoast-seo-wordpress\/ -->\n<title>Registrations to enter Sal\u00e3o Design postponed until Mach 3 - Sindm\u00f3veis-RS<\/title>\n<meta name=\"robots\" content=\"index, follow, max-snippet:-1, max-image-preview:large, max-video-preview:-1\" \/>\n<link rel=\"canonical\" href=\"https:\/\/www.sindmoveis.com.br\/en\/salao-design-tem-inscricoes-prorrogadas-ate-o-dia-3-de-marco\/\" \/>\n<meta property=\"og:locale\" content=\"en_US\" \/>\n<meta property=\"og:type\" content=\"article\" \/>\n<meta property=\"og:title\" content=\"Registrations to enter Sal\u00e3o Design postponed until Mach 3 - Sindm\u00f3veis-RS\" \/>\n<meta property=\"og:description\" content=\"Registrations to enter Sal\u00e3o Design Casa Brasil 2013, scheduled to finish this Friday, Feb 22, were put off until March 3. This extension was requested by the participants who were... Leia mais &raquo;\" \/>\n<meta property=\"og:url\" content=\"https:\/\/www.sindmoveis.com.br\/en\/salao-design-tem-inscricoes-prorrogadas-ate-o-dia-3-de-marco\/\" \/>\n<meta property=\"og:site_name\" content=\"Sindm\u00f3veis-RS\" \/>\n<meta property=\"article:published_time\" content=\"2013-02-22T03:00:00+00:00\" \/>\n<meta property=\"article:modified_time\" content=\"2021-05-26T13:46:06+00:00\" \/>\n<meta name=\"author\" content=\"Imprensa Sindm\u00f3veis\" \/>\n<meta name=\"twitter:card\" content=\"summary_large_image\" \/>\n<meta name=\"twitter:label1\" content=\"Written by\" \/>\n\t<meta name=\"twitter:data1\" content=\"Imprensa Sindm\u00f3veis\" \/>\n\t<meta name=\"twitter:label2\" content=\"Est. reading time\" \/>\n\t<meta name=\"twitter:data2\" content=\"2 minutes\" \/>\n<script type=\"application\/ld+json\" class=\"yoast-schema-graph\">{\"@context\":\"https:\/\/schema.org\",\"@graph\":[{\"@type\":\"Article\",\"@id\":\"https:\/\/www.sindmoveis.com.br\/en\/salao-design-tem-inscricoes-prorrogadas-ate-o-dia-3-de-marco\/#article\",\"isPartOf\":{\"@id\":\"https:\/\/www.sindmoveis.com.br\/en\/salao-design-tem-inscricoes-prorrogadas-ate-o-dia-3-de-marco\/\"},\"author\":{\"name\":\"Imprensa Sindm\u00f3veis\",\"@id\":\"https:\/\/www.sindmoveis.com.br\/en\/#\/schema\/person\/16d379542db1950a17fe188179340d57\"},\"headline\":\"Registrations to enter Sal\u00e3o Design postponed until Mach 3\",\"datePublished\":\"2013-02-22T03:00:00+00:00\",\"dateModified\":\"2021-05-26T13:46:06+00:00\",\"mainEntityOfPage\":{\"@id\":\"https:\/\/www.sindmoveis.com.br\/en\/salao-design-tem-inscricoes-prorrogadas-ate-o-dia-3-de-marco\/\"},\"wordCount\":447,\"articleSection\":[\"Sal\u00e3o Design Award\",\"Sindm\u00f3veis\"],\"inLanguage\":\"en-US\"},{\"@type\":\"WebPage\",\"@id\":\"https:\/\/www.sindmoveis.com.br\/en\/salao-design-tem-inscricoes-prorrogadas-ate-o-dia-3-de-marco\/\",\"url\":\"https:\/\/www.sindmoveis.com.br\/en\/salao-design-tem-inscricoes-prorrogadas-ate-o-dia-3-de-marco\/\",\"name\":\"Registrations to enter Sal\u00e3o Design postponed until Mach 3 - Sindm\u00f3veis-RS\",\"isPartOf\":{\"@id\":\"https:\/\/www.sindmoveis.com.br\/en\/#website\"},\"datePublished\":\"2013-02-22T03:00:00+00:00\",\"dateModified\":\"2021-05-26T13:46:06+00:00\",\"author\":{\"@id\":\"https:\/\/www.sindmoveis.com.br\/en\/#\/schema\/person\/16d379542db1950a17fe188179340d57\"},\"inLanguage\":\"en-US\",\"potentialAction\":[{\"@type\":\"ReadAction\",\"target\":[\"https:\/\/www.sindmoveis.com.br\/en\/salao-design-tem-inscricoes-prorrogadas-ate-o-dia-3-de-marco\/\"]}]},{\"@type\":\"WebSite\",\"@id\":\"https:\/\/www.sindmoveis.com.br\/en\/#website\",\"url\":\"https:\/\/www.sindmoveis.com.br\/en\/\",\"name\":\"Sindm\u00f3veis-RS\",\"description\":\"\",\"potentialAction\":[{\"@type\":\"SearchAction\",\"target\":{\"@type\":\"EntryPoint\",\"urlTemplate\":\"https:\/\/www.sindmoveis.com.br\/en\/?s={search_term_string}\"},\"query-input\":{\"@type\":\"PropertyValueSpecification\",\"valueRequired\":true,\"valueName\":\"search_term_string\"}}],\"inLanguage\":\"en-US\"},{\"@type\":\"Person\",\"@id\":\"https:\/\/www.sindmoveis.com.br\/en\/#\/schema\/person\/16d379542db1950a17fe188179340d57\",\"name\":\"Imprensa Sindm\u00f3veis\",\"image\":{\"@type\":\"ImageObject\",\"inLanguage\":\"en-US\",\"@id\":\"https:\/\/www.sindmoveis.com.br\/en\/#\/schema\/person\/image\/\",\"url\":\"https:\/\/secure.gravatar.com\/avatar\/4973e2e2c2a0cb5db30b0c7b770041b8e33d048a16b695a1f99c042449d4bfaf?s=96&d=mm&r=g\",\"contentUrl\":\"https:\/\/secure.gravatar.com\/avatar\/4973e2e2c2a0cb5db30b0c7b770041b8e33d048a16b695a1f99c042449d4bfaf?s=96&d=mm&r=g\",\"caption\":\"Imprensa Sindm\u00f3veis\"},\"url\":\"https:\/\/www.sindmoveis.com.br\/en\/author\/ana\/\"}]}<\/script>\n<!-- \/ Yoast SEO plugin. -->","yoast_head_json":{"title":"Registrations to enter Sal\u00e3o Design postponed until Mach 3 - Sindm\u00f3veis-RS","robots":{"index":"index","follow":"follow","max-snippet":"max-snippet:-1","max-image-preview":"max-image-preview:large","max-video-preview":"max-video-preview:-1"},"canonical":"https:\/\/www.sindmoveis.com.br\/en\/salao-design-tem-inscricoes-prorrogadas-ate-o-dia-3-de-marco\/","og_locale":"en_US","og_type":"article","og_title":"Registrations to enter Sal\u00e3o Design postponed until Mach 3 - Sindm\u00f3veis-RS","og_description":"Registrations to enter Sal\u00e3o Design Casa Brasil 2013, scheduled to finish this Friday, Feb 22, were put off until March 3. This extension was requested by the participants who were... Leia mais &raquo;","og_url":"https:\/\/www.sindmoveis.com.br\/en\/salao-design-tem-inscricoes-prorrogadas-ate-o-dia-3-de-marco\/","og_site_name":"Sindm\u00f3veis-RS","article_published_time":"2013-02-22T03:00:00+00:00","article_modified_time":"2021-05-26T13:46:06+00:00","author":"Imprensa Sindm\u00f3veis","twitter_card":"summary_large_image","twitter_misc":{"Written by":"Imprensa Sindm\u00f3veis","Est. reading time":"2 minutes"},"schema":{"@context":"https:\/\/schema.org","@graph":[{"@type":"Article","@id":"https:\/\/www.sindmoveis.com.br\/en\/salao-design-tem-inscricoes-prorrogadas-ate-o-dia-3-de-marco\/#article","isPartOf":{"@id":"https:\/\/www.sindmoveis.com.br\/en\/salao-design-tem-inscricoes-prorrogadas-ate-o-dia-3-de-marco\/"},"author":{"name":"Imprensa Sindm\u00f3veis","@id":"https:\/\/www.sindmoveis.com.br\/en\/#\/schema\/person\/16d379542db1950a17fe188179340d57"},"headline":"Registrations to enter Sal\u00e3o Design postponed until Mach 3","datePublished":"2013-02-22T03:00:00+00:00","dateModified":"2021-05-26T13:46:06+00:00","mainEntityOfPage":{"@id":"https:\/\/www.sindmoveis.com.br\/en\/salao-design-tem-inscricoes-prorrogadas-ate-o-dia-3-de-marco\/"},"wordCount":447,"articleSection":["Sal\u00e3o Design Award","Sindm\u00f3veis"],"inLanguage":"en-US"},{"@type":"WebPage","@id":"https:\/\/www.sindmoveis.com.br\/en\/salao-design-tem-inscricoes-prorrogadas-ate-o-dia-3-de-marco\/","url":"https:\/\/www.sindmoveis.com.br\/en\/salao-design-tem-inscricoes-prorrogadas-ate-o-dia-3-de-marco\/","name":"Registrations to enter Sal\u00e3o Design postponed until Mach 3 - Sindm\u00f3veis-RS","isPartOf":{"@id":"https:\/\/www.sindmoveis.com.br\/en\/#website"},"datePublished":"2013-02-22T03:00:00+00:00","dateModified":"2021-05-26T13:46:06+00:00","author":{"@id":"https:\/\/www.sindmoveis.com.br\/en\/#\/schema\/person\/16d379542db1950a17fe188179340d57"},"inLanguage":"en-US","potentialAction":[{"@type":"ReadAction","target":["https:\/\/www.sindmoveis.com.br\/en\/salao-design-tem-inscricoes-prorrogadas-ate-o-dia-3-de-marco\/"]}]},{"@type":"WebSite","@id":"https:\/\/www.sindmoveis.com.br\/en\/#website","url":"https:\/\/www.sindmoveis.com.br\/en\/","name":"Sindm\u00f3veis-RS","description":"","potentialAction":[{"@type":"SearchAction","target":{"@type":"EntryPoint","urlTemplate":"https:\/\/www.sindmoveis.com.br\/en\/?s={search_term_string}"},"query-input":{"@type":"PropertyValueSpecification","valueRequired":true,"valueName":"search_term_string"}}],"inLanguage":"en-US"},{"@type":"Person","@id":"https:\/\/www.sindmoveis.com.br\/en\/#\/schema\/person\/16d379542db1950a17fe188179340d57","name":"Imprensa Sindm\u00f3veis","image":{"@type":"ImageObject","inLanguage":"en-US","@id":"https:\/\/www.sindmoveis.com.br\/en\/#\/schema\/person\/image\/","url":"https:\/\/secure.gravatar.com\/avatar\/4973e2e2c2a0cb5db30b0c7b770041b8e33d048a16b695a1f99c042449d4bfaf?s=96&d=mm&r=g","contentUrl":"https:\/\/secure.gravatar.com\/avatar\/4973e2e2c2a0cb5db30b0c7b770041b8e33d048a16b695a1f99c042449d4bfaf?s=96&d=mm&r=g","caption":"Imprensa Sindm\u00f3veis"},"url":"https:\/\/www.sindmoveis.com.br\/en\/author\/ana\/"}]}},"_links":{"self":[{"href":"https:\/\/www.sindmoveis.com.br\/en\/wp-json\/wp\/v2\/posts\/973","targetHints":{"allow":["GET"]}}],"collection":[{"href":"https:\/\/www.sindmoveis.com.br\/en\/wp-json\/wp\/v2\/posts"}],"about":[{"href":"https:\/\/www.sindmoveis.com.br\/en\/wp-json\/wp\/v2\/types\/post"}],"author":[{"embeddable":true,"href":"https:\/\/www.sindmoveis.com.br\/en\/wp-json\/wp\/v2\/users\/5"}],"replies":[{"embeddable":true,"href":"https:\/\/www.sindmoveis.com.br\/en\/wp-json\/wp\/v2\/comments?post=973"}],"version-history":[{"count":2,"href":"https:\/\/www.sindmoveis.com.br\/en\/wp-json\/wp\/v2\/posts\/973\/revisions"}],"predecessor-version":[{"id":3264,"href":"https:\/\/www.sindmoveis.com.br\/en\/wp-json\/wp\/v2\/posts\/973\/revisions\/3264"}],"wp:attachment":[{"href":"https:\/\/www.sindmoveis.com.br\/en\/wp-json\/wp\/v2\/media?parent=973"}],"wp:term":[{"taxonomy":"category","embeddable":true,"href":"https:\/\/www.sindmoveis.com.br\/en\/wp-json\/wp\/v2\/categories?post=973"},{"taxonomy":"post_tag","embeddable":true,"href":"https:\/\/www.sindmoveis.com.br\/en\/wp-json\/wp\/v2\/tags?post=973"}],"curies":[{"name":"wp","href":"https:\/\/api.w.org\/{rel}","templated":true}]}}