{"id":968,"date":"2013-01-28T00:00:00","date_gmt":"2013-01-28T02:00:00","guid":{"rendered":"http:\/\/sindmoveis.com.br\/imprensa\/noticias\/movelsul-brasil-2014-inicia-sua-divulgacao-internacional\/"},"modified":"2021-05-26T10:46:06","modified_gmt":"2021-05-26T13:46:06","slug":"movelsul-brasil-2014-inicia-sua-divulgacao-internacional","status":"publish","type":"post","link":"https:\/\/www.sindmoveis.com.br\/en\/movelsul-brasil-2014-inicia-sua-divulgacao-internacional\/","title":{"rendered":"Movelsul Brasil 2014 launches an international promotional campaign"},"content":{"rendered":"<p>More than a year to go to before Movelsul, the Furniture Industry Association of Bento Gon\u00e7alves (Sindm\u00f3veis) launched the promotional campaign of the next edition of the fair, the largest showcase of the furniture industry in Latin America, held in March 2014. Representatives of the organization will promote the event in February, during ExpoMueble Invierno 2013 in Guadalajara (Mexico).<br \/>\n\u00a0<br \/>\nFor a long time Mexico has caught the interest of Brazilian exporters, who seek greater market share in this major Latin American country with the second largest economy and population in the region. Although Brazil has lost share in this country in recent years, the cultural similarity between the two countries, coupled with Mexico\u2019s highly dynamic economy \u2013 which is expected to have one of the largest growths in American in the coming years &#8211; make it an attractive market.\u00a0<br \/>\n\u00a0<br \/>\n In addition to promoting Movelsul, which in 2012 featured more than 38,100 visitors, generating over US$ 300 million in business, \u00a0Sindm\u00f3veis will prospect importers from North America to participate in the Buyer\u2019s Project, which will be held during the fair. Importers selected for this project are invited to take part in meetings with Brazilian export companies in order to do business. In 2012 more than 500 meetings were held with 30 importers from 18 countries.<\/p>\n","protected":false},"excerpt":{"rendered":"<p>More than a year to go to before Movelsul, the Furniture Industry Association of Bento Gon\u00e7alves (Sindm\u00f3veis) launched the promotional campaign of the next edition of the fair, the largest&#8230;  <a class=\"excerpt-read-more\" href=\"https:\/\/www.sindmoveis.com.br\/en\/movelsul-brasil-2014-inicia-sua-divulgacao-internacional\/\" title=\"Read Movelsul Brasil 2014 launches an international promotional campaign\">Leia mais &raquo;<\/a><\/p>\n","protected":false},"author":5,"featured_media":0,"comment_status":"closed","ping_status":"open","sticky":false,"template":"","format":"standard","meta":{"footnotes":"","_links_to":"","_links_to_target":""},"categories":[23,2],"tags":[],"class_list":["post-968","post","type-post","status-publish","format-standard","hentry","category-movelsul","category-sindmoveis"],"yoast_head":"<!-- This site is optimized with the Yoast SEO plugin v27.0 - https:\/\/yoast.com\/product\/yoast-seo-wordpress\/ -->\n<title>Movelsul Brasil 2014 launches an international promotional campaign - Sindm\u00f3veis-RS<\/title>\n<meta name=\"robots\" content=\"index, follow, max-snippet:-1, max-image-preview:large, max-video-preview:-1\" \/>\n<link rel=\"canonical\" href=\"https:\/\/www.sindmoveis.com.br\/en\/movelsul-brasil-2014-inicia-sua-divulgacao-internacional\/\" \/>\n<meta property=\"og:locale\" content=\"en_US\" \/>\n<meta property=\"og:type\" content=\"article\" \/>\n<meta property=\"og:title\" content=\"Movelsul Brasil 2014 launches an international promotional campaign - Sindm\u00f3veis-RS\" \/>\n<meta property=\"og:description\" content=\"More than a year to go to before Movelsul, the Furniture Industry Association of Bento Gon\u00e7alves (Sindm\u00f3veis) launched the promotional campaign of the next edition of the fair, the largest... Leia mais &raquo;\" \/>\n<meta property=\"og:url\" content=\"https:\/\/www.sindmoveis.com.br\/en\/movelsul-brasil-2014-inicia-sua-divulgacao-internacional\/\" \/>\n<meta property=\"og:site_name\" content=\"Sindm\u00f3veis-RS\" \/>\n<meta property=\"article:published_time\" content=\"2013-01-28T02:00:00+00:00\" \/>\n<meta property=\"article:modified_time\" content=\"2021-05-26T13:46:06+00:00\" \/>\n<meta name=\"author\" content=\"Imprensa Sindm\u00f3veis\" \/>\n<meta name=\"twitter:card\" content=\"summary_large_image\" \/>\n<meta name=\"twitter:label1\" content=\"Written by\" \/>\n\t<meta name=\"twitter:data1\" content=\"Imprensa Sindm\u00f3veis\" \/>\n\t<meta name=\"twitter:label2\" content=\"Est. reading time\" \/>\n\t<meta name=\"twitter:data2\" content=\"1 minute\" \/>\n<script type=\"application\/ld+json\" class=\"yoast-schema-graph\">{\"@context\":\"https:\/\/schema.org\",\"@graph\":[{\"@type\":\"Article\",\"@id\":\"https:\/\/www.sindmoveis.com.br\/en\/movelsul-brasil-2014-inicia-sua-divulgacao-internacional\/#article\",\"isPartOf\":{\"@id\":\"https:\/\/www.sindmoveis.com.br\/en\/movelsul-brasil-2014-inicia-sua-divulgacao-internacional\/\"},\"author\":{\"name\":\"Imprensa Sindm\u00f3veis\",\"@id\":\"https:\/\/www.sindmoveis.com.br\/en\/#\/schema\/person\/16d379542db1950a17fe188179340d57\"},\"headline\":\"Movelsul Brasil 2014 launches an international promotional campaign\",\"datePublished\":\"2013-01-28T02:00:00+00:00\",\"dateModified\":\"2021-05-26T13:46:06+00:00\",\"mainEntityOfPage\":{\"@id\":\"https:\/\/www.sindmoveis.com.br\/en\/movelsul-brasil-2014-inicia-sua-divulgacao-internacional\/\"},\"wordCount\":216,\"articleSection\":[\"Movelsul\",\"Sindm\u00f3veis\"],\"inLanguage\":\"en-US\"},{\"@type\":\"WebPage\",\"@id\":\"https:\/\/www.sindmoveis.com.br\/en\/movelsul-brasil-2014-inicia-sua-divulgacao-internacional\/\",\"url\":\"https:\/\/www.sindmoveis.com.br\/en\/movelsul-brasil-2014-inicia-sua-divulgacao-internacional\/\",\"name\":\"Movelsul Brasil 2014 launches an international promotional campaign - Sindm\u00f3veis-RS\",\"isPartOf\":{\"@id\":\"https:\/\/www.sindmoveis.com.br\/en\/#website\"},\"datePublished\":\"2013-01-28T02:00:00+00:00\",\"dateModified\":\"2021-05-26T13:46:06+00:00\",\"author\":{\"@id\":\"https:\/\/www.sindmoveis.com.br\/en\/#\/schema\/person\/16d379542db1950a17fe188179340d57\"},\"inLanguage\":\"en-US\",\"potentialAction\":[{\"@type\":\"ReadAction\",\"target\":[\"https:\/\/www.sindmoveis.com.br\/en\/movelsul-brasil-2014-inicia-sua-divulgacao-internacional\/\"]}]},{\"@type\":\"WebSite\",\"@id\":\"https:\/\/www.sindmoveis.com.br\/en\/#website\",\"url\":\"https:\/\/www.sindmoveis.com.br\/en\/\",\"name\":\"Sindm\u00f3veis-RS\",\"description\":\"\",\"potentialAction\":[{\"@type\":\"SearchAction\",\"target\":{\"@type\":\"EntryPoint\",\"urlTemplate\":\"https:\/\/www.sindmoveis.com.br\/en\/?s={search_term_string}\"},\"query-input\":{\"@type\":\"PropertyValueSpecification\",\"valueRequired\":true,\"valueName\":\"search_term_string\"}}],\"inLanguage\":\"en-US\"},{\"@type\":\"Person\",\"@id\":\"https:\/\/www.sindmoveis.com.br\/en\/#\/schema\/person\/16d379542db1950a17fe188179340d57\",\"name\":\"Imprensa Sindm\u00f3veis\",\"image\":{\"@type\":\"ImageObject\",\"inLanguage\":\"en-US\",\"@id\":\"https:\/\/www.sindmoveis.com.br\/en\/#\/schema\/person\/image\/\",\"url\":\"https:\/\/secure.gravatar.com\/avatar\/4973e2e2c2a0cb5db30b0c7b770041b8e33d048a16b695a1f99c042449d4bfaf?s=96&d=mm&r=g\",\"contentUrl\":\"https:\/\/secure.gravatar.com\/avatar\/4973e2e2c2a0cb5db30b0c7b770041b8e33d048a16b695a1f99c042449d4bfaf?s=96&d=mm&r=g\",\"caption\":\"Imprensa Sindm\u00f3veis\"},\"url\":\"https:\/\/www.sindmoveis.com.br\/en\/author\/ana\/\"}]}<\/script>\n<!-- \/ Yoast SEO plugin. -->","yoast_head_json":{"title":"Movelsul Brasil 2014 launches an international promotional campaign - Sindm\u00f3veis-RS","robots":{"index":"index","follow":"follow","max-snippet":"max-snippet:-1","max-image-preview":"max-image-preview:large","max-video-preview":"max-video-preview:-1"},"canonical":"https:\/\/www.sindmoveis.com.br\/en\/movelsul-brasil-2014-inicia-sua-divulgacao-internacional\/","og_locale":"en_US","og_type":"article","og_title":"Movelsul Brasil 2014 launches an international promotional campaign - Sindm\u00f3veis-RS","og_description":"More than a year to go to before Movelsul, the Furniture Industry Association of Bento Gon\u00e7alves (Sindm\u00f3veis) launched the promotional campaign of the next edition of the fair, the largest... Leia mais &raquo;","og_url":"https:\/\/www.sindmoveis.com.br\/en\/movelsul-brasil-2014-inicia-sua-divulgacao-internacional\/","og_site_name":"Sindm\u00f3veis-RS","article_published_time":"2013-01-28T02:00:00+00:00","article_modified_time":"2021-05-26T13:46:06+00:00","author":"Imprensa Sindm\u00f3veis","twitter_card":"summary_large_image","twitter_misc":{"Written by":"Imprensa Sindm\u00f3veis","Est. reading time":"1 minute"},"schema":{"@context":"https:\/\/schema.org","@graph":[{"@type":"Article","@id":"https:\/\/www.sindmoveis.com.br\/en\/movelsul-brasil-2014-inicia-sua-divulgacao-internacional\/#article","isPartOf":{"@id":"https:\/\/www.sindmoveis.com.br\/en\/movelsul-brasil-2014-inicia-sua-divulgacao-internacional\/"},"author":{"name":"Imprensa Sindm\u00f3veis","@id":"https:\/\/www.sindmoveis.com.br\/en\/#\/schema\/person\/16d379542db1950a17fe188179340d57"},"headline":"Movelsul Brasil 2014 launches an international promotional campaign","datePublished":"2013-01-28T02:00:00+00:00","dateModified":"2021-05-26T13:46:06+00:00","mainEntityOfPage":{"@id":"https:\/\/www.sindmoveis.com.br\/en\/movelsul-brasil-2014-inicia-sua-divulgacao-internacional\/"},"wordCount":216,"articleSection":["Movelsul","Sindm\u00f3veis"],"inLanguage":"en-US"},{"@type":"WebPage","@id":"https:\/\/www.sindmoveis.com.br\/en\/movelsul-brasil-2014-inicia-sua-divulgacao-internacional\/","url":"https:\/\/www.sindmoveis.com.br\/en\/movelsul-brasil-2014-inicia-sua-divulgacao-internacional\/","name":"Movelsul Brasil 2014 launches an international promotional campaign - Sindm\u00f3veis-RS","isPartOf":{"@id":"https:\/\/www.sindmoveis.com.br\/en\/#website"},"datePublished":"2013-01-28T02:00:00+00:00","dateModified":"2021-05-26T13:46:06+00:00","author":{"@id":"https:\/\/www.sindmoveis.com.br\/en\/#\/schema\/person\/16d379542db1950a17fe188179340d57"},"inLanguage":"en-US","potentialAction":[{"@type":"ReadAction","target":["https:\/\/www.sindmoveis.com.br\/en\/movelsul-brasil-2014-inicia-sua-divulgacao-internacional\/"]}]},{"@type":"WebSite","@id":"https:\/\/www.sindmoveis.com.br\/en\/#website","url":"https:\/\/www.sindmoveis.com.br\/en\/","name":"Sindm\u00f3veis-RS","description":"","potentialAction":[{"@type":"SearchAction","target":{"@type":"EntryPoint","urlTemplate":"https:\/\/www.sindmoveis.com.br\/en\/?s={search_term_string}"},"query-input":{"@type":"PropertyValueSpecification","valueRequired":true,"valueName":"search_term_string"}}],"inLanguage":"en-US"},{"@type":"Person","@id":"https:\/\/www.sindmoveis.com.br\/en\/#\/schema\/person\/16d379542db1950a17fe188179340d57","name":"Imprensa Sindm\u00f3veis","image":{"@type":"ImageObject","inLanguage":"en-US","@id":"https:\/\/www.sindmoveis.com.br\/en\/#\/schema\/person\/image\/","url":"https:\/\/secure.gravatar.com\/avatar\/4973e2e2c2a0cb5db30b0c7b770041b8e33d048a16b695a1f99c042449d4bfaf?s=96&d=mm&r=g","contentUrl":"https:\/\/secure.gravatar.com\/avatar\/4973e2e2c2a0cb5db30b0c7b770041b8e33d048a16b695a1f99c042449d4bfaf?s=96&d=mm&r=g","caption":"Imprensa Sindm\u00f3veis"},"url":"https:\/\/www.sindmoveis.com.br\/en\/author\/ana\/"}]}},"_links":{"self":[{"href":"https:\/\/www.sindmoveis.com.br\/en\/wp-json\/wp\/v2\/posts\/968","targetHints":{"allow":["GET"]}}],"collection":[{"href":"https:\/\/www.sindmoveis.com.br\/en\/wp-json\/wp\/v2\/posts"}],"about":[{"href":"https:\/\/www.sindmoveis.com.br\/en\/wp-json\/wp\/v2\/types\/post"}],"author":[{"embeddable":true,"href":"https:\/\/www.sindmoveis.com.br\/en\/wp-json\/wp\/v2\/users\/5"}],"replies":[{"embeddable":true,"href":"https:\/\/www.sindmoveis.com.br\/en\/wp-json\/wp\/v2\/comments?post=968"}],"version-history":[{"count":2,"href":"https:\/\/www.sindmoveis.com.br\/en\/wp-json\/wp\/v2\/posts\/968\/revisions"}],"predecessor-version":[{"id":3260,"href":"https:\/\/www.sindmoveis.com.br\/en\/wp-json\/wp\/v2\/posts\/968\/revisions\/3260"}],"wp:attachment":[{"href":"https:\/\/www.sindmoveis.com.br\/en\/wp-json\/wp\/v2\/media?parent=968"}],"wp:term":[{"taxonomy":"category","embeddable":true,"href":"https:\/\/www.sindmoveis.com.br\/en\/wp-json\/wp\/v2\/categories?post=968"},{"taxonomy":"post_tag","embeddable":true,"href":"https:\/\/www.sindmoveis.com.br\/en\/wp-json\/wp\/v2\/tags?post=968"}],"curies":[{"name":"wp","href":"https:\/\/api.w.org\/{rel}","templated":true}]}}