{"id":965,"date":"2013-01-17T00:00:00","date_gmt":"2013-01-17T02:00:00","guid":{"rendered":"http:\/\/sindmoveis.com.br\/imprensa\/noticias\/sindmoveis-inicia-ano-com-folego-total-em-projetos-da-casa-brasil-2013\/"},"modified":"2021-05-26T10:46:04","modified_gmt":"2021-05-26T13:46:04","slug":"sindmoveis-inicia-ano-com-folego-total-em-projetos-da-casa-brasil-2013","status":"publish","type":"post","link":"https:\/\/www.sindmoveis.com.br\/en\/sindmoveis-inicia-ano-com-folego-total-em-projetos-da-casa-brasil-2013\/","title":{"rendered":"Sindm\u00f3veis starts the year firmly focused on Casa Brasil 2013 projects"},"content":{"rendered":"<p>Since the end of last Movelsul, Sindm\u00f3veis has been working on the fourth edition of Casa Brasil, which will be held from August 13-16, 2013. The work has gained momentum with the development of special projects and the entries for Sal\u00e3o Design Casa Brasil. The award, given by Sindm\u00f3veis for 25 years, integrates creativity and technological innovation with furniture and accessories through design. The deadline for entries is about a month away, and so far the number of registered projects already exceeds that of the last edition for the period. The assessment of the entries competing in the student, professional and industry categories will start in March.\u00a0<br \/>\n\u00a0<br \/>\nAt the same time, the staff of Casa Brasil is developing a project to revive and enhance the local handicrafts that will result in a line of kitchen products, including tableware and matching items, to be launched during the fair. The first workshops with local artisans were held throughout last year. In March, the action will be restarted with the definition of the items that will make up the collection. Coordinated by \u00a0architects Tina Moura and Lui Lo Pumo (LT Arquitetura e Design), members of Casa Brasil curatorship, and designer Renato Imbroisi from Rio de Janeiro, the action will promote the integration of design with traditional techniques developed in the region, such as basketry, manual weaving, crocheting, embroidery and woodwork.<br \/>\n\u00a0<br \/>\nThe president of Sindm\u00f3veis, C\u00e1tia Scarton, emphasizes that the promotion and enhancement of the national design are at the root of the association. &#8220;Our business goes far beyond representing the member furniture companies. We are a local organization aimed at the world and seeking conditions for the global integration of our companies. For us, design is a competitive tool able to differentiate our products, develop the Brazilian identity and strengthen the furniture industry,&#8221; she says.<\/p>\n","protected":false},"excerpt":{"rendered":"<p>Since the end of last Movelsul, Sindm\u00f3veis has been working on the fourth edition of Casa Brasil, which will be held from August 13-16, 2013. The work has gained momentum&#8230;  <a class=\"excerpt-read-more\" href=\"https:\/\/www.sindmoveis.com.br\/en\/sindmoveis-inicia-ano-com-folego-total-em-projetos-da-casa-brasil-2013\/\" title=\"Read Sindm\u00f3veis starts the year firmly focused on Casa Brasil 2013 projects\">Leia mais &raquo;<\/a><\/p>\n","protected":false},"author":5,"featured_media":0,"comment_status":"closed","ping_status":"open","sticky":false,"template":"","format":"standard","meta":{"footnotes":"","_links_to":"","_links_to_target":""},"categories":[2],"tags":[],"class_list":["post-965","post","type-post","status-publish","format-standard","hentry","category-sindmoveis"],"yoast_head":"<!-- This site is optimized with the Yoast SEO plugin v27.0 - https:\/\/yoast.com\/product\/yoast-seo-wordpress\/ -->\n<title>Sindm\u00f3veis starts the year firmly focused on Casa Brasil 2013 projects - Sindm\u00f3veis-RS<\/title>\n<meta name=\"robots\" content=\"index, follow, max-snippet:-1, max-image-preview:large, max-video-preview:-1\" \/>\n<link rel=\"canonical\" href=\"https:\/\/www.sindmoveis.com.br\/en\/sindmoveis-inicia-ano-com-folego-total-em-projetos-da-casa-brasil-2013\/\" \/>\n<meta property=\"og:locale\" content=\"en_US\" \/>\n<meta property=\"og:type\" content=\"article\" \/>\n<meta property=\"og:title\" content=\"Sindm\u00f3veis starts the year firmly focused on Casa Brasil 2013 projects - Sindm\u00f3veis-RS\" \/>\n<meta property=\"og:description\" content=\"Since the end of last Movelsul, Sindm\u00f3veis has been working on the fourth edition of Casa Brasil, which will be held from August 13-16, 2013. The work has gained momentum... Leia mais &raquo;\" \/>\n<meta property=\"og:url\" content=\"https:\/\/www.sindmoveis.com.br\/en\/sindmoveis-inicia-ano-com-folego-total-em-projetos-da-casa-brasil-2013\/\" \/>\n<meta property=\"og:site_name\" content=\"Sindm\u00f3veis-RS\" \/>\n<meta property=\"article:published_time\" content=\"2013-01-17T02:00:00+00:00\" \/>\n<meta property=\"article:modified_time\" content=\"2021-05-26T13:46:04+00:00\" \/>\n<meta name=\"author\" content=\"Imprensa Sindm\u00f3veis\" \/>\n<meta name=\"twitter:card\" content=\"summary_large_image\" \/>\n<meta name=\"twitter:label1\" content=\"Written by\" \/>\n\t<meta name=\"twitter:data1\" content=\"Imprensa Sindm\u00f3veis\" \/>\n\t<meta name=\"twitter:label2\" content=\"Est. reading time\" \/>\n\t<meta name=\"twitter:data2\" content=\"2 minutes\" \/>\n<script type=\"application\/ld+json\" class=\"yoast-schema-graph\">{\"@context\":\"https:\/\/schema.org\",\"@graph\":[{\"@type\":\"Article\",\"@id\":\"https:\/\/www.sindmoveis.com.br\/en\/sindmoveis-inicia-ano-com-folego-total-em-projetos-da-casa-brasil-2013\/#article\",\"isPartOf\":{\"@id\":\"https:\/\/www.sindmoveis.com.br\/en\/sindmoveis-inicia-ano-com-folego-total-em-projetos-da-casa-brasil-2013\/\"},\"author\":{\"name\":\"Imprensa Sindm\u00f3veis\",\"@id\":\"https:\/\/www.sindmoveis.com.br\/en\/#\/schema\/person\/16d379542db1950a17fe188179340d57\"},\"headline\":\"Sindm\u00f3veis starts the year firmly focused on Casa Brasil 2013 projects\",\"datePublished\":\"2013-01-17T02:00:00+00:00\",\"dateModified\":\"2021-05-26T13:46:04+00:00\",\"mainEntityOfPage\":{\"@id\":\"https:\/\/www.sindmoveis.com.br\/en\/sindmoveis-inicia-ano-com-folego-total-em-projetos-da-casa-brasil-2013\/\"},\"wordCount\":316,\"articleSection\":[\"Sindm\u00f3veis\"],\"inLanguage\":\"en-US\"},{\"@type\":\"WebPage\",\"@id\":\"https:\/\/www.sindmoveis.com.br\/en\/sindmoveis-inicia-ano-com-folego-total-em-projetos-da-casa-brasil-2013\/\",\"url\":\"https:\/\/www.sindmoveis.com.br\/en\/sindmoveis-inicia-ano-com-folego-total-em-projetos-da-casa-brasil-2013\/\",\"name\":\"Sindm\u00f3veis starts the year firmly focused on Casa Brasil 2013 projects - Sindm\u00f3veis-RS\",\"isPartOf\":{\"@id\":\"https:\/\/www.sindmoveis.com.br\/en\/#website\"},\"datePublished\":\"2013-01-17T02:00:00+00:00\",\"dateModified\":\"2021-05-26T13:46:04+00:00\",\"author\":{\"@id\":\"https:\/\/www.sindmoveis.com.br\/en\/#\/schema\/person\/16d379542db1950a17fe188179340d57\"},\"inLanguage\":\"en-US\",\"potentialAction\":[{\"@type\":\"ReadAction\",\"target\":[\"https:\/\/www.sindmoveis.com.br\/en\/sindmoveis-inicia-ano-com-folego-total-em-projetos-da-casa-brasil-2013\/\"]}]},{\"@type\":\"WebSite\",\"@id\":\"https:\/\/www.sindmoveis.com.br\/en\/#website\",\"url\":\"https:\/\/www.sindmoveis.com.br\/en\/\",\"name\":\"Sindm\u00f3veis-RS\",\"description\":\"\",\"potentialAction\":[{\"@type\":\"SearchAction\",\"target\":{\"@type\":\"EntryPoint\",\"urlTemplate\":\"https:\/\/www.sindmoveis.com.br\/en\/?s={search_term_string}\"},\"query-input\":{\"@type\":\"PropertyValueSpecification\",\"valueRequired\":true,\"valueName\":\"search_term_string\"}}],\"inLanguage\":\"en-US\"},{\"@type\":\"Person\",\"@id\":\"https:\/\/www.sindmoveis.com.br\/en\/#\/schema\/person\/16d379542db1950a17fe188179340d57\",\"name\":\"Imprensa Sindm\u00f3veis\",\"image\":{\"@type\":\"ImageObject\",\"inLanguage\":\"en-US\",\"@id\":\"https:\/\/www.sindmoveis.com.br\/en\/#\/schema\/person\/image\/\",\"url\":\"https:\/\/secure.gravatar.com\/avatar\/4973e2e2c2a0cb5db30b0c7b770041b8e33d048a16b695a1f99c042449d4bfaf?s=96&d=mm&r=g\",\"contentUrl\":\"https:\/\/secure.gravatar.com\/avatar\/4973e2e2c2a0cb5db30b0c7b770041b8e33d048a16b695a1f99c042449d4bfaf?s=96&d=mm&r=g\",\"caption\":\"Imprensa Sindm\u00f3veis\"},\"url\":\"https:\/\/www.sindmoveis.com.br\/en\/author\/ana\/\"}]}<\/script>\n<!-- \/ Yoast SEO plugin. -->","yoast_head_json":{"title":"Sindm\u00f3veis starts the year firmly focused on Casa Brasil 2013 projects - Sindm\u00f3veis-RS","robots":{"index":"index","follow":"follow","max-snippet":"max-snippet:-1","max-image-preview":"max-image-preview:large","max-video-preview":"max-video-preview:-1"},"canonical":"https:\/\/www.sindmoveis.com.br\/en\/sindmoveis-inicia-ano-com-folego-total-em-projetos-da-casa-brasil-2013\/","og_locale":"en_US","og_type":"article","og_title":"Sindm\u00f3veis starts the year firmly focused on Casa Brasil 2013 projects - Sindm\u00f3veis-RS","og_description":"Since the end of last Movelsul, Sindm\u00f3veis has been working on the fourth edition of Casa Brasil, which will be held from August 13-16, 2013. The work has gained momentum... Leia mais &raquo;","og_url":"https:\/\/www.sindmoveis.com.br\/en\/sindmoveis-inicia-ano-com-folego-total-em-projetos-da-casa-brasil-2013\/","og_site_name":"Sindm\u00f3veis-RS","article_published_time":"2013-01-17T02:00:00+00:00","article_modified_time":"2021-05-26T13:46:04+00:00","author":"Imprensa Sindm\u00f3veis","twitter_card":"summary_large_image","twitter_misc":{"Written by":"Imprensa Sindm\u00f3veis","Est. reading time":"2 minutes"},"schema":{"@context":"https:\/\/schema.org","@graph":[{"@type":"Article","@id":"https:\/\/www.sindmoveis.com.br\/en\/sindmoveis-inicia-ano-com-folego-total-em-projetos-da-casa-brasil-2013\/#article","isPartOf":{"@id":"https:\/\/www.sindmoveis.com.br\/en\/sindmoveis-inicia-ano-com-folego-total-em-projetos-da-casa-brasil-2013\/"},"author":{"name":"Imprensa Sindm\u00f3veis","@id":"https:\/\/www.sindmoveis.com.br\/en\/#\/schema\/person\/16d379542db1950a17fe188179340d57"},"headline":"Sindm\u00f3veis starts the year firmly focused on Casa Brasil 2013 projects","datePublished":"2013-01-17T02:00:00+00:00","dateModified":"2021-05-26T13:46:04+00:00","mainEntityOfPage":{"@id":"https:\/\/www.sindmoveis.com.br\/en\/sindmoveis-inicia-ano-com-folego-total-em-projetos-da-casa-brasil-2013\/"},"wordCount":316,"articleSection":["Sindm\u00f3veis"],"inLanguage":"en-US"},{"@type":"WebPage","@id":"https:\/\/www.sindmoveis.com.br\/en\/sindmoveis-inicia-ano-com-folego-total-em-projetos-da-casa-brasil-2013\/","url":"https:\/\/www.sindmoveis.com.br\/en\/sindmoveis-inicia-ano-com-folego-total-em-projetos-da-casa-brasil-2013\/","name":"Sindm\u00f3veis starts the year firmly focused on Casa Brasil 2013 projects - Sindm\u00f3veis-RS","isPartOf":{"@id":"https:\/\/www.sindmoveis.com.br\/en\/#website"},"datePublished":"2013-01-17T02:00:00+00:00","dateModified":"2021-05-26T13:46:04+00:00","author":{"@id":"https:\/\/www.sindmoveis.com.br\/en\/#\/schema\/person\/16d379542db1950a17fe188179340d57"},"inLanguage":"en-US","potentialAction":[{"@type":"ReadAction","target":["https:\/\/www.sindmoveis.com.br\/en\/sindmoveis-inicia-ano-com-folego-total-em-projetos-da-casa-brasil-2013\/"]}]},{"@type":"WebSite","@id":"https:\/\/www.sindmoveis.com.br\/en\/#website","url":"https:\/\/www.sindmoveis.com.br\/en\/","name":"Sindm\u00f3veis-RS","description":"","potentialAction":[{"@type":"SearchAction","target":{"@type":"EntryPoint","urlTemplate":"https:\/\/www.sindmoveis.com.br\/en\/?s={search_term_string}"},"query-input":{"@type":"PropertyValueSpecification","valueRequired":true,"valueName":"search_term_string"}}],"inLanguage":"en-US"},{"@type":"Person","@id":"https:\/\/www.sindmoveis.com.br\/en\/#\/schema\/person\/16d379542db1950a17fe188179340d57","name":"Imprensa Sindm\u00f3veis","image":{"@type":"ImageObject","inLanguage":"en-US","@id":"https:\/\/www.sindmoveis.com.br\/en\/#\/schema\/person\/image\/","url":"https:\/\/secure.gravatar.com\/avatar\/4973e2e2c2a0cb5db30b0c7b770041b8e33d048a16b695a1f99c042449d4bfaf?s=96&d=mm&r=g","contentUrl":"https:\/\/secure.gravatar.com\/avatar\/4973e2e2c2a0cb5db30b0c7b770041b8e33d048a16b695a1f99c042449d4bfaf?s=96&d=mm&r=g","caption":"Imprensa Sindm\u00f3veis"},"url":"https:\/\/www.sindmoveis.com.br\/en\/author\/ana\/"}]}},"_links":{"self":[{"href":"https:\/\/www.sindmoveis.com.br\/en\/wp-json\/wp\/v2\/posts\/965","targetHints":{"allow":["GET"]}}],"collection":[{"href":"https:\/\/www.sindmoveis.com.br\/en\/wp-json\/wp\/v2\/posts"}],"about":[{"href":"https:\/\/www.sindmoveis.com.br\/en\/wp-json\/wp\/v2\/types\/post"}],"author":[{"embeddable":true,"href":"https:\/\/www.sindmoveis.com.br\/en\/wp-json\/wp\/v2\/users\/5"}],"replies":[{"embeddable":true,"href":"https:\/\/www.sindmoveis.com.br\/en\/wp-json\/wp\/v2\/comments?post=965"}],"version-history":[{"count":2,"href":"https:\/\/www.sindmoveis.com.br\/en\/wp-json\/wp\/v2\/posts\/965\/revisions"}],"predecessor-version":[{"id":3257,"href":"https:\/\/www.sindmoveis.com.br\/en\/wp-json\/wp\/v2\/posts\/965\/revisions\/3257"}],"wp:attachment":[{"href":"https:\/\/www.sindmoveis.com.br\/en\/wp-json\/wp\/v2\/media?parent=965"}],"wp:term":[{"taxonomy":"category","embeddable":true,"href":"https:\/\/www.sindmoveis.com.br\/en\/wp-json\/wp\/v2\/categories?post=965"},{"taxonomy":"post_tag","embeddable":true,"href":"https:\/\/www.sindmoveis.com.br\/en\/wp-json\/wp\/v2\/tags?post=965"}],"curies":[{"name":"wp","href":"https:\/\/api.w.org\/{rel}","templated":true}]}}