{"id":949,"date":"2012-10-05T00:00:00","date_gmt":"2012-10-05T03:00:00","guid":{"rendered":"http:\/\/sindmoveis.com.br\/imprensa\/noticias\/sindmoveis-e-movergs-doam-automovel-para-a-brigada-militar\/"},"modified":"2021-05-26T10:46:03","modified_gmt":"2021-05-26T13:46:03","slug":"sindmoveis-e-movergs-doam-automovel-para-a-brigada-militar","status":"publish","type":"post","link":"https:\/\/www.sindmoveis.com.br\/en\/sindmoveis-e-movergs-doam-automovel-para-a-brigada-militar\/","title":{"rendered":"Sindm\u00f3veis and Movergs donate a car to the Military Police"},"content":{"rendered":"<p>\u00a0<br \/>\nThe Furniture Industry Association of RS (Movergs) and the Furniture Industry Association of Bento Gon\u00e7alves (Sindm\u00f3veis) made official on Friday morning, October 5, the donation of a brand new car to the Military Brigade in Bento Gon\u00e7alves, through the Consepro Foundation in Support for Public Safety.\u00a0<br \/>\n\u00a0<br \/>\nThe event was attended by the commander of the 1st Platoom of the 3rd Battalion of Tourist Areas of the Military Brigade, captain Reni Zdruikoski; the president of Consepro, Geraldo Leite; the president and the vice-president of Sindm\u00f3veis, , C\u00e1tia Scarton and Henrique Tecchio; the president of Fimma Brasil, Cacildo Tarso; the Industrial Director, Volmir Dias; and the Marketing Director, Paulo C\u00e9sar Franzoni.<br \/>\n\u00a0<br \/>\nThe president of Sindm\u00f3veis, C\u00e1tia Scarton, reinforces the idea of a partnership between the furniture sector, which represents more than 50% of the local GDP, and the public security. \u201cBy investing resources in this kind of contribution, we believe we are contributing to the safety of the fairs, to the welfare of the community and consequently to the sustainable development of the sector,\u201d she says.\u00a0<br \/>\n\u00a0<br \/>\nCacildo Tarso, president of Fimma Brasil, associates the donation with the practical exercise of social responsibility that the most developed sectors of the city must have. \u201cWe need to foster effective partnerships in all sectors of society. Thanks to the public safety services in Bento Gon\u00e7alves, the city is prepared to attract tourists and important events like the International Fair of Machines, Raw Materials and Accessories for the Furniture Industry,\u201d says Tarso.\u00a0<br \/>\n\u00a0<br \/>\nBoth associations contributed to the amount of R$ 28,000 for the purchase of the vehicle as a way to support the activities of the Military Brigade and to recognize the services provided during Casa Brasil, FIMMA Brasil and Movelsul trade shows. In return, the corporation will be in charge of keeping special police operations during the events promoted by Sindm\u00f3veis and Movergs. The vehicle will need to be adapted before it is used by the Military Brigade to patrol the city. The installation of the equipment and logo on the car will be completed within 90 days.\u00a0<br \/>\n\u00a0<\/p>\n","protected":false},"excerpt":{"rendered":"<p>\u00a0 The Furniture Industry Association of RS (Movergs) and the Furniture Industry Association of Bento Gon\u00e7alves (Sindm\u00f3veis) made official on Friday morning, October 5, the donation of a brand new&#8230;  <a class=\"excerpt-read-more\" href=\"https:\/\/www.sindmoveis.com.br\/en\/sindmoveis-e-movergs-doam-automovel-para-a-brigada-militar\/\" title=\"Read Sindm\u00f3veis and Movergs donate a car to the Military Police\">Leia mais &raquo;<\/a><\/p>\n","protected":false},"author":5,"featured_media":0,"comment_status":"closed","ping_status":"open","sticky":false,"template":"","format":"standard","meta":{"footnotes":"","_links_to":"","_links_to_target":""},"categories":[2],"tags":[],"class_list":["post-949","post","type-post","status-publish","format-standard","hentry","category-sindmoveis"],"yoast_head":"<!-- This site is optimized with the Yoast SEO plugin v27.0 - https:\/\/yoast.com\/product\/yoast-seo-wordpress\/ -->\n<title>Sindm\u00f3veis and Movergs donate a car to the Military Police - Sindm\u00f3veis-RS<\/title>\n<meta name=\"robots\" content=\"index, follow, max-snippet:-1, max-image-preview:large, max-video-preview:-1\" \/>\n<link rel=\"canonical\" href=\"https:\/\/www.sindmoveis.com.br\/en\/sindmoveis-e-movergs-doam-automovel-para-a-brigada-militar\/\" \/>\n<meta property=\"og:locale\" content=\"en_US\" \/>\n<meta property=\"og:type\" content=\"article\" \/>\n<meta property=\"og:title\" content=\"Sindm\u00f3veis and Movergs donate a car to the Military Police - Sindm\u00f3veis-RS\" \/>\n<meta property=\"og:description\" content=\"\u00a0 The Furniture Industry Association of RS (Movergs) and the Furniture Industry Association of Bento Gon\u00e7alves (Sindm\u00f3veis) made official on Friday morning, October 5, the donation of a brand new... Leia mais &raquo;\" \/>\n<meta property=\"og:url\" content=\"https:\/\/www.sindmoveis.com.br\/en\/sindmoveis-e-movergs-doam-automovel-para-a-brigada-militar\/\" \/>\n<meta property=\"og:site_name\" content=\"Sindm\u00f3veis-RS\" \/>\n<meta property=\"article:published_time\" content=\"2012-10-05T03:00:00+00:00\" \/>\n<meta property=\"article:modified_time\" content=\"2021-05-26T13:46:03+00:00\" \/>\n<meta name=\"author\" content=\"Imprensa Sindm\u00f3veis\" \/>\n<meta name=\"twitter:card\" content=\"summary_large_image\" \/>\n<meta name=\"twitter:label1\" content=\"Written by\" \/>\n\t<meta name=\"twitter:data1\" content=\"Imprensa Sindm\u00f3veis\" \/>\n\t<meta name=\"twitter:label2\" content=\"Est. reading time\" \/>\n\t<meta name=\"twitter:data2\" content=\"2 minutes\" \/>\n<script type=\"application\/ld+json\" class=\"yoast-schema-graph\">{\"@context\":\"https:\/\/schema.org\",\"@graph\":[{\"@type\":\"Article\",\"@id\":\"https:\/\/www.sindmoveis.com.br\/en\/sindmoveis-e-movergs-doam-automovel-para-a-brigada-militar\/#article\",\"isPartOf\":{\"@id\":\"https:\/\/www.sindmoveis.com.br\/en\/sindmoveis-e-movergs-doam-automovel-para-a-brigada-militar\/\"},\"author\":{\"name\":\"Imprensa Sindm\u00f3veis\",\"@id\":\"https:\/\/www.sindmoveis.com.br\/en\/#\/schema\/person\/16d379542db1950a17fe188179340d57\"},\"headline\":\"Sindm\u00f3veis and Movergs donate a car to the Military Police\",\"datePublished\":\"2012-10-05T03:00:00+00:00\",\"dateModified\":\"2021-05-26T13:46:03+00:00\",\"mainEntityOfPage\":{\"@id\":\"https:\/\/www.sindmoveis.com.br\/en\/sindmoveis-e-movergs-doam-automovel-para-a-brigada-militar\/\"},\"wordCount\":359,\"articleSection\":[\"Sindm\u00f3veis\"],\"inLanguage\":\"en-US\"},{\"@type\":\"WebPage\",\"@id\":\"https:\/\/www.sindmoveis.com.br\/en\/sindmoveis-e-movergs-doam-automovel-para-a-brigada-militar\/\",\"url\":\"https:\/\/www.sindmoveis.com.br\/en\/sindmoveis-e-movergs-doam-automovel-para-a-brigada-militar\/\",\"name\":\"Sindm\u00f3veis and Movergs donate a car to the Military Police - Sindm\u00f3veis-RS\",\"isPartOf\":{\"@id\":\"https:\/\/www.sindmoveis.com.br\/en\/#website\"},\"datePublished\":\"2012-10-05T03:00:00+00:00\",\"dateModified\":\"2021-05-26T13:46:03+00:00\",\"author\":{\"@id\":\"https:\/\/www.sindmoveis.com.br\/en\/#\/schema\/person\/16d379542db1950a17fe188179340d57\"},\"inLanguage\":\"en-US\",\"potentialAction\":[{\"@type\":\"ReadAction\",\"target\":[\"https:\/\/www.sindmoveis.com.br\/en\/sindmoveis-e-movergs-doam-automovel-para-a-brigada-militar\/\"]}]},{\"@type\":\"WebSite\",\"@id\":\"https:\/\/www.sindmoveis.com.br\/en\/#website\",\"url\":\"https:\/\/www.sindmoveis.com.br\/en\/\",\"name\":\"Sindm\u00f3veis-RS\",\"description\":\"\",\"potentialAction\":[{\"@type\":\"SearchAction\",\"target\":{\"@type\":\"EntryPoint\",\"urlTemplate\":\"https:\/\/www.sindmoveis.com.br\/en\/?s={search_term_string}\"},\"query-input\":{\"@type\":\"PropertyValueSpecification\",\"valueRequired\":true,\"valueName\":\"search_term_string\"}}],\"inLanguage\":\"en-US\"},{\"@type\":\"Person\",\"@id\":\"https:\/\/www.sindmoveis.com.br\/en\/#\/schema\/person\/16d379542db1950a17fe188179340d57\",\"name\":\"Imprensa Sindm\u00f3veis\",\"image\":{\"@type\":\"ImageObject\",\"inLanguage\":\"en-US\",\"@id\":\"https:\/\/www.sindmoveis.com.br\/en\/#\/schema\/person\/image\/\",\"url\":\"https:\/\/secure.gravatar.com\/avatar\/4973e2e2c2a0cb5db30b0c7b770041b8e33d048a16b695a1f99c042449d4bfaf?s=96&d=mm&r=g\",\"contentUrl\":\"https:\/\/secure.gravatar.com\/avatar\/4973e2e2c2a0cb5db30b0c7b770041b8e33d048a16b695a1f99c042449d4bfaf?s=96&d=mm&r=g\",\"caption\":\"Imprensa Sindm\u00f3veis\"},\"url\":\"https:\/\/www.sindmoveis.com.br\/en\/author\/ana\/\"}]}<\/script>\n<!-- \/ Yoast SEO plugin. -->","yoast_head_json":{"title":"Sindm\u00f3veis and Movergs donate a car to the Military Police - Sindm\u00f3veis-RS","robots":{"index":"index","follow":"follow","max-snippet":"max-snippet:-1","max-image-preview":"max-image-preview:large","max-video-preview":"max-video-preview:-1"},"canonical":"https:\/\/www.sindmoveis.com.br\/en\/sindmoveis-e-movergs-doam-automovel-para-a-brigada-militar\/","og_locale":"en_US","og_type":"article","og_title":"Sindm\u00f3veis and Movergs donate a car to the Military Police - Sindm\u00f3veis-RS","og_description":"\u00a0 The Furniture Industry Association of RS (Movergs) and the Furniture Industry Association of Bento Gon\u00e7alves (Sindm\u00f3veis) made official on Friday morning, October 5, the donation of a brand new... Leia mais &raquo;","og_url":"https:\/\/www.sindmoveis.com.br\/en\/sindmoveis-e-movergs-doam-automovel-para-a-brigada-militar\/","og_site_name":"Sindm\u00f3veis-RS","article_published_time":"2012-10-05T03:00:00+00:00","article_modified_time":"2021-05-26T13:46:03+00:00","author":"Imprensa Sindm\u00f3veis","twitter_card":"summary_large_image","twitter_misc":{"Written by":"Imprensa Sindm\u00f3veis","Est. reading time":"2 minutes"},"schema":{"@context":"https:\/\/schema.org","@graph":[{"@type":"Article","@id":"https:\/\/www.sindmoveis.com.br\/en\/sindmoveis-e-movergs-doam-automovel-para-a-brigada-militar\/#article","isPartOf":{"@id":"https:\/\/www.sindmoveis.com.br\/en\/sindmoveis-e-movergs-doam-automovel-para-a-brigada-militar\/"},"author":{"name":"Imprensa Sindm\u00f3veis","@id":"https:\/\/www.sindmoveis.com.br\/en\/#\/schema\/person\/16d379542db1950a17fe188179340d57"},"headline":"Sindm\u00f3veis and Movergs donate a car to the Military Police","datePublished":"2012-10-05T03:00:00+00:00","dateModified":"2021-05-26T13:46:03+00:00","mainEntityOfPage":{"@id":"https:\/\/www.sindmoveis.com.br\/en\/sindmoveis-e-movergs-doam-automovel-para-a-brigada-militar\/"},"wordCount":359,"articleSection":["Sindm\u00f3veis"],"inLanguage":"en-US"},{"@type":"WebPage","@id":"https:\/\/www.sindmoveis.com.br\/en\/sindmoveis-e-movergs-doam-automovel-para-a-brigada-militar\/","url":"https:\/\/www.sindmoveis.com.br\/en\/sindmoveis-e-movergs-doam-automovel-para-a-brigada-militar\/","name":"Sindm\u00f3veis and Movergs donate a car to the Military Police - Sindm\u00f3veis-RS","isPartOf":{"@id":"https:\/\/www.sindmoveis.com.br\/en\/#website"},"datePublished":"2012-10-05T03:00:00+00:00","dateModified":"2021-05-26T13:46:03+00:00","author":{"@id":"https:\/\/www.sindmoveis.com.br\/en\/#\/schema\/person\/16d379542db1950a17fe188179340d57"},"inLanguage":"en-US","potentialAction":[{"@type":"ReadAction","target":["https:\/\/www.sindmoveis.com.br\/en\/sindmoveis-e-movergs-doam-automovel-para-a-brigada-militar\/"]}]},{"@type":"WebSite","@id":"https:\/\/www.sindmoveis.com.br\/en\/#website","url":"https:\/\/www.sindmoveis.com.br\/en\/","name":"Sindm\u00f3veis-RS","description":"","potentialAction":[{"@type":"SearchAction","target":{"@type":"EntryPoint","urlTemplate":"https:\/\/www.sindmoveis.com.br\/en\/?s={search_term_string}"},"query-input":{"@type":"PropertyValueSpecification","valueRequired":true,"valueName":"search_term_string"}}],"inLanguage":"en-US"},{"@type":"Person","@id":"https:\/\/www.sindmoveis.com.br\/en\/#\/schema\/person\/16d379542db1950a17fe188179340d57","name":"Imprensa Sindm\u00f3veis","image":{"@type":"ImageObject","inLanguage":"en-US","@id":"https:\/\/www.sindmoveis.com.br\/en\/#\/schema\/person\/image\/","url":"https:\/\/secure.gravatar.com\/avatar\/4973e2e2c2a0cb5db30b0c7b770041b8e33d048a16b695a1f99c042449d4bfaf?s=96&d=mm&r=g","contentUrl":"https:\/\/secure.gravatar.com\/avatar\/4973e2e2c2a0cb5db30b0c7b770041b8e33d048a16b695a1f99c042449d4bfaf?s=96&d=mm&r=g","caption":"Imprensa Sindm\u00f3veis"},"url":"https:\/\/www.sindmoveis.com.br\/en\/author\/ana\/"}]}},"_links":{"self":[{"href":"https:\/\/www.sindmoveis.com.br\/en\/wp-json\/wp\/v2\/posts\/949","targetHints":{"allow":["GET"]}}],"collection":[{"href":"https:\/\/www.sindmoveis.com.br\/en\/wp-json\/wp\/v2\/posts"}],"about":[{"href":"https:\/\/www.sindmoveis.com.br\/en\/wp-json\/wp\/v2\/types\/post"}],"author":[{"embeddable":true,"href":"https:\/\/www.sindmoveis.com.br\/en\/wp-json\/wp\/v2\/users\/5"}],"replies":[{"embeddable":true,"href":"https:\/\/www.sindmoveis.com.br\/en\/wp-json\/wp\/v2\/comments?post=949"}],"version-history":[{"count":2,"href":"https:\/\/www.sindmoveis.com.br\/en\/wp-json\/wp\/v2\/posts\/949\/revisions"}],"predecessor-version":[{"id":3245,"href":"https:\/\/www.sindmoveis.com.br\/en\/wp-json\/wp\/v2\/posts\/949\/revisions\/3245"}],"wp:attachment":[{"href":"https:\/\/www.sindmoveis.com.br\/en\/wp-json\/wp\/v2\/media?parent=949"}],"wp:term":[{"taxonomy":"category","embeddable":true,"href":"https:\/\/www.sindmoveis.com.br\/en\/wp-json\/wp\/v2\/categories?post=949"},{"taxonomy":"post_tag","embeddable":true,"href":"https:\/\/www.sindmoveis.com.br\/en\/wp-json\/wp\/v2\/tags?post=949"}],"curies":[{"name":"wp","href":"https:\/\/api.w.org\/{rel}","templated":true}]}}