{"id":944,"date":"2012-09-28T00:00:00","date_gmt":"2012-09-28T03:00:00","guid":{"rendered":"http:\/\/sindmoveis.com.br\/imprensa\/noticias\/estudios-de-bento-presentes-na-bienal-brasileira-do-design\/"},"modified":"2021-05-26T10:46:03","modified_gmt":"2021-05-26T13:46:03","slug":"estudios-de-bento-presentes-na-bienal-brasileira-do-design","status":"publish","type":"post","link":"https:\/\/www.sindmoveis.com.br\/en\/estudios-de-bento-presentes-na-bienal-brasileira-do-design\/","title":{"rendered":"Studios from Bento Gon\u00e7alves take part in the Brazilian Biennial Design Exhibit"},"content":{"rendered":"<p>From October 19-28, Sindm\u00f3veis promotes the Casa Brasil Generation exhibit in Belo Horizonte, with the participation of 21 designers<br \/>\n\u00a0<br \/>\nMore than 20 designers who participate in Orchestra Brasil, a project to encourage exports promoted by Sindm\u00f3veis in partnership with the Trade and Investment Promotion Agency (Apex-Brasil), will take part in the 4th Brazilian Biennial Design Exhibit 2012 through the Casa Brasil Generation exhibit. From October 19-28, professionals who have participated in Casa Brasil designing products for exhibiting companies, entering the Sal\u00e3o Design competition or taking part in the special projects of the fair will display their creations at the Museu de Minas e Metais in Belo Horizonte.\u00a0<br \/>\nThe theme of the exhibit will be the Casulo color palette \u00a0of \u00a0Caderno Inspira\u00e7\u00e3o Brasil +B, by the Brazilian Association of Fashion Designers (Abest). \u00a0Projeto3 and UNT Design, based in Bento Gon\u00e7alves, are part of the 21 exhibiting studios. Projeto3 will display the Luana table, developed in 2012 aimed at the middle class. Daniel Camera, the designer in charge of developing the product, says that the use of color is critical to enhance design, showing the details of the machining operation and giving the impression that it is an artisan product made on an industrial scale. \u201cA collapsible table made from 1.2 m2 MDF board that uses machining technology as its great competitive advantage,\u201d says Camera.\u00a0<br \/>\n\u00a0<br \/>\nUNT Design will exhibit two products. The Infinito bench, designed in 2007 to furnish living rooms, is based on the concept of formal simplicity and the characterization of the mathematical symbol of infinity. The Shell armchair is inspired by natural forms, featuring a fiberglass base, high gloss finish, upholstered with fabric showing a geometric pattern, which emphasizes a retro aspect with organic forms. The product was designed last year and manufactured by M\u00f3veis Daf.\u00a0<br \/>\n\u00a0<br \/>\nThe participation in the Brazilian Biennial Design Exhibit is part of the action plan of the Orchestra Brasil project. In addition to the Casa Brasil Generation, the project will bring three South American journalists to the event, in order to position the Brazilian design in this market. Additionally, during the biennial exhibit, Apex-Brasil will promote a seminar to give exposure to the designers of the project. \u201cThe initiative is part of our ongoing efforts to enhance the use of design as a tool for the competitiveness of the industry, ensuring the permanence of Brazilian companies in the global market,\u201d says the president of Sindm\u00f3veis, C\u00e1tia Scarton.\u00a0<br \/>\n\u00a0<br \/>\nThe Casa Brasil Generation exhibit includes products signed by designers Bernardo Senna, Carlos Alcantarino, Em2 Design, Estudiobola, Eul\u00e1lia Anselmo, Faro Design, Fix Design, Fl\u00e1via Pagotti Silva, Girona Design, Helo\u00edsa Crocco, Lattoog Design, Lluss\u00e1 Marcenaria, Luiz Pedrazzi, Mameluca Design, Marton+Marton, Oficina Ethos, Porf\u00edrio Valladares, Projeto3 Design, Regis Padilha Designer, Tina e Lui and UNT Design. For further information visit www.bienalbrasileiradedesign.com.br<\/p>\n","protected":false},"excerpt":{"rendered":"<p>From October 19-28, Sindm\u00f3veis promotes the Casa Brasil Generation exhibit in Belo Horizonte, with the participation of 21 designers \u00a0 More than 20 designers who participate in Orchestra Brasil, a&#8230;  <a class=\"excerpt-read-more\" href=\"https:\/\/www.sindmoveis.com.br\/en\/estudios-de-bento-presentes-na-bienal-brasileira-do-design\/\" title=\"Read Studios from Bento Gon\u00e7alves take part in the Brazilian Biennial Design Exhibit\">Leia mais &raquo;<\/a><\/p>\n","protected":false},"author":5,"featured_media":0,"comment_status":"closed","ping_status":"open","sticky":false,"template":"","format":"standard","meta":{"footnotes":"","_links_to":"","_links_to_target":""},"categories":[2],"tags":[],"class_list":["post-944","post","type-post","status-publish","format-standard","hentry","category-sindmoveis"],"yoast_head":"<!-- This site is optimized with the Yoast SEO plugin v27.0 - https:\/\/yoast.com\/product\/yoast-seo-wordpress\/ -->\n<title>Studios from Bento Gon\u00e7alves take part in the Brazilian Biennial Design Exhibit - Sindm\u00f3veis-RS<\/title>\n<meta name=\"robots\" content=\"index, follow, max-snippet:-1, max-image-preview:large, max-video-preview:-1\" \/>\n<link rel=\"canonical\" href=\"https:\/\/www.sindmoveis.com.br\/en\/estudios-de-bento-presentes-na-bienal-brasileira-do-design\/\" \/>\n<meta property=\"og:locale\" content=\"en_US\" \/>\n<meta property=\"og:type\" content=\"article\" \/>\n<meta property=\"og:title\" content=\"Studios from Bento Gon\u00e7alves take part in the Brazilian Biennial Design Exhibit - Sindm\u00f3veis-RS\" \/>\n<meta property=\"og:description\" content=\"From October 19-28, Sindm\u00f3veis promotes the Casa Brasil Generation exhibit in Belo Horizonte, with the participation of 21 designers \u00a0 More than 20 designers who participate in Orchestra Brasil, a... Leia mais &raquo;\" \/>\n<meta property=\"og:url\" content=\"https:\/\/www.sindmoveis.com.br\/en\/estudios-de-bento-presentes-na-bienal-brasileira-do-design\/\" \/>\n<meta property=\"og:site_name\" content=\"Sindm\u00f3veis-RS\" \/>\n<meta property=\"article:published_time\" content=\"2012-09-28T03:00:00+00:00\" \/>\n<meta property=\"article:modified_time\" content=\"2021-05-26T13:46:03+00:00\" \/>\n<meta name=\"author\" content=\"Imprensa Sindm\u00f3veis\" \/>\n<meta name=\"twitter:card\" content=\"summary_large_image\" \/>\n<meta name=\"twitter:label1\" content=\"Written by\" \/>\n\t<meta name=\"twitter:data1\" content=\"Imprensa Sindm\u00f3veis\" \/>\n\t<meta name=\"twitter:label2\" content=\"Est. reading time\" \/>\n\t<meta name=\"twitter:data2\" content=\"2 minutes\" \/>\n<script type=\"application\/ld+json\" class=\"yoast-schema-graph\">{\"@context\":\"https:\/\/schema.org\",\"@graph\":[{\"@type\":\"Article\",\"@id\":\"https:\/\/www.sindmoveis.com.br\/en\/estudios-de-bento-presentes-na-bienal-brasileira-do-design\/#article\",\"isPartOf\":{\"@id\":\"https:\/\/www.sindmoveis.com.br\/en\/estudios-de-bento-presentes-na-bienal-brasileira-do-design\/\"},\"author\":{\"name\":\"Imprensa Sindm\u00f3veis\",\"@id\":\"https:\/\/www.sindmoveis.com.br\/en\/#\/schema\/person\/16d379542db1950a17fe188179340d57\"},\"headline\":\"Studios from Bento Gon\u00e7alves take part in the Brazilian Biennial Design Exhibit\",\"datePublished\":\"2012-09-28T03:00:00+00:00\",\"dateModified\":\"2021-05-26T13:46:03+00:00\",\"mainEntityOfPage\":{\"@id\":\"https:\/\/www.sindmoveis.com.br\/en\/estudios-de-bento-presentes-na-bienal-brasileira-do-design\/\"},\"wordCount\":484,\"articleSection\":[\"Sindm\u00f3veis\"],\"inLanguage\":\"en-US\"},{\"@type\":\"WebPage\",\"@id\":\"https:\/\/www.sindmoveis.com.br\/en\/estudios-de-bento-presentes-na-bienal-brasileira-do-design\/\",\"url\":\"https:\/\/www.sindmoveis.com.br\/en\/estudios-de-bento-presentes-na-bienal-brasileira-do-design\/\",\"name\":\"Studios from Bento Gon\u00e7alves take part in the Brazilian Biennial Design Exhibit - Sindm\u00f3veis-RS\",\"isPartOf\":{\"@id\":\"https:\/\/www.sindmoveis.com.br\/en\/#website\"},\"datePublished\":\"2012-09-28T03:00:00+00:00\",\"dateModified\":\"2021-05-26T13:46:03+00:00\",\"author\":{\"@id\":\"https:\/\/www.sindmoveis.com.br\/en\/#\/schema\/person\/16d379542db1950a17fe188179340d57\"},\"inLanguage\":\"en-US\",\"potentialAction\":[{\"@type\":\"ReadAction\",\"target\":[\"https:\/\/www.sindmoveis.com.br\/en\/estudios-de-bento-presentes-na-bienal-brasileira-do-design\/\"]}]},{\"@type\":\"WebSite\",\"@id\":\"https:\/\/www.sindmoveis.com.br\/en\/#website\",\"url\":\"https:\/\/www.sindmoveis.com.br\/en\/\",\"name\":\"Sindm\u00f3veis-RS\",\"description\":\"\",\"potentialAction\":[{\"@type\":\"SearchAction\",\"target\":{\"@type\":\"EntryPoint\",\"urlTemplate\":\"https:\/\/www.sindmoveis.com.br\/en\/?s={search_term_string}\"},\"query-input\":{\"@type\":\"PropertyValueSpecification\",\"valueRequired\":true,\"valueName\":\"search_term_string\"}}],\"inLanguage\":\"en-US\"},{\"@type\":\"Person\",\"@id\":\"https:\/\/www.sindmoveis.com.br\/en\/#\/schema\/person\/16d379542db1950a17fe188179340d57\",\"name\":\"Imprensa Sindm\u00f3veis\",\"image\":{\"@type\":\"ImageObject\",\"inLanguage\":\"en-US\",\"@id\":\"https:\/\/www.sindmoveis.com.br\/en\/#\/schema\/person\/image\/\",\"url\":\"https:\/\/secure.gravatar.com\/avatar\/4973e2e2c2a0cb5db30b0c7b770041b8e33d048a16b695a1f99c042449d4bfaf?s=96&d=mm&r=g\",\"contentUrl\":\"https:\/\/secure.gravatar.com\/avatar\/4973e2e2c2a0cb5db30b0c7b770041b8e33d048a16b695a1f99c042449d4bfaf?s=96&d=mm&r=g\",\"caption\":\"Imprensa Sindm\u00f3veis\"},\"url\":\"https:\/\/www.sindmoveis.com.br\/en\/author\/ana\/\"}]}<\/script>\n<!-- \/ Yoast SEO plugin. -->","yoast_head_json":{"title":"Studios from Bento Gon\u00e7alves take part in the Brazilian Biennial Design Exhibit - Sindm\u00f3veis-RS","robots":{"index":"index","follow":"follow","max-snippet":"max-snippet:-1","max-image-preview":"max-image-preview:large","max-video-preview":"max-video-preview:-1"},"canonical":"https:\/\/www.sindmoveis.com.br\/en\/estudios-de-bento-presentes-na-bienal-brasileira-do-design\/","og_locale":"en_US","og_type":"article","og_title":"Studios from Bento Gon\u00e7alves take part in the Brazilian Biennial Design Exhibit - Sindm\u00f3veis-RS","og_description":"From October 19-28, Sindm\u00f3veis promotes the Casa Brasil Generation exhibit in Belo Horizonte, with the participation of 21 designers \u00a0 More than 20 designers who participate in Orchestra Brasil, a... Leia mais &raquo;","og_url":"https:\/\/www.sindmoveis.com.br\/en\/estudios-de-bento-presentes-na-bienal-brasileira-do-design\/","og_site_name":"Sindm\u00f3veis-RS","article_published_time":"2012-09-28T03:00:00+00:00","article_modified_time":"2021-05-26T13:46:03+00:00","author":"Imprensa Sindm\u00f3veis","twitter_card":"summary_large_image","twitter_misc":{"Written by":"Imprensa Sindm\u00f3veis","Est. reading time":"2 minutes"},"schema":{"@context":"https:\/\/schema.org","@graph":[{"@type":"Article","@id":"https:\/\/www.sindmoveis.com.br\/en\/estudios-de-bento-presentes-na-bienal-brasileira-do-design\/#article","isPartOf":{"@id":"https:\/\/www.sindmoveis.com.br\/en\/estudios-de-bento-presentes-na-bienal-brasileira-do-design\/"},"author":{"name":"Imprensa Sindm\u00f3veis","@id":"https:\/\/www.sindmoveis.com.br\/en\/#\/schema\/person\/16d379542db1950a17fe188179340d57"},"headline":"Studios from Bento Gon\u00e7alves take part in the Brazilian Biennial Design Exhibit","datePublished":"2012-09-28T03:00:00+00:00","dateModified":"2021-05-26T13:46:03+00:00","mainEntityOfPage":{"@id":"https:\/\/www.sindmoveis.com.br\/en\/estudios-de-bento-presentes-na-bienal-brasileira-do-design\/"},"wordCount":484,"articleSection":["Sindm\u00f3veis"],"inLanguage":"en-US"},{"@type":"WebPage","@id":"https:\/\/www.sindmoveis.com.br\/en\/estudios-de-bento-presentes-na-bienal-brasileira-do-design\/","url":"https:\/\/www.sindmoveis.com.br\/en\/estudios-de-bento-presentes-na-bienal-brasileira-do-design\/","name":"Studios from Bento Gon\u00e7alves take part in the Brazilian Biennial Design Exhibit - Sindm\u00f3veis-RS","isPartOf":{"@id":"https:\/\/www.sindmoveis.com.br\/en\/#website"},"datePublished":"2012-09-28T03:00:00+00:00","dateModified":"2021-05-26T13:46:03+00:00","author":{"@id":"https:\/\/www.sindmoveis.com.br\/en\/#\/schema\/person\/16d379542db1950a17fe188179340d57"},"inLanguage":"en-US","potentialAction":[{"@type":"ReadAction","target":["https:\/\/www.sindmoveis.com.br\/en\/estudios-de-bento-presentes-na-bienal-brasileira-do-design\/"]}]},{"@type":"WebSite","@id":"https:\/\/www.sindmoveis.com.br\/en\/#website","url":"https:\/\/www.sindmoveis.com.br\/en\/","name":"Sindm\u00f3veis-RS","description":"","potentialAction":[{"@type":"SearchAction","target":{"@type":"EntryPoint","urlTemplate":"https:\/\/www.sindmoveis.com.br\/en\/?s={search_term_string}"},"query-input":{"@type":"PropertyValueSpecification","valueRequired":true,"valueName":"search_term_string"}}],"inLanguage":"en-US"},{"@type":"Person","@id":"https:\/\/www.sindmoveis.com.br\/en\/#\/schema\/person\/16d379542db1950a17fe188179340d57","name":"Imprensa Sindm\u00f3veis","image":{"@type":"ImageObject","inLanguage":"en-US","@id":"https:\/\/www.sindmoveis.com.br\/en\/#\/schema\/person\/image\/","url":"https:\/\/secure.gravatar.com\/avatar\/4973e2e2c2a0cb5db30b0c7b770041b8e33d048a16b695a1f99c042449d4bfaf?s=96&d=mm&r=g","contentUrl":"https:\/\/secure.gravatar.com\/avatar\/4973e2e2c2a0cb5db30b0c7b770041b8e33d048a16b695a1f99c042449d4bfaf?s=96&d=mm&r=g","caption":"Imprensa Sindm\u00f3veis"},"url":"https:\/\/www.sindmoveis.com.br\/en\/author\/ana\/"}]}},"_links":{"self":[{"href":"https:\/\/www.sindmoveis.com.br\/en\/wp-json\/wp\/v2\/posts\/944","targetHints":{"allow":["GET"]}}],"collection":[{"href":"https:\/\/www.sindmoveis.com.br\/en\/wp-json\/wp\/v2\/posts"}],"about":[{"href":"https:\/\/www.sindmoveis.com.br\/en\/wp-json\/wp\/v2\/types\/post"}],"author":[{"embeddable":true,"href":"https:\/\/www.sindmoveis.com.br\/en\/wp-json\/wp\/v2\/users\/5"}],"replies":[{"embeddable":true,"href":"https:\/\/www.sindmoveis.com.br\/en\/wp-json\/wp\/v2\/comments?post=944"}],"version-history":[{"count":2,"href":"https:\/\/www.sindmoveis.com.br\/en\/wp-json\/wp\/v2\/posts\/944\/revisions"}],"predecessor-version":[{"id":3243,"href":"https:\/\/www.sindmoveis.com.br\/en\/wp-json\/wp\/v2\/posts\/944\/revisions\/3243"}],"wp:attachment":[{"href":"https:\/\/www.sindmoveis.com.br\/en\/wp-json\/wp\/v2\/media?parent=944"}],"wp:term":[{"taxonomy":"category","embeddable":true,"href":"https:\/\/www.sindmoveis.com.br\/en\/wp-json\/wp\/v2\/categories?post=944"},{"taxonomy":"post_tag","embeddable":true,"href":"https:\/\/www.sindmoveis.com.br\/en\/wp-json\/wp\/v2\/tags?post=944"}],"curies":[{"name":"wp","href":"https:\/\/api.w.org\/{rel}","templated":true}]}}