{"id":926,"date":"2012-09-14T00:00:00","date_gmt":"2012-09-14T03:00:00","guid":{"rendered":"http:\/\/sindmoveis.com.br\/imprensa\/noticias\/preparativos-para-a-casa-brasil-2013-movimentam-a-serra-gaucha\/"},"modified":"2021-05-26T10:46:00","modified_gmt":"2021-05-26T13:46:00","slug":"preparativos-para-a-casa-brasil-2013-movimentam-a-serra-gaucha","status":"publish","type":"post","link":"https:\/\/www.sindmoveis.com.br\/en\/preparativos-para-a-casa-brasil-2013-movimentam-a-serra-gaucha\/","title":{"rendered":"Serra Ga\u00facha began the preparations for Casa Brasil 2013"},"content":{"rendered":"<p>Less than a year before the fair, Sindm\u00f3veis develops actions to encourage design<br \/>\n\u00a0<br \/>\nCasa Brasil 2013, one of the largest design fairs in Latin America, once again is working to promote furniture design, in terms of both business and appreciation. Less than a year to go before the next edition, preparations are in full swing. Sindm\u00f3veis, organizer and promoter of the event, has been developing a series of activities to consolidate the show as a benchmark for design in Brazil and an important element to foster the local economy.\u00a0<br \/>\n\u00a0<br \/>\nOne of these initiatives, in partnership with architects Tina and Lui Lo Pumo, curators of Casa Brasil, and designer Renato Imbroisi, is promoting together with local artisans several workshops for the production of contemporary items with typical materials found in the region. The objects will be manufactured in the coming months and will be launched in August during the fair.<br \/>\n\u00a0<br \/>\nBesides encouraging the production of original design and products with added value, Casa Brasil also invests in the training of professionals who work for this increasingly demanding public. In the last week of August, the fair participated as a supporter in Portal Luxo Brasil, which held a meeting focused on consumers and professionals in the high-end segment.<br \/>\n\u00a0<br \/>\nAn evidence of the consolidation of the fair as an important platform to promote design is the fact that large furniture companies have already confirmed their participation in the event. The trade show expects to overcome figures of the three previous editions, which totaled more than 50,000 visitors and approximately R$ 500 million in business.\u00a0<\/p>\n","protected":false},"excerpt":{"rendered":"<p>Less than a year before the fair, Sindm\u00f3veis develops actions to encourage design \u00a0 Casa Brasil 2013, one of the largest design fairs in Latin America, once again is working&#8230;  <a class=\"excerpt-read-more\" href=\"https:\/\/www.sindmoveis.com.br\/en\/preparativos-para-a-casa-brasil-2013-movimentam-a-serra-gaucha\/\" title=\"Read Serra Ga\u00facha began the preparations for Casa Brasil 2013\">Leia mais &raquo;<\/a><\/p>\n","protected":false},"author":5,"featured_media":0,"comment_status":"closed","ping_status":"open","sticky":false,"template":"","format":"standard","meta":{"footnotes":"","_links_to":"","_links_to_target":""},"categories":[2],"tags":[],"class_list":["post-926","post","type-post","status-publish","format-standard","hentry","category-sindmoveis"],"yoast_head":"<!-- This site is optimized with the Yoast SEO plugin v27.0 - https:\/\/yoast.com\/product\/yoast-seo-wordpress\/ -->\n<title>Serra Ga\u00facha began the preparations for Casa Brasil 2013 - Sindm\u00f3veis-RS<\/title>\n<meta name=\"robots\" content=\"index, follow, max-snippet:-1, max-image-preview:large, max-video-preview:-1\" \/>\n<link rel=\"canonical\" href=\"https:\/\/www.sindmoveis.com.br\/en\/preparativos-para-a-casa-brasil-2013-movimentam-a-serra-gaucha\/\" \/>\n<meta property=\"og:locale\" content=\"en_US\" \/>\n<meta property=\"og:type\" content=\"article\" \/>\n<meta property=\"og:title\" content=\"Serra Ga\u00facha began the preparations for Casa Brasil 2013 - Sindm\u00f3veis-RS\" \/>\n<meta property=\"og:description\" content=\"Less than a year before the fair, Sindm\u00f3veis develops actions to encourage design \u00a0 Casa Brasil 2013, one of the largest design fairs in Latin America, once again is working... Leia mais &raquo;\" \/>\n<meta property=\"og:url\" content=\"https:\/\/www.sindmoveis.com.br\/en\/preparativos-para-a-casa-brasil-2013-movimentam-a-serra-gaucha\/\" \/>\n<meta property=\"og:site_name\" content=\"Sindm\u00f3veis-RS\" \/>\n<meta property=\"article:published_time\" content=\"2012-09-14T03:00:00+00:00\" \/>\n<meta property=\"article:modified_time\" content=\"2021-05-26T13:46:00+00:00\" \/>\n<meta name=\"author\" content=\"Imprensa Sindm\u00f3veis\" \/>\n<meta name=\"twitter:card\" content=\"summary_large_image\" \/>\n<meta name=\"twitter:label1\" content=\"Written by\" \/>\n\t<meta name=\"twitter:data1\" content=\"Imprensa Sindm\u00f3veis\" \/>\n\t<meta name=\"twitter:label2\" content=\"Est. reading time\" \/>\n\t<meta name=\"twitter:data2\" content=\"1 minute\" \/>\n<script type=\"application\/ld+json\" class=\"yoast-schema-graph\">{\"@context\":\"https:\/\/schema.org\",\"@graph\":[{\"@type\":\"Article\",\"@id\":\"https:\/\/www.sindmoveis.com.br\/en\/preparativos-para-a-casa-brasil-2013-movimentam-a-serra-gaucha\/#article\",\"isPartOf\":{\"@id\":\"https:\/\/www.sindmoveis.com.br\/en\/preparativos-para-a-casa-brasil-2013-movimentam-a-serra-gaucha\/\"},\"author\":{\"name\":\"Imprensa Sindm\u00f3veis\",\"@id\":\"https:\/\/www.sindmoveis.com.br\/en\/#\/schema\/person\/16d379542db1950a17fe188179340d57\"},\"headline\":\"Serra Ga\u00facha began the preparations for Casa Brasil 2013\",\"datePublished\":\"2012-09-14T03:00:00+00:00\",\"dateModified\":\"2021-05-26T13:46:00+00:00\",\"mainEntityOfPage\":{\"@id\":\"https:\/\/www.sindmoveis.com.br\/en\/preparativos-para-a-casa-brasil-2013-movimentam-a-serra-gaucha\/\"},\"wordCount\":269,\"articleSection\":[\"Sindm\u00f3veis\"],\"inLanguage\":\"en-US\"},{\"@type\":\"WebPage\",\"@id\":\"https:\/\/www.sindmoveis.com.br\/en\/preparativos-para-a-casa-brasil-2013-movimentam-a-serra-gaucha\/\",\"url\":\"https:\/\/www.sindmoveis.com.br\/en\/preparativos-para-a-casa-brasil-2013-movimentam-a-serra-gaucha\/\",\"name\":\"Serra Ga\u00facha began the preparations for Casa Brasil 2013 - Sindm\u00f3veis-RS\",\"isPartOf\":{\"@id\":\"https:\/\/www.sindmoveis.com.br\/en\/#website\"},\"datePublished\":\"2012-09-14T03:00:00+00:00\",\"dateModified\":\"2021-05-26T13:46:00+00:00\",\"author\":{\"@id\":\"https:\/\/www.sindmoveis.com.br\/en\/#\/schema\/person\/16d379542db1950a17fe188179340d57\"},\"inLanguage\":\"en-US\",\"potentialAction\":[{\"@type\":\"ReadAction\",\"target\":[\"https:\/\/www.sindmoveis.com.br\/en\/preparativos-para-a-casa-brasil-2013-movimentam-a-serra-gaucha\/\"]}]},{\"@type\":\"WebSite\",\"@id\":\"https:\/\/www.sindmoveis.com.br\/en\/#website\",\"url\":\"https:\/\/www.sindmoveis.com.br\/en\/\",\"name\":\"Sindm\u00f3veis-RS\",\"description\":\"\",\"potentialAction\":[{\"@type\":\"SearchAction\",\"target\":{\"@type\":\"EntryPoint\",\"urlTemplate\":\"https:\/\/www.sindmoveis.com.br\/en\/?s={search_term_string}\"},\"query-input\":{\"@type\":\"PropertyValueSpecification\",\"valueRequired\":true,\"valueName\":\"search_term_string\"}}],\"inLanguage\":\"en-US\"},{\"@type\":\"Person\",\"@id\":\"https:\/\/www.sindmoveis.com.br\/en\/#\/schema\/person\/16d379542db1950a17fe188179340d57\",\"name\":\"Imprensa Sindm\u00f3veis\",\"image\":{\"@type\":\"ImageObject\",\"inLanguage\":\"en-US\",\"@id\":\"https:\/\/www.sindmoveis.com.br\/en\/#\/schema\/person\/image\/\",\"url\":\"https:\/\/secure.gravatar.com\/avatar\/4973e2e2c2a0cb5db30b0c7b770041b8e33d048a16b695a1f99c042449d4bfaf?s=96&d=mm&r=g\",\"contentUrl\":\"https:\/\/secure.gravatar.com\/avatar\/4973e2e2c2a0cb5db30b0c7b770041b8e33d048a16b695a1f99c042449d4bfaf?s=96&d=mm&r=g\",\"caption\":\"Imprensa Sindm\u00f3veis\"},\"url\":\"https:\/\/www.sindmoveis.com.br\/en\/author\/ana\/\"}]}<\/script>\n<!-- \/ Yoast SEO plugin. -->","yoast_head_json":{"title":"Serra Ga\u00facha began the preparations for Casa Brasil 2013 - Sindm\u00f3veis-RS","robots":{"index":"index","follow":"follow","max-snippet":"max-snippet:-1","max-image-preview":"max-image-preview:large","max-video-preview":"max-video-preview:-1"},"canonical":"https:\/\/www.sindmoveis.com.br\/en\/preparativos-para-a-casa-brasil-2013-movimentam-a-serra-gaucha\/","og_locale":"en_US","og_type":"article","og_title":"Serra Ga\u00facha began the preparations for Casa Brasil 2013 - Sindm\u00f3veis-RS","og_description":"Less than a year before the fair, Sindm\u00f3veis develops actions to encourage design \u00a0 Casa Brasil 2013, one of the largest design fairs in Latin America, once again is working... Leia mais &raquo;","og_url":"https:\/\/www.sindmoveis.com.br\/en\/preparativos-para-a-casa-brasil-2013-movimentam-a-serra-gaucha\/","og_site_name":"Sindm\u00f3veis-RS","article_published_time":"2012-09-14T03:00:00+00:00","article_modified_time":"2021-05-26T13:46:00+00:00","author":"Imprensa Sindm\u00f3veis","twitter_card":"summary_large_image","twitter_misc":{"Written by":"Imprensa Sindm\u00f3veis","Est. reading time":"1 minute"},"schema":{"@context":"https:\/\/schema.org","@graph":[{"@type":"Article","@id":"https:\/\/www.sindmoveis.com.br\/en\/preparativos-para-a-casa-brasil-2013-movimentam-a-serra-gaucha\/#article","isPartOf":{"@id":"https:\/\/www.sindmoveis.com.br\/en\/preparativos-para-a-casa-brasil-2013-movimentam-a-serra-gaucha\/"},"author":{"name":"Imprensa Sindm\u00f3veis","@id":"https:\/\/www.sindmoveis.com.br\/en\/#\/schema\/person\/16d379542db1950a17fe188179340d57"},"headline":"Serra Ga\u00facha began the preparations for Casa Brasil 2013","datePublished":"2012-09-14T03:00:00+00:00","dateModified":"2021-05-26T13:46:00+00:00","mainEntityOfPage":{"@id":"https:\/\/www.sindmoveis.com.br\/en\/preparativos-para-a-casa-brasil-2013-movimentam-a-serra-gaucha\/"},"wordCount":269,"articleSection":["Sindm\u00f3veis"],"inLanguage":"en-US"},{"@type":"WebPage","@id":"https:\/\/www.sindmoveis.com.br\/en\/preparativos-para-a-casa-brasil-2013-movimentam-a-serra-gaucha\/","url":"https:\/\/www.sindmoveis.com.br\/en\/preparativos-para-a-casa-brasil-2013-movimentam-a-serra-gaucha\/","name":"Serra Ga\u00facha began the preparations for Casa Brasil 2013 - Sindm\u00f3veis-RS","isPartOf":{"@id":"https:\/\/www.sindmoveis.com.br\/en\/#website"},"datePublished":"2012-09-14T03:00:00+00:00","dateModified":"2021-05-26T13:46:00+00:00","author":{"@id":"https:\/\/www.sindmoveis.com.br\/en\/#\/schema\/person\/16d379542db1950a17fe188179340d57"},"inLanguage":"en-US","potentialAction":[{"@type":"ReadAction","target":["https:\/\/www.sindmoveis.com.br\/en\/preparativos-para-a-casa-brasil-2013-movimentam-a-serra-gaucha\/"]}]},{"@type":"WebSite","@id":"https:\/\/www.sindmoveis.com.br\/en\/#website","url":"https:\/\/www.sindmoveis.com.br\/en\/","name":"Sindm\u00f3veis-RS","description":"","potentialAction":[{"@type":"SearchAction","target":{"@type":"EntryPoint","urlTemplate":"https:\/\/www.sindmoveis.com.br\/en\/?s={search_term_string}"},"query-input":{"@type":"PropertyValueSpecification","valueRequired":true,"valueName":"search_term_string"}}],"inLanguage":"en-US"},{"@type":"Person","@id":"https:\/\/www.sindmoveis.com.br\/en\/#\/schema\/person\/16d379542db1950a17fe188179340d57","name":"Imprensa Sindm\u00f3veis","image":{"@type":"ImageObject","inLanguage":"en-US","@id":"https:\/\/www.sindmoveis.com.br\/en\/#\/schema\/person\/image\/","url":"https:\/\/secure.gravatar.com\/avatar\/4973e2e2c2a0cb5db30b0c7b770041b8e33d048a16b695a1f99c042449d4bfaf?s=96&d=mm&r=g","contentUrl":"https:\/\/secure.gravatar.com\/avatar\/4973e2e2c2a0cb5db30b0c7b770041b8e33d048a16b695a1f99c042449d4bfaf?s=96&d=mm&r=g","caption":"Imprensa Sindm\u00f3veis"},"url":"https:\/\/www.sindmoveis.com.br\/en\/author\/ana\/"}]}},"_links":{"self":[{"href":"https:\/\/www.sindmoveis.com.br\/en\/wp-json\/wp\/v2\/posts\/926","targetHints":{"allow":["GET"]}}],"collection":[{"href":"https:\/\/www.sindmoveis.com.br\/en\/wp-json\/wp\/v2\/posts"}],"about":[{"href":"https:\/\/www.sindmoveis.com.br\/en\/wp-json\/wp\/v2\/types\/post"}],"author":[{"embeddable":true,"href":"https:\/\/www.sindmoveis.com.br\/en\/wp-json\/wp\/v2\/users\/5"}],"replies":[{"embeddable":true,"href":"https:\/\/www.sindmoveis.com.br\/en\/wp-json\/wp\/v2\/comments?post=926"}],"version-history":[{"count":2,"href":"https:\/\/www.sindmoveis.com.br\/en\/wp-json\/wp\/v2\/posts\/926\/revisions"}],"predecessor-version":[{"id":3233,"href":"https:\/\/www.sindmoveis.com.br\/en\/wp-json\/wp\/v2\/posts\/926\/revisions\/3233"}],"wp:attachment":[{"href":"https:\/\/www.sindmoveis.com.br\/en\/wp-json\/wp\/v2\/media?parent=926"}],"wp:term":[{"taxonomy":"category","embeddable":true,"href":"https:\/\/www.sindmoveis.com.br\/en\/wp-json\/wp\/v2\/categories?post=926"},{"taxonomy":"post_tag","embeddable":true,"href":"https:\/\/www.sindmoveis.com.br\/en\/wp-json\/wp\/v2\/tags?post=926"}],"curies":[{"name":"wp","href":"https:\/\/api.w.org\/{rel}","templated":true}]}}