{"id":918,"date":"2012-07-12T00:00:00","date_gmt":"2012-07-12T03:00:00","guid":{"rendered":"http:\/\/sindmoveis.com.br\/imprensa\/noticias\/sindmoveis-coordena-projeto-comprador-na-formobile\/"},"modified":"2021-05-26T10:46:00","modified_gmt":"2021-05-26T13:46:00","slug":"sindmoveis-coordena-projeto-comprador-na-formobile","status":"publish","type":"post","link":"https:\/\/www.sindmoveis.com.br\/en\/sindmoveis-coordena-projeto-comprador-na-formobile\/","title":{"rendered":"Sindm\u00f3veis organizes the Buyer&#8217;s Project at ForM\u00f3bile"},"content":{"rendered":"<p>For the second time, business meetings will be organized by the staff of the Orchestra Brasil Project<br \/>\nOrganized by the Orchestra Brasil project \u2013 Sindm\u00f3veis, 15 guests coming from Latin American countries will have the opportunity to negotiate with the main Brazilian manufacturers of machines, raw materials, hardware and supplies for the woodworking industry during the 5th International Suppliers Fair for the Wood and Furniture Industry (ForM\u00f3bile). The second edition of the ForM\u00f3bile Buyer\u2019s Project is expected to generate US$ 5 million in business.<br \/>\nThe business meetings between the importers and the participating companies will be held on July 25 and 26 at the booth of Orchestra Brasil Project (Street O). The \u00a0buyers taking part in the meetings are from Peru, Colombia, Venezuela, Uruguay, Paraguay, Argentina, Dominican Republic and Bolivia, in addition to two international journalists invited by the Orchestra Brasil project \u2013 from Mexico and Colombia. Approximately one hundred 20-minute meetings will be held between importers and twenty companies from various sectors, such as chemicals, finishes, accessories and technology. The team of Sindm\u00f3veis will follow the negotiations closely to make the most of the available time.<br \/>\nThe Orchestra Brasil project \u2013 a partnership between Sindm\u00f3veis (Furniture Industry Association of Bento Gon\u00e7alves) and Apex-Brasil (Trade and Investment Promotion Agency) dates back to 2003 and promotes the competitive inclusion of suppliers of the woodworking industry into the international market on a sustainable basis. Besides ForM\u00f3bile, July 24-27, 2012, the project will participate in \u00a0Tecnomueble (Guadalajara), IWF (Atlanta), Expo Ferretera (Guadalajara), Intermob Istanbul, Fenafor Peru (Lima), Roadshow Mercosur, Design Miami and the Business Center of Apex-Brasil in Miami.<\/p>\n","protected":false},"excerpt":{"rendered":"<p>For the second time, business meetings will be organized by the staff of the Orchestra Brasil Project Organized by the Orchestra Brasil project \u2013 Sindm\u00f3veis, 15 guests coming from Latin&#8230;  <a class=\"excerpt-read-more\" href=\"https:\/\/www.sindmoveis.com.br\/en\/sindmoveis-coordena-projeto-comprador-na-formobile\/\" title=\"Read Sindm\u00f3veis organizes the Buyer&#8217;s Project at ForM\u00f3bile\">Leia mais &raquo;<\/a><\/p>\n","protected":false},"author":5,"featured_media":0,"comment_status":"closed","ping_status":"open","sticky":false,"template":"","format":"standard","meta":{"footnotes":"","_links_to":"","_links_to_target":""},"categories":[2],"tags":[],"class_list":["post-918","post","type-post","status-publish","format-standard","hentry","category-sindmoveis"],"yoast_head":"<!-- This site is optimized with the Yoast SEO plugin v27.0 - https:\/\/yoast.com\/product\/yoast-seo-wordpress\/ -->\n<title>Sindm\u00f3veis organizes the Buyer&#039;s Project at ForM\u00f3bile - Sindm\u00f3veis-RS<\/title>\n<meta name=\"robots\" content=\"index, follow, max-snippet:-1, max-image-preview:large, max-video-preview:-1\" \/>\n<link rel=\"canonical\" href=\"https:\/\/www.sindmoveis.com.br\/en\/sindmoveis-coordena-projeto-comprador-na-formobile\/\" \/>\n<meta property=\"og:locale\" content=\"en_US\" \/>\n<meta property=\"og:type\" content=\"article\" \/>\n<meta property=\"og:title\" content=\"Sindm\u00f3veis organizes the Buyer&#039;s Project at ForM\u00f3bile - Sindm\u00f3veis-RS\" \/>\n<meta property=\"og:description\" content=\"For the second time, business meetings will be organized by the staff of the Orchestra Brasil Project Organized by the Orchestra Brasil project \u2013 Sindm\u00f3veis, 15 guests coming from Latin... Leia mais &raquo;\" \/>\n<meta property=\"og:url\" content=\"https:\/\/www.sindmoveis.com.br\/en\/sindmoveis-coordena-projeto-comprador-na-formobile\/\" \/>\n<meta property=\"og:site_name\" content=\"Sindm\u00f3veis-RS\" \/>\n<meta property=\"article:published_time\" content=\"2012-07-12T03:00:00+00:00\" \/>\n<meta property=\"article:modified_time\" content=\"2021-05-26T13:46:00+00:00\" \/>\n<meta name=\"author\" content=\"Imprensa Sindm\u00f3veis\" \/>\n<meta name=\"twitter:card\" content=\"summary_large_image\" \/>\n<meta name=\"twitter:label1\" content=\"Written by\" \/>\n\t<meta name=\"twitter:data1\" content=\"Imprensa Sindm\u00f3veis\" \/>\n\t<meta name=\"twitter:label2\" content=\"Est. reading time\" \/>\n\t<meta name=\"twitter:data2\" content=\"1 minute\" \/>\n<script type=\"application\/ld+json\" class=\"yoast-schema-graph\">{\"@context\":\"https:\/\/schema.org\",\"@graph\":[{\"@type\":\"Article\",\"@id\":\"https:\/\/www.sindmoveis.com.br\/en\/sindmoveis-coordena-projeto-comprador-na-formobile\/#article\",\"isPartOf\":{\"@id\":\"https:\/\/www.sindmoveis.com.br\/en\/sindmoveis-coordena-projeto-comprador-na-formobile\/\"},\"author\":{\"name\":\"Imprensa Sindm\u00f3veis\",\"@id\":\"https:\/\/www.sindmoveis.com.br\/en\/#\/schema\/person\/16d379542db1950a17fe188179340d57\"},\"headline\":\"Sindm\u00f3veis organizes the Buyer&#8217;s Project at ForM\u00f3bile\",\"datePublished\":\"2012-07-12T03:00:00+00:00\",\"dateModified\":\"2021-05-26T13:46:00+00:00\",\"mainEntityOfPage\":{\"@id\":\"https:\/\/www.sindmoveis.com.br\/en\/sindmoveis-coordena-projeto-comprador-na-formobile\/\"},\"wordCount\":275,\"articleSection\":[\"Sindm\u00f3veis\"],\"inLanguage\":\"en-US\"},{\"@type\":\"WebPage\",\"@id\":\"https:\/\/www.sindmoveis.com.br\/en\/sindmoveis-coordena-projeto-comprador-na-formobile\/\",\"url\":\"https:\/\/www.sindmoveis.com.br\/en\/sindmoveis-coordena-projeto-comprador-na-formobile\/\",\"name\":\"Sindm\u00f3veis organizes the Buyer's Project at ForM\u00f3bile - Sindm\u00f3veis-RS\",\"isPartOf\":{\"@id\":\"https:\/\/www.sindmoveis.com.br\/en\/#website\"},\"datePublished\":\"2012-07-12T03:00:00+00:00\",\"dateModified\":\"2021-05-26T13:46:00+00:00\",\"author\":{\"@id\":\"https:\/\/www.sindmoveis.com.br\/en\/#\/schema\/person\/16d379542db1950a17fe188179340d57\"},\"inLanguage\":\"en-US\",\"potentialAction\":[{\"@type\":\"ReadAction\",\"target\":[\"https:\/\/www.sindmoveis.com.br\/en\/sindmoveis-coordena-projeto-comprador-na-formobile\/\"]}]},{\"@type\":\"WebSite\",\"@id\":\"https:\/\/www.sindmoveis.com.br\/en\/#website\",\"url\":\"https:\/\/www.sindmoveis.com.br\/en\/\",\"name\":\"Sindm\u00f3veis-RS\",\"description\":\"\",\"potentialAction\":[{\"@type\":\"SearchAction\",\"target\":{\"@type\":\"EntryPoint\",\"urlTemplate\":\"https:\/\/www.sindmoveis.com.br\/en\/?s={search_term_string}\"},\"query-input\":{\"@type\":\"PropertyValueSpecification\",\"valueRequired\":true,\"valueName\":\"search_term_string\"}}],\"inLanguage\":\"en-US\"},{\"@type\":\"Person\",\"@id\":\"https:\/\/www.sindmoveis.com.br\/en\/#\/schema\/person\/16d379542db1950a17fe188179340d57\",\"name\":\"Imprensa Sindm\u00f3veis\",\"image\":{\"@type\":\"ImageObject\",\"inLanguage\":\"en-US\",\"@id\":\"https:\/\/www.sindmoveis.com.br\/en\/#\/schema\/person\/image\/\",\"url\":\"https:\/\/secure.gravatar.com\/avatar\/4973e2e2c2a0cb5db30b0c7b770041b8e33d048a16b695a1f99c042449d4bfaf?s=96&d=mm&r=g\",\"contentUrl\":\"https:\/\/secure.gravatar.com\/avatar\/4973e2e2c2a0cb5db30b0c7b770041b8e33d048a16b695a1f99c042449d4bfaf?s=96&d=mm&r=g\",\"caption\":\"Imprensa Sindm\u00f3veis\"},\"url\":\"https:\/\/www.sindmoveis.com.br\/en\/author\/ana\/\"}]}<\/script>\n<!-- \/ Yoast SEO plugin. -->","yoast_head_json":{"title":"Sindm\u00f3veis organizes the Buyer's Project at ForM\u00f3bile - Sindm\u00f3veis-RS","robots":{"index":"index","follow":"follow","max-snippet":"max-snippet:-1","max-image-preview":"max-image-preview:large","max-video-preview":"max-video-preview:-1"},"canonical":"https:\/\/www.sindmoveis.com.br\/en\/sindmoveis-coordena-projeto-comprador-na-formobile\/","og_locale":"en_US","og_type":"article","og_title":"Sindm\u00f3veis organizes the Buyer's Project at ForM\u00f3bile - Sindm\u00f3veis-RS","og_description":"For the second time, business meetings will be organized by the staff of the Orchestra Brasil Project Organized by the Orchestra Brasil project \u2013 Sindm\u00f3veis, 15 guests coming from Latin... Leia mais &raquo;","og_url":"https:\/\/www.sindmoveis.com.br\/en\/sindmoveis-coordena-projeto-comprador-na-formobile\/","og_site_name":"Sindm\u00f3veis-RS","article_published_time":"2012-07-12T03:00:00+00:00","article_modified_time":"2021-05-26T13:46:00+00:00","author":"Imprensa Sindm\u00f3veis","twitter_card":"summary_large_image","twitter_misc":{"Written by":"Imprensa Sindm\u00f3veis","Est. reading time":"1 minute"},"schema":{"@context":"https:\/\/schema.org","@graph":[{"@type":"Article","@id":"https:\/\/www.sindmoveis.com.br\/en\/sindmoveis-coordena-projeto-comprador-na-formobile\/#article","isPartOf":{"@id":"https:\/\/www.sindmoveis.com.br\/en\/sindmoveis-coordena-projeto-comprador-na-formobile\/"},"author":{"name":"Imprensa Sindm\u00f3veis","@id":"https:\/\/www.sindmoveis.com.br\/en\/#\/schema\/person\/16d379542db1950a17fe188179340d57"},"headline":"Sindm\u00f3veis organizes the Buyer&#8217;s Project at ForM\u00f3bile","datePublished":"2012-07-12T03:00:00+00:00","dateModified":"2021-05-26T13:46:00+00:00","mainEntityOfPage":{"@id":"https:\/\/www.sindmoveis.com.br\/en\/sindmoveis-coordena-projeto-comprador-na-formobile\/"},"wordCount":275,"articleSection":["Sindm\u00f3veis"],"inLanguage":"en-US"},{"@type":"WebPage","@id":"https:\/\/www.sindmoveis.com.br\/en\/sindmoveis-coordena-projeto-comprador-na-formobile\/","url":"https:\/\/www.sindmoveis.com.br\/en\/sindmoveis-coordena-projeto-comprador-na-formobile\/","name":"Sindm\u00f3veis organizes the Buyer's Project at ForM\u00f3bile - Sindm\u00f3veis-RS","isPartOf":{"@id":"https:\/\/www.sindmoveis.com.br\/en\/#website"},"datePublished":"2012-07-12T03:00:00+00:00","dateModified":"2021-05-26T13:46:00+00:00","author":{"@id":"https:\/\/www.sindmoveis.com.br\/en\/#\/schema\/person\/16d379542db1950a17fe188179340d57"},"inLanguage":"en-US","potentialAction":[{"@type":"ReadAction","target":["https:\/\/www.sindmoveis.com.br\/en\/sindmoveis-coordena-projeto-comprador-na-formobile\/"]}]},{"@type":"WebSite","@id":"https:\/\/www.sindmoveis.com.br\/en\/#website","url":"https:\/\/www.sindmoveis.com.br\/en\/","name":"Sindm\u00f3veis-RS","description":"","potentialAction":[{"@type":"SearchAction","target":{"@type":"EntryPoint","urlTemplate":"https:\/\/www.sindmoveis.com.br\/en\/?s={search_term_string}"},"query-input":{"@type":"PropertyValueSpecification","valueRequired":true,"valueName":"search_term_string"}}],"inLanguage":"en-US"},{"@type":"Person","@id":"https:\/\/www.sindmoveis.com.br\/en\/#\/schema\/person\/16d379542db1950a17fe188179340d57","name":"Imprensa Sindm\u00f3veis","image":{"@type":"ImageObject","inLanguage":"en-US","@id":"https:\/\/www.sindmoveis.com.br\/en\/#\/schema\/person\/image\/","url":"https:\/\/secure.gravatar.com\/avatar\/4973e2e2c2a0cb5db30b0c7b770041b8e33d048a16b695a1f99c042449d4bfaf?s=96&d=mm&r=g","contentUrl":"https:\/\/secure.gravatar.com\/avatar\/4973e2e2c2a0cb5db30b0c7b770041b8e33d048a16b695a1f99c042449d4bfaf?s=96&d=mm&r=g","caption":"Imprensa Sindm\u00f3veis"},"url":"https:\/\/www.sindmoveis.com.br\/en\/author\/ana\/"}]}},"_links":{"self":[{"href":"https:\/\/www.sindmoveis.com.br\/en\/wp-json\/wp\/v2\/posts\/918","targetHints":{"allow":["GET"]}}],"collection":[{"href":"https:\/\/www.sindmoveis.com.br\/en\/wp-json\/wp\/v2\/posts"}],"about":[{"href":"https:\/\/www.sindmoveis.com.br\/en\/wp-json\/wp\/v2\/types\/post"}],"author":[{"embeddable":true,"href":"https:\/\/www.sindmoveis.com.br\/en\/wp-json\/wp\/v2\/users\/5"}],"replies":[{"embeddable":true,"href":"https:\/\/www.sindmoveis.com.br\/en\/wp-json\/wp\/v2\/comments?post=918"}],"version-history":[{"count":2,"href":"https:\/\/www.sindmoveis.com.br\/en\/wp-json\/wp\/v2\/posts\/918\/revisions"}],"predecessor-version":[{"id":3228,"href":"https:\/\/www.sindmoveis.com.br\/en\/wp-json\/wp\/v2\/posts\/918\/revisions\/3228"}],"wp:attachment":[{"href":"https:\/\/www.sindmoveis.com.br\/en\/wp-json\/wp\/v2\/media?parent=918"}],"wp:term":[{"taxonomy":"category","embeddable":true,"href":"https:\/\/www.sindmoveis.com.br\/en\/wp-json\/wp\/v2\/categories?post=918"},{"taxonomy":"post_tag","embeddable":true,"href":"https:\/\/www.sindmoveis.com.br\/en\/wp-json\/wp\/v2\/tags?post=918"}],"curies":[{"name":"wp","href":"https:\/\/api.w.org\/{rel}","templated":true}]}}