{"id":916,"date":"2012-07-05T00:00:00","date_gmt":"2012-07-05T03:00:00","guid":{"rendered":"http:\/\/sindmoveis.com.br\/imprensa\/noticias\/sindmoveis-e-fimma-brasil-equipam-novo-alojamento-dos-bombeiros\/"},"modified":"2021-05-26T10:45:59","modified_gmt":"2021-05-26T13:45:59","slug":"sindmoveis-e-fimma-brasil-equipam-novo-alojamento-dos-bombeiros","status":"publish","type":"post","link":"https:\/\/www.sindmoveis.com.br\/en\/sindmoveis-e-fimma-brasil-equipam-novo-alojamento-dos-bombeiros\/","title":{"rendered":"Sindm\u00f3veis and Fimma Brasil equip the fire department facilities"},"content":{"rendered":"<p>The Furniture Industry Association of Bento Gon\u00e7alves and Fimma Brasil 2013 (International Fair of Machines, Raw Materials and Accessories for the Furniture Industry) formalized \u00a0last Wednesday, July 4 , the donation of furniture and utensils for the new facilities of the city Fire Department. Donations included a set of sofas, bedding and household appliances in addition to furniture for a kitchen and cafeteria.<br \/>\nThe facilities will be used by the firefighters and 30 students of the Military Firefighter Training course scheduled to begin later this year. The initiative is the recognition of the services provided by the fire department to the furniture trade shows held in Bento Gon\u00e7alves: Casa Brasil, Movelsul Brasil and Fimma Brasil. The director of infrastructure of Movelsul Brasil 2012, Marcos Pilotti, thanked the support of the fire brigade during the events that boots the local economy and highlighted the importance of an appropriate physical infrastructure to train new soldiers. &#8220;We hope that the 30 heroes trained here can leave their mark on the community, saving many lives,&#8221; he said.<br \/>\nThe officer in charge of the Fire Department in Bento Gon\u00e7alves, Captain Sandro Carlos Gon\u00e7alves da Silva, said that the corporation would not have been able to renew the structure without the financial assistance from organizations and local trade fairs. &#8220;With this, we can provide a better service, always attempting to achieve greater efficiency,&#8221; he said.<\/p>\n","protected":false},"excerpt":{"rendered":"<p>The Furniture Industry Association of Bento Gon\u00e7alves and Fimma Brasil 2013 (International Fair of Machines, Raw Materials and Accessories for the Furniture Industry) formalized \u00a0last Wednesday, July 4 , the&#8230;  <a class=\"excerpt-read-more\" href=\"https:\/\/www.sindmoveis.com.br\/en\/sindmoveis-e-fimma-brasil-equipam-novo-alojamento-dos-bombeiros\/\" title=\"Read Sindm\u00f3veis and Fimma Brasil equip the fire department facilities\">Leia mais &raquo;<\/a><\/p>\n","protected":false},"author":5,"featured_media":0,"comment_status":"closed","ping_status":"open","sticky":false,"template":"","format":"standard","meta":{"footnotes":"","_links_to":"","_links_to_target":""},"categories":[2],"tags":[],"class_list":["post-916","post","type-post","status-publish","format-standard","hentry","category-sindmoveis"],"yoast_head":"<!-- This site is optimized with the Yoast SEO plugin v27.0 - https:\/\/yoast.com\/product\/yoast-seo-wordpress\/ -->\n<title>Sindm\u00f3veis and Fimma Brasil equip the fire department facilities - Sindm\u00f3veis-RS<\/title>\n<meta name=\"robots\" content=\"index, follow, max-snippet:-1, max-image-preview:large, max-video-preview:-1\" \/>\n<link rel=\"canonical\" href=\"https:\/\/www.sindmoveis.com.br\/en\/sindmoveis-e-fimma-brasil-equipam-novo-alojamento-dos-bombeiros\/\" \/>\n<meta property=\"og:locale\" content=\"en_US\" \/>\n<meta property=\"og:type\" content=\"article\" \/>\n<meta property=\"og:title\" content=\"Sindm\u00f3veis and Fimma Brasil equip the fire department facilities - Sindm\u00f3veis-RS\" \/>\n<meta property=\"og:description\" content=\"The Furniture Industry Association of Bento Gon\u00e7alves and Fimma Brasil 2013 (International Fair of Machines, Raw Materials and Accessories for the Furniture Industry) formalized \u00a0last Wednesday, July 4 , the... Leia mais &raquo;\" \/>\n<meta property=\"og:url\" content=\"https:\/\/www.sindmoveis.com.br\/en\/sindmoveis-e-fimma-brasil-equipam-novo-alojamento-dos-bombeiros\/\" \/>\n<meta property=\"og:site_name\" content=\"Sindm\u00f3veis-RS\" \/>\n<meta property=\"article:published_time\" content=\"2012-07-05T03:00:00+00:00\" \/>\n<meta property=\"article:modified_time\" content=\"2021-05-26T13:45:59+00:00\" \/>\n<meta name=\"author\" content=\"Imprensa Sindm\u00f3veis\" \/>\n<meta name=\"twitter:card\" content=\"summary_large_image\" \/>\n<meta name=\"twitter:label1\" content=\"Written by\" \/>\n\t<meta name=\"twitter:data1\" content=\"Imprensa Sindm\u00f3veis\" \/>\n\t<meta name=\"twitter:label2\" content=\"Est. reading time\" \/>\n\t<meta name=\"twitter:data2\" content=\"1 minute\" \/>\n<script type=\"application\/ld+json\" class=\"yoast-schema-graph\">{\"@context\":\"https:\/\/schema.org\",\"@graph\":[{\"@type\":\"Article\",\"@id\":\"https:\/\/www.sindmoveis.com.br\/en\/sindmoveis-e-fimma-brasil-equipam-novo-alojamento-dos-bombeiros\/#article\",\"isPartOf\":{\"@id\":\"https:\/\/www.sindmoveis.com.br\/en\/sindmoveis-e-fimma-brasil-equipam-novo-alojamento-dos-bombeiros\/\"},\"author\":{\"name\":\"Imprensa Sindm\u00f3veis\",\"@id\":\"https:\/\/www.sindmoveis.com.br\/en\/#\/schema\/person\/16d379542db1950a17fe188179340d57\"},\"headline\":\"Sindm\u00f3veis and Fimma Brasil equip the fire department facilities\",\"datePublished\":\"2012-07-05T03:00:00+00:00\",\"dateModified\":\"2021-05-26T13:45:59+00:00\",\"mainEntityOfPage\":{\"@id\":\"https:\/\/www.sindmoveis.com.br\/en\/sindmoveis-e-fimma-brasil-equipam-novo-alojamento-dos-bombeiros\/\"},\"wordCount\":237,\"articleSection\":[\"Sindm\u00f3veis\"],\"inLanguage\":\"en-US\"},{\"@type\":\"WebPage\",\"@id\":\"https:\/\/www.sindmoveis.com.br\/en\/sindmoveis-e-fimma-brasil-equipam-novo-alojamento-dos-bombeiros\/\",\"url\":\"https:\/\/www.sindmoveis.com.br\/en\/sindmoveis-e-fimma-brasil-equipam-novo-alojamento-dos-bombeiros\/\",\"name\":\"Sindm\u00f3veis and Fimma Brasil equip the fire department facilities - Sindm\u00f3veis-RS\",\"isPartOf\":{\"@id\":\"https:\/\/www.sindmoveis.com.br\/en\/#website\"},\"datePublished\":\"2012-07-05T03:00:00+00:00\",\"dateModified\":\"2021-05-26T13:45:59+00:00\",\"author\":{\"@id\":\"https:\/\/www.sindmoveis.com.br\/en\/#\/schema\/person\/16d379542db1950a17fe188179340d57\"},\"inLanguage\":\"en-US\",\"potentialAction\":[{\"@type\":\"ReadAction\",\"target\":[\"https:\/\/www.sindmoveis.com.br\/en\/sindmoveis-e-fimma-brasil-equipam-novo-alojamento-dos-bombeiros\/\"]}]},{\"@type\":\"WebSite\",\"@id\":\"https:\/\/www.sindmoveis.com.br\/en\/#website\",\"url\":\"https:\/\/www.sindmoveis.com.br\/en\/\",\"name\":\"Sindm\u00f3veis-RS\",\"description\":\"\",\"potentialAction\":[{\"@type\":\"SearchAction\",\"target\":{\"@type\":\"EntryPoint\",\"urlTemplate\":\"https:\/\/www.sindmoveis.com.br\/en\/?s={search_term_string}\"},\"query-input\":{\"@type\":\"PropertyValueSpecification\",\"valueRequired\":true,\"valueName\":\"search_term_string\"}}],\"inLanguage\":\"en-US\"},{\"@type\":\"Person\",\"@id\":\"https:\/\/www.sindmoveis.com.br\/en\/#\/schema\/person\/16d379542db1950a17fe188179340d57\",\"name\":\"Imprensa Sindm\u00f3veis\",\"image\":{\"@type\":\"ImageObject\",\"inLanguage\":\"en-US\",\"@id\":\"https:\/\/www.sindmoveis.com.br\/en\/#\/schema\/person\/image\/\",\"url\":\"https:\/\/secure.gravatar.com\/avatar\/4973e2e2c2a0cb5db30b0c7b770041b8e33d048a16b695a1f99c042449d4bfaf?s=96&d=mm&r=g\",\"contentUrl\":\"https:\/\/secure.gravatar.com\/avatar\/4973e2e2c2a0cb5db30b0c7b770041b8e33d048a16b695a1f99c042449d4bfaf?s=96&d=mm&r=g\",\"caption\":\"Imprensa Sindm\u00f3veis\"},\"url\":\"https:\/\/www.sindmoveis.com.br\/en\/author\/ana\/\"}]}<\/script>\n<!-- \/ Yoast SEO plugin. -->","yoast_head_json":{"title":"Sindm\u00f3veis and Fimma Brasil equip the fire department facilities - Sindm\u00f3veis-RS","robots":{"index":"index","follow":"follow","max-snippet":"max-snippet:-1","max-image-preview":"max-image-preview:large","max-video-preview":"max-video-preview:-1"},"canonical":"https:\/\/www.sindmoveis.com.br\/en\/sindmoveis-e-fimma-brasil-equipam-novo-alojamento-dos-bombeiros\/","og_locale":"en_US","og_type":"article","og_title":"Sindm\u00f3veis and Fimma Brasil equip the fire department facilities - Sindm\u00f3veis-RS","og_description":"The Furniture Industry Association of Bento Gon\u00e7alves and Fimma Brasil 2013 (International Fair of Machines, Raw Materials and Accessories for the Furniture Industry) formalized \u00a0last Wednesday, July 4 , the... Leia mais &raquo;","og_url":"https:\/\/www.sindmoveis.com.br\/en\/sindmoveis-e-fimma-brasil-equipam-novo-alojamento-dos-bombeiros\/","og_site_name":"Sindm\u00f3veis-RS","article_published_time":"2012-07-05T03:00:00+00:00","article_modified_time":"2021-05-26T13:45:59+00:00","author":"Imprensa Sindm\u00f3veis","twitter_card":"summary_large_image","twitter_misc":{"Written by":"Imprensa Sindm\u00f3veis","Est. reading time":"1 minute"},"schema":{"@context":"https:\/\/schema.org","@graph":[{"@type":"Article","@id":"https:\/\/www.sindmoveis.com.br\/en\/sindmoveis-e-fimma-brasil-equipam-novo-alojamento-dos-bombeiros\/#article","isPartOf":{"@id":"https:\/\/www.sindmoveis.com.br\/en\/sindmoveis-e-fimma-brasil-equipam-novo-alojamento-dos-bombeiros\/"},"author":{"name":"Imprensa Sindm\u00f3veis","@id":"https:\/\/www.sindmoveis.com.br\/en\/#\/schema\/person\/16d379542db1950a17fe188179340d57"},"headline":"Sindm\u00f3veis and Fimma Brasil equip the fire department facilities","datePublished":"2012-07-05T03:00:00+00:00","dateModified":"2021-05-26T13:45:59+00:00","mainEntityOfPage":{"@id":"https:\/\/www.sindmoveis.com.br\/en\/sindmoveis-e-fimma-brasil-equipam-novo-alojamento-dos-bombeiros\/"},"wordCount":237,"articleSection":["Sindm\u00f3veis"],"inLanguage":"en-US"},{"@type":"WebPage","@id":"https:\/\/www.sindmoveis.com.br\/en\/sindmoveis-e-fimma-brasil-equipam-novo-alojamento-dos-bombeiros\/","url":"https:\/\/www.sindmoveis.com.br\/en\/sindmoveis-e-fimma-brasil-equipam-novo-alojamento-dos-bombeiros\/","name":"Sindm\u00f3veis and Fimma Brasil equip the fire department facilities - Sindm\u00f3veis-RS","isPartOf":{"@id":"https:\/\/www.sindmoveis.com.br\/en\/#website"},"datePublished":"2012-07-05T03:00:00+00:00","dateModified":"2021-05-26T13:45:59+00:00","author":{"@id":"https:\/\/www.sindmoveis.com.br\/en\/#\/schema\/person\/16d379542db1950a17fe188179340d57"},"inLanguage":"en-US","potentialAction":[{"@type":"ReadAction","target":["https:\/\/www.sindmoveis.com.br\/en\/sindmoveis-e-fimma-brasil-equipam-novo-alojamento-dos-bombeiros\/"]}]},{"@type":"WebSite","@id":"https:\/\/www.sindmoveis.com.br\/en\/#website","url":"https:\/\/www.sindmoveis.com.br\/en\/","name":"Sindm\u00f3veis-RS","description":"","potentialAction":[{"@type":"SearchAction","target":{"@type":"EntryPoint","urlTemplate":"https:\/\/www.sindmoveis.com.br\/en\/?s={search_term_string}"},"query-input":{"@type":"PropertyValueSpecification","valueRequired":true,"valueName":"search_term_string"}}],"inLanguage":"en-US"},{"@type":"Person","@id":"https:\/\/www.sindmoveis.com.br\/en\/#\/schema\/person\/16d379542db1950a17fe188179340d57","name":"Imprensa Sindm\u00f3veis","image":{"@type":"ImageObject","inLanguage":"en-US","@id":"https:\/\/www.sindmoveis.com.br\/en\/#\/schema\/person\/image\/","url":"https:\/\/secure.gravatar.com\/avatar\/4973e2e2c2a0cb5db30b0c7b770041b8e33d048a16b695a1f99c042449d4bfaf?s=96&d=mm&r=g","contentUrl":"https:\/\/secure.gravatar.com\/avatar\/4973e2e2c2a0cb5db30b0c7b770041b8e33d048a16b695a1f99c042449d4bfaf?s=96&d=mm&r=g","caption":"Imprensa Sindm\u00f3veis"},"url":"https:\/\/www.sindmoveis.com.br\/en\/author\/ana\/"}]}},"_links":{"self":[{"href":"https:\/\/www.sindmoveis.com.br\/en\/wp-json\/wp\/v2\/posts\/916","targetHints":{"allow":["GET"]}}],"collection":[{"href":"https:\/\/www.sindmoveis.com.br\/en\/wp-json\/wp\/v2\/posts"}],"about":[{"href":"https:\/\/www.sindmoveis.com.br\/en\/wp-json\/wp\/v2\/types\/post"}],"author":[{"embeddable":true,"href":"https:\/\/www.sindmoveis.com.br\/en\/wp-json\/wp\/v2\/users\/5"}],"replies":[{"embeddable":true,"href":"https:\/\/www.sindmoveis.com.br\/en\/wp-json\/wp\/v2\/comments?post=916"}],"version-history":[{"count":2,"href":"https:\/\/www.sindmoveis.com.br\/en\/wp-json\/wp\/v2\/posts\/916\/revisions"}],"predecessor-version":[{"id":3226,"href":"https:\/\/www.sindmoveis.com.br\/en\/wp-json\/wp\/v2\/posts\/916\/revisions\/3226"}],"wp:attachment":[{"href":"https:\/\/www.sindmoveis.com.br\/en\/wp-json\/wp\/v2\/media?parent=916"}],"wp:term":[{"taxonomy":"category","embeddable":true,"href":"https:\/\/www.sindmoveis.com.br\/en\/wp-json\/wp\/v2\/categories?post=916"},{"taxonomy":"post_tag","embeddable":true,"href":"https:\/\/www.sindmoveis.com.br\/en\/wp-json\/wp\/v2\/tags?post=916"}],"curies":[{"name":"wp","href":"https:\/\/api.w.org\/{rel}","templated":true}]}}