{"id":909,"date":"2012-06-20T00:00:00","date_gmt":"2012-06-20T03:00:00","guid":{"rendered":"http:\/\/sindmoveis.com.br\/imprensa\/noticias\/sindmoveis-e-sebrae-negociam-parceria-para-qualificar-empreendedor-moveleiro\/"},"modified":"2021-05-26T10:45:59","modified_gmt":"2021-05-26T13:45:59","slug":"sindmoveis-e-sebrae-negociam-parceria-para-qualificar-empreendedor-moveleiro","status":"publish","type":"post","link":"https:\/\/www.sindmoveis.com.br\/en\/sindmoveis-e-sebrae-negociam-parceria-para-qualificar-empreendedor-moveleiro\/","title":{"rendered":"Sindm\u00f3veis and Sebrae set up a partnership to qualify furniture manufacturers"},"content":{"rendered":"<p>\u00a0<br \/>\n\u00a0<br \/>\nOne of the missions of the Furniture Industry Association of Bento Gon\u00e7alves (Sindm\u00f3veis) is to qualify the furniture sector. Bearing this mind, the president of the association, C\u00e1tia Scarton, met with the regional manager of Sebrae in Serra Ga\u00facha, Rog\u00e9rio Rodrigues, to study ways to prepare small furniture companies for business.\u00a0<br \/>\nSebrae offers several types of collective or individual consultancy services. Through different programs, it assesses the demand of the participating companies, assigning consultants to attend their needs. Currently, small businesses account for 92.59% of the member companies of Sindm\u00f3veis.<br \/>\n\u00a0<\/p>\n","protected":false},"excerpt":{"rendered":"<p>\u00a0 \u00a0 One of the missions of the Furniture Industry Association of Bento Gon\u00e7alves (Sindm\u00f3veis) is to qualify the furniture sector. Bearing this mind, the president of the association, C\u00e1tia&#8230;  <a class=\"excerpt-read-more\" href=\"https:\/\/www.sindmoveis.com.br\/en\/sindmoveis-e-sebrae-negociam-parceria-para-qualificar-empreendedor-moveleiro\/\" title=\"Read Sindm\u00f3veis and Sebrae set up a partnership to qualify furniture manufacturers\">Leia mais &raquo;<\/a><\/p>\n","protected":false},"author":5,"featured_media":0,"comment_status":"closed","ping_status":"open","sticky":false,"template":"","format":"standard","meta":{"footnotes":"","_links_to":"","_links_to_target":""},"categories":[2],"tags":[],"class_list":["post-909","post","type-post","status-publish","format-standard","hentry","category-sindmoveis"],"yoast_head":"<!-- This site is optimized with the Yoast SEO plugin v27.0 - https:\/\/yoast.com\/product\/yoast-seo-wordpress\/ -->\n<title>Sindm\u00f3veis and Sebrae set up a partnership to qualify furniture manufacturers - Sindm\u00f3veis-RS<\/title>\n<meta name=\"robots\" content=\"index, follow, max-snippet:-1, max-image-preview:large, max-video-preview:-1\" \/>\n<link rel=\"canonical\" href=\"https:\/\/www.sindmoveis.com.br\/en\/sindmoveis-e-sebrae-negociam-parceria-para-qualificar-empreendedor-moveleiro\/\" \/>\n<meta property=\"og:locale\" content=\"en_US\" \/>\n<meta property=\"og:type\" content=\"article\" \/>\n<meta property=\"og:title\" content=\"Sindm\u00f3veis and Sebrae set up a partnership to qualify furniture manufacturers - Sindm\u00f3veis-RS\" \/>\n<meta property=\"og:description\" content=\"\u00a0 \u00a0 One of the missions of the Furniture Industry Association of Bento Gon\u00e7alves (Sindm\u00f3veis) is to qualify the furniture sector. Bearing this mind, the president of the association, C\u00e1tia... Leia mais &raquo;\" \/>\n<meta property=\"og:url\" content=\"https:\/\/www.sindmoveis.com.br\/en\/sindmoveis-e-sebrae-negociam-parceria-para-qualificar-empreendedor-moveleiro\/\" \/>\n<meta property=\"og:site_name\" content=\"Sindm\u00f3veis-RS\" \/>\n<meta property=\"article:published_time\" content=\"2012-06-20T03:00:00+00:00\" \/>\n<meta property=\"article:modified_time\" content=\"2021-05-26T13:45:59+00:00\" \/>\n<meta name=\"author\" content=\"Imprensa Sindm\u00f3veis\" \/>\n<meta name=\"twitter:card\" content=\"summary_large_image\" \/>\n<meta name=\"twitter:label1\" content=\"Written by\" \/>\n\t<meta name=\"twitter:data1\" content=\"Imprensa Sindm\u00f3veis\" \/>\n<script type=\"application\/ld+json\" class=\"yoast-schema-graph\">{\"@context\":\"https:\/\/schema.org\",\"@graph\":[{\"@type\":\"Article\",\"@id\":\"https:\/\/www.sindmoveis.com.br\/en\/sindmoveis-e-sebrae-negociam-parceria-para-qualificar-empreendedor-moveleiro\/#article\",\"isPartOf\":{\"@id\":\"https:\/\/www.sindmoveis.com.br\/en\/sindmoveis-e-sebrae-negociam-parceria-para-qualificar-empreendedor-moveleiro\/\"},\"author\":{\"name\":\"Imprensa Sindm\u00f3veis\",\"@id\":\"https:\/\/www.sindmoveis.com.br\/en\/#\/schema\/person\/16d379542db1950a17fe188179340d57\"},\"headline\":\"Sindm\u00f3veis and Sebrae set up a partnership to qualify furniture manufacturers\",\"datePublished\":\"2012-06-20T03:00:00+00:00\",\"dateModified\":\"2021-05-26T13:45:59+00:00\",\"mainEntityOfPage\":{\"@id\":\"https:\/\/www.sindmoveis.com.br\/en\/sindmoveis-e-sebrae-negociam-parceria-para-qualificar-empreendedor-moveleiro\/\"},\"wordCount\":107,\"articleSection\":[\"Sindm\u00f3veis\"],\"inLanguage\":\"en-US\"},{\"@type\":\"WebPage\",\"@id\":\"https:\/\/www.sindmoveis.com.br\/en\/sindmoveis-e-sebrae-negociam-parceria-para-qualificar-empreendedor-moveleiro\/\",\"url\":\"https:\/\/www.sindmoveis.com.br\/en\/sindmoveis-e-sebrae-negociam-parceria-para-qualificar-empreendedor-moveleiro\/\",\"name\":\"Sindm\u00f3veis and Sebrae set up a partnership to qualify furniture manufacturers - Sindm\u00f3veis-RS\",\"isPartOf\":{\"@id\":\"https:\/\/www.sindmoveis.com.br\/en\/#website\"},\"datePublished\":\"2012-06-20T03:00:00+00:00\",\"dateModified\":\"2021-05-26T13:45:59+00:00\",\"author\":{\"@id\":\"https:\/\/www.sindmoveis.com.br\/en\/#\/schema\/person\/16d379542db1950a17fe188179340d57\"},\"inLanguage\":\"en-US\",\"potentialAction\":[{\"@type\":\"ReadAction\",\"target\":[\"https:\/\/www.sindmoveis.com.br\/en\/sindmoveis-e-sebrae-negociam-parceria-para-qualificar-empreendedor-moveleiro\/\"]}]},{\"@type\":\"WebSite\",\"@id\":\"https:\/\/www.sindmoveis.com.br\/en\/#website\",\"url\":\"https:\/\/www.sindmoveis.com.br\/en\/\",\"name\":\"Sindm\u00f3veis-RS\",\"description\":\"\",\"potentialAction\":[{\"@type\":\"SearchAction\",\"target\":{\"@type\":\"EntryPoint\",\"urlTemplate\":\"https:\/\/www.sindmoveis.com.br\/en\/?s={search_term_string}\"},\"query-input\":{\"@type\":\"PropertyValueSpecification\",\"valueRequired\":true,\"valueName\":\"search_term_string\"}}],\"inLanguage\":\"en-US\"},{\"@type\":\"Person\",\"@id\":\"https:\/\/www.sindmoveis.com.br\/en\/#\/schema\/person\/16d379542db1950a17fe188179340d57\",\"name\":\"Imprensa Sindm\u00f3veis\",\"image\":{\"@type\":\"ImageObject\",\"inLanguage\":\"en-US\",\"@id\":\"https:\/\/www.sindmoveis.com.br\/en\/#\/schema\/person\/image\/\",\"url\":\"https:\/\/secure.gravatar.com\/avatar\/4973e2e2c2a0cb5db30b0c7b770041b8e33d048a16b695a1f99c042449d4bfaf?s=96&d=mm&r=g\",\"contentUrl\":\"https:\/\/secure.gravatar.com\/avatar\/4973e2e2c2a0cb5db30b0c7b770041b8e33d048a16b695a1f99c042449d4bfaf?s=96&d=mm&r=g\",\"caption\":\"Imprensa Sindm\u00f3veis\"},\"url\":\"https:\/\/www.sindmoveis.com.br\/en\/author\/ana\/\"}]}<\/script>\n<!-- \/ Yoast SEO plugin. -->","yoast_head_json":{"title":"Sindm\u00f3veis and Sebrae set up a partnership to qualify furniture manufacturers - Sindm\u00f3veis-RS","robots":{"index":"index","follow":"follow","max-snippet":"max-snippet:-1","max-image-preview":"max-image-preview:large","max-video-preview":"max-video-preview:-1"},"canonical":"https:\/\/www.sindmoveis.com.br\/en\/sindmoveis-e-sebrae-negociam-parceria-para-qualificar-empreendedor-moveleiro\/","og_locale":"en_US","og_type":"article","og_title":"Sindm\u00f3veis and Sebrae set up a partnership to qualify furniture manufacturers - Sindm\u00f3veis-RS","og_description":"\u00a0 \u00a0 One of the missions of the Furniture Industry Association of Bento Gon\u00e7alves (Sindm\u00f3veis) is to qualify the furniture sector. Bearing this mind, the president of the association, C\u00e1tia... Leia mais &raquo;","og_url":"https:\/\/www.sindmoveis.com.br\/en\/sindmoveis-e-sebrae-negociam-parceria-para-qualificar-empreendedor-moveleiro\/","og_site_name":"Sindm\u00f3veis-RS","article_published_time":"2012-06-20T03:00:00+00:00","article_modified_time":"2021-05-26T13:45:59+00:00","author":"Imprensa Sindm\u00f3veis","twitter_card":"summary_large_image","twitter_misc":{"Written by":"Imprensa Sindm\u00f3veis"},"schema":{"@context":"https:\/\/schema.org","@graph":[{"@type":"Article","@id":"https:\/\/www.sindmoveis.com.br\/en\/sindmoveis-e-sebrae-negociam-parceria-para-qualificar-empreendedor-moveleiro\/#article","isPartOf":{"@id":"https:\/\/www.sindmoveis.com.br\/en\/sindmoveis-e-sebrae-negociam-parceria-para-qualificar-empreendedor-moveleiro\/"},"author":{"name":"Imprensa Sindm\u00f3veis","@id":"https:\/\/www.sindmoveis.com.br\/en\/#\/schema\/person\/16d379542db1950a17fe188179340d57"},"headline":"Sindm\u00f3veis and Sebrae set up a partnership to qualify furniture manufacturers","datePublished":"2012-06-20T03:00:00+00:00","dateModified":"2021-05-26T13:45:59+00:00","mainEntityOfPage":{"@id":"https:\/\/www.sindmoveis.com.br\/en\/sindmoveis-e-sebrae-negociam-parceria-para-qualificar-empreendedor-moveleiro\/"},"wordCount":107,"articleSection":["Sindm\u00f3veis"],"inLanguage":"en-US"},{"@type":"WebPage","@id":"https:\/\/www.sindmoveis.com.br\/en\/sindmoveis-e-sebrae-negociam-parceria-para-qualificar-empreendedor-moveleiro\/","url":"https:\/\/www.sindmoveis.com.br\/en\/sindmoveis-e-sebrae-negociam-parceria-para-qualificar-empreendedor-moveleiro\/","name":"Sindm\u00f3veis and Sebrae set up a partnership to qualify furniture manufacturers - Sindm\u00f3veis-RS","isPartOf":{"@id":"https:\/\/www.sindmoveis.com.br\/en\/#website"},"datePublished":"2012-06-20T03:00:00+00:00","dateModified":"2021-05-26T13:45:59+00:00","author":{"@id":"https:\/\/www.sindmoveis.com.br\/en\/#\/schema\/person\/16d379542db1950a17fe188179340d57"},"inLanguage":"en-US","potentialAction":[{"@type":"ReadAction","target":["https:\/\/www.sindmoveis.com.br\/en\/sindmoveis-e-sebrae-negociam-parceria-para-qualificar-empreendedor-moveleiro\/"]}]},{"@type":"WebSite","@id":"https:\/\/www.sindmoveis.com.br\/en\/#website","url":"https:\/\/www.sindmoveis.com.br\/en\/","name":"Sindm\u00f3veis-RS","description":"","potentialAction":[{"@type":"SearchAction","target":{"@type":"EntryPoint","urlTemplate":"https:\/\/www.sindmoveis.com.br\/en\/?s={search_term_string}"},"query-input":{"@type":"PropertyValueSpecification","valueRequired":true,"valueName":"search_term_string"}}],"inLanguage":"en-US"},{"@type":"Person","@id":"https:\/\/www.sindmoveis.com.br\/en\/#\/schema\/person\/16d379542db1950a17fe188179340d57","name":"Imprensa Sindm\u00f3veis","image":{"@type":"ImageObject","inLanguage":"en-US","@id":"https:\/\/www.sindmoveis.com.br\/en\/#\/schema\/person\/image\/","url":"https:\/\/secure.gravatar.com\/avatar\/4973e2e2c2a0cb5db30b0c7b770041b8e33d048a16b695a1f99c042449d4bfaf?s=96&d=mm&r=g","contentUrl":"https:\/\/secure.gravatar.com\/avatar\/4973e2e2c2a0cb5db30b0c7b770041b8e33d048a16b695a1f99c042449d4bfaf?s=96&d=mm&r=g","caption":"Imprensa Sindm\u00f3veis"},"url":"https:\/\/www.sindmoveis.com.br\/en\/author\/ana\/"}]}},"_links":{"self":[{"href":"https:\/\/www.sindmoveis.com.br\/en\/wp-json\/wp\/v2\/posts\/909","targetHints":{"allow":["GET"]}}],"collection":[{"href":"https:\/\/www.sindmoveis.com.br\/en\/wp-json\/wp\/v2\/posts"}],"about":[{"href":"https:\/\/www.sindmoveis.com.br\/en\/wp-json\/wp\/v2\/types\/post"}],"author":[{"embeddable":true,"href":"https:\/\/www.sindmoveis.com.br\/en\/wp-json\/wp\/v2\/users\/5"}],"replies":[{"embeddable":true,"href":"https:\/\/www.sindmoveis.com.br\/en\/wp-json\/wp\/v2\/comments?post=909"}],"version-history":[{"count":2,"href":"https:\/\/www.sindmoveis.com.br\/en\/wp-json\/wp\/v2\/posts\/909\/revisions"}],"predecessor-version":[{"id":3220,"href":"https:\/\/www.sindmoveis.com.br\/en\/wp-json\/wp\/v2\/posts\/909\/revisions\/3220"}],"wp:attachment":[{"href":"https:\/\/www.sindmoveis.com.br\/en\/wp-json\/wp\/v2\/media?parent=909"}],"wp:term":[{"taxonomy":"category","embeddable":true,"href":"https:\/\/www.sindmoveis.com.br\/en\/wp-json\/wp\/v2\/categories?post=909"},{"taxonomy":"post_tag","embeddable":true,"href":"https:\/\/www.sindmoveis.com.br\/en\/wp-json\/wp\/v2\/tags?post=909"}],"curies":[{"name":"wp","href":"https:\/\/api.w.org\/{rel}","templated":true}]}}