{"id":893,"date":"2012-04-17T00:00:00","date_gmt":"2012-04-17T03:00:00","guid":{"rendered":"http:\/\/sindmoveis.com.br\/imprensa\/noticias\/alle-e-obispa-representam-o-sindmoveis-em-milao\/"},"modified":"2021-05-26T10:45:56","modified_gmt":"2021-05-26T13:45:56","slug":"alle-e-obispa-representam-o-sindmoveis-em-milao","status":"publish","type":"post","link":"https:\/\/www.sindmoveis.com.br\/en\/alle-e-obispa-representam-o-sindmoveis-em-milao\/","title":{"rendered":"All\u00ea and Obispa represent Sindm\u00f3veis in Milan"},"content":{"rendered":"<p>\u00a0<br \/>\n\u00a0Displaying design products, manufacturing companies from Bento Gon\u00e7alves will share Apex-Brasil space during the Salone Internazionale del Mobile in Milan\u00a0<br \/>\nAll\u00ea Design and Obispa companies, from Bento Gon\u00e7alves, will represent Sindm\u00f3veis at the exhibition promoted by the Brazilian Trade and Investment Promotion Agency (Apex-Brasil) in Milan. In this space, 18 sectors supported by the agency \u2013 including the furniture industry \u2013 will exhibit products developed by designers in a show run concurrently with the Salone Internazionale del Mobile, 17-20 April. .<br \/>\nDesigned by Baba Vacaro, the Gelatina table is produced by All\u00ea Design from recycled scraps of methacrylate sheets of different colors. Combining color and transparency, the resulting product is more than just form and function, it embodies the development of materials. The objective of the process is to reduce the leftovers of this raw material by 100% during the production system.\u00a0<br \/>\nObispa is displaying door pulls designed by Guto Indio da Costa at the Apex-Brasil exhibit space. A minimalist project, a characteristic of the designer, with handles that feature an optional internal locking system for doors. Made of zamac, they have different finish choices.\u00a0<br \/>\nAll\u00ea and Obispa are member companies of the Orchestra Brasil Project, held by Sindm\u00f3veis in partnership with Apex-Brasil for the promotion of exports of raw materials, components, technology and design services for the furniture industry. The president of Sindm\u00f3veis, C\u00e1tia Scarton, highlights how important this opportunity is for the manufacturing companies of Bento Gon\u00e7alves to show the Brazilian creative potential to the world center of design. &#8220;Our participation in Milan, through several projects supported by Apex-Brasil, will be in great style,&#8221; she says.<br \/>\nThe space of Apex-Brasil in Milan is located at the Palazzo Giuresconsulti, central Milan. In addition to this exhibition, the Brazilian design will also be present at the Salone Internazionale del Mobile in two other action plans of the Brazil S\/A project: Cubic Meter, featuring the exhibition of products created by Brazilian designers, and the lounge of the agency, furnished by member companies of Sindm\u00f3veis.<br \/>\n\u00a0<br \/>\n\u00a0<\/p>\n","protected":false},"excerpt":{"rendered":"<p>\u00a0 \u00a0Displaying design products, manufacturing companies from Bento Gon\u00e7alves will share Apex-Brasil space during the Salone Internazionale del Mobile in Milan\u00a0 All\u00ea Design and Obispa companies, from Bento Gon\u00e7alves, will&#8230;  <a class=\"excerpt-read-more\" href=\"https:\/\/www.sindmoveis.com.br\/en\/alle-e-obispa-representam-o-sindmoveis-em-milao\/\" title=\"Read All\u00ea and Obispa represent Sindm\u00f3veis in Milan\">Leia mais &raquo;<\/a><\/p>\n","protected":false},"author":5,"featured_media":0,"comment_status":"closed","ping_status":"open","sticky":false,"template":"","format":"standard","meta":{"footnotes":"","_links_to":"","_links_to_target":""},"categories":[2],"tags":[],"class_list":["post-893","post","type-post","status-publish","format-standard","hentry","category-sindmoveis"],"yoast_head":"<!-- This site is optimized with the Yoast SEO plugin v27.0 - https:\/\/yoast.com\/product\/yoast-seo-wordpress\/ -->\n<title>All\u00ea and Obispa represent Sindm\u00f3veis in Milan - Sindm\u00f3veis-RS<\/title>\n<meta name=\"robots\" content=\"index, follow, max-snippet:-1, max-image-preview:large, max-video-preview:-1\" \/>\n<link rel=\"canonical\" href=\"https:\/\/www.sindmoveis.com.br\/en\/alle-e-obispa-representam-o-sindmoveis-em-milao\/\" \/>\n<meta property=\"og:locale\" content=\"en_US\" \/>\n<meta property=\"og:type\" content=\"article\" \/>\n<meta property=\"og:title\" content=\"All\u00ea and Obispa represent Sindm\u00f3veis in Milan - Sindm\u00f3veis-RS\" \/>\n<meta property=\"og:description\" content=\"\u00a0 \u00a0Displaying design products, manufacturing companies from Bento Gon\u00e7alves will share Apex-Brasil space during the Salone Internazionale del Mobile in Milan\u00a0 All\u00ea Design and Obispa companies, from Bento Gon\u00e7alves, will... Leia mais &raquo;\" \/>\n<meta property=\"og:url\" content=\"https:\/\/www.sindmoveis.com.br\/en\/alle-e-obispa-representam-o-sindmoveis-em-milao\/\" \/>\n<meta property=\"og:site_name\" content=\"Sindm\u00f3veis-RS\" \/>\n<meta property=\"article:published_time\" content=\"2012-04-17T03:00:00+00:00\" \/>\n<meta property=\"article:modified_time\" content=\"2021-05-26T13:45:56+00:00\" \/>\n<meta name=\"author\" content=\"Imprensa Sindm\u00f3veis\" \/>\n<meta name=\"twitter:card\" content=\"summary_large_image\" \/>\n<meta name=\"twitter:label1\" content=\"Written by\" \/>\n\t<meta name=\"twitter:data1\" content=\"Imprensa Sindm\u00f3veis\" \/>\n\t<meta name=\"twitter:label2\" content=\"Est. reading time\" \/>\n\t<meta name=\"twitter:data2\" content=\"2 minutes\" \/>\n<script type=\"application\/ld+json\" class=\"yoast-schema-graph\">{\"@context\":\"https:\/\/schema.org\",\"@graph\":[{\"@type\":\"Article\",\"@id\":\"https:\/\/www.sindmoveis.com.br\/en\/alle-e-obispa-representam-o-sindmoveis-em-milao\/#article\",\"isPartOf\":{\"@id\":\"https:\/\/www.sindmoveis.com.br\/en\/alle-e-obispa-representam-o-sindmoveis-em-milao\/\"},\"author\":{\"name\":\"Imprensa Sindm\u00f3veis\",\"@id\":\"https:\/\/www.sindmoveis.com.br\/en\/#\/schema\/person\/16d379542db1950a17fe188179340d57\"},\"headline\":\"All\u00ea and Obispa represent Sindm\u00f3veis in Milan\",\"datePublished\":\"2012-04-17T03:00:00+00:00\",\"dateModified\":\"2021-05-26T13:45:56+00:00\",\"mainEntityOfPage\":{\"@id\":\"https:\/\/www.sindmoveis.com.br\/en\/alle-e-obispa-representam-o-sindmoveis-em-milao\/\"},\"wordCount\":345,\"articleSection\":[\"Sindm\u00f3veis\"],\"inLanguage\":\"en-US\"},{\"@type\":\"WebPage\",\"@id\":\"https:\/\/www.sindmoveis.com.br\/en\/alle-e-obispa-representam-o-sindmoveis-em-milao\/\",\"url\":\"https:\/\/www.sindmoveis.com.br\/en\/alle-e-obispa-representam-o-sindmoveis-em-milao\/\",\"name\":\"All\u00ea and Obispa represent Sindm\u00f3veis in Milan - Sindm\u00f3veis-RS\",\"isPartOf\":{\"@id\":\"https:\/\/www.sindmoveis.com.br\/en\/#website\"},\"datePublished\":\"2012-04-17T03:00:00+00:00\",\"dateModified\":\"2021-05-26T13:45:56+00:00\",\"author\":{\"@id\":\"https:\/\/www.sindmoveis.com.br\/en\/#\/schema\/person\/16d379542db1950a17fe188179340d57\"},\"inLanguage\":\"en-US\",\"potentialAction\":[{\"@type\":\"ReadAction\",\"target\":[\"https:\/\/www.sindmoveis.com.br\/en\/alle-e-obispa-representam-o-sindmoveis-em-milao\/\"]}]},{\"@type\":\"WebSite\",\"@id\":\"https:\/\/www.sindmoveis.com.br\/en\/#website\",\"url\":\"https:\/\/www.sindmoveis.com.br\/en\/\",\"name\":\"Sindm\u00f3veis-RS\",\"description\":\"\",\"potentialAction\":[{\"@type\":\"SearchAction\",\"target\":{\"@type\":\"EntryPoint\",\"urlTemplate\":\"https:\/\/www.sindmoveis.com.br\/en\/?s={search_term_string}\"},\"query-input\":{\"@type\":\"PropertyValueSpecification\",\"valueRequired\":true,\"valueName\":\"search_term_string\"}}],\"inLanguage\":\"en-US\"},{\"@type\":\"Person\",\"@id\":\"https:\/\/www.sindmoveis.com.br\/en\/#\/schema\/person\/16d379542db1950a17fe188179340d57\",\"name\":\"Imprensa Sindm\u00f3veis\",\"image\":{\"@type\":\"ImageObject\",\"inLanguage\":\"en-US\",\"@id\":\"https:\/\/www.sindmoveis.com.br\/en\/#\/schema\/person\/image\/\",\"url\":\"https:\/\/secure.gravatar.com\/avatar\/4973e2e2c2a0cb5db30b0c7b770041b8e33d048a16b695a1f99c042449d4bfaf?s=96&d=mm&r=g\",\"contentUrl\":\"https:\/\/secure.gravatar.com\/avatar\/4973e2e2c2a0cb5db30b0c7b770041b8e33d048a16b695a1f99c042449d4bfaf?s=96&d=mm&r=g\",\"caption\":\"Imprensa Sindm\u00f3veis\"},\"url\":\"https:\/\/www.sindmoveis.com.br\/en\/author\/ana\/\"}]}<\/script>\n<!-- \/ Yoast SEO plugin. -->","yoast_head_json":{"title":"All\u00ea and Obispa represent Sindm\u00f3veis in Milan - Sindm\u00f3veis-RS","robots":{"index":"index","follow":"follow","max-snippet":"max-snippet:-1","max-image-preview":"max-image-preview:large","max-video-preview":"max-video-preview:-1"},"canonical":"https:\/\/www.sindmoveis.com.br\/en\/alle-e-obispa-representam-o-sindmoveis-em-milao\/","og_locale":"en_US","og_type":"article","og_title":"All\u00ea and Obispa represent Sindm\u00f3veis in Milan - Sindm\u00f3veis-RS","og_description":"\u00a0 \u00a0Displaying design products, manufacturing companies from Bento Gon\u00e7alves will share Apex-Brasil space during the Salone Internazionale del Mobile in Milan\u00a0 All\u00ea Design and Obispa companies, from Bento Gon\u00e7alves, will... Leia mais &raquo;","og_url":"https:\/\/www.sindmoveis.com.br\/en\/alle-e-obispa-representam-o-sindmoveis-em-milao\/","og_site_name":"Sindm\u00f3veis-RS","article_published_time":"2012-04-17T03:00:00+00:00","article_modified_time":"2021-05-26T13:45:56+00:00","author":"Imprensa Sindm\u00f3veis","twitter_card":"summary_large_image","twitter_misc":{"Written by":"Imprensa Sindm\u00f3veis","Est. reading time":"2 minutes"},"schema":{"@context":"https:\/\/schema.org","@graph":[{"@type":"Article","@id":"https:\/\/www.sindmoveis.com.br\/en\/alle-e-obispa-representam-o-sindmoveis-em-milao\/#article","isPartOf":{"@id":"https:\/\/www.sindmoveis.com.br\/en\/alle-e-obispa-representam-o-sindmoveis-em-milao\/"},"author":{"name":"Imprensa Sindm\u00f3veis","@id":"https:\/\/www.sindmoveis.com.br\/en\/#\/schema\/person\/16d379542db1950a17fe188179340d57"},"headline":"All\u00ea and Obispa represent Sindm\u00f3veis in Milan","datePublished":"2012-04-17T03:00:00+00:00","dateModified":"2021-05-26T13:45:56+00:00","mainEntityOfPage":{"@id":"https:\/\/www.sindmoveis.com.br\/en\/alle-e-obispa-representam-o-sindmoveis-em-milao\/"},"wordCount":345,"articleSection":["Sindm\u00f3veis"],"inLanguage":"en-US"},{"@type":"WebPage","@id":"https:\/\/www.sindmoveis.com.br\/en\/alle-e-obispa-representam-o-sindmoveis-em-milao\/","url":"https:\/\/www.sindmoveis.com.br\/en\/alle-e-obispa-representam-o-sindmoveis-em-milao\/","name":"All\u00ea and Obispa represent Sindm\u00f3veis in Milan - Sindm\u00f3veis-RS","isPartOf":{"@id":"https:\/\/www.sindmoveis.com.br\/en\/#website"},"datePublished":"2012-04-17T03:00:00+00:00","dateModified":"2021-05-26T13:45:56+00:00","author":{"@id":"https:\/\/www.sindmoveis.com.br\/en\/#\/schema\/person\/16d379542db1950a17fe188179340d57"},"inLanguage":"en-US","potentialAction":[{"@type":"ReadAction","target":["https:\/\/www.sindmoveis.com.br\/en\/alle-e-obispa-representam-o-sindmoveis-em-milao\/"]}]},{"@type":"WebSite","@id":"https:\/\/www.sindmoveis.com.br\/en\/#website","url":"https:\/\/www.sindmoveis.com.br\/en\/","name":"Sindm\u00f3veis-RS","description":"","potentialAction":[{"@type":"SearchAction","target":{"@type":"EntryPoint","urlTemplate":"https:\/\/www.sindmoveis.com.br\/en\/?s={search_term_string}"},"query-input":{"@type":"PropertyValueSpecification","valueRequired":true,"valueName":"search_term_string"}}],"inLanguage":"en-US"},{"@type":"Person","@id":"https:\/\/www.sindmoveis.com.br\/en\/#\/schema\/person\/16d379542db1950a17fe188179340d57","name":"Imprensa Sindm\u00f3veis","image":{"@type":"ImageObject","inLanguage":"en-US","@id":"https:\/\/www.sindmoveis.com.br\/en\/#\/schema\/person\/image\/","url":"https:\/\/secure.gravatar.com\/avatar\/4973e2e2c2a0cb5db30b0c7b770041b8e33d048a16b695a1f99c042449d4bfaf?s=96&d=mm&r=g","contentUrl":"https:\/\/secure.gravatar.com\/avatar\/4973e2e2c2a0cb5db30b0c7b770041b8e33d048a16b695a1f99c042449d4bfaf?s=96&d=mm&r=g","caption":"Imprensa Sindm\u00f3veis"},"url":"https:\/\/www.sindmoveis.com.br\/en\/author\/ana\/"}]}},"_links":{"self":[{"href":"https:\/\/www.sindmoveis.com.br\/en\/wp-json\/wp\/v2\/posts\/893","targetHints":{"allow":["GET"]}}],"collection":[{"href":"https:\/\/www.sindmoveis.com.br\/en\/wp-json\/wp\/v2\/posts"}],"about":[{"href":"https:\/\/www.sindmoveis.com.br\/en\/wp-json\/wp\/v2\/types\/post"}],"author":[{"embeddable":true,"href":"https:\/\/www.sindmoveis.com.br\/en\/wp-json\/wp\/v2\/users\/5"}],"replies":[{"embeddable":true,"href":"https:\/\/www.sindmoveis.com.br\/en\/wp-json\/wp\/v2\/comments?post=893"}],"version-history":[{"count":2,"href":"https:\/\/www.sindmoveis.com.br\/en\/wp-json\/wp\/v2\/posts\/893\/revisions"}],"predecessor-version":[{"id":3212,"href":"https:\/\/www.sindmoveis.com.br\/en\/wp-json\/wp\/v2\/posts\/893\/revisions\/3212"}],"wp:attachment":[{"href":"https:\/\/www.sindmoveis.com.br\/en\/wp-json\/wp\/v2\/media?parent=893"}],"wp:term":[{"taxonomy":"category","embeddable":true,"href":"https:\/\/www.sindmoveis.com.br\/en\/wp-json\/wp\/v2\/categories?post=893"},{"taxonomy":"post_tag","embeddable":true,"href":"https:\/\/www.sindmoveis.com.br\/en\/wp-json\/wp\/v2\/tags?post=893"}],"curies":[{"name":"wp","href":"https:\/\/api.w.org\/{rel}","templated":true}]}}