{"id":868,"date":"2012-02-27T00:00:00","date_gmt":"2012-02-27T03:00:00","guid":{"rendered":"http:\/\/sindmoveis.com.br\/imprensa\/noticias\/sindmoveis-e-movergs-se-unem-em-pleitos-pro-setor-moveleiro\/"},"modified":"2021-05-26T10:45:53","modified_gmt":"2021-05-26T13:45:53","slug":"sindmoveis-e-movergs-se-unem-em-pleitos-pro-setor-moveleiro","status":"publish","type":"post","link":"https:\/\/www.sindmoveis.com.br\/en\/sindmoveis-e-movergs-se-unem-em-pleitos-pro-setor-moveleiro\/","title":{"rendered":"Sindm\u00f3veis and Movergs united in order to defend the furniture sector"},"content":{"rendered":"<p>Last week, the president of Sindm\u00f3veis, Catia Scarton, and vice-president Henrique Tecchio, received the first official visit from Movergs representatives after the new board of directors of Sindm\u00f3veis took office. Together with the president of Movergs, Ivo Cansan, they discussed political issues affecting the furniture industry in the state. Their claims, which involve tax incentives and logistics infrastructure in Rio Grande do Sul, will be the focus of the action plans presented to the Legislative Assembly and Chamber of Deputies, in addition to the Federal Government, through their Ministries.<br \/>\n\u00a0<br \/>\nThe first and most latent demand is the inclusion of furniture in the financing of the My House, My Life program. The sector is asking for 15% to 20% of the amount financed to buy the property in order to purchase basic furniture, with a deadline for payment of up to five years. &#8220;This would leverage industry sales immediately,&#8221; says the president Sindm\u00f3veis, Catia Scarton.<br \/>\n\u00a0<br \/>\nMoreover, the furniture industry fights once gain for the reduction of \u00a0the tax on manufactured products (IPI), \u00a0just like the benefit granted by the Department of Treasury to white goods at the beginning of this year. Between 2009 and 2010, the Federal Government reduced the tax rate for the two sectors. Sales of furniture and household appliances increased by 18.31% in 2010 compared to the previous year &#8211; almost 8% above the overall retail growth in the period. That helped the companies to partially recover from the 2008 crisis, which affected furniture exports.<br \/>\n\u00a0<br \/>\nAnother issue that hinders the competitiveness of the Brazilian furniture in the world market is over-taxation. To relieve the exports, the associations require the suspension of the state VAT on the purchase of inputs and raw materials from suppliers located in RS used to manufacture goods for export. The decision would be valid for companies that export over 40% of their turnover and\/or for those who are already using the special drawback system \u2013 just like the case of manufacturers in Santa Catarina, for example. &#8220;While the government does not think of ways to eliminate the social benefits embedded in products, we cannot be competitive because our production system is taxed at the beginning and at the end of the manufacturing process&#8221;, says the president of MOVERGS, Ivo Cansan.<\/p>\n","protected":false},"excerpt":{"rendered":"<p>Last week, the president of Sindm\u00f3veis, Catia Scarton, and vice-president Henrique Tecchio, received the first official visit from Movergs representatives after the new board of directors of Sindm\u00f3veis took office&#8230;.  <a class=\"excerpt-read-more\" href=\"https:\/\/www.sindmoveis.com.br\/en\/sindmoveis-e-movergs-se-unem-em-pleitos-pro-setor-moveleiro\/\" title=\"Read Sindm\u00f3veis and Movergs united in order to defend the furniture sector\">Leia mais &raquo;<\/a><\/p>\n","protected":false},"author":5,"featured_media":0,"comment_status":"closed","ping_status":"open","sticky":false,"template":"","format":"standard","meta":{"footnotes":"","_links_to":"","_links_to_target":""},"categories":[2],"tags":[],"class_list":["post-868","post","type-post","status-publish","format-standard","hentry","category-sindmoveis"],"yoast_head":"<!-- This site is optimized with the Yoast SEO plugin v27.0 - https:\/\/yoast.com\/product\/yoast-seo-wordpress\/ -->\n<title>Sindm\u00f3veis and Movergs united in order to defend the furniture sector - Sindm\u00f3veis-RS<\/title>\n<meta name=\"robots\" content=\"index, follow, max-snippet:-1, max-image-preview:large, max-video-preview:-1\" \/>\n<link rel=\"canonical\" href=\"https:\/\/www.sindmoveis.com.br\/en\/sindmoveis-e-movergs-se-unem-em-pleitos-pro-setor-moveleiro\/\" \/>\n<meta property=\"og:locale\" content=\"en_US\" \/>\n<meta property=\"og:type\" content=\"article\" \/>\n<meta property=\"og:title\" content=\"Sindm\u00f3veis and Movergs united in order to defend the furniture sector - Sindm\u00f3veis-RS\" \/>\n<meta property=\"og:description\" content=\"Last week, the president of Sindm\u00f3veis, Catia Scarton, and vice-president Henrique Tecchio, received the first official visit from Movergs representatives after the new board of directors of Sindm\u00f3veis took office.... Leia mais &raquo;\" \/>\n<meta property=\"og:url\" content=\"https:\/\/www.sindmoveis.com.br\/en\/sindmoveis-e-movergs-se-unem-em-pleitos-pro-setor-moveleiro\/\" \/>\n<meta property=\"og:site_name\" content=\"Sindm\u00f3veis-RS\" \/>\n<meta property=\"article:published_time\" content=\"2012-02-27T03:00:00+00:00\" \/>\n<meta property=\"article:modified_time\" content=\"2021-05-26T13:45:53+00:00\" \/>\n<meta name=\"author\" content=\"Imprensa Sindm\u00f3veis\" \/>\n<meta name=\"twitter:card\" content=\"summary_large_image\" \/>\n<meta name=\"twitter:label1\" content=\"Written by\" \/>\n\t<meta name=\"twitter:data1\" content=\"Imprensa Sindm\u00f3veis\" \/>\n\t<meta name=\"twitter:label2\" content=\"Est. reading time\" \/>\n\t<meta name=\"twitter:data2\" content=\"2 minutes\" \/>\n<script type=\"application\/ld+json\" class=\"yoast-schema-graph\">{\"@context\":\"https:\/\/schema.org\",\"@graph\":[{\"@type\":\"Article\",\"@id\":\"https:\/\/www.sindmoveis.com.br\/en\/sindmoveis-e-movergs-se-unem-em-pleitos-pro-setor-moveleiro\/#article\",\"isPartOf\":{\"@id\":\"https:\/\/www.sindmoveis.com.br\/en\/sindmoveis-e-movergs-se-unem-em-pleitos-pro-setor-moveleiro\/\"},\"author\":{\"name\":\"Imprensa Sindm\u00f3veis\",\"@id\":\"https:\/\/www.sindmoveis.com.br\/en\/#\/schema\/person\/16d379542db1950a17fe188179340d57\"},\"headline\":\"Sindm\u00f3veis and Movergs united in order to defend the furniture sector\",\"datePublished\":\"2012-02-27T03:00:00+00:00\",\"dateModified\":\"2021-05-26T13:45:53+00:00\",\"mainEntityOfPage\":{\"@id\":\"https:\/\/www.sindmoveis.com.br\/en\/sindmoveis-e-movergs-se-unem-em-pleitos-pro-setor-moveleiro\/\"},\"wordCount\":382,\"articleSection\":[\"Sindm\u00f3veis\"],\"inLanguage\":\"en-US\"},{\"@type\":\"WebPage\",\"@id\":\"https:\/\/www.sindmoveis.com.br\/en\/sindmoveis-e-movergs-se-unem-em-pleitos-pro-setor-moveleiro\/\",\"url\":\"https:\/\/www.sindmoveis.com.br\/en\/sindmoveis-e-movergs-se-unem-em-pleitos-pro-setor-moveleiro\/\",\"name\":\"Sindm\u00f3veis and Movergs united in order to defend the furniture sector - Sindm\u00f3veis-RS\",\"isPartOf\":{\"@id\":\"https:\/\/www.sindmoveis.com.br\/en\/#website\"},\"datePublished\":\"2012-02-27T03:00:00+00:00\",\"dateModified\":\"2021-05-26T13:45:53+00:00\",\"author\":{\"@id\":\"https:\/\/www.sindmoveis.com.br\/en\/#\/schema\/person\/16d379542db1950a17fe188179340d57\"},\"inLanguage\":\"en-US\",\"potentialAction\":[{\"@type\":\"ReadAction\",\"target\":[\"https:\/\/www.sindmoveis.com.br\/en\/sindmoveis-e-movergs-se-unem-em-pleitos-pro-setor-moveleiro\/\"]}]},{\"@type\":\"WebSite\",\"@id\":\"https:\/\/www.sindmoveis.com.br\/en\/#website\",\"url\":\"https:\/\/www.sindmoveis.com.br\/en\/\",\"name\":\"Sindm\u00f3veis-RS\",\"description\":\"\",\"potentialAction\":[{\"@type\":\"SearchAction\",\"target\":{\"@type\":\"EntryPoint\",\"urlTemplate\":\"https:\/\/www.sindmoveis.com.br\/en\/?s={search_term_string}\"},\"query-input\":{\"@type\":\"PropertyValueSpecification\",\"valueRequired\":true,\"valueName\":\"search_term_string\"}}],\"inLanguage\":\"en-US\"},{\"@type\":\"Person\",\"@id\":\"https:\/\/www.sindmoveis.com.br\/en\/#\/schema\/person\/16d379542db1950a17fe188179340d57\",\"name\":\"Imprensa Sindm\u00f3veis\",\"image\":{\"@type\":\"ImageObject\",\"inLanguage\":\"en-US\",\"@id\":\"https:\/\/www.sindmoveis.com.br\/en\/#\/schema\/person\/image\/\",\"url\":\"https:\/\/secure.gravatar.com\/avatar\/4973e2e2c2a0cb5db30b0c7b770041b8e33d048a16b695a1f99c042449d4bfaf?s=96&d=mm&r=g\",\"contentUrl\":\"https:\/\/secure.gravatar.com\/avatar\/4973e2e2c2a0cb5db30b0c7b770041b8e33d048a16b695a1f99c042449d4bfaf?s=96&d=mm&r=g\",\"caption\":\"Imprensa Sindm\u00f3veis\"},\"url\":\"https:\/\/www.sindmoveis.com.br\/en\/author\/ana\/\"}]}<\/script>\n<!-- \/ Yoast SEO plugin. -->","yoast_head_json":{"title":"Sindm\u00f3veis and Movergs united in order to defend the furniture sector - Sindm\u00f3veis-RS","robots":{"index":"index","follow":"follow","max-snippet":"max-snippet:-1","max-image-preview":"max-image-preview:large","max-video-preview":"max-video-preview:-1"},"canonical":"https:\/\/www.sindmoveis.com.br\/en\/sindmoveis-e-movergs-se-unem-em-pleitos-pro-setor-moveleiro\/","og_locale":"en_US","og_type":"article","og_title":"Sindm\u00f3veis and Movergs united in order to defend the furniture sector - Sindm\u00f3veis-RS","og_description":"Last week, the president of Sindm\u00f3veis, Catia Scarton, and vice-president Henrique Tecchio, received the first official visit from Movergs representatives after the new board of directors of Sindm\u00f3veis took office.... Leia mais &raquo;","og_url":"https:\/\/www.sindmoveis.com.br\/en\/sindmoveis-e-movergs-se-unem-em-pleitos-pro-setor-moveleiro\/","og_site_name":"Sindm\u00f3veis-RS","article_published_time":"2012-02-27T03:00:00+00:00","article_modified_time":"2021-05-26T13:45:53+00:00","author":"Imprensa Sindm\u00f3veis","twitter_card":"summary_large_image","twitter_misc":{"Written by":"Imprensa Sindm\u00f3veis","Est. reading time":"2 minutes"},"schema":{"@context":"https:\/\/schema.org","@graph":[{"@type":"Article","@id":"https:\/\/www.sindmoveis.com.br\/en\/sindmoveis-e-movergs-se-unem-em-pleitos-pro-setor-moveleiro\/#article","isPartOf":{"@id":"https:\/\/www.sindmoveis.com.br\/en\/sindmoveis-e-movergs-se-unem-em-pleitos-pro-setor-moveleiro\/"},"author":{"name":"Imprensa Sindm\u00f3veis","@id":"https:\/\/www.sindmoveis.com.br\/en\/#\/schema\/person\/16d379542db1950a17fe188179340d57"},"headline":"Sindm\u00f3veis and Movergs united in order to defend the furniture sector","datePublished":"2012-02-27T03:00:00+00:00","dateModified":"2021-05-26T13:45:53+00:00","mainEntityOfPage":{"@id":"https:\/\/www.sindmoveis.com.br\/en\/sindmoveis-e-movergs-se-unem-em-pleitos-pro-setor-moveleiro\/"},"wordCount":382,"articleSection":["Sindm\u00f3veis"],"inLanguage":"en-US"},{"@type":"WebPage","@id":"https:\/\/www.sindmoveis.com.br\/en\/sindmoveis-e-movergs-se-unem-em-pleitos-pro-setor-moveleiro\/","url":"https:\/\/www.sindmoveis.com.br\/en\/sindmoveis-e-movergs-se-unem-em-pleitos-pro-setor-moveleiro\/","name":"Sindm\u00f3veis and Movergs united in order to defend the furniture sector - Sindm\u00f3veis-RS","isPartOf":{"@id":"https:\/\/www.sindmoveis.com.br\/en\/#website"},"datePublished":"2012-02-27T03:00:00+00:00","dateModified":"2021-05-26T13:45:53+00:00","author":{"@id":"https:\/\/www.sindmoveis.com.br\/en\/#\/schema\/person\/16d379542db1950a17fe188179340d57"},"inLanguage":"en-US","potentialAction":[{"@type":"ReadAction","target":["https:\/\/www.sindmoveis.com.br\/en\/sindmoveis-e-movergs-se-unem-em-pleitos-pro-setor-moveleiro\/"]}]},{"@type":"WebSite","@id":"https:\/\/www.sindmoveis.com.br\/en\/#website","url":"https:\/\/www.sindmoveis.com.br\/en\/","name":"Sindm\u00f3veis-RS","description":"","potentialAction":[{"@type":"SearchAction","target":{"@type":"EntryPoint","urlTemplate":"https:\/\/www.sindmoveis.com.br\/en\/?s={search_term_string}"},"query-input":{"@type":"PropertyValueSpecification","valueRequired":true,"valueName":"search_term_string"}}],"inLanguage":"en-US"},{"@type":"Person","@id":"https:\/\/www.sindmoveis.com.br\/en\/#\/schema\/person\/16d379542db1950a17fe188179340d57","name":"Imprensa Sindm\u00f3veis","image":{"@type":"ImageObject","inLanguage":"en-US","@id":"https:\/\/www.sindmoveis.com.br\/en\/#\/schema\/person\/image\/","url":"https:\/\/secure.gravatar.com\/avatar\/4973e2e2c2a0cb5db30b0c7b770041b8e33d048a16b695a1f99c042449d4bfaf?s=96&d=mm&r=g","contentUrl":"https:\/\/secure.gravatar.com\/avatar\/4973e2e2c2a0cb5db30b0c7b770041b8e33d048a16b695a1f99c042449d4bfaf?s=96&d=mm&r=g","caption":"Imprensa Sindm\u00f3veis"},"url":"https:\/\/www.sindmoveis.com.br\/en\/author\/ana\/"}]}},"_links":{"self":[{"href":"https:\/\/www.sindmoveis.com.br\/en\/wp-json\/wp\/v2\/posts\/868","targetHints":{"allow":["GET"]}}],"collection":[{"href":"https:\/\/www.sindmoveis.com.br\/en\/wp-json\/wp\/v2\/posts"}],"about":[{"href":"https:\/\/www.sindmoveis.com.br\/en\/wp-json\/wp\/v2\/types\/post"}],"author":[{"embeddable":true,"href":"https:\/\/www.sindmoveis.com.br\/en\/wp-json\/wp\/v2\/users\/5"}],"replies":[{"embeddable":true,"href":"https:\/\/www.sindmoveis.com.br\/en\/wp-json\/wp\/v2\/comments?post=868"}],"version-history":[{"count":2,"href":"https:\/\/www.sindmoveis.com.br\/en\/wp-json\/wp\/v2\/posts\/868\/revisions"}],"predecessor-version":[{"id":3196,"href":"https:\/\/www.sindmoveis.com.br\/en\/wp-json\/wp\/v2\/posts\/868\/revisions\/3196"}],"wp:attachment":[{"href":"https:\/\/www.sindmoveis.com.br\/en\/wp-json\/wp\/v2\/media?parent=868"}],"wp:term":[{"taxonomy":"category","embeddable":true,"href":"https:\/\/www.sindmoveis.com.br\/en\/wp-json\/wp\/v2\/categories?post=868"},{"taxonomy":"post_tag","embeddable":true,"href":"https:\/\/www.sindmoveis.com.br\/en\/wp-json\/wp\/v2\/tags?post=868"}],"curies":[{"name":"wp","href":"https:\/\/api.w.org\/{rel}","templated":true}]}}