{"id":866,"date":"2012-02-22T00:00:00","date_gmt":"2012-02-22T02:00:00","guid":{"rendered":"http:\/\/sindmoveis.com.br\/imprensa\/noticias\/cooperativa-florestal-do-acre-visita-o-sindmoveis\/"},"modified":"2021-05-26T10:45:52","modified_gmt":"2021-05-26T13:45:52","slug":"cooperativa-florestal-do-acre-visita-o-sindmoveis","status":"publish","type":"post","link":"https:\/\/www.sindmoveis.com.br\/en\/cooperativa-florestal-do-acre-visita-o-sindmoveis\/","title":{"rendered":"Forestry cooperative from Acre visits Sindm\u00f3veis"},"content":{"rendered":"<p>Sindm\u00f3veis received representatives of the Community Forestry Producers Cooperative of the State of Acre. The delegation learned about the work of the association and visited some local companies, as the cooperative is a supplier of the furniture industry in S\u00e3o Paulo and plans to expand its operations to Southern Brazil. \u00a0Cooperfloresta is comprised of seven communities from Acre, totaling 100 families growing wood in certified community forests and managing 42 species of trees.<br \/>\n\u00a0<br \/>\nThe proper handling of the wood is evidenced by the seal of the Forest Stewardship Council. This means that the extraction was properly done and that the process was accompanied by a team qualified to certify the origin of the wood. Cooperfloresta also has a chain-of-custody certification &#8211; which means they track the entire production process, regardless of their use and destination. The criteria for obtaining this certification are even stricter than the national legislation. and therefore it is a guarantee of origin.\u00a0<br \/>\n\u00a0<br \/>\nJoachim Meier-Dornberg, a technical advisor to WWF, a partner of Cooperfloresta, says that the cooperative is expected to reach 200 families this year, increasing the supply of raw materials to the furniture sector. According to him, the state government of Acre has signaled their intention to support the legalization of local woodworkers.<br \/>\n\u00a0<br \/>\nCooperfloresta assists in the process of licensing, production, processing and sales of wood, shortening the way to the market and adding value to the production. This is intended to guarantee the conditions for the permanence of forest peoples in their communities, preserving their culture and customs, enabling the sustainable extraction as an economic activity. To learn more about Cooperfloresta, visit: http:\/\/www.cooperfloresta.com<\/p>\n","protected":false},"excerpt":{"rendered":"<p>Sindm\u00f3veis received representatives of the Community Forestry Producers Cooperative of the State of Acre. The delegation learned about the work of the association and visited some local companies, as the&#8230;  <a class=\"excerpt-read-more\" href=\"https:\/\/www.sindmoveis.com.br\/en\/cooperativa-florestal-do-acre-visita-o-sindmoveis\/\" title=\"Read Forestry cooperative from Acre visits Sindm\u00f3veis\">Leia mais &raquo;<\/a><\/p>\n","protected":false},"author":5,"featured_media":0,"comment_status":"closed","ping_status":"open","sticky":false,"template":"","format":"standard","meta":{"footnotes":"","_links_to":"","_links_to_target":""},"categories":[2],"tags":[],"class_list":["post-866","post","type-post","status-publish","format-standard","hentry","category-sindmoveis"],"yoast_head":"<!-- This site is optimized with the Yoast SEO plugin v27.0 - https:\/\/yoast.com\/product\/yoast-seo-wordpress\/ -->\n<title>Forestry cooperative from Acre visits Sindm\u00f3veis - Sindm\u00f3veis-RS<\/title>\n<meta name=\"robots\" content=\"index, follow, max-snippet:-1, max-image-preview:large, max-video-preview:-1\" \/>\n<link rel=\"canonical\" href=\"https:\/\/www.sindmoveis.com.br\/en\/cooperativa-florestal-do-acre-visita-o-sindmoveis\/\" \/>\n<meta property=\"og:locale\" content=\"en_US\" \/>\n<meta property=\"og:type\" content=\"article\" \/>\n<meta property=\"og:title\" content=\"Forestry cooperative from Acre visits Sindm\u00f3veis - Sindm\u00f3veis-RS\" \/>\n<meta property=\"og:description\" content=\"Sindm\u00f3veis received representatives of the Community Forestry Producers Cooperative of the State of Acre. The delegation learned about the work of the association and visited some local companies, as the... Leia mais &raquo;\" \/>\n<meta property=\"og:url\" content=\"https:\/\/www.sindmoveis.com.br\/en\/cooperativa-florestal-do-acre-visita-o-sindmoveis\/\" \/>\n<meta property=\"og:site_name\" content=\"Sindm\u00f3veis-RS\" \/>\n<meta property=\"article:published_time\" content=\"2012-02-22T02:00:00+00:00\" \/>\n<meta property=\"article:modified_time\" content=\"2021-05-26T13:45:52+00:00\" \/>\n<meta name=\"author\" content=\"Imprensa Sindm\u00f3veis\" \/>\n<meta name=\"twitter:card\" content=\"summary_large_image\" \/>\n<meta name=\"twitter:label1\" content=\"Written by\" \/>\n\t<meta name=\"twitter:data1\" content=\"Imprensa Sindm\u00f3veis\" \/>\n\t<meta name=\"twitter:label2\" content=\"Est. reading time\" \/>\n\t<meta name=\"twitter:data2\" content=\"1 minute\" \/>\n<script type=\"application\/ld+json\" class=\"yoast-schema-graph\">{\"@context\":\"https:\/\/schema.org\",\"@graph\":[{\"@type\":\"Article\",\"@id\":\"https:\/\/www.sindmoveis.com.br\/en\/cooperativa-florestal-do-acre-visita-o-sindmoveis\/#article\",\"isPartOf\":{\"@id\":\"https:\/\/www.sindmoveis.com.br\/en\/cooperativa-florestal-do-acre-visita-o-sindmoveis\/\"},\"author\":{\"name\":\"Imprensa Sindm\u00f3veis\",\"@id\":\"https:\/\/www.sindmoveis.com.br\/en\/#\/schema\/person\/16d379542db1950a17fe188179340d57\"},\"headline\":\"Forestry cooperative from Acre visits Sindm\u00f3veis\",\"datePublished\":\"2012-02-22T02:00:00+00:00\",\"dateModified\":\"2021-05-26T13:45:52+00:00\",\"mainEntityOfPage\":{\"@id\":\"https:\/\/www.sindmoveis.com.br\/en\/cooperativa-florestal-do-acre-visita-o-sindmoveis\/\"},\"wordCount\":278,\"articleSection\":[\"Sindm\u00f3veis\"],\"inLanguage\":\"en-US\"},{\"@type\":\"WebPage\",\"@id\":\"https:\/\/www.sindmoveis.com.br\/en\/cooperativa-florestal-do-acre-visita-o-sindmoveis\/\",\"url\":\"https:\/\/www.sindmoveis.com.br\/en\/cooperativa-florestal-do-acre-visita-o-sindmoveis\/\",\"name\":\"Forestry cooperative from Acre visits Sindm\u00f3veis - Sindm\u00f3veis-RS\",\"isPartOf\":{\"@id\":\"https:\/\/www.sindmoveis.com.br\/en\/#website\"},\"datePublished\":\"2012-02-22T02:00:00+00:00\",\"dateModified\":\"2021-05-26T13:45:52+00:00\",\"author\":{\"@id\":\"https:\/\/www.sindmoveis.com.br\/en\/#\/schema\/person\/16d379542db1950a17fe188179340d57\"},\"inLanguage\":\"en-US\",\"potentialAction\":[{\"@type\":\"ReadAction\",\"target\":[\"https:\/\/www.sindmoveis.com.br\/en\/cooperativa-florestal-do-acre-visita-o-sindmoveis\/\"]}]},{\"@type\":\"WebSite\",\"@id\":\"https:\/\/www.sindmoveis.com.br\/en\/#website\",\"url\":\"https:\/\/www.sindmoveis.com.br\/en\/\",\"name\":\"Sindm\u00f3veis-RS\",\"description\":\"\",\"potentialAction\":[{\"@type\":\"SearchAction\",\"target\":{\"@type\":\"EntryPoint\",\"urlTemplate\":\"https:\/\/www.sindmoveis.com.br\/en\/?s={search_term_string}\"},\"query-input\":{\"@type\":\"PropertyValueSpecification\",\"valueRequired\":true,\"valueName\":\"search_term_string\"}}],\"inLanguage\":\"en-US\"},{\"@type\":\"Person\",\"@id\":\"https:\/\/www.sindmoveis.com.br\/en\/#\/schema\/person\/16d379542db1950a17fe188179340d57\",\"name\":\"Imprensa Sindm\u00f3veis\",\"image\":{\"@type\":\"ImageObject\",\"inLanguage\":\"en-US\",\"@id\":\"https:\/\/www.sindmoveis.com.br\/en\/#\/schema\/person\/image\/\",\"url\":\"https:\/\/secure.gravatar.com\/avatar\/4973e2e2c2a0cb5db30b0c7b770041b8e33d048a16b695a1f99c042449d4bfaf?s=96&d=mm&r=g\",\"contentUrl\":\"https:\/\/secure.gravatar.com\/avatar\/4973e2e2c2a0cb5db30b0c7b770041b8e33d048a16b695a1f99c042449d4bfaf?s=96&d=mm&r=g\",\"caption\":\"Imprensa Sindm\u00f3veis\"},\"url\":\"https:\/\/www.sindmoveis.com.br\/en\/author\/ana\/\"}]}<\/script>\n<!-- \/ Yoast SEO plugin. -->","yoast_head_json":{"title":"Forestry cooperative from Acre visits Sindm\u00f3veis - Sindm\u00f3veis-RS","robots":{"index":"index","follow":"follow","max-snippet":"max-snippet:-1","max-image-preview":"max-image-preview:large","max-video-preview":"max-video-preview:-1"},"canonical":"https:\/\/www.sindmoveis.com.br\/en\/cooperativa-florestal-do-acre-visita-o-sindmoveis\/","og_locale":"en_US","og_type":"article","og_title":"Forestry cooperative from Acre visits Sindm\u00f3veis - Sindm\u00f3veis-RS","og_description":"Sindm\u00f3veis received representatives of the Community Forestry Producers Cooperative of the State of Acre. The delegation learned about the work of the association and visited some local companies, as the... Leia mais &raquo;","og_url":"https:\/\/www.sindmoveis.com.br\/en\/cooperativa-florestal-do-acre-visita-o-sindmoveis\/","og_site_name":"Sindm\u00f3veis-RS","article_published_time":"2012-02-22T02:00:00+00:00","article_modified_time":"2021-05-26T13:45:52+00:00","author":"Imprensa Sindm\u00f3veis","twitter_card":"summary_large_image","twitter_misc":{"Written by":"Imprensa Sindm\u00f3veis","Est. reading time":"1 minute"},"schema":{"@context":"https:\/\/schema.org","@graph":[{"@type":"Article","@id":"https:\/\/www.sindmoveis.com.br\/en\/cooperativa-florestal-do-acre-visita-o-sindmoveis\/#article","isPartOf":{"@id":"https:\/\/www.sindmoveis.com.br\/en\/cooperativa-florestal-do-acre-visita-o-sindmoveis\/"},"author":{"name":"Imprensa Sindm\u00f3veis","@id":"https:\/\/www.sindmoveis.com.br\/en\/#\/schema\/person\/16d379542db1950a17fe188179340d57"},"headline":"Forestry cooperative from Acre visits Sindm\u00f3veis","datePublished":"2012-02-22T02:00:00+00:00","dateModified":"2021-05-26T13:45:52+00:00","mainEntityOfPage":{"@id":"https:\/\/www.sindmoveis.com.br\/en\/cooperativa-florestal-do-acre-visita-o-sindmoveis\/"},"wordCount":278,"articleSection":["Sindm\u00f3veis"],"inLanguage":"en-US"},{"@type":"WebPage","@id":"https:\/\/www.sindmoveis.com.br\/en\/cooperativa-florestal-do-acre-visita-o-sindmoveis\/","url":"https:\/\/www.sindmoveis.com.br\/en\/cooperativa-florestal-do-acre-visita-o-sindmoveis\/","name":"Forestry cooperative from Acre visits Sindm\u00f3veis - Sindm\u00f3veis-RS","isPartOf":{"@id":"https:\/\/www.sindmoveis.com.br\/en\/#website"},"datePublished":"2012-02-22T02:00:00+00:00","dateModified":"2021-05-26T13:45:52+00:00","author":{"@id":"https:\/\/www.sindmoveis.com.br\/en\/#\/schema\/person\/16d379542db1950a17fe188179340d57"},"inLanguage":"en-US","potentialAction":[{"@type":"ReadAction","target":["https:\/\/www.sindmoveis.com.br\/en\/cooperativa-florestal-do-acre-visita-o-sindmoveis\/"]}]},{"@type":"WebSite","@id":"https:\/\/www.sindmoveis.com.br\/en\/#website","url":"https:\/\/www.sindmoveis.com.br\/en\/","name":"Sindm\u00f3veis-RS","description":"","potentialAction":[{"@type":"SearchAction","target":{"@type":"EntryPoint","urlTemplate":"https:\/\/www.sindmoveis.com.br\/en\/?s={search_term_string}"},"query-input":{"@type":"PropertyValueSpecification","valueRequired":true,"valueName":"search_term_string"}}],"inLanguage":"en-US"},{"@type":"Person","@id":"https:\/\/www.sindmoveis.com.br\/en\/#\/schema\/person\/16d379542db1950a17fe188179340d57","name":"Imprensa Sindm\u00f3veis","image":{"@type":"ImageObject","inLanguage":"en-US","@id":"https:\/\/www.sindmoveis.com.br\/en\/#\/schema\/person\/image\/","url":"https:\/\/secure.gravatar.com\/avatar\/4973e2e2c2a0cb5db30b0c7b770041b8e33d048a16b695a1f99c042449d4bfaf?s=96&d=mm&r=g","contentUrl":"https:\/\/secure.gravatar.com\/avatar\/4973e2e2c2a0cb5db30b0c7b770041b8e33d048a16b695a1f99c042449d4bfaf?s=96&d=mm&r=g","caption":"Imprensa Sindm\u00f3veis"},"url":"https:\/\/www.sindmoveis.com.br\/en\/author\/ana\/"}]}},"_links":{"self":[{"href":"https:\/\/www.sindmoveis.com.br\/en\/wp-json\/wp\/v2\/posts\/866","targetHints":{"allow":["GET"]}}],"collection":[{"href":"https:\/\/www.sindmoveis.com.br\/en\/wp-json\/wp\/v2\/posts"}],"about":[{"href":"https:\/\/www.sindmoveis.com.br\/en\/wp-json\/wp\/v2\/types\/post"}],"author":[{"embeddable":true,"href":"https:\/\/www.sindmoveis.com.br\/en\/wp-json\/wp\/v2\/users\/5"}],"replies":[{"embeddable":true,"href":"https:\/\/www.sindmoveis.com.br\/en\/wp-json\/wp\/v2\/comments?post=866"}],"version-history":[{"count":2,"href":"https:\/\/www.sindmoveis.com.br\/en\/wp-json\/wp\/v2\/posts\/866\/revisions"}],"predecessor-version":[{"id":3194,"href":"https:\/\/www.sindmoveis.com.br\/en\/wp-json\/wp\/v2\/posts\/866\/revisions\/3194"}],"wp:attachment":[{"href":"https:\/\/www.sindmoveis.com.br\/en\/wp-json\/wp\/v2\/media?parent=866"}],"wp:term":[{"taxonomy":"category","embeddable":true,"href":"https:\/\/www.sindmoveis.com.br\/en\/wp-json\/wp\/v2\/categories?post=866"},{"taxonomy":"post_tag","embeddable":true,"href":"https:\/\/www.sindmoveis.com.br\/en\/wp-json\/wp\/v2\/tags?post=866"}],"curies":[{"name":"wp","href":"https:\/\/api.w.org\/{rel}","templated":true}]}}