{"id":864,"date":"2012-02-09T00:00:00","date_gmt":"2012-02-09T02:00:00","guid":{"rendered":"http:\/\/sindmoveis.com.br\/imprensa\/noticias\/expositores-da-movelsul-mobiliam-apartamento-modelo\/"},"modified":"2021-05-26T10:45:52","modified_gmt":"2021-05-26T13:45:52","slug":"expositores-da-movelsul-mobiliam-apartamento-modelo","status":"publish","type":"post","link":"https:\/\/www.sindmoveis.com.br\/en\/expositores-da-movelsul-mobiliam-apartamento-modelo\/","title":{"rendered":"Exhibitors at Movelsul furnish model apartment"},"content":{"rendered":"<p>\u00a0<br \/>\nFifteen companies were selected to furnish the Consumer\u2019s House of the New Brazil, during the second edition the project coordinated by Sal\u00e3o Design competition, which will be held during Movelsul, from March 26-30. The companies that will furnish a 60m\u00b2 apartment based on the My House, My Life program include: Bertolini, Bartzen, Multim\u00f3veis, Pomzan, BRV M\u00f3veis and M\u00f3veis Stein.<br \/>\nThe apartment, where a family of the new Brazilian middle class lives, consisting of a couple, two daughters and the paternal grandfather, has 3 bedrooms, a living and dining room, a kitchen, a laundry and a bathroom.<br \/>\nThe needs of these characters inspired the projects submitted for the creation of this home.<br \/>\nThe projects were chosen by ArqMAD architecture office, which is in charge of the furnishing projects of the fair. In addition to the suggestions from exhibitors, another aspect taken into account was the use of raw materials manufactured by Impress and Berneck, sponsors of the show.<br \/>\nAt the request of Sindm\u00f3veis, Data Popular collected data during a survey that provided specific information to the furniture sector, showing that the new middle class \u2013 comprised of classes C and D &#8211; represents over 50% of the population of our country. This new class consists of demanding consumers, who want both to know the product they wish to purchase and to provide more education, leisure and quality of life to their family.<br \/>\nThe list containing the names of all the companies that will furnish the Consumer\u2019s House of the New Brazil is available at: http:\/\/www.salaodesign.com.br\/blog\/<br \/>\n\u00a0<br \/>\n\u00a0<\/p>\n","protected":false},"excerpt":{"rendered":"<p>\u00a0 Fifteen companies were selected to furnish the Consumer\u2019s House of the New Brazil, during the second edition the project coordinated by Sal\u00e3o Design competition, which will be held during&#8230;  <a class=\"excerpt-read-more\" href=\"https:\/\/www.sindmoveis.com.br\/en\/expositores-da-movelsul-mobiliam-apartamento-modelo\/\" title=\"Read Exhibitors at Movelsul furnish model apartment\">Leia mais &raquo;<\/a><\/p>\n","protected":false},"author":5,"featured_media":0,"comment_status":"closed","ping_status":"open","sticky":false,"template":"","format":"standard","meta":{"footnotes":"","_links_to":"","_links_to_target":""},"categories":[23,2],"tags":[],"class_list":["post-864","post","type-post","status-publish","format-standard","hentry","category-movelsul","category-sindmoveis"],"yoast_head":"<!-- This site is optimized with the Yoast SEO plugin v27.0 - https:\/\/yoast.com\/product\/yoast-seo-wordpress\/ -->\n<title>Exhibitors at Movelsul furnish model apartment - Sindm\u00f3veis-RS<\/title>\n<meta name=\"robots\" content=\"index, follow, max-snippet:-1, max-image-preview:large, max-video-preview:-1\" \/>\n<link rel=\"canonical\" href=\"https:\/\/www.sindmoveis.com.br\/en\/expositores-da-movelsul-mobiliam-apartamento-modelo\/\" \/>\n<meta property=\"og:locale\" content=\"en_US\" \/>\n<meta property=\"og:type\" content=\"article\" \/>\n<meta property=\"og:title\" content=\"Exhibitors at Movelsul furnish model apartment - Sindm\u00f3veis-RS\" \/>\n<meta property=\"og:description\" content=\"\u00a0 Fifteen companies were selected to furnish the Consumer\u2019s House of the New Brazil, during the second edition the project coordinated by Sal\u00e3o Design competition, which will be held during... Leia mais &raquo;\" \/>\n<meta property=\"og:url\" content=\"https:\/\/www.sindmoveis.com.br\/en\/expositores-da-movelsul-mobiliam-apartamento-modelo\/\" \/>\n<meta property=\"og:site_name\" content=\"Sindm\u00f3veis-RS\" \/>\n<meta property=\"article:published_time\" content=\"2012-02-09T02:00:00+00:00\" \/>\n<meta property=\"article:modified_time\" content=\"2021-05-26T13:45:52+00:00\" \/>\n<meta name=\"author\" content=\"Imprensa Sindm\u00f3veis\" \/>\n<meta name=\"twitter:card\" content=\"summary_large_image\" \/>\n<meta name=\"twitter:label1\" content=\"Written by\" \/>\n\t<meta name=\"twitter:data1\" content=\"Imprensa Sindm\u00f3veis\" \/>\n\t<meta name=\"twitter:label2\" content=\"Est. reading time\" \/>\n\t<meta name=\"twitter:data2\" content=\"1 minute\" \/>\n<script type=\"application\/ld+json\" class=\"yoast-schema-graph\">{\"@context\":\"https:\/\/schema.org\",\"@graph\":[{\"@type\":\"Article\",\"@id\":\"https:\/\/www.sindmoveis.com.br\/en\/expositores-da-movelsul-mobiliam-apartamento-modelo\/#article\",\"isPartOf\":{\"@id\":\"https:\/\/www.sindmoveis.com.br\/en\/expositores-da-movelsul-mobiliam-apartamento-modelo\/\"},\"author\":{\"name\":\"Imprensa Sindm\u00f3veis\",\"@id\":\"https:\/\/www.sindmoveis.com.br\/en\/#\/schema\/person\/16d379542db1950a17fe188179340d57\"},\"headline\":\"Exhibitors at Movelsul furnish model apartment\",\"datePublished\":\"2012-02-09T02:00:00+00:00\",\"dateModified\":\"2021-05-26T13:45:52+00:00\",\"mainEntityOfPage\":{\"@id\":\"https:\/\/www.sindmoveis.com.br\/en\/expositores-da-movelsul-mobiliam-apartamento-modelo\/\"},\"wordCount\":269,\"articleSection\":[\"Movelsul\",\"Sindm\u00f3veis\"],\"inLanguage\":\"en-US\"},{\"@type\":\"WebPage\",\"@id\":\"https:\/\/www.sindmoveis.com.br\/en\/expositores-da-movelsul-mobiliam-apartamento-modelo\/\",\"url\":\"https:\/\/www.sindmoveis.com.br\/en\/expositores-da-movelsul-mobiliam-apartamento-modelo\/\",\"name\":\"Exhibitors at Movelsul furnish model apartment - Sindm\u00f3veis-RS\",\"isPartOf\":{\"@id\":\"https:\/\/www.sindmoveis.com.br\/en\/#website\"},\"datePublished\":\"2012-02-09T02:00:00+00:00\",\"dateModified\":\"2021-05-26T13:45:52+00:00\",\"author\":{\"@id\":\"https:\/\/www.sindmoveis.com.br\/en\/#\/schema\/person\/16d379542db1950a17fe188179340d57\"},\"inLanguage\":\"en-US\",\"potentialAction\":[{\"@type\":\"ReadAction\",\"target\":[\"https:\/\/www.sindmoveis.com.br\/en\/expositores-da-movelsul-mobiliam-apartamento-modelo\/\"]}]},{\"@type\":\"WebSite\",\"@id\":\"https:\/\/www.sindmoveis.com.br\/en\/#website\",\"url\":\"https:\/\/www.sindmoveis.com.br\/en\/\",\"name\":\"Sindm\u00f3veis-RS\",\"description\":\"\",\"potentialAction\":[{\"@type\":\"SearchAction\",\"target\":{\"@type\":\"EntryPoint\",\"urlTemplate\":\"https:\/\/www.sindmoveis.com.br\/en\/?s={search_term_string}\"},\"query-input\":{\"@type\":\"PropertyValueSpecification\",\"valueRequired\":true,\"valueName\":\"search_term_string\"}}],\"inLanguage\":\"en-US\"},{\"@type\":\"Person\",\"@id\":\"https:\/\/www.sindmoveis.com.br\/en\/#\/schema\/person\/16d379542db1950a17fe188179340d57\",\"name\":\"Imprensa Sindm\u00f3veis\",\"image\":{\"@type\":\"ImageObject\",\"inLanguage\":\"en-US\",\"@id\":\"https:\/\/www.sindmoveis.com.br\/en\/#\/schema\/person\/image\/\",\"url\":\"https:\/\/secure.gravatar.com\/avatar\/4973e2e2c2a0cb5db30b0c7b770041b8e33d048a16b695a1f99c042449d4bfaf?s=96&d=mm&r=g\",\"contentUrl\":\"https:\/\/secure.gravatar.com\/avatar\/4973e2e2c2a0cb5db30b0c7b770041b8e33d048a16b695a1f99c042449d4bfaf?s=96&d=mm&r=g\",\"caption\":\"Imprensa Sindm\u00f3veis\"},\"url\":\"https:\/\/www.sindmoveis.com.br\/en\/author\/ana\/\"}]}<\/script>\n<!-- \/ Yoast SEO plugin. -->","yoast_head_json":{"title":"Exhibitors at Movelsul furnish model apartment - Sindm\u00f3veis-RS","robots":{"index":"index","follow":"follow","max-snippet":"max-snippet:-1","max-image-preview":"max-image-preview:large","max-video-preview":"max-video-preview:-1"},"canonical":"https:\/\/www.sindmoveis.com.br\/en\/expositores-da-movelsul-mobiliam-apartamento-modelo\/","og_locale":"en_US","og_type":"article","og_title":"Exhibitors at Movelsul furnish model apartment - Sindm\u00f3veis-RS","og_description":"\u00a0 Fifteen companies were selected to furnish the Consumer\u2019s House of the New Brazil, during the second edition the project coordinated by Sal\u00e3o Design competition, which will be held during... Leia mais &raquo;","og_url":"https:\/\/www.sindmoveis.com.br\/en\/expositores-da-movelsul-mobiliam-apartamento-modelo\/","og_site_name":"Sindm\u00f3veis-RS","article_published_time":"2012-02-09T02:00:00+00:00","article_modified_time":"2021-05-26T13:45:52+00:00","author":"Imprensa Sindm\u00f3veis","twitter_card":"summary_large_image","twitter_misc":{"Written by":"Imprensa Sindm\u00f3veis","Est. reading time":"1 minute"},"schema":{"@context":"https:\/\/schema.org","@graph":[{"@type":"Article","@id":"https:\/\/www.sindmoveis.com.br\/en\/expositores-da-movelsul-mobiliam-apartamento-modelo\/#article","isPartOf":{"@id":"https:\/\/www.sindmoveis.com.br\/en\/expositores-da-movelsul-mobiliam-apartamento-modelo\/"},"author":{"name":"Imprensa Sindm\u00f3veis","@id":"https:\/\/www.sindmoveis.com.br\/en\/#\/schema\/person\/16d379542db1950a17fe188179340d57"},"headline":"Exhibitors at Movelsul furnish model apartment","datePublished":"2012-02-09T02:00:00+00:00","dateModified":"2021-05-26T13:45:52+00:00","mainEntityOfPage":{"@id":"https:\/\/www.sindmoveis.com.br\/en\/expositores-da-movelsul-mobiliam-apartamento-modelo\/"},"wordCount":269,"articleSection":["Movelsul","Sindm\u00f3veis"],"inLanguage":"en-US"},{"@type":"WebPage","@id":"https:\/\/www.sindmoveis.com.br\/en\/expositores-da-movelsul-mobiliam-apartamento-modelo\/","url":"https:\/\/www.sindmoveis.com.br\/en\/expositores-da-movelsul-mobiliam-apartamento-modelo\/","name":"Exhibitors at Movelsul furnish model apartment - Sindm\u00f3veis-RS","isPartOf":{"@id":"https:\/\/www.sindmoveis.com.br\/en\/#website"},"datePublished":"2012-02-09T02:00:00+00:00","dateModified":"2021-05-26T13:45:52+00:00","author":{"@id":"https:\/\/www.sindmoveis.com.br\/en\/#\/schema\/person\/16d379542db1950a17fe188179340d57"},"inLanguage":"en-US","potentialAction":[{"@type":"ReadAction","target":["https:\/\/www.sindmoveis.com.br\/en\/expositores-da-movelsul-mobiliam-apartamento-modelo\/"]}]},{"@type":"WebSite","@id":"https:\/\/www.sindmoveis.com.br\/en\/#website","url":"https:\/\/www.sindmoveis.com.br\/en\/","name":"Sindm\u00f3veis-RS","description":"","potentialAction":[{"@type":"SearchAction","target":{"@type":"EntryPoint","urlTemplate":"https:\/\/www.sindmoveis.com.br\/en\/?s={search_term_string}"},"query-input":{"@type":"PropertyValueSpecification","valueRequired":true,"valueName":"search_term_string"}}],"inLanguage":"en-US"},{"@type":"Person","@id":"https:\/\/www.sindmoveis.com.br\/en\/#\/schema\/person\/16d379542db1950a17fe188179340d57","name":"Imprensa Sindm\u00f3veis","image":{"@type":"ImageObject","inLanguage":"en-US","@id":"https:\/\/www.sindmoveis.com.br\/en\/#\/schema\/person\/image\/","url":"https:\/\/secure.gravatar.com\/avatar\/4973e2e2c2a0cb5db30b0c7b770041b8e33d048a16b695a1f99c042449d4bfaf?s=96&d=mm&r=g","contentUrl":"https:\/\/secure.gravatar.com\/avatar\/4973e2e2c2a0cb5db30b0c7b770041b8e33d048a16b695a1f99c042449d4bfaf?s=96&d=mm&r=g","caption":"Imprensa Sindm\u00f3veis"},"url":"https:\/\/www.sindmoveis.com.br\/en\/author\/ana\/"}]}},"_links":{"self":[{"href":"https:\/\/www.sindmoveis.com.br\/en\/wp-json\/wp\/v2\/posts\/864","targetHints":{"allow":["GET"]}}],"collection":[{"href":"https:\/\/www.sindmoveis.com.br\/en\/wp-json\/wp\/v2\/posts"}],"about":[{"href":"https:\/\/www.sindmoveis.com.br\/en\/wp-json\/wp\/v2\/types\/post"}],"author":[{"embeddable":true,"href":"https:\/\/www.sindmoveis.com.br\/en\/wp-json\/wp\/v2\/users\/5"}],"replies":[{"embeddable":true,"href":"https:\/\/www.sindmoveis.com.br\/en\/wp-json\/wp\/v2\/comments?post=864"}],"version-history":[{"count":2,"href":"https:\/\/www.sindmoveis.com.br\/en\/wp-json\/wp\/v2\/posts\/864\/revisions"}],"predecessor-version":[{"id":3192,"href":"https:\/\/www.sindmoveis.com.br\/en\/wp-json\/wp\/v2\/posts\/864\/revisions\/3192"}],"wp:attachment":[{"href":"https:\/\/www.sindmoveis.com.br\/en\/wp-json\/wp\/v2\/media?parent=864"}],"wp:term":[{"taxonomy":"category","embeddable":true,"href":"https:\/\/www.sindmoveis.com.br\/en\/wp-json\/wp\/v2\/categories?post=864"},{"taxonomy":"post_tag","embeddable":true,"href":"https:\/\/www.sindmoveis.com.br\/en\/wp-json\/wp\/v2\/tags?post=864"}],"curies":[{"name":"wp","href":"https:\/\/api.w.org\/{rel}","templated":true}]}}