{"id":861,"date":"2012-02-06T00:00:00","date_gmt":"2012-02-06T02:00:00","guid":{"rendered":"http:\/\/sindmoveis.com.br\/imprensa\/noticias\/movelsul-em-sao-paulo\/"},"modified":"2021-05-26T10:45:52","modified_gmt":"2021-05-26T13:45:52","slug":"movelsul-em-sao-paulo","status":"publish","type":"post","link":"https:\/\/www.sindmoveis.com.br\/en\/movelsul-em-sao-paulo\/","title":{"rendered":"Movelsul in S\u00e3o Paulo"},"content":{"rendered":"<p>\u00a0<br \/>\nThis week, Jo\u00e3o Paulo Pompermayer, the president of Movelsul 2012, will visit three offices of major media agencies in S\u00e3o Paulo to promote the fair, which begins on March 26, in Bento Gon\u00e7alves. Pompermayer will be accompanied by Renato Meirelles, director of Data Popular, the agency that conducted a survey of the profile and purchase power of the emerging segment of the country, which already accounts 52% of the population.<br \/>\nFolha de S\u00e3o Paulo and Valor Econ\u00f4mico newspapers and Exame magazine will receive information about the event during the meetings. In addition to detailing the survey and \u00a0the new features of the 16th edition of Movelsul, the meetings will provide the press with data about the furniture industry, which seeks sustainable growth in 2012.<br \/>\n\u00a0<\/p>\n","protected":false},"excerpt":{"rendered":"<p>\u00a0 This week, Jo\u00e3o Paulo Pompermayer, the president of Movelsul 2012, will visit three offices of major media agencies in S\u00e3o Paulo to promote the fair, which begins on March&#8230;  <a class=\"excerpt-read-more\" href=\"https:\/\/www.sindmoveis.com.br\/en\/movelsul-em-sao-paulo\/\" title=\"Read Movelsul in S\u00e3o Paulo\">Leia mais &raquo;<\/a><\/p>\n","protected":false},"author":5,"featured_media":0,"comment_status":"closed","ping_status":"open","sticky":false,"template":"","format":"standard","meta":{"footnotes":"","_links_to":"","_links_to_target":""},"categories":[23,2],"tags":[],"class_list":["post-861","post","type-post","status-publish","format-standard","hentry","category-movelsul","category-sindmoveis"],"yoast_head":"<!-- This site is optimized with the Yoast SEO plugin v27.0 - https:\/\/yoast.com\/product\/yoast-seo-wordpress\/ -->\n<title>Movelsul in S\u00e3o Paulo - Sindm\u00f3veis-RS<\/title>\n<meta name=\"robots\" content=\"index, follow, max-snippet:-1, max-image-preview:large, max-video-preview:-1\" \/>\n<link rel=\"canonical\" href=\"https:\/\/www.sindmoveis.com.br\/en\/movelsul-em-sao-paulo\/\" \/>\n<meta property=\"og:locale\" content=\"en_US\" \/>\n<meta property=\"og:type\" content=\"article\" \/>\n<meta property=\"og:title\" content=\"Movelsul in S\u00e3o Paulo - Sindm\u00f3veis-RS\" \/>\n<meta property=\"og:description\" content=\"\u00a0 This week, Jo\u00e3o Paulo Pompermayer, the president of Movelsul 2012, will visit three offices of major media agencies in S\u00e3o Paulo to promote the fair, which begins on March... Leia mais &raquo;\" \/>\n<meta property=\"og:url\" content=\"https:\/\/www.sindmoveis.com.br\/en\/movelsul-em-sao-paulo\/\" \/>\n<meta property=\"og:site_name\" content=\"Sindm\u00f3veis-RS\" \/>\n<meta property=\"article:published_time\" content=\"2012-02-06T02:00:00+00:00\" \/>\n<meta property=\"article:modified_time\" content=\"2021-05-26T13:45:52+00:00\" \/>\n<meta name=\"author\" content=\"Imprensa Sindm\u00f3veis\" \/>\n<meta name=\"twitter:card\" content=\"summary_large_image\" \/>\n<meta name=\"twitter:label1\" content=\"Written by\" \/>\n\t<meta name=\"twitter:data1\" content=\"Imprensa Sindm\u00f3veis\" \/>\n\t<meta name=\"twitter:label2\" content=\"Est. reading time\" \/>\n\t<meta name=\"twitter:data2\" content=\"1 minute\" \/>\n<script type=\"application\/ld+json\" class=\"yoast-schema-graph\">{\"@context\":\"https:\/\/schema.org\",\"@graph\":[{\"@type\":\"Article\",\"@id\":\"https:\/\/www.sindmoveis.com.br\/en\/movelsul-em-sao-paulo\/#article\",\"isPartOf\":{\"@id\":\"https:\/\/www.sindmoveis.com.br\/en\/movelsul-em-sao-paulo\/\"},\"author\":{\"name\":\"Imprensa Sindm\u00f3veis\",\"@id\":\"https:\/\/www.sindmoveis.com.br\/en\/#\/schema\/person\/16d379542db1950a17fe188179340d57\"},\"headline\":\"Movelsul in S\u00e3o Paulo\",\"datePublished\":\"2012-02-06T02:00:00+00:00\",\"dateModified\":\"2021-05-26T13:45:52+00:00\",\"mainEntityOfPage\":{\"@id\":\"https:\/\/www.sindmoveis.com.br\/en\/movelsul-em-sao-paulo\/\"},\"wordCount\":130,\"articleSection\":[\"Movelsul\",\"Sindm\u00f3veis\"],\"inLanguage\":\"en-US\"},{\"@type\":\"WebPage\",\"@id\":\"https:\/\/www.sindmoveis.com.br\/en\/movelsul-em-sao-paulo\/\",\"url\":\"https:\/\/www.sindmoveis.com.br\/en\/movelsul-em-sao-paulo\/\",\"name\":\"Movelsul in S\u00e3o Paulo - Sindm\u00f3veis-RS\",\"isPartOf\":{\"@id\":\"https:\/\/www.sindmoveis.com.br\/en\/#website\"},\"datePublished\":\"2012-02-06T02:00:00+00:00\",\"dateModified\":\"2021-05-26T13:45:52+00:00\",\"author\":{\"@id\":\"https:\/\/www.sindmoveis.com.br\/en\/#\/schema\/person\/16d379542db1950a17fe188179340d57\"},\"inLanguage\":\"en-US\",\"potentialAction\":[{\"@type\":\"ReadAction\",\"target\":[\"https:\/\/www.sindmoveis.com.br\/en\/movelsul-em-sao-paulo\/\"]}]},{\"@type\":\"WebSite\",\"@id\":\"https:\/\/www.sindmoveis.com.br\/en\/#website\",\"url\":\"https:\/\/www.sindmoveis.com.br\/en\/\",\"name\":\"Sindm\u00f3veis-RS\",\"description\":\"\",\"potentialAction\":[{\"@type\":\"SearchAction\",\"target\":{\"@type\":\"EntryPoint\",\"urlTemplate\":\"https:\/\/www.sindmoveis.com.br\/en\/?s={search_term_string}\"},\"query-input\":{\"@type\":\"PropertyValueSpecification\",\"valueRequired\":true,\"valueName\":\"search_term_string\"}}],\"inLanguage\":\"en-US\"},{\"@type\":\"Person\",\"@id\":\"https:\/\/www.sindmoveis.com.br\/en\/#\/schema\/person\/16d379542db1950a17fe188179340d57\",\"name\":\"Imprensa Sindm\u00f3veis\",\"image\":{\"@type\":\"ImageObject\",\"inLanguage\":\"en-US\",\"@id\":\"https:\/\/www.sindmoveis.com.br\/en\/#\/schema\/person\/image\/\",\"url\":\"https:\/\/secure.gravatar.com\/avatar\/4973e2e2c2a0cb5db30b0c7b770041b8e33d048a16b695a1f99c042449d4bfaf?s=96&d=mm&r=g\",\"contentUrl\":\"https:\/\/secure.gravatar.com\/avatar\/4973e2e2c2a0cb5db30b0c7b770041b8e33d048a16b695a1f99c042449d4bfaf?s=96&d=mm&r=g\",\"caption\":\"Imprensa Sindm\u00f3veis\"},\"url\":\"https:\/\/www.sindmoveis.com.br\/en\/author\/ana\/\"}]}<\/script>\n<!-- \/ Yoast SEO plugin. -->","yoast_head_json":{"title":"Movelsul in S\u00e3o Paulo - Sindm\u00f3veis-RS","robots":{"index":"index","follow":"follow","max-snippet":"max-snippet:-1","max-image-preview":"max-image-preview:large","max-video-preview":"max-video-preview:-1"},"canonical":"https:\/\/www.sindmoveis.com.br\/en\/movelsul-em-sao-paulo\/","og_locale":"en_US","og_type":"article","og_title":"Movelsul in S\u00e3o Paulo - Sindm\u00f3veis-RS","og_description":"\u00a0 This week, Jo\u00e3o Paulo Pompermayer, the president of Movelsul 2012, will visit three offices of major media agencies in S\u00e3o Paulo to promote the fair, which begins on March... Leia mais &raquo;","og_url":"https:\/\/www.sindmoveis.com.br\/en\/movelsul-em-sao-paulo\/","og_site_name":"Sindm\u00f3veis-RS","article_published_time":"2012-02-06T02:00:00+00:00","article_modified_time":"2021-05-26T13:45:52+00:00","author":"Imprensa Sindm\u00f3veis","twitter_card":"summary_large_image","twitter_misc":{"Written by":"Imprensa Sindm\u00f3veis","Est. reading time":"1 minute"},"schema":{"@context":"https:\/\/schema.org","@graph":[{"@type":"Article","@id":"https:\/\/www.sindmoveis.com.br\/en\/movelsul-em-sao-paulo\/#article","isPartOf":{"@id":"https:\/\/www.sindmoveis.com.br\/en\/movelsul-em-sao-paulo\/"},"author":{"name":"Imprensa Sindm\u00f3veis","@id":"https:\/\/www.sindmoveis.com.br\/en\/#\/schema\/person\/16d379542db1950a17fe188179340d57"},"headline":"Movelsul in S\u00e3o Paulo","datePublished":"2012-02-06T02:00:00+00:00","dateModified":"2021-05-26T13:45:52+00:00","mainEntityOfPage":{"@id":"https:\/\/www.sindmoveis.com.br\/en\/movelsul-em-sao-paulo\/"},"wordCount":130,"articleSection":["Movelsul","Sindm\u00f3veis"],"inLanguage":"en-US"},{"@type":"WebPage","@id":"https:\/\/www.sindmoveis.com.br\/en\/movelsul-em-sao-paulo\/","url":"https:\/\/www.sindmoveis.com.br\/en\/movelsul-em-sao-paulo\/","name":"Movelsul in S\u00e3o Paulo - Sindm\u00f3veis-RS","isPartOf":{"@id":"https:\/\/www.sindmoveis.com.br\/en\/#website"},"datePublished":"2012-02-06T02:00:00+00:00","dateModified":"2021-05-26T13:45:52+00:00","author":{"@id":"https:\/\/www.sindmoveis.com.br\/en\/#\/schema\/person\/16d379542db1950a17fe188179340d57"},"inLanguage":"en-US","potentialAction":[{"@type":"ReadAction","target":["https:\/\/www.sindmoveis.com.br\/en\/movelsul-em-sao-paulo\/"]}]},{"@type":"WebSite","@id":"https:\/\/www.sindmoveis.com.br\/en\/#website","url":"https:\/\/www.sindmoveis.com.br\/en\/","name":"Sindm\u00f3veis-RS","description":"","potentialAction":[{"@type":"SearchAction","target":{"@type":"EntryPoint","urlTemplate":"https:\/\/www.sindmoveis.com.br\/en\/?s={search_term_string}"},"query-input":{"@type":"PropertyValueSpecification","valueRequired":true,"valueName":"search_term_string"}}],"inLanguage":"en-US"},{"@type":"Person","@id":"https:\/\/www.sindmoveis.com.br\/en\/#\/schema\/person\/16d379542db1950a17fe188179340d57","name":"Imprensa Sindm\u00f3veis","image":{"@type":"ImageObject","inLanguage":"en-US","@id":"https:\/\/www.sindmoveis.com.br\/en\/#\/schema\/person\/image\/","url":"https:\/\/secure.gravatar.com\/avatar\/4973e2e2c2a0cb5db30b0c7b770041b8e33d048a16b695a1f99c042449d4bfaf?s=96&d=mm&r=g","contentUrl":"https:\/\/secure.gravatar.com\/avatar\/4973e2e2c2a0cb5db30b0c7b770041b8e33d048a16b695a1f99c042449d4bfaf?s=96&d=mm&r=g","caption":"Imprensa Sindm\u00f3veis"},"url":"https:\/\/www.sindmoveis.com.br\/en\/author\/ana\/"}]}},"_links":{"self":[{"href":"https:\/\/www.sindmoveis.com.br\/en\/wp-json\/wp\/v2\/posts\/861","targetHints":{"allow":["GET"]}}],"collection":[{"href":"https:\/\/www.sindmoveis.com.br\/en\/wp-json\/wp\/v2\/posts"}],"about":[{"href":"https:\/\/www.sindmoveis.com.br\/en\/wp-json\/wp\/v2\/types\/post"}],"author":[{"embeddable":true,"href":"https:\/\/www.sindmoveis.com.br\/en\/wp-json\/wp\/v2\/users\/5"}],"replies":[{"embeddable":true,"href":"https:\/\/www.sindmoveis.com.br\/en\/wp-json\/wp\/v2\/comments?post=861"}],"version-history":[{"count":2,"href":"https:\/\/www.sindmoveis.com.br\/en\/wp-json\/wp\/v2\/posts\/861\/revisions"}],"predecessor-version":[{"id":3190,"href":"https:\/\/www.sindmoveis.com.br\/en\/wp-json\/wp\/v2\/posts\/861\/revisions\/3190"}],"wp:attachment":[{"href":"https:\/\/www.sindmoveis.com.br\/en\/wp-json\/wp\/v2\/media?parent=861"}],"wp:term":[{"taxonomy":"category","embeddable":true,"href":"https:\/\/www.sindmoveis.com.br\/en\/wp-json\/wp\/v2\/categories?post=861"},{"taxonomy":"post_tag","embeddable":true,"href":"https:\/\/www.sindmoveis.com.br\/en\/wp-json\/wp\/v2\/tags?post=861"}],"curies":[{"name":"wp","href":"https:\/\/api.w.org\/{rel}","templated":true}]}}