{"id":859,"date":"2012-01-25T00:00:00","date_gmt":"2012-01-25T02:00:00","guid":{"rendered":"http:\/\/sindmoveis.com.br\/imprensa\/noticias\/lounges-do-sao-paulo-fashion-week-dao-nova-previa-do-talento-de-designers-da-casa-brasil\/"},"modified":"2021-05-26T10:45:51","modified_gmt":"2021-05-26T13:45:51","slug":"lounges-do-sao-paulo-fashion-week-dao-nova-previa-do-talento-de-designers-da-casa-brasil","status":"publish","type":"post","link":"https:\/\/www.sindmoveis.com.br\/en\/lounges-do-sao-paulo-fashion-week-dao-nova-previa-do-talento-de-designers-da-casa-brasil\/","title":{"rendered":"Lounges at S\u00e3o Paulo Fashion Week once again exhibit the talent of designers of Casa Brasil"},"content":{"rendered":"<p>\u00a0<br \/>\nFurniture planned by important designers will furnish the lounge of the Brazilian Association of Textile and Apparel Industry &#8211; ABIT, and the Brazilian Association of Fashion Designers &#8211; ABEST, as of Jan 19th at the S\u00e3o Paulo Fashion Week. This is more than an area to rest; it is a new alliance between the most important fashion week in the country and Casa Brasil, the largest furniture design event in Brazil. This partnership, started in 2011, showcases a selection of the most important names of our furniture industry \u2013 Ilse Lang, Eul\u00e1lia Anselmo, Fl\u00e1via Pagotti, Alexsandro Lohn, Rodrigo and Reni Delazzeri, Juliano Bettim, Am\u00e9lia Tarozzo, Carlos Motta and Mila Rodrigues.The success of the partnership started a year ago resulted in this new invitation by the Brazilian Trade and Investment Promotion Agency (Apex) to the Furniture Industry Association of Bento Gon\u00e7alves (Sindm\u00f3veis), aiming at providing business opportunities by uniting two creative sources.The pieces &#8211; including sofas, armchairs and side tables \u2013 are a preview of the leading-edge technologies used in the surrounded area of Bento Gon\u00e7alves and exhibitors at Casa Brasil, which will be held in 2013. Materials such as rope, aluminum and natural fibers are combined with wood, in this functional walkway for the guests of ABIT and ABEST.<br \/>\n\u00a0<\/p>\n","protected":false},"excerpt":{"rendered":"<p>\u00a0 Furniture planned by important designers will furnish the lounge of the Brazilian Association of Textile and Apparel Industry &#8211; ABIT, and the Brazilian Association of Fashion Designers &#8211; ABEST,&#8230;  <a class=\"excerpt-read-more\" href=\"https:\/\/www.sindmoveis.com.br\/en\/lounges-do-sao-paulo-fashion-week-dao-nova-previa-do-talento-de-designers-da-casa-brasil\/\" title=\"Read Lounges at S\u00e3o Paulo Fashion Week once again exhibit the talent of designers of Casa Brasil\">Leia mais &raquo;<\/a><\/p>\n","protected":false},"author":5,"featured_media":0,"comment_status":"closed","ping_status":"open","sticky":false,"template":"","format":"standard","meta":{"footnotes":"","_links_to":"","_links_to_target":""},"categories":[2],"tags":[],"class_list":["post-859","post","type-post","status-publish","format-standard","hentry","category-sindmoveis"],"yoast_head":"<!-- This site is optimized with the Yoast SEO plugin v27.0 - https:\/\/yoast.com\/product\/yoast-seo-wordpress\/ -->\n<title>Lounges at S\u00e3o Paulo Fashion Week once again exhibit the talent of designers of Casa Brasil - Sindm\u00f3veis-RS<\/title>\n<meta name=\"robots\" content=\"index, follow, max-snippet:-1, max-image-preview:large, max-video-preview:-1\" \/>\n<link rel=\"canonical\" href=\"https:\/\/www.sindmoveis.com.br\/en\/lounges-do-sao-paulo-fashion-week-dao-nova-previa-do-talento-de-designers-da-casa-brasil\/\" \/>\n<meta property=\"og:locale\" content=\"en_US\" \/>\n<meta property=\"og:type\" content=\"article\" \/>\n<meta property=\"og:title\" content=\"Lounges at S\u00e3o Paulo Fashion Week once again exhibit the talent of designers of Casa Brasil - Sindm\u00f3veis-RS\" \/>\n<meta property=\"og:description\" content=\"\u00a0 Furniture planned by important designers will furnish the lounge of the Brazilian Association of Textile and Apparel Industry &#8211; ABIT, and the Brazilian Association of Fashion Designers &#8211; ABEST,... Leia mais &raquo;\" \/>\n<meta property=\"og:url\" content=\"https:\/\/www.sindmoveis.com.br\/en\/lounges-do-sao-paulo-fashion-week-dao-nova-previa-do-talento-de-designers-da-casa-brasil\/\" \/>\n<meta property=\"og:site_name\" content=\"Sindm\u00f3veis-RS\" \/>\n<meta property=\"article:published_time\" content=\"2012-01-25T02:00:00+00:00\" \/>\n<meta property=\"article:modified_time\" content=\"2021-05-26T13:45:51+00:00\" \/>\n<meta name=\"author\" content=\"Imprensa Sindm\u00f3veis\" \/>\n<meta name=\"twitter:card\" content=\"summary_large_image\" \/>\n<meta name=\"twitter:label1\" content=\"Written by\" \/>\n\t<meta name=\"twitter:data1\" content=\"Imprensa Sindm\u00f3veis\" \/>\n\t<meta name=\"twitter:label2\" content=\"Est. reading time\" \/>\n\t<meta name=\"twitter:data2\" content=\"1 minute\" \/>\n<script type=\"application\/ld+json\" class=\"yoast-schema-graph\">{\"@context\":\"https:\/\/schema.org\",\"@graph\":[{\"@type\":\"Article\",\"@id\":\"https:\/\/www.sindmoveis.com.br\/en\/lounges-do-sao-paulo-fashion-week-dao-nova-previa-do-talento-de-designers-da-casa-brasil\/#article\",\"isPartOf\":{\"@id\":\"https:\/\/www.sindmoveis.com.br\/en\/lounges-do-sao-paulo-fashion-week-dao-nova-previa-do-talento-de-designers-da-casa-brasil\/\"},\"author\":{\"name\":\"Imprensa Sindm\u00f3veis\",\"@id\":\"https:\/\/www.sindmoveis.com.br\/en\/#\/schema\/person\/16d379542db1950a17fe188179340d57\"},\"headline\":\"Lounges at S\u00e3o Paulo Fashion Week once again exhibit the talent of designers of Casa Brasil\",\"datePublished\":\"2012-01-25T02:00:00+00:00\",\"dateModified\":\"2021-05-26T13:45:51+00:00\",\"mainEntityOfPage\":{\"@id\":\"https:\/\/www.sindmoveis.com.br\/en\/lounges-do-sao-paulo-fashion-week-dao-nova-previa-do-talento-de-designers-da-casa-brasil\/\"},\"wordCount\":231,\"articleSection\":[\"Sindm\u00f3veis\"],\"inLanguage\":\"en-US\"},{\"@type\":\"WebPage\",\"@id\":\"https:\/\/www.sindmoveis.com.br\/en\/lounges-do-sao-paulo-fashion-week-dao-nova-previa-do-talento-de-designers-da-casa-brasil\/\",\"url\":\"https:\/\/www.sindmoveis.com.br\/en\/lounges-do-sao-paulo-fashion-week-dao-nova-previa-do-talento-de-designers-da-casa-brasil\/\",\"name\":\"Lounges at S\u00e3o Paulo Fashion Week once again exhibit the talent of designers of Casa Brasil - Sindm\u00f3veis-RS\",\"isPartOf\":{\"@id\":\"https:\/\/www.sindmoveis.com.br\/en\/#website\"},\"datePublished\":\"2012-01-25T02:00:00+00:00\",\"dateModified\":\"2021-05-26T13:45:51+00:00\",\"author\":{\"@id\":\"https:\/\/www.sindmoveis.com.br\/en\/#\/schema\/person\/16d379542db1950a17fe188179340d57\"},\"inLanguage\":\"en-US\",\"potentialAction\":[{\"@type\":\"ReadAction\",\"target\":[\"https:\/\/www.sindmoveis.com.br\/en\/lounges-do-sao-paulo-fashion-week-dao-nova-previa-do-talento-de-designers-da-casa-brasil\/\"]}]},{\"@type\":\"WebSite\",\"@id\":\"https:\/\/www.sindmoveis.com.br\/en\/#website\",\"url\":\"https:\/\/www.sindmoveis.com.br\/en\/\",\"name\":\"Sindm\u00f3veis-RS\",\"description\":\"\",\"potentialAction\":[{\"@type\":\"SearchAction\",\"target\":{\"@type\":\"EntryPoint\",\"urlTemplate\":\"https:\/\/www.sindmoveis.com.br\/en\/?s={search_term_string}\"},\"query-input\":{\"@type\":\"PropertyValueSpecification\",\"valueRequired\":true,\"valueName\":\"search_term_string\"}}],\"inLanguage\":\"en-US\"},{\"@type\":\"Person\",\"@id\":\"https:\/\/www.sindmoveis.com.br\/en\/#\/schema\/person\/16d379542db1950a17fe188179340d57\",\"name\":\"Imprensa Sindm\u00f3veis\",\"image\":{\"@type\":\"ImageObject\",\"inLanguage\":\"en-US\",\"@id\":\"https:\/\/www.sindmoveis.com.br\/en\/#\/schema\/person\/image\/\",\"url\":\"https:\/\/secure.gravatar.com\/avatar\/4973e2e2c2a0cb5db30b0c7b770041b8e33d048a16b695a1f99c042449d4bfaf?s=96&d=mm&r=g\",\"contentUrl\":\"https:\/\/secure.gravatar.com\/avatar\/4973e2e2c2a0cb5db30b0c7b770041b8e33d048a16b695a1f99c042449d4bfaf?s=96&d=mm&r=g\",\"caption\":\"Imprensa Sindm\u00f3veis\"},\"url\":\"https:\/\/www.sindmoveis.com.br\/en\/author\/ana\/\"}]}<\/script>\n<!-- \/ Yoast SEO plugin. -->","yoast_head_json":{"title":"Lounges at S\u00e3o Paulo Fashion Week once again exhibit the talent of designers of Casa Brasil - Sindm\u00f3veis-RS","robots":{"index":"index","follow":"follow","max-snippet":"max-snippet:-1","max-image-preview":"max-image-preview:large","max-video-preview":"max-video-preview:-1"},"canonical":"https:\/\/www.sindmoveis.com.br\/en\/lounges-do-sao-paulo-fashion-week-dao-nova-previa-do-talento-de-designers-da-casa-brasil\/","og_locale":"en_US","og_type":"article","og_title":"Lounges at S\u00e3o Paulo Fashion Week once again exhibit the talent of designers of Casa Brasil - Sindm\u00f3veis-RS","og_description":"\u00a0 Furniture planned by important designers will furnish the lounge of the Brazilian Association of Textile and Apparel Industry &#8211; ABIT, and the Brazilian Association of Fashion Designers &#8211; ABEST,... Leia mais &raquo;","og_url":"https:\/\/www.sindmoveis.com.br\/en\/lounges-do-sao-paulo-fashion-week-dao-nova-previa-do-talento-de-designers-da-casa-brasil\/","og_site_name":"Sindm\u00f3veis-RS","article_published_time":"2012-01-25T02:00:00+00:00","article_modified_time":"2021-05-26T13:45:51+00:00","author":"Imprensa Sindm\u00f3veis","twitter_card":"summary_large_image","twitter_misc":{"Written by":"Imprensa Sindm\u00f3veis","Est. reading time":"1 minute"},"schema":{"@context":"https:\/\/schema.org","@graph":[{"@type":"Article","@id":"https:\/\/www.sindmoveis.com.br\/en\/lounges-do-sao-paulo-fashion-week-dao-nova-previa-do-talento-de-designers-da-casa-brasil\/#article","isPartOf":{"@id":"https:\/\/www.sindmoveis.com.br\/en\/lounges-do-sao-paulo-fashion-week-dao-nova-previa-do-talento-de-designers-da-casa-brasil\/"},"author":{"name":"Imprensa Sindm\u00f3veis","@id":"https:\/\/www.sindmoveis.com.br\/en\/#\/schema\/person\/16d379542db1950a17fe188179340d57"},"headline":"Lounges at S\u00e3o Paulo Fashion Week once again exhibit the talent of designers of Casa Brasil","datePublished":"2012-01-25T02:00:00+00:00","dateModified":"2021-05-26T13:45:51+00:00","mainEntityOfPage":{"@id":"https:\/\/www.sindmoveis.com.br\/en\/lounges-do-sao-paulo-fashion-week-dao-nova-previa-do-talento-de-designers-da-casa-brasil\/"},"wordCount":231,"articleSection":["Sindm\u00f3veis"],"inLanguage":"en-US"},{"@type":"WebPage","@id":"https:\/\/www.sindmoveis.com.br\/en\/lounges-do-sao-paulo-fashion-week-dao-nova-previa-do-talento-de-designers-da-casa-brasil\/","url":"https:\/\/www.sindmoveis.com.br\/en\/lounges-do-sao-paulo-fashion-week-dao-nova-previa-do-talento-de-designers-da-casa-brasil\/","name":"Lounges at S\u00e3o Paulo Fashion Week once again exhibit the talent of designers of Casa Brasil - Sindm\u00f3veis-RS","isPartOf":{"@id":"https:\/\/www.sindmoveis.com.br\/en\/#website"},"datePublished":"2012-01-25T02:00:00+00:00","dateModified":"2021-05-26T13:45:51+00:00","author":{"@id":"https:\/\/www.sindmoveis.com.br\/en\/#\/schema\/person\/16d379542db1950a17fe188179340d57"},"inLanguage":"en-US","potentialAction":[{"@type":"ReadAction","target":["https:\/\/www.sindmoveis.com.br\/en\/lounges-do-sao-paulo-fashion-week-dao-nova-previa-do-talento-de-designers-da-casa-brasil\/"]}]},{"@type":"WebSite","@id":"https:\/\/www.sindmoveis.com.br\/en\/#website","url":"https:\/\/www.sindmoveis.com.br\/en\/","name":"Sindm\u00f3veis-RS","description":"","potentialAction":[{"@type":"SearchAction","target":{"@type":"EntryPoint","urlTemplate":"https:\/\/www.sindmoveis.com.br\/en\/?s={search_term_string}"},"query-input":{"@type":"PropertyValueSpecification","valueRequired":true,"valueName":"search_term_string"}}],"inLanguage":"en-US"},{"@type":"Person","@id":"https:\/\/www.sindmoveis.com.br\/en\/#\/schema\/person\/16d379542db1950a17fe188179340d57","name":"Imprensa Sindm\u00f3veis","image":{"@type":"ImageObject","inLanguage":"en-US","@id":"https:\/\/www.sindmoveis.com.br\/en\/#\/schema\/person\/image\/","url":"https:\/\/secure.gravatar.com\/avatar\/4973e2e2c2a0cb5db30b0c7b770041b8e33d048a16b695a1f99c042449d4bfaf?s=96&d=mm&r=g","contentUrl":"https:\/\/secure.gravatar.com\/avatar\/4973e2e2c2a0cb5db30b0c7b770041b8e33d048a16b695a1f99c042449d4bfaf?s=96&d=mm&r=g","caption":"Imprensa Sindm\u00f3veis"},"url":"https:\/\/www.sindmoveis.com.br\/en\/author\/ana\/"}]}},"_links":{"self":[{"href":"https:\/\/www.sindmoveis.com.br\/en\/wp-json\/wp\/v2\/posts\/859","targetHints":{"allow":["GET"]}}],"collection":[{"href":"https:\/\/www.sindmoveis.com.br\/en\/wp-json\/wp\/v2\/posts"}],"about":[{"href":"https:\/\/www.sindmoveis.com.br\/en\/wp-json\/wp\/v2\/types\/post"}],"author":[{"embeddable":true,"href":"https:\/\/www.sindmoveis.com.br\/en\/wp-json\/wp\/v2\/users\/5"}],"replies":[{"embeddable":true,"href":"https:\/\/www.sindmoveis.com.br\/en\/wp-json\/wp\/v2\/comments?post=859"}],"version-history":[{"count":2,"href":"https:\/\/www.sindmoveis.com.br\/en\/wp-json\/wp\/v2\/posts\/859\/revisions"}],"predecessor-version":[{"id":3188,"href":"https:\/\/www.sindmoveis.com.br\/en\/wp-json\/wp\/v2\/posts\/859\/revisions\/3188"}],"wp:attachment":[{"href":"https:\/\/www.sindmoveis.com.br\/en\/wp-json\/wp\/v2\/media?parent=859"}],"wp:term":[{"taxonomy":"category","embeddable":true,"href":"https:\/\/www.sindmoveis.com.br\/en\/wp-json\/wp\/v2\/categories?post=859"},{"taxonomy":"post_tag","embeddable":true,"href":"https:\/\/www.sindmoveis.com.br\/en\/wp-json\/wp\/v2\/tags?post=859"}],"curies":[{"name":"wp","href":"https:\/\/api.w.org\/{rel}","templated":true}]}}