{"id":857,"date":"2012-01-20T00:00:00","date_gmt":"2012-01-20T02:00:00","guid":{"rendered":"http:\/\/sindmoveis.com.br\/imprensa\/noticias\/moveis-da-casa-brasil-ambientam-lounges-no-fashion-rio\/"},"modified":"2021-05-26T10:45:51","modified_gmt":"2021-05-26T13:45:51","slug":"moveis-da-casa-brasil-ambientam-lounges-no-fashion-rio","status":"publish","type":"post","link":"https:\/\/www.sindmoveis.com.br\/en\/moveis-da-casa-brasil-ambientam-lounges-no-fashion-rio\/","title":{"rendered":"Furniture exhibited at Casa Brasil decorates Fashion Rio"},"content":{"rendered":"<p>Casa Brasil, the largest event for the Brazilian furniture design, is present at Fashion Rio 2012. The furniture developed by leading designers decorate the lounge of the Brazilian Association of Textile and Apparel Industry &#8211; ABIT and the Brazilian Association of Fashion Designers &#8211; ABEST during the fashion week in Rio. The invitation came from the Brazilian Trade and Investment Promotion Agency (Apex) which, based on the success reached by the same partnership in 2011, invited the Furniture Industry Association of Bento Gon\u00e7alves (Sindm\u00f3veis) to take part in the event again, focusing on the creative and innovative ability, able to integrate two different aspects of creation. Dining tables, coffee tables, armchairs, chairs and sofas call the attention of those who took the opportunity to rest between the fashion shows. With unique design featuring great comfort, the furniture from Casa Brasil is stealing the show at Fashion Rio becoming a preview of what we can expect in the next edition of the fair in 2013, in the city of Bento Gon\u00e7alves (RS). The fashion week, which takes place at Pier Mau\u00e1, ends on Saturday, Jan 14. Afterwards, the furniture will go to S\u00e3o Paulo, where they will decorate again the lounges of ABIT and ABEST during S\u00e3o Paulo Fashion Week, held from Jan 19-24.<br \/>\n\u00a0<\/p>\n","protected":false},"excerpt":{"rendered":"<p>Casa Brasil, the largest event for the Brazilian furniture design, is present at Fashion Rio 2012. The furniture developed by leading designers decorate the lounge of the Brazilian Association of&#8230;  <a class=\"excerpt-read-more\" href=\"https:\/\/www.sindmoveis.com.br\/en\/moveis-da-casa-brasil-ambientam-lounges-no-fashion-rio\/\" title=\"Read Furniture exhibited at Casa Brasil decorates Fashion Rio\">Leia mais &raquo;<\/a><\/p>\n","protected":false},"author":5,"featured_media":0,"comment_status":"closed","ping_status":"open","sticky":false,"template":"","format":"standard","meta":{"footnotes":"","_links_to":"","_links_to_target":""},"categories":[2],"tags":[],"class_list":["post-857","post","type-post","status-publish","format-standard","hentry","category-sindmoveis"],"yoast_head":"<!-- This site is optimized with the Yoast SEO plugin v27.0 - https:\/\/yoast.com\/product\/yoast-seo-wordpress\/ -->\n<title>Furniture exhibited at Casa Brasil decorates Fashion Rio - Sindm\u00f3veis-RS<\/title>\n<meta name=\"robots\" content=\"index, follow, max-snippet:-1, max-image-preview:large, max-video-preview:-1\" \/>\n<link rel=\"canonical\" href=\"https:\/\/www.sindmoveis.com.br\/en\/moveis-da-casa-brasil-ambientam-lounges-no-fashion-rio\/\" \/>\n<meta property=\"og:locale\" content=\"en_US\" \/>\n<meta property=\"og:type\" content=\"article\" \/>\n<meta property=\"og:title\" content=\"Furniture exhibited at Casa Brasil decorates Fashion Rio - Sindm\u00f3veis-RS\" \/>\n<meta property=\"og:description\" content=\"Casa Brasil, the largest event for the Brazilian furniture design, is present at Fashion Rio 2012. The furniture developed by leading designers decorate the lounge of the Brazilian Association of... Leia mais &raquo;\" \/>\n<meta property=\"og:url\" content=\"https:\/\/www.sindmoveis.com.br\/en\/moveis-da-casa-brasil-ambientam-lounges-no-fashion-rio\/\" \/>\n<meta property=\"og:site_name\" content=\"Sindm\u00f3veis-RS\" \/>\n<meta property=\"article:published_time\" content=\"2012-01-20T02:00:00+00:00\" \/>\n<meta property=\"article:modified_time\" content=\"2021-05-26T13:45:51+00:00\" \/>\n<meta name=\"author\" content=\"Imprensa Sindm\u00f3veis\" \/>\n<meta name=\"twitter:card\" content=\"summary_large_image\" \/>\n<meta name=\"twitter:label1\" content=\"Written by\" \/>\n\t<meta name=\"twitter:data1\" content=\"Imprensa Sindm\u00f3veis\" \/>\n\t<meta name=\"twitter:label2\" content=\"Est. reading time\" \/>\n\t<meta name=\"twitter:data2\" content=\"1 minute\" \/>\n<script type=\"application\/ld+json\" class=\"yoast-schema-graph\">{\"@context\":\"https:\/\/schema.org\",\"@graph\":[{\"@type\":\"Article\",\"@id\":\"https:\/\/www.sindmoveis.com.br\/en\/moveis-da-casa-brasil-ambientam-lounges-no-fashion-rio\/#article\",\"isPartOf\":{\"@id\":\"https:\/\/www.sindmoveis.com.br\/en\/moveis-da-casa-brasil-ambientam-lounges-no-fashion-rio\/\"},\"author\":{\"name\":\"Imprensa Sindm\u00f3veis\",\"@id\":\"https:\/\/www.sindmoveis.com.br\/en\/#\/schema\/person\/16d379542db1950a17fe188179340d57\"},\"headline\":\"Furniture exhibited at Casa Brasil decorates Fashion Rio\",\"datePublished\":\"2012-01-20T02:00:00+00:00\",\"dateModified\":\"2021-05-26T13:45:51+00:00\",\"mainEntityOfPage\":{\"@id\":\"https:\/\/www.sindmoveis.com.br\/en\/moveis-da-casa-brasil-ambientam-lounges-no-fashion-rio\/\"},\"wordCount\":222,\"articleSection\":[\"Sindm\u00f3veis\"],\"inLanguage\":\"en-US\"},{\"@type\":\"WebPage\",\"@id\":\"https:\/\/www.sindmoveis.com.br\/en\/moveis-da-casa-brasil-ambientam-lounges-no-fashion-rio\/\",\"url\":\"https:\/\/www.sindmoveis.com.br\/en\/moveis-da-casa-brasil-ambientam-lounges-no-fashion-rio\/\",\"name\":\"Furniture exhibited at Casa Brasil decorates Fashion Rio - Sindm\u00f3veis-RS\",\"isPartOf\":{\"@id\":\"https:\/\/www.sindmoveis.com.br\/en\/#website\"},\"datePublished\":\"2012-01-20T02:00:00+00:00\",\"dateModified\":\"2021-05-26T13:45:51+00:00\",\"author\":{\"@id\":\"https:\/\/www.sindmoveis.com.br\/en\/#\/schema\/person\/16d379542db1950a17fe188179340d57\"},\"inLanguage\":\"en-US\",\"potentialAction\":[{\"@type\":\"ReadAction\",\"target\":[\"https:\/\/www.sindmoveis.com.br\/en\/moveis-da-casa-brasil-ambientam-lounges-no-fashion-rio\/\"]}]},{\"@type\":\"WebSite\",\"@id\":\"https:\/\/www.sindmoveis.com.br\/en\/#website\",\"url\":\"https:\/\/www.sindmoveis.com.br\/en\/\",\"name\":\"Sindm\u00f3veis-RS\",\"description\":\"\",\"potentialAction\":[{\"@type\":\"SearchAction\",\"target\":{\"@type\":\"EntryPoint\",\"urlTemplate\":\"https:\/\/www.sindmoveis.com.br\/en\/?s={search_term_string}\"},\"query-input\":{\"@type\":\"PropertyValueSpecification\",\"valueRequired\":true,\"valueName\":\"search_term_string\"}}],\"inLanguage\":\"en-US\"},{\"@type\":\"Person\",\"@id\":\"https:\/\/www.sindmoveis.com.br\/en\/#\/schema\/person\/16d379542db1950a17fe188179340d57\",\"name\":\"Imprensa Sindm\u00f3veis\",\"image\":{\"@type\":\"ImageObject\",\"inLanguage\":\"en-US\",\"@id\":\"https:\/\/www.sindmoveis.com.br\/en\/#\/schema\/person\/image\/\",\"url\":\"https:\/\/secure.gravatar.com\/avatar\/4973e2e2c2a0cb5db30b0c7b770041b8e33d048a16b695a1f99c042449d4bfaf?s=96&d=mm&r=g\",\"contentUrl\":\"https:\/\/secure.gravatar.com\/avatar\/4973e2e2c2a0cb5db30b0c7b770041b8e33d048a16b695a1f99c042449d4bfaf?s=96&d=mm&r=g\",\"caption\":\"Imprensa Sindm\u00f3veis\"},\"url\":\"https:\/\/www.sindmoveis.com.br\/en\/author\/ana\/\"}]}<\/script>\n<!-- \/ Yoast SEO plugin. -->","yoast_head_json":{"title":"Furniture exhibited at Casa Brasil decorates Fashion Rio - Sindm\u00f3veis-RS","robots":{"index":"index","follow":"follow","max-snippet":"max-snippet:-1","max-image-preview":"max-image-preview:large","max-video-preview":"max-video-preview:-1"},"canonical":"https:\/\/www.sindmoveis.com.br\/en\/moveis-da-casa-brasil-ambientam-lounges-no-fashion-rio\/","og_locale":"en_US","og_type":"article","og_title":"Furniture exhibited at Casa Brasil decorates Fashion Rio - Sindm\u00f3veis-RS","og_description":"Casa Brasil, the largest event for the Brazilian furniture design, is present at Fashion Rio 2012. The furniture developed by leading designers decorate the lounge of the Brazilian Association of... Leia mais &raquo;","og_url":"https:\/\/www.sindmoveis.com.br\/en\/moveis-da-casa-brasil-ambientam-lounges-no-fashion-rio\/","og_site_name":"Sindm\u00f3veis-RS","article_published_time":"2012-01-20T02:00:00+00:00","article_modified_time":"2021-05-26T13:45:51+00:00","author":"Imprensa Sindm\u00f3veis","twitter_card":"summary_large_image","twitter_misc":{"Written by":"Imprensa Sindm\u00f3veis","Est. reading time":"1 minute"},"schema":{"@context":"https:\/\/schema.org","@graph":[{"@type":"Article","@id":"https:\/\/www.sindmoveis.com.br\/en\/moveis-da-casa-brasil-ambientam-lounges-no-fashion-rio\/#article","isPartOf":{"@id":"https:\/\/www.sindmoveis.com.br\/en\/moveis-da-casa-brasil-ambientam-lounges-no-fashion-rio\/"},"author":{"name":"Imprensa Sindm\u00f3veis","@id":"https:\/\/www.sindmoveis.com.br\/en\/#\/schema\/person\/16d379542db1950a17fe188179340d57"},"headline":"Furniture exhibited at Casa Brasil decorates Fashion Rio","datePublished":"2012-01-20T02:00:00+00:00","dateModified":"2021-05-26T13:45:51+00:00","mainEntityOfPage":{"@id":"https:\/\/www.sindmoveis.com.br\/en\/moveis-da-casa-brasil-ambientam-lounges-no-fashion-rio\/"},"wordCount":222,"articleSection":["Sindm\u00f3veis"],"inLanguage":"en-US"},{"@type":"WebPage","@id":"https:\/\/www.sindmoveis.com.br\/en\/moveis-da-casa-brasil-ambientam-lounges-no-fashion-rio\/","url":"https:\/\/www.sindmoveis.com.br\/en\/moveis-da-casa-brasil-ambientam-lounges-no-fashion-rio\/","name":"Furniture exhibited at Casa Brasil decorates Fashion Rio - Sindm\u00f3veis-RS","isPartOf":{"@id":"https:\/\/www.sindmoveis.com.br\/en\/#website"},"datePublished":"2012-01-20T02:00:00+00:00","dateModified":"2021-05-26T13:45:51+00:00","author":{"@id":"https:\/\/www.sindmoveis.com.br\/en\/#\/schema\/person\/16d379542db1950a17fe188179340d57"},"inLanguage":"en-US","potentialAction":[{"@type":"ReadAction","target":["https:\/\/www.sindmoveis.com.br\/en\/moveis-da-casa-brasil-ambientam-lounges-no-fashion-rio\/"]}]},{"@type":"WebSite","@id":"https:\/\/www.sindmoveis.com.br\/en\/#website","url":"https:\/\/www.sindmoveis.com.br\/en\/","name":"Sindm\u00f3veis-RS","description":"","potentialAction":[{"@type":"SearchAction","target":{"@type":"EntryPoint","urlTemplate":"https:\/\/www.sindmoveis.com.br\/en\/?s={search_term_string}"},"query-input":{"@type":"PropertyValueSpecification","valueRequired":true,"valueName":"search_term_string"}}],"inLanguage":"en-US"},{"@type":"Person","@id":"https:\/\/www.sindmoveis.com.br\/en\/#\/schema\/person\/16d379542db1950a17fe188179340d57","name":"Imprensa Sindm\u00f3veis","image":{"@type":"ImageObject","inLanguage":"en-US","@id":"https:\/\/www.sindmoveis.com.br\/en\/#\/schema\/person\/image\/","url":"https:\/\/secure.gravatar.com\/avatar\/4973e2e2c2a0cb5db30b0c7b770041b8e33d048a16b695a1f99c042449d4bfaf?s=96&d=mm&r=g","contentUrl":"https:\/\/secure.gravatar.com\/avatar\/4973e2e2c2a0cb5db30b0c7b770041b8e33d048a16b695a1f99c042449d4bfaf?s=96&d=mm&r=g","caption":"Imprensa Sindm\u00f3veis"},"url":"https:\/\/www.sindmoveis.com.br\/en\/author\/ana\/"}]}},"_links":{"self":[{"href":"https:\/\/www.sindmoveis.com.br\/en\/wp-json\/wp\/v2\/posts\/857","targetHints":{"allow":["GET"]}}],"collection":[{"href":"https:\/\/www.sindmoveis.com.br\/en\/wp-json\/wp\/v2\/posts"}],"about":[{"href":"https:\/\/www.sindmoveis.com.br\/en\/wp-json\/wp\/v2\/types\/post"}],"author":[{"embeddable":true,"href":"https:\/\/www.sindmoveis.com.br\/en\/wp-json\/wp\/v2\/users\/5"}],"replies":[{"embeddable":true,"href":"https:\/\/www.sindmoveis.com.br\/en\/wp-json\/wp\/v2\/comments?post=857"}],"version-history":[{"count":2,"href":"https:\/\/www.sindmoveis.com.br\/en\/wp-json\/wp\/v2\/posts\/857\/revisions"}],"predecessor-version":[{"id":3186,"href":"https:\/\/www.sindmoveis.com.br\/en\/wp-json\/wp\/v2\/posts\/857\/revisions\/3186"}],"wp:attachment":[{"href":"https:\/\/www.sindmoveis.com.br\/en\/wp-json\/wp\/v2\/media?parent=857"}],"wp:term":[{"taxonomy":"category","embeddable":true,"href":"https:\/\/www.sindmoveis.com.br\/en\/wp-json\/wp\/v2\/categories?post=857"},{"taxonomy":"post_tag","embeddable":true,"href":"https:\/\/www.sindmoveis.com.br\/en\/wp-json\/wp\/v2\/tags?post=857"}],"curies":[{"name":"wp","href":"https:\/\/api.w.org\/{rel}","templated":true}]}}