{"id":856,"date":"2012-01-20T00:00:00","date_gmt":"2012-01-20T02:00:00","guid":{"rendered":"http:\/\/sindmoveis.com.br\/imprensa\/noticias\/sindmoveis-une-se-a-abit-e-apex-brasil-para-reforcar-parcerias-na-america-latina\/"},"modified":"2021-05-26T10:45:51","modified_gmt":"2021-05-26T13:45:51","slug":"sindmoveis-une-se-a-abit-e-apex-brasil-para-reforcar-parcerias-na-america-latina","status":"publish","type":"post","link":"https:\/\/www.sindmoveis.com.br\/en\/sindmoveis-une-se-a-abit-e-apex-brasil-para-reforcar-parcerias-na-america-latina\/","title":{"rendered":"Sindm\u00f3veis joins Abit and Apex-Brasil to strengthen partnerships in Latin America"},"content":{"rendered":"<p>\u00a0<br \/>\nAfter participating in fashion shows such as S\u00e3o Paulo Fashion Week, Minas Trend Preview and Rio Fashion Week, the Furniture Industry Association of Bento Gon\u00e7alves, Sindm\u00f3veis, now invests in the expansion of contacts in Latin America. In partnership with the Brazilian Association of Textile and Apparel Industry (Abit) and Apex, a lounge at Colombiatex of the Americas 2012, a business showcase of the fashion system, will exhibit the new creation of the architects Tina and Lui Lo Pumo, curators of Casa Brasil trade show, as a means of promoting the event.The Casual Line for Colombiatex, for example, designed by Tina and Lui, features flexible knocked down furniture to meet the temporary needs at exhibitions. They consist of tables, sofas and ottomans constructed in modules \u2013 in addition to chairs &#8211; made from materials such as pine laminate and silicone foam pads. Provided by exhibitors at the Colombian fashion fair, the fabrics used in furniture designed by the Brazilian architects can be modified in a simple way: the cushions of the seats can be removed as they are attached to furniture with Velcro strips.This is a pioneering action plan of a segment that in 2012 starts to be part of the Orchestra Brasil project organized by Sindm\u00f3veis to promote exports. From now on, in addition to the suppliers of the furniture industry, furniture designers are part of Orchestra Brasil, thus including the export of services in the project. As a result, Sindm\u00f3veis has increasingly contributed to the internationalization of the furniture design, by bringing together Casa Brasil trade show, Sal\u00e3o Design competition and Orchestra Brasil, which is supported by Apex-Brasil.<br \/>\nColombiatex of the Americas has combined business and discussions about fashion for 24 years, bringing together groups that maintain a closer look at different forms of design \u2013 a special reason for the participation of Sindm\u00f3veis. In addition to the world leading references that include Italy and France, one of the most researched markets by the organization is Brazil.<br \/>\n\u00a0<\/p>\n","protected":false},"excerpt":{"rendered":"<p>\u00a0 After participating in fashion shows such as S\u00e3o Paulo Fashion Week, Minas Trend Preview and Rio Fashion Week, the Furniture Industry Association of Bento Gon\u00e7alves, Sindm\u00f3veis, now invests in&#8230;  <a class=\"excerpt-read-more\" href=\"https:\/\/www.sindmoveis.com.br\/en\/sindmoveis-une-se-a-abit-e-apex-brasil-para-reforcar-parcerias-na-america-latina\/\" title=\"Read Sindm\u00f3veis joins Abit and Apex-Brasil to strengthen partnerships in Latin America\">Leia mais &raquo;<\/a><\/p>\n","protected":false},"author":5,"featured_media":0,"comment_status":"closed","ping_status":"open","sticky":false,"template":"","format":"standard","meta":{"footnotes":"","_links_to":"","_links_to_target":""},"categories":[2],"tags":[],"class_list":["post-856","post","type-post","status-publish","format-standard","hentry","category-sindmoveis"],"yoast_head":"<!-- This site is optimized with the Yoast SEO plugin v27.0 - https:\/\/yoast.com\/product\/yoast-seo-wordpress\/ -->\n<title>Sindm\u00f3veis joins Abit and Apex-Brasil to strengthen partnerships in Latin America - Sindm\u00f3veis-RS<\/title>\n<meta name=\"robots\" content=\"index, follow, max-snippet:-1, max-image-preview:large, max-video-preview:-1\" \/>\n<link rel=\"canonical\" href=\"https:\/\/www.sindmoveis.com.br\/en\/sindmoveis-une-se-a-abit-e-apex-brasil-para-reforcar-parcerias-na-america-latina\/\" \/>\n<meta property=\"og:locale\" content=\"en_US\" \/>\n<meta property=\"og:type\" content=\"article\" \/>\n<meta property=\"og:title\" content=\"Sindm\u00f3veis joins Abit and Apex-Brasil to strengthen partnerships in Latin America - Sindm\u00f3veis-RS\" \/>\n<meta property=\"og:description\" content=\"\u00a0 After participating in fashion shows such as S\u00e3o Paulo Fashion Week, Minas Trend Preview and Rio Fashion Week, the Furniture Industry Association of Bento Gon\u00e7alves, Sindm\u00f3veis, now invests in... Leia mais &raquo;\" \/>\n<meta property=\"og:url\" content=\"https:\/\/www.sindmoveis.com.br\/en\/sindmoveis-une-se-a-abit-e-apex-brasil-para-reforcar-parcerias-na-america-latina\/\" \/>\n<meta property=\"og:site_name\" content=\"Sindm\u00f3veis-RS\" \/>\n<meta property=\"article:published_time\" content=\"2012-01-20T02:00:00+00:00\" \/>\n<meta property=\"article:modified_time\" content=\"2021-05-26T13:45:51+00:00\" \/>\n<meta name=\"author\" content=\"Imprensa Sindm\u00f3veis\" \/>\n<meta name=\"twitter:card\" content=\"summary_large_image\" \/>\n<meta name=\"twitter:label1\" content=\"Written by\" \/>\n\t<meta name=\"twitter:data1\" content=\"Imprensa Sindm\u00f3veis\" \/>\n\t<meta name=\"twitter:label2\" content=\"Est. reading time\" \/>\n\t<meta name=\"twitter:data2\" content=\"2 minutes\" \/>\n<script type=\"application\/ld+json\" class=\"yoast-schema-graph\">{\"@context\":\"https:\/\/schema.org\",\"@graph\":[{\"@type\":\"Article\",\"@id\":\"https:\/\/www.sindmoveis.com.br\/en\/sindmoveis-une-se-a-abit-e-apex-brasil-para-reforcar-parcerias-na-america-latina\/#article\",\"isPartOf\":{\"@id\":\"https:\/\/www.sindmoveis.com.br\/en\/sindmoveis-une-se-a-abit-e-apex-brasil-para-reforcar-parcerias-na-america-latina\/\"},\"author\":{\"name\":\"Imprensa Sindm\u00f3veis\",\"@id\":\"https:\/\/www.sindmoveis.com.br\/en\/#\/schema\/person\/16d379542db1950a17fe188179340d57\"},\"headline\":\"Sindm\u00f3veis joins Abit and Apex-Brasil to strengthen partnerships in Latin America\",\"datePublished\":\"2012-01-20T02:00:00+00:00\",\"dateModified\":\"2021-05-26T13:45:51+00:00\",\"mainEntityOfPage\":{\"@id\":\"https:\/\/www.sindmoveis.com.br\/en\/sindmoveis-une-se-a-abit-e-apex-brasil-para-reforcar-parcerias-na-america-latina\/\"},\"wordCount\":344,\"articleSection\":[\"Sindm\u00f3veis\"],\"inLanguage\":\"en-US\"},{\"@type\":\"WebPage\",\"@id\":\"https:\/\/www.sindmoveis.com.br\/en\/sindmoveis-une-se-a-abit-e-apex-brasil-para-reforcar-parcerias-na-america-latina\/\",\"url\":\"https:\/\/www.sindmoveis.com.br\/en\/sindmoveis-une-se-a-abit-e-apex-brasil-para-reforcar-parcerias-na-america-latina\/\",\"name\":\"Sindm\u00f3veis joins Abit and Apex-Brasil to strengthen partnerships in Latin America - Sindm\u00f3veis-RS\",\"isPartOf\":{\"@id\":\"https:\/\/www.sindmoveis.com.br\/en\/#website\"},\"datePublished\":\"2012-01-20T02:00:00+00:00\",\"dateModified\":\"2021-05-26T13:45:51+00:00\",\"author\":{\"@id\":\"https:\/\/www.sindmoveis.com.br\/en\/#\/schema\/person\/16d379542db1950a17fe188179340d57\"},\"inLanguage\":\"en-US\",\"potentialAction\":[{\"@type\":\"ReadAction\",\"target\":[\"https:\/\/www.sindmoveis.com.br\/en\/sindmoveis-une-se-a-abit-e-apex-brasil-para-reforcar-parcerias-na-america-latina\/\"]}]},{\"@type\":\"WebSite\",\"@id\":\"https:\/\/www.sindmoveis.com.br\/en\/#website\",\"url\":\"https:\/\/www.sindmoveis.com.br\/en\/\",\"name\":\"Sindm\u00f3veis-RS\",\"description\":\"\",\"potentialAction\":[{\"@type\":\"SearchAction\",\"target\":{\"@type\":\"EntryPoint\",\"urlTemplate\":\"https:\/\/www.sindmoveis.com.br\/en\/?s={search_term_string}\"},\"query-input\":{\"@type\":\"PropertyValueSpecification\",\"valueRequired\":true,\"valueName\":\"search_term_string\"}}],\"inLanguage\":\"en-US\"},{\"@type\":\"Person\",\"@id\":\"https:\/\/www.sindmoveis.com.br\/en\/#\/schema\/person\/16d379542db1950a17fe188179340d57\",\"name\":\"Imprensa Sindm\u00f3veis\",\"image\":{\"@type\":\"ImageObject\",\"inLanguage\":\"en-US\",\"@id\":\"https:\/\/www.sindmoveis.com.br\/en\/#\/schema\/person\/image\/\",\"url\":\"https:\/\/secure.gravatar.com\/avatar\/4973e2e2c2a0cb5db30b0c7b770041b8e33d048a16b695a1f99c042449d4bfaf?s=96&d=mm&r=g\",\"contentUrl\":\"https:\/\/secure.gravatar.com\/avatar\/4973e2e2c2a0cb5db30b0c7b770041b8e33d048a16b695a1f99c042449d4bfaf?s=96&d=mm&r=g\",\"caption\":\"Imprensa Sindm\u00f3veis\"},\"url\":\"https:\/\/www.sindmoveis.com.br\/en\/author\/ana\/\"}]}<\/script>\n<!-- \/ Yoast SEO plugin. -->","yoast_head_json":{"title":"Sindm\u00f3veis joins Abit and Apex-Brasil to strengthen partnerships in Latin America - Sindm\u00f3veis-RS","robots":{"index":"index","follow":"follow","max-snippet":"max-snippet:-1","max-image-preview":"max-image-preview:large","max-video-preview":"max-video-preview:-1"},"canonical":"https:\/\/www.sindmoveis.com.br\/en\/sindmoveis-une-se-a-abit-e-apex-brasil-para-reforcar-parcerias-na-america-latina\/","og_locale":"en_US","og_type":"article","og_title":"Sindm\u00f3veis joins Abit and Apex-Brasil to strengthen partnerships in Latin America - Sindm\u00f3veis-RS","og_description":"\u00a0 After participating in fashion shows such as S\u00e3o Paulo Fashion Week, Minas Trend Preview and Rio Fashion Week, the Furniture Industry Association of Bento Gon\u00e7alves, Sindm\u00f3veis, now invests in... Leia mais &raquo;","og_url":"https:\/\/www.sindmoveis.com.br\/en\/sindmoveis-une-se-a-abit-e-apex-brasil-para-reforcar-parcerias-na-america-latina\/","og_site_name":"Sindm\u00f3veis-RS","article_published_time":"2012-01-20T02:00:00+00:00","article_modified_time":"2021-05-26T13:45:51+00:00","author":"Imprensa Sindm\u00f3veis","twitter_card":"summary_large_image","twitter_misc":{"Written by":"Imprensa Sindm\u00f3veis","Est. reading time":"2 minutes"},"schema":{"@context":"https:\/\/schema.org","@graph":[{"@type":"Article","@id":"https:\/\/www.sindmoveis.com.br\/en\/sindmoveis-une-se-a-abit-e-apex-brasil-para-reforcar-parcerias-na-america-latina\/#article","isPartOf":{"@id":"https:\/\/www.sindmoveis.com.br\/en\/sindmoveis-une-se-a-abit-e-apex-brasil-para-reforcar-parcerias-na-america-latina\/"},"author":{"name":"Imprensa Sindm\u00f3veis","@id":"https:\/\/www.sindmoveis.com.br\/en\/#\/schema\/person\/16d379542db1950a17fe188179340d57"},"headline":"Sindm\u00f3veis joins Abit and Apex-Brasil to strengthen partnerships in Latin America","datePublished":"2012-01-20T02:00:00+00:00","dateModified":"2021-05-26T13:45:51+00:00","mainEntityOfPage":{"@id":"https:\/\/www.sindmoveis.com.br\/en\/sindmoveis-une-se-a-abit-e-apex-brasil-para-reforcar-parcerias-na-america-latina\/"},"wordCount":344,"articleSection":["Sindm\u00f3veis"],"inLanguage":"en-US"},{"@type":"WebPage","@id":"https:\/\/www.sindmoveis.com.br\/en\/sindmoveis-une-se-a-abit-e-apex-brasil-para-reforcar-parcerias-na-america-latina\/","url":"https:\/\/www.sindmoveis.com.br\/en\/sindmoveis-une-se-a-abit-e-apex-brasil-para-reforcar-parcerias-na-america-latina\/","name":"Sindm\u00f3veis joins Abit and Apex-Brasil to strengthen partnerships in Latin America - Sindm\u00f3veis-RS","isPartOf":{"@id":"https:\/\/www.sindmoveis.com.br\/en\/#website"},"datePublished":"2012-01-20T02:00:00+00:00","dateModified":"2021-05-26T13:45:51+00:00","author":{"@id":"https:\/\/www.sindmoveis.com.br\/en\/#\/schema\/person\/16d379542db1950a17fe188179340d57"},"inLanguage":"en-US","potentialAction":[{"@type":"ReadAction","target":["https:\/\/www.sindmoveis.com.br\/en\/sindmoveis-une-se-a-abit-e-apex-brasil-para-reforcar-parcerias-na-america-latina\/"]}]},{"@type":"WebSite","@id":"https:\/\/www.sindmoveis.com.br\/en\/#website","url":"https:\/\/www.sindmoveis.com.br\/en\/","name":"Sindm\u00f3veis-RS","description":"","potentialAction":[{"@type":"SearchAction","target":{"@type":"EntryPoint","urlTemplate":"https:\/\/www.sindmoveis.com.br\/en\/?s={search_term_string}"},"query-input":{"@type":"PropertyValueSpecification","valueRequired":true,"valueName":"search_term_string"}}],"inLanguage":"en-US"},{"@type":"Person","@id":"https:\/\/www.sindmoveis.com.br\/en\/#\/schema\/person\/16d379542db1950a17fe188179340d57","name":"Imprensa Sindm\u00f3veis","image":{"@type":"ImageObject","inLanguage":"en-US","@id":"https:\/\/www.sindmoveis.com.br\/en\/#\/schema\/person\/image\/","url":"https:\/\/secure.gravatar.com\/avatar\/4973e2e2c2a0cb5db30b0c7b770041b8e33d048a16b695a1f99c042449d4bfaf?s=96&d=mm&r=g","contentUrl":"https:\/\/secure.gravatar.com\/avatar\/4973e2e2c2a0cb5db30b0c7b770041b8e33d048a16b695a1f99c042449d4bfaf?s=96&d=mm&r=g","caption":"Imprensa Sindm\u00f3veis"},"url":"https:\/\/www.sindmoveis.com.br\/en\/author\/ana\/"}]}},"_links":{"self":[{"href":"https:\/\/www.sindmoveis.com.br\/en\/wp-json\/wp\/v2\/posts\/856","targetHints":{"allow":["GET"]}}],"collection":[{"href":"https:\/\/www.sindmoveis.com.br\/en\/wp-json\/wp\/v2\/posts"}],"about":[{"href":"https:\/\/www.sindmoveis.com.br\/en\/wp-json\/wp\/v2\/types\/post"}],"author":[{"embeddable":true,"href":"https:\/\/www.sindmoveis.com.br\/en\/wp-json\/wp\/v2\/users\/5"}],"replies":[{"embeddable":true,"href":"https:\/\/www.sindmoveis.com.br\/en\/wp-json\/wp\/v2\/comments?post=856"}],"version-history":[{"count":2,"href":"https:\/\/www.sindmoveis.com.br\/en\/wp-json\/wp\/v2\/posts\/856\/revisions"}],"predecessor-version":[{"id":3185,"href":"https:\/\/www.sindmoveis.com.br\/en\/wp-json\/wp\/v2\/posts\/856\/revisions\/3185"}],"wp:attachment":[{"href":"https:\/\/www.sindmoveis.com.br\/en\/wp-json\/wp\/v2\/media?parent=856"}],"wp:term":[{"taxonomy":"category","embeddable":true,"href":"https:\/\/www.sindmoveis.com.br\/en\/wp-json\/wp\/v2\/categories?post=856"},{"taxonomy":"post_tag","embeddable":true,"href":"https:\/\/www.sindmoveis.com.br\/en\/wp-json\/wp\/v2\/tags?post=856"}],"curies":[{"name":"wp","href":"https:\/\/api.w.org\/{rel}","templated":true}]}}