{"id":847,"date":"2011-11-21T00:00:00","date_gmt":"2011-11-21T02:00:00","guid":{"rendered":"http:\/\/sindmoveis.com.br\/imprensa\/noticias\/definido-o-juri-do-salao-design-2012\/"},"modified":"2021-05-26T10:45:50","modified_gmt":"2021-05-26T13:45:50","slug":"definido-o-juri-do-salao-design-2012","status":"publish","type":"post","link":"https:\/\/www.sindmoveis.com.br\/en\/definido-o-juri-do-salao-design-2012\/","title":{"rendered":"Members of the judging panel for Sal\u00e3o Design 2012 announced"},"content":{"rendered":"<p>Sindm\u00f3veis has officially announced the judging panel for the next edition of Sal\u00e3o Design, with the theme The New Brazil Wants Your Design, focusing on the new Brazilian middle class. The jury will consist of outstanding professionals in the national and international design market who stand out for their importance in the sector. One of the evaluation criteria will be whether the project meets the demands and the appropriate size for the housing of this consumer. The award winners will have their projects displayed at Movelsul Brasil, from March 26-30 next year, in Bento Gon\u00e7alves (RS).<br \/>\n\u00a0<br \/>\nCheck out the list of judges:<br \/>\n\u00a0<br \/>\n\u00a0<br \/>\nAdemir Bueno (S\u00e3o Paulo) \u2013 Trend and design manager at Tok &#038; Stok\u00a0 since 1987. Renowned as a great supporter of new talents, he has participated as a judge in several design competitions around the country.<br \/>\n\u00a0<br \/>\n\u00a0<br \/>\nIvens Fontoura (Paran\u00e1) \u2013 Designer and museologist.\u00a0 College professor who organized and coordinated the first postgraduate course in furniture design in Brazil. Past president of the National Association of Designers and the Latin American Design Association.<br \/>\n\u00a0<br \/>\n\u00a0<br \/>\nPedro Moog (Rio de Janeiro) \u2013 Business partner at Lattog Design, in Rio de Janeiro. He has a great number of architectural projects, paintings, drawings and sculptures in addition to his work with furniture.<br \/>\nGabriel Sim\u00f3n Sol (Mexico) \u2013 Founding member of the Industrial Designers Association of Mexico, he is a professor at the Ibero-American University, at the\u00a0 Ibero-American Autonomous University and the National Autonomous University of Mexico. He has been a judge in leading design competitions in Latin America.<br \/>\n\u00a0<br \/>\n\u00a0<br \/>\nTiago Zanotto (Bento Gon\u00e7alves) \u2013 Designer and project director of Unt Intelligence Design, in Bento Gon\u00e7alves (RS)<\/p>\n","protected":false},"excerpt":{"rendered":"<p>Sindm\u00f3veis has officially announced the judging panel for the next edition of Sal\u00e3o Design, with the theme The New Brazil Wants Your Design, focusing on the new Brazilian middle class&#8230;.  <a class=\"excerpt-read-more\" href=\"https:\/\/www.sindmoveis.com.br\/en\/definido-o-juri-do-salao-design-2012\/\" title=\"Read Members of the judging panel for Sal\u00e3o Design 2012 announced\">Leia mais &raquo;<\/a><\/p>\n","protected":false},"author":5,"featured_media":0,"comment_status":"closed","ping_status":"open","sticky":false,"template":"","format":"standard","meta":{"footnotes":"","_links_to":"","_links_to_target":""},"categories":[21,2],"tags":[],"class_list":["post-847","post","type-post","status-publish","format-standard","hentry","category-salao-design-award","category-sindmoveis"],"yoast_head":"<!-- This site is optimized with the Yoast SEO plugin v27.0 - https:\/\/yoast.com\/product\/yoast-seo-wordpress\/ -->\n<title>Members of the judging panel for Sal\u00e3o Design 2012 announced - Sindm\u00f3veis-RS<\/title>\n<meta name=\"robots\" content=\"index, follow, max-snippet:-1, max-image-preview:large, max-video-preview:-1\" \/>\n<link rel=\"canonical\" href=\"https:\/\/www.sindmoveis.com.br\/en\/definido-o-juri-do-salao-design-2012\/\" \/>\n<meta property=\"og:locale\" content=\"en_US\" \/>\n<meta property=\"og:type\" content=\"article\" \/>\n<meta property=\"og:title\" content=\"Members of the judging panel for Sal\u00e3o Design 2012 announced - Sindm\u00f3veis-RS\" \/>\n<meta property=\"og:description\" content=\"Sindm\u00f3veis has officially announced the judging panel for the next edition of Sal\u00e3o Design, with the theme The New Brazil Wants Your Design, focusing on the new Brazilian middle class.... Leia mais &raquo;\" \/>\n<meta property=\"og:url\" content=\"https:\/\/www.sindmoveis.com.br\/en\/definido-o-juri-do-salao-design-2012\/\" \/>\n<meta property=\"og:site_name\" content=\"Sindm\u00f3veis-RS\" \/>\n<meta property=\"article:published_time\" content=\"2011-11-21T02:00:00+00:00\" \/>\n<meta property=\"article:modified_time\" content=\"2021-05-26T13:45:50+00:00\" \/>\n<meta name=\"author\" content=\"Imprensa Sindm\u00f3veis\" \/>\n<meta name=\"twitter:card\" content=\"summary_large_image\" \/>\n<meta name=\"twitter:label1\" content=\"Written by\" \/>\n\t<meta name=\"twitter:data1\" content=\"Imprensa Sindm\u00f3veis\" \/>\n\t<meta name=\"twitter:label2\" content=\"Est. reading time\" \/>\n\t<meta name=\"twitter:data2\" content=\"1 minute\" \/>\n<script type=\"application\/ld+json\" class=\"yoast-schema-graph\">{\"@context\":\"https:\/\/schema.org\",\"@graph\":[{\"@type\":\"Article\",\"@id\":\"https:\/\/www.sindmoveis.com.br\/en\/definido-o-juri-do-salao-design-2012\/#article\",\"isPartOf\":{\"@id\":\"https:\/\/www.sindmoveis.com.br\/en\/definido-o-juri-do-salao-design-2012\/\"},\"author\":{\"name\":\"Imprensa Sindm\u00f3veis\",\"@id\":\"https:\/\/www.sindmoveis.com.br\/en\/#\/schema\/person\/16d379542db1950a17fe188179340d57\"},\"headline\":\"Members of the judging panel for Sal\u00e3o Design 2012 announced\",\"datePublished\":\"2011-11-21T02:00:00+00:00\",\"dateModified\":\"2021-05-26T13:45:50+00:00\",\"mainEntityOfPage\":{\"@id\":\"https:\/\/www.sindmoveis.com.br\/en\/definido-o-juri-do-salao-design-2012\/\"},\"wordCount\":281,\"articleSection\":[\"Sal\u00e3o Design Award\",\"Sindm\u00f3veis\"],\"inLanguage\":\"en-US\"},{\"@type\":\"WebPage\",\"@id\":\"https:\/\/www.sindmoveis.com.br\/en\/definido-o-juri-do-salao-design-2012\/\",\"url\":\"https:\/\/www.sindmoveis.com.br\/en\/definido-o-juri-do-salao-design-2012\/\",\"name\":\"Members of the judging panel for Sal\u00e3o Design 2012 announced - Sindm\u00f3veis-RS\",\"isPartOf\":{\"@id\":\"https:\/\/www.sindmoveis.com.br\/en\/#website\"},\"datePublished\":\"2011-11-21T02:00:00+00:00\",\"dateModified\":\"2021-05-26T13:45:50+00:00\",\"author\":{\"@id\":\"https:\/\/www.sindmoveis.com.br\/en\/#\/schema\/person\/16d379542db1950a17fe188179340d57\"},\"inLanguage\":\"en-US\",\"potentialAction\":[{\"@type\":\"ReadAction\",\"target\":[\"https:\/\/www.sindmoveis.com.br\/en\/definido-o-juri-do-salao-design-2012\/\"]}]},{\"@type\":\"WebSite\",\"@id\":\"https:\/\/www.sindmoveis.com.br\/en\/#website\",\"url\":\"https:\/\/www.sindmoveis.com.br\/en\/\",\"name\":\"Sindm\u00f3veis-RS\",\"description\":\"\",\"potentialAction\":[{\"@type\":\"SearchAction\",\"target\":{\"@type\":\"EntryPoint\",\"urlTemplate\":\"https:\/\/www.sindmoveis.com.br\/en\/?s={search_term_string}\"},\"query-input\":{\"@type\":\"PropertyValueSpecification\",\"valueRequired\":true,\"valueName\":\"search_term_string\"}}],\"inLanguage\":\"en-US\"},{\"@type\":\"Person\",\"@id\":\"https:\/\/www.sindmoveis.com.br\/en\/#\/schema\/person\/16d379542db1950a17fe188179340d57\",\"name\":\"Imprensa Sindm\u00f3veis\",\"image\":{\"@type\":\"ImageObject\",\"inLanguage\":\"en-US\",\"@id\":\"https:\/\/www.sindmoveis.com.br\/en\/#\/schema\/person\/image\/\",\"url\":\"https:\/\/secure.gravatar.com\/avatar\/4973e2e2c2a0cb5db30b0c7b770041b8e33d048a16b695a1f99c042449d4bfaf?s=96&d=mm&r=g\",\"contentUrl\":\"https:\/\/secure.gravatar.com\/avatar\/4973e2e2c2a0cb5db30b0c7b770041b8e33d048a16b695a1f99c042449d4bfaf?s=96&d=mm&r=g\",\"caption\":\"Imprensa Sindm\u00f3veis\"},\"url\":\"https:\/\/www.sindmoveis.com.br\/en\/author\/ana\/\"}]}<\/script>\n<!-- \/ Yoast SEO plugin. -->","yoast_head_json":{"title":"Members of the judging panel for Sal\u00e3o Design 2012 announced - Sindm\u00f3veis-RS","robots":{"index":"index","follow":"follow","max-snippet":"max-snippet:-1","max-image-preview":"max-image-preview:large","max-video-preview":"max-video-preview:-1"},"canonical":"https:\/\/www.sindmoveis.com.br\/en\/definido-o-juri-do-salao-design-2012\/","og_locale":"en_US","og_type":"article","og_title":"Members of the judging panel for Sal\u00e3o Design 2012 announced - Sindm\u00f3veis-RS","og_description":"Sindm\u00f3veis has officially announced the judging panel for the next edition of Sal\u00e3o Design, with the theme The New Brazil Wants Your Design, focusing on the new Brazilian middle class.... Leia mais &raquo;","og_url":"https:\/\/www.sindmoveis.com.br\/en\/definido-o-juri-do-salao-design-2012\/","og_site_name":"Sindm\u00f3veis-RS","article_published_time":"2011-11-21T02:00:00+00:00","article_modified_time":"2021-05-26T13:45:50+00:00","author":"Imprensa Sindm\u00f3veis","twitter_card":"summary_large_image","twitter_misc":{"Written by":"Imprensa Sindm\u00f3veis","Est. reading time":"1 minute"},"schema":{"@context":"https:\/\/schema.org","@graph":[{"@type":"Article","@id":"https:\/\/www.sindmoveis.com.br\/en\/definido-o-juri-do-salao-design-2012\/#article","isPartOf":{"@id":"https:\/\/www.sindmoveis.com.br\/en\/definido-o-juri-do-salao-design-2012\/"},"author":{"name":"Imprensa Sindm\u00f3veis","@id":"https:\/\/www.sindmoveis.com.br\/en\/#\/schema\/person\/16d379542db1950a17fe188179340d57"},"headline":"Members of the judging panel for Sal\u00e3o Design 2012 announced","datePublished":"2011-11-21T02:00:00+00:00","dateModified":"2021-05-26T13:45:50+00:00","mainEntityOfPage":{"@id":"https:\/\/www.sindmoveis.com.br\/en\/definido-o-juri-do-salao-design-2012\/"},"wordCount":281,"articleSection":["Sal\u00e3o Design Award","Sindm\u00f3veis"],"inLanguage":"en-US"},{"@type":"WebPage","@id":"https:\/\/www.sindmoveis.com.br\/en\/definido-o-juri-do-salao-design-2012\/","url":"https:\/\/www.sindmoveis.com.br\/en\/definido-o-juri-do-salao-design-2012\/","name":"Members of the judging panel for Sal\u00e3o Design 2012 announced - Sindm\u00f3veis-RS","isPartOf":{"@id":"https:\/\/www.sindmoveis.com.br\/en\/#website"},"datePublished":"2011-11-21T02:00:00+00:00","dateModified":"2021-05-26T13:45:50+00:00","author":{"@id":"https:\/\/www.sindmoveis.com.br\/en\/#\/schema\/person\/16d379542db1950a17fe188179340d57"},"inLanguage":"en-US","potentialAction":[{"@type":"ReadAction","target":["https:\/\/www.sindmoveis.com.br\/en\/definido-o-juri-do-salao-design-2012\/"]}]},{"@type":"WebSite","@id":"https:\/\/www.sindmoveis.com.br\/en\/#website","url":"https:\/\/www.sindmoveis.com.br\/en\/","name":"Sindm\u00f3veis-RS","description":"","potentialAction":[{"@type":"SearchAction","target":{"@type":"EntryPoint","urlTemplate":"https:\/\/www.sindmoveis.com.br\/en\/?s={search_term_string}"},"query-input":{"@type":"PropertyValueSpecification","valueRequired":true,"valueName":"search_term_string"}}],"inLanguage":"en-US"},{"@type":"Person","@id":"https:\/\/www.sindmoveis.com.br\/en\/#\/schema\/person\/16d379542db1950a17fe188179340d57","name":"Imprensa Sindm\u00f3veis","image":{"@type":"ImageObject","inLanguage":"en-US","@id":"https:\/\/www.sindmoveis.com.br\/en\/#\/schema\/person\/image\/","url":"https:\/\/secure.gravatar.com\/avatar\/4973e2e2c2a0cb5db30b0c7b770041b8e33d048a16b695a1f99c042449d4bfaf?s=96&d=mm&r=g","contentUrl":"https:\/\/secure.gravatar.com\/avatar\/4973e2e2c2a0cb5db30b0c7b770041b8e33d048a16b695a1f99c042449d4bfaf?s=96&d=mm&r=g","caption":"Imprensa Sindm\u00f3veis"},"url":"https:\/\/www.sindmoveis.com.br\/en\/author\/ana\/"}]}},"_links":{"self":[{"href":"https:\/\/www.sindmoveis.com.br\/en\/wp-json\/wp\/v2\/posts\/847","targetHints":{"allow":["GET"]}}],"collection":[{"href":"https:\/\/www.sindmoveis.com.br\/en\/wp-json\/wp\/v2\/posts"}],"about":[{"href":"https:\/\/www.sindmoveis.com.br\/en\/wp-json\/wp\/v2\/types\/post"}],"author":[{"embeddable":true,"href":"https:\/\/www.sindmoveis.com.br\/en\/wp-json\/wp\/v2\/users\/5"}],"replies":[{"embeddable":true,"href":"https:\/\/www.sindmoveis.com.br\/en\/wp-json\/wp\/v2\/comments?post=847"}],"version-history":[{"count":2,"href":"https:\/\/www.sindmoveis.com.br\/en\/wp-json\/wp\/v2\/posts\/847\/revisions"}],"predecessor-version":[{"id":3178,"href":"https:\/\/www.sindmoveis.com.br\/en\/wp-json\/wp\/v2\/posts\/847\/revisions\/3178"}],"wp:attachment":[{"href":"https:\/\/www.sindmoveis.com.br\/en\/wp-json\/wp\/v2\/media?parent=847"}],"wp:term":[{"taxonomy":"category","embeddable":true,"href":"https:\/\/www.sindmoveis.com.br\/en\/wp-json\/wp\/v2\/categories?post=847"},{"taxonomy":"post_tag","embeddable":true,"href":"https:\/\/www.sindmoveis.com.br\/en\/wp-json\/wp\/v2\/tags?post=847"}],"curies":[{"name":"wp","href":"https:\/\/api.w.org\/{rel}","templated":true}]}}